{"id":9402,"date":"2012-10-04T16:51:15","date_gmt":"2012-10-04T16:51:15","guid":{"rendered":"http:\/\/www.elalmanaque.com\/wp\/sin-categoria\/primer-titulo-para-brasil\/"},"modified":"2012-10-04T17:51:33","modified_gmt":"2012-10-04T16:51:33","slug":"primer-titulo-para-brasil","status":"publish","type":"post","link":"https:\/\/www.elalmanaque.com\/wp\/deportes\/primer-titulo-para-brasil\/","title":{"rendered":"PRIMER TITULO PARA BRASIL"},"content":{"rendered":"<p>        <b>         <a href=\"http:\/\/www.elalmanaque.com\/wp\/deportes\/deportes-49\/\">EQUIPOS<\/a> <\/b><strong>       <a href=\"http:\/\/www.elalmanaque.com\/wp\/deportes\/deportes-50\/\">\u00a0CALENDARIO         <\/a>\u00a0 <a href=\"http:\/\/www.elalmanaque.com\/wp\/deportes\/deportes-46\/\">         CLAS. FIFA<\/a>\u00a0\u00a0 <\/strong><b>                <a href=\"http:\/\/www.elalmanaque.com\/wp\/deportes\/deportes-44\/\">ARTICULOS<\/a>\u00a0       <a href=\"http:\/\/www.elalmanaque.com\/wp\/deportes\/deportes-58\/\">         HISTORIA\u00a0 <\/a>       <a href=\"http:\/\/www.elalmanaque.com\/wp\/deportes\/deportes-32\/\">ACT. INTER.<\/a>\u00a0\u00a0       <a href=\"apuestas.htm\">         APUESTAS<\/a>\u00a0 <a href=\"http:\/\/www.elalmanaque.com\/wp\/deportes\/deportes-47\/\">         ENCUESTAS<\/a><\/b>       <\/p>\n<p><strong> MUNDIAL 2002 &#8211; <\/strong><b> Fase clasificatoria<\/b><\/p>\n<p><a href=\"http:\/\/www.qksrv.net\/click-592545-439895\"> <img decoding=\"async\" src=\"http:\/\/www.qksrv.net\/image-592545-439895\" alt=\"betzone.com: su casa de apuestas en linea!\"\/><\/a><\/p>\n<p><b>PRIMER TITULO PARA            BRASIL<\/b><\/p>\n<p>                    \u00a0                    \u00a0\u00a0\u00a0\u00a0 Ocho a\u00f1os despu\u00e9s de su gran            cat\u00e1strofe deportiva, Brasil se alz\u00f3 con todos los honores del f\u00fatbol            mundial al ganar su primer t\u00edtulo en la sexta versi\u00f3n de la Copa            \u00abJules Rimet\u00bb.                    \u00a0                    \u00a0\u00a0\u00a0\u00a0 Este torneo sirvi\u00f3 para dar            la\u00a0bienvenida a quien ser\u00eda la \u00abm\u00e1xima estrella\u00bb del f\u00fatbol mundial:            Edson Arantes Do Nascimento (Pel\u00e9), quien a sus 17 a\u00f1os se convirti\u00f3            en el gran s\u00edmbolo del balompi\u00e9 universal y a\u00f1os m\u00e1s tarde considerado            el mejor\u00a0jugador del siglo XX por la Fifa en dura disputa con el            argentino Diego Armando Maradona.                    \u00a0                    \u00a0\u00a0\u00a0\u00a0 Conocido tambi\u00e9n como \u00abO Rey\u00bb, la            \u00abPerla Negra\u00bb, la \u00abSaeta Negra\u00bb, el \u00abMilenario Negro\u00bb, el \u00abDivino            Negro\u00bb y cu\u00e1ntos adjetivos puedan se\u00f1alarse, el novato del campeonato            de Suecia 1958, en el que se reun\u00edan las mejores cualidades para la            pr\u00e1ctica del f\u00fatbol, se convirti\u00f3 en el m\u00e1ximo espect\u00e1culo de la            competici\u00f3n.                    \u00a0                    \u00a0\u00a0\u00a0\u00a0 Desde 1958 hasta la fecha, aunque            algunos lo han intentado -antes y despu\u00e9s- nadie ha podido arrebatar a            Pel\u00e9 su t\u00edtulo de \u00abMejor futbolista\u00bb. \u00abO Rey\u00bb es, ciertamente \u00fanico y            ya desde 1981 se le reconoci\u00f3 tal virtud porque se le proclam\u00f3 \u00abMejor            Deportista del Siglo XX.                    \u00a0                    \u00a0\u00a0\u00a0\u00a0 El \u00abRey\u00bb Pel\u00e9 ha sido tambi\u00e9n el            \u00fanico jugador en la historia del f\u00fatbol mundial en alcanzar y superar            la cifra de 1.000 goles. Su gol \u00abmilenario\u00bb represent\u00f3 una fiesta para            todo Brasil y para el mundo futbol\u00edstico entero y se lo marc\u00f3, con su            club \u00abSantos\u00bb al portero argentino Andrade..                    \u00a0                    \u00a0\u00a0\u00a0\u00a0 Su llanto, un llanto de ni\u00f1o que            empap\u00f3 su camiseta brasile\u00f1a ese 29 de junio de 1958 cuando el pa\u00eds            suramericano alcanz\u00f3 el primer t\u00edtulo, represent\u00f3 todo un ejemplo de            pundonor deportivo y de patriotismo.                    \u00a0                    \u00a0\u00a0\u00a0\u00a0 La sexta edici\u00f3n de la Copa \u00abJules            Rimet\u00bb sirvi\u00f3 tambi\u00e9n para que con su t\u00edtulo Brasil empatara para            Am\u00e9rica el n\u00famero de victorias mundialialistas alcanzadas frente a            Europa, quedando los dos continentes con tres primeros lugares cada            uno.                    \u00a0                    \u00a0\u00a0\u00a0\u00a0 Los brasile\u00f1os ganaron la Copa de            forma invicta, con seis victorias y un empate, 16 goles a favor y            cuatro en contra.                    \u00a0                    \u00a0\u00a0\u00a0\u00a0 Pero fue el seleccionado de Francia            el que alcanz\u00f3 la mayor cuota en la producci\u00f3n ofensiva con 23            anotaciones.                    \u00a0                    \u00a0\u00a0\u00a0\u00a0 En el torneo se marcaron 126 goles,            descendiendo en 14 frente a la cifra alcanzada cuatro a\u00f1os atr\u00e1s en            Suiza, y el promedio de ataque se redujo a 3.60 en los 35 partidos            jugados. Aunque tampoco fue un porcentaje peque\u00f1o para \u00e9pocas en las            que la acci\u00f3n atacante era una obligaci\u00f3n para todos los            participantes. Muy diferente a los esquemas t\u00e1cticos que hoy rigen y            que buscan las m\u00ednimas victorias para dedicar los mayores esfuerzos a            los sistemas defensivos.                    \u00a0                    \u00a0\u00a0\u00a0\u00a0\u00a0 Como si fuera poco, este torneo de            1958 estableci\u00f3 en las botas del franc\u00e9s Just Fontaine el r\u00e9cord de            anotaciones individuales con un total de trece, marca que a\u00fan, 44 a\u00f1os            despu\u00e9s, sigue vigente.                    \u00a0                    \u00a0\u00a0\u00a0\u00a0 En esta Copa se inscribieron 52            pa\u00edses, jug\u00e1ndose la ronda final con 16, cifra que estar\u00eda vigente            hasta 1982.                    \u00a0                    \u00a0\u00a0\u00a0\u00a0 Otra agradable nota de la            competici\u00f3n la proporcion\u00f3 la selecci\u00f3n de Suecia, que ocup\u00f3 el            segundo lugar contra todo pron\u00f3stico, encarg\u00e1ndose en la semifinal de            \u00abcerrarle el paso\u00bb nada menos que al campe\u00f3n de 1954, el seleccionado            de Alemania Federal.                    \u00a0                    \u00a0\u00a0\u00a0\u00a0 El alem\u00e1n Rahn se convirti\u00f3 en el            jugador del \u00abmedio millar\u00bb de goles al marcar el n\u00famero 500 de la Copa            Mundial el 11 de junio de 1959.                    \u00a0                    \u00a0\u00a0\u00a0\u00a0 Rahn, a los 69 minutos del partido            que Alemania Federal disputaba contra Checoslovaquia bati\u00f3 al portero            Dolejsi e inscribi\u00f3 su nombre entre los mejores goleadores de la            competici\u00f3n mundialista.                    \u00a0                    \u00a0\u00a0\u00a0\u00a0 Si en 1950 en Brasil hubo hasta            suicidios por la derrota de su selecci\u00f3n frente a Uruguay en el            majestuoso \u00abMaracan\u00e1\u00bb, al regresar los integrantes del equipo que gan\u00f3            el t\u00edtulo\u00a0 en Suecia a R\u00edo de Janeiro -por entonces la capital            brasile\u00f1a- el espect\u00e1culo fue apote\u00f3sico.                    \u00a0                    \u00a0\u00a0\u00a0\u00a0 Fue el gran contraste como s\u00f3lo lo            saben hacer los aficionados brasile\u00f1os, que durante tres d\u00edas            estuvieron en una continua fiesta, en la que todos los jugadores            campeones participaron, pero indudablemente fue el \u00abni\u00f1ito llor\u00f3n\u00bb, el            gran Pel\u00e9, la indiscutible figura y el centro de atracci\u00f3n de todas            las miradas en el aeropuerto y en el largo desfile por las principales            calles de la ciudad.                    \u00a0                    \u00a0\u00a0\u00a0\u00a0 En Brasil el f\u00fatbol es el primero            de todos los espect\u00e1culos deportivos y sus aficionados vibran y lloran            al comp\u00e1s de lo que haga su selecci\u00f3n.                    \u00a0                    \u00a0\u00a0\u00a0\u00a0 Tambi\u00e9n en Suecia naci\u00f3 el sistema            del 4-2-4, arma t\u00e1ctica que emple\u00f3 Brasil y que hoy en d\u00eda siguen en            uso y empleada por los principales equipos del mundo, junto con la            variante del 4-3-3, tambi\u00e9n puesta en pr\u00e1ctica por los brasile\u00f1os,            gracias a los revolucionarios m\u00e9todos de su t\u00e9ncio el \u00abgordo\u00bb Feola.                    \u00a0                    \u00a0\u00a0\u00a0\u00a0 Fontaine, con 13 goles (3 marcados            a Paraguay, 2 a Yugoslavia,\u00a0\u00a01 a Escocia, 2 a Irlanda del Norte,\u00a01 a            Brasil, 4 a Alemania Federal) es el mayor goleador del siglo XX y            ahora en Coreal del Sur y Jap\u00f3n todos quieren superar esa cifra en el            primer torneo del siglo XXI (17 versi\u00f3n de la competici\u00f3n). Pel\u00e9 y el            alem\u00e1n Rahn quedaron empatados en el segundo lugar con seis goles cada            uno.                     <\/p>\n","protected":false},"excerpt":{"rendered":"<p>EQUIPOS \u00a0CALENDARIO \u00a0 CLAS. FIFA\u00a0\u00a0 ARTICULOS\u00a0 HISTORIA\u00a0 ACT. INTER.\u00a0\u00a0 APUESTAS\u00a0 ENCUESTAS MUNDIAL 2002 &#8211; Fase clasificatoria PRIMER TITULO PARA BRASIL \u00a0 \u00a0\u00a0\u00a0\u00a0 Ocho a\u00f1os despu\u00e9s&hellip; <\/p>\n","protected":false},"author":1,"featured_media":0,"comment_status":"open","ping_status":"open","sticky":false,"template":"","format":"standard","meta":{"footnotes":""},"categories":[14],"tags":[],"class_list":["post-9402","post","type-post","status-publish","format-standard","hentry","category-deportes"],"yoast_head":"<!-- This site is optimized with the Yoast SEO plugin v24.8.1 - https:\/\/yoast.com\/wordpress\/plugins\/seo\/ -->\n<title>PRIMER TITULO PARA BRASIL - El Almanaque<\/title>\n<meta name=\"robots\" content=\"index, follow, max-snippet:-1, max-image-preview:large, max-video-preview:-1\" \/>\n<link rel=\"canonical\" href=\"https:\/\/www.elalmanaque.com\/wp\/deportes\/primer-titulo-para-brasil\/\" \/>\n<meta property=\"og:locale\" content=\"es_ES\" \/>\n<meta property=\"og:type\" content=\"article\" \/>\n<meta property=\"og:title\" content=\"PRIMER TITULO PARA BRASIL - El Almanaque\" \/>\n<meta property=\"og:description\" content=\"EQUIPOS \u00a0CALENDARIO \u00a0 CLAS. FIFA\u00a0\u00a0 ARTICULOS\u00a0 HISTORIA\u00a0 ACT. INTER.\u00a0\u00a0 APUESTAS\u00a0 ENCUESTAS MUNDIAL 2002 &#8211; Fase clasificatoria PRIMER TITULO PARA BRASIL \u00a0 \u00a0\u00a0\u00a0\u00a0 Ocho a\u00f1os despu\u00e9s&hellip;\" \/>\n<meta property=\"og:url\" content=\"https:\/\/www.elalmanaque.com\/wp\/deportes\/primer-titulo-para-brasil\/\" \/>\n<meta property=\"og:site_name\" content=\"El Almanaque\" \/>\n<meta property=\"article:published_time\" content=\"2012-10-04T16:51:15+00:00\" \/>\n<meta property=\"article:modified_time\" content=\"2012-10-04T16:51:33+00:00\" \/>\n<meta property=\"og:image\" content=\"http:\/\/www.qksrv.net\/image-592545-439895\" \/>\n<meta name=\"author\" content=\"Redactor\" \/>\n<meta name=\"twitter:card\" content=\"summary_large_image\" \/>\n<meta name=\"twitter:label1\" content=\"Escrito por\" \/>\n\t<meta name=\"twitter:data1\" content=\"Redactor\" \/>\n\t<meta name=\"twitter:label2\" content=\"Tiempo de lectura\" \/>\n\t<meta name=\"twitter:data2\" content=\"5 minutos\" \/>\n<script type=\"application\/ld+json\" class=\"yoast-schema-graph\">{\"@context\":\"https:\/\/schema.org\",\"@graph\":[{\"@type\":\"Article\",\"@id\":\"https:\/\/www.elalmanaque.com\/wp\/deportes\/primer-titulo-para-brasil\/#article\",\"isPartOf\":{\"@id\":\"https:\/\/www.elalmanaque.com\/wp\/deportes\/primer-titulo-para-brasil\/\"},\"author\":{\"name\":\"Redactor\",\"@id\":\"https:\/\/www.elalmanaque.com\/wp\/#\/schema\/person\/61ab31c67167988fe2679d590ca85afe\"},\"headline\":\"PRIMER TITULO PARA BRASIL\",\"datePublished\":\"2012-10-04T16:51:15+00:00\",\"dateModified\":\"2012-10-04T16:51:33+00:00\",\"mainEntityOfPage\":{\"@id\":\"https:\/\/www.elalmanaque.com\/wp\/deportes\/primer-titulo-para-brasil\/\"},\"wordCount\":927,\"commentCount\":0,\"publisher\":{\"@id\":\"https:\/\/www.elalmanaque.com\/wp\/#organization\"},\"image\":{\"@id\":\"https:\/\/www.elalmanaque.com\/wp\/deportes\/primer-titulo-para-brasil\/#primaryimage\"},\"thumbnailUrl\":\"http:\/\/www.qksrv.net\/image-592545-439895\",\"articleSection\":[\"Deportes\"],\"inLanguage\":\"es\"},{\"@type\":\"WebPage\",\"@id\":\"https:\/\/www.elalmanaque.com\/wp\/deportes\/primer-titulo-para-brasil\/\",\"url\":\"https:\/\/www.elalmanaque.com\/wp\/deportes\/primer-titulo-para-brasil\/\",\"name\":\"PRIMER TITULO PARA BRASIL - El Almanaque\",\"isPartOf\":{\"@id\":\"https:\/\/www.elalmanaque.com\/wp\/#website\"},\"primaryImageOfPage\":{\"@id\":\"https:\/\/www.elalmanaque.com\/wp\/deportes\/primer-titulo-para-brasil\/#primaryimage\"},\"image\":{\"@id\":\"https:\/\/www.elalmanaque.com\/wp\/deportes\/primer-titulo-para-brasil\/#primaryimage\"},\"thumbnailUrl\":\"http:\/\/www.qksrv.net\/image-592545-439895\",\"datePublished\":\"2012-10-04T16:51:15+00:00\",\"dateModified\":\"2012-10-04T16:51:33+00:00\",\"breadcrumb\":{\"@id\":\"https:\/\/www.elalmanaque.com\/wp\/deportes\/primer-titulo-para-brasil\/#breadcrumb\"},\"inLanguage\":\"es\",\"potentialAction\":[{\"@type\":\"ReadAction\",\"target\":[\"https:\/\/www.elalmanaque.com\/wp\/deportes\/primer-titulo-para-brasil\/\"]}]},{\"@type\":\"ImageObject\",\"inLanguage\":\"es\",\"@id\":\"https:\/\/www.elalmanaque.com\/wp\/deportes\/primer-titulo-para-brasil\/#primaryimage\",\"url\":\"http:\/\/www.qksrv.net\/image-592545-439895\",\"contentUrl\":\"http:\/\/www.qksrv.net\/image-592545-439895\"},{\"@type\":\"BreadcrumbList\",\"@id\":\"https:\/\/www.elalmanaque.com\/wp\/deportes\/primer-titulo-para-brasil\/#breadcrumb\",\"itemListElement\":[{\"@type\":\"ListItem\",\"position\":1,\"name\":\"Portada\",\"item\":\"https:\/\/www.elalmanaque.com\/wp\/\"},{\"@type\":\"ListItem\",\"position\":2,\"name\":\"PRIMER TITULO PARA BRASIL\"}]},{\"@type\":\"WebSite\",\"@id\":\"https:\/\/www.elalmanaque.com\/wp\/#website\",\"url\":\"https:\/\/www.elalmanaque.com\/wp\/\",\"name\":\"El Almanaque\",\"description\":\"Revista de Cultura y Ocio\",\"publisher\":{\"@id\":\"https:\/\/www.elalmanaque.com\/wp\/#organization\"},\"potentialAction\":[{\"@type\":\"SearchAction\",\"target\":{\"@type\":\"EntryPoint\",\"urlTemplate\":\"https:\/\/www.elalmanaque.com\/wp\/?s={search_term_string}\"},\"query-input\":{\"@type\":\"PropertyValueSpecification\",\"valueRequired\":true,\"valueName\":\"search_term_string\"}}],\"inLanguage\":\"es\"},{\"@type\":\"Organization\",\"@id\":\"https:\/\/www.elalmanaque.com\/wp\/#organization\",\"name\":\"El Almanaque\",\"url\":\"https:\/\/www.elalmanaque.com\/wp\/\",\"logo\":{\"@type\":\"ImageObject\",\"inLanguage\":\"es\",\"@id\":\"https:\/\/www.elalmanaque.com\/wp\/#\/schema\/logo\/image\/\",\"url\":\"https:\/\/www.elalmanaque.com\/wp\/wp-content\/uploads\/2020\/03\/cropped-elalmanaque.jpg\",\"contentUrl\":\"https:\/\/www.elalmanaque.com\/wp\/wp-content\/uploads\/2020\/03\/cropped-elalmanaque.jpg\",\"width\":900,\"height\":164,\"caption\":\"El Almanaque\"},\"image\":{\"@id\":\"https:\/\/www.elalmanaque.com\/wp\/#\/schema\/logo\/image\/\"}},{\"@type\":\"Person\",\"@id\":\"https:\/\/www.elalmanaque.com\/wp\/#\/schema\/person\/61ab31c67167988fe2679d590ca85afe\",\"name\":\"Redactor\",\"image\":{\"@type\":\"ImageObject\",\"inLanguage\":\"es\",\"@id\":\"https:\/\/www.elalmanaque.com\/wp\/#\/schema\/person\/image\/\",\"url\":\"https:\/\/secure.gravatar.com\/avatar\/a1cd6ad4f449e45fea5ebd57548cb588?s=96&d=mm&r=g\",\"contentUrl\":\"https:\/\/secure.gravatar.com\/avatar\/a1cd6ad4f449e45fea5ebd57548cb588?s=96&d=mm&r=g\",\"caption\":\"Redactor\"},\"url\":\"https:\/\/www.elalmanaque.com\/wp\/author\/useralmanaque\/\"}]}<\/script>\n<!-- \/ Yoast SEO plugin. -->","yoast_head_json":{"title":"PRIMER TITULO PARA BRASIL - El Almanaque","robots":{"index":"index","follow":"follow","max-snippet":"max-snippet:-1","max-image-preview":"max-image-preview:large","max-video-preview":"max-video-preview:-1"},"canonical":"https:\/\/www.elalmanaque.com\/wp\/deportes\/primer-titulo-para-brasil\/","og_locale":"es_ES","og_type":"article","og_title":"PRIMER TITULO PARA BRASIL - El Almanaque","og_description":"EQUIPOS \u00a0CALENDARIO \u00a0 CLAS. FIFA\u00a0\u00a0 ARTICULOS\u00a0 HISTORIA\u00a0 ACT. INTER.\u00a0\u00a0 APUESTAS\u00a0 ENCUESTAS MUNDIAL 2002 &#8211; Fase clasificatoria PRIMER TITULO PARA BRASIL \u00a0 \u00a0\u00a0\u00a0\u00a0 Ocho a\u00f1os despu\u00e9s&hellip;","og_url":"https:\/\/www.elalmanaque.com\/wp\/deportes\/primer-titulo-para-brasil\/","og_site_name":"El Almanaque","article_published_time":"2012-10-04T16:51:15+00:00","article_modified_time":"2012-10-04T16:51:33+00:00","og_image":[{"url":"http:\/\/www.qksrv.net\/image-592545-439895","type":"","width":"","height":""}],"author":"Redactor","twitter_card":"summary_large_image","twitter_misc":{"Escrito por":"Redactor","Tiempo de lectura":"5 minutos"},"schema":{"@context":"https:\/\/schema.org","@graph":[{"@type":"Article","@id":"https:\/\/www.elalmanaque.com\/wp\/deportes\/primer-titulo-para-brasil\/#article","isPartOf":{"@id":"https:\/\/www.elalmanaque.com\/wp\/deportes\/primer-titulo-para-brasil\/"},"author":{"name":"Redactor","@id":"https:\/\/www.elalmanaque.com\/wp\/#\/schema\/person\/61ab31c67167988fe2679d590ca85afe"},"headline":"PRIMER TITULO PARA BRASIL","datePublished":"2012-10-04T16:51:15+00:00","dateModified":"2012-10-04T16:51:33+00:00","mainEntityOfPage":{"@id":"https:\/\/www.elalmanaque.com\/wp\/deportes\/primer-titulo-para-brasil\/"},"wordCount":927,"commentCount":0,"publisher":{"@id":"https:\/\/www.elalmanaque.com\/wp\/#organization"},"image":{"@id":"https:\/\/www.elalmanaque.com\/wp\/deportes\/primer-titulo-para-brasil\/#primaryimage"},"thumbnailUrl":"http:\/\/www.qksrv.net\/image-592545-439895","articleSection":["Deportes"],"inLanguage":"es"},{"@type":"WebPage","@id":"https:\/\/www.elalmanaque.com\/wp\/deportes\/primer-titulo-para-brasil\/","url":"https:\/\/www.elalmanaque.com\/wp\/deportes\/primer-titulo-para-brasil\/","name":"PRIMER TITULO PARA BRASIL - El Almanaque","isPartOf":{"@id":"https:\/\/www.elalmanaque.com\/wp\/#website"},"primaryImageOfPage":{"@id":"https:\/\/www.elalmanaque.com\/wp\/deportes\/primer-titulo-para-brasil\/#primaryimage"},"image":{"@id":"https:\/\/www.elalmanaque.com\/wp\/deportes\/primer-titulo-para-brasil\/#primaryimage"},"thumbnailUrl":"http:\/\/www.qksrv.net\/image-592545-439895","datePublished":"2012-10-04T16:51:15+00:00","dateModified":"2012-10-04T16:51:33+00:00","breadcrumb":{"@id":"https:\/\/www.elalmanaque.com\/wp\/deportes\/primer-titulo-para-brasil\/#breadcrumb"},"inLanguage":"es","potentialAction":[{"@type":"ReadAction","target":["https:\/\/www.elalmanaque.com\/wp\/deportes\/primer-titulo-para-brasil\/"]}]},{"@type":"ImageObject","inLanguage":"es","@id":"https:\/\/www.elalmanaque.com\/wp\/deportes\/primer-titulo-para-brasil\/#primaryimage","url":"http:\/\/www.qksrv.net\/image-592545-439895","contentUrl":"http:\/\/www.qksrv.net\/image-592545-439895"},{"@type":"BreadcrumbList","@id":"https:\/\/www.elalmanaque.com\/wp\/deportes\/primer-titulo-para-brasil\/#breadcrumb","itemListElement":[{"@type":"ListItem","position":1,"name":"Portada","item":"https:\/\/www.elalmanaque.com\/wp\/"},{"@type":"ListItem","position":2,"name":"PRIMER TITULO PARA BRASIL"}]},{"@type":"WebSite","@id":"https:\/\/www.elalmanaque.com\/wp\/#website","url":"https:\/\/www.elalmanaque.com\/wp\/","name":"El Almanaque","description":"Revista de Cultura y Ocio","publisher":{"@id":"https:\/\/www.elalmanaque.com\/wp\/#organization"},"potentialAction":[{"@type":"SearchAction","target":{"@type":"EntryPoint","urlTemplate":"https:\/\/www.elalmanaque.com\/wp\/?s={search_term_string}"},"query-input":{"@type":"PropertyValueSpecification","valueRequired":true,"valueName":"search_term_string"}}],"inLanguage":"es"},{"@type":"Organization","@id":"https:\/\/www.elalmanaque.com\/wp\/#organization","name":"El Almanaque","url":"https:\/\/www.elalmanaque.com\/wp\/","logo":{"@type":"ImageObject","inLanguage":"es","@id":"https:\/\/www.elalmanaque.com\/wp\/#\/schema\/logo\/image\/","url":"https:\/\/www.elalmanaque.com\/wp\/wp-content\/uploads\/2020\/03\/cropped-elalmanaque.jpg","contentUrl":"https:\/\/www.elalmanaque.com\/wp\/wp-content\/uploads\/2020\/03\/cropped-elalmanaque.jpg","width":900,"height":164,"caption":"El Almanaque"},"image":{"@id":"https:\/\/www.elalmanaque.com\/wp\/#\/schema\/logo\/image\/"}},{"@type":"Person","@id":"https:\/\/www.elalmanaque.com\/wp\/#\/schema\/person\/61ab31c67167988fe2679d590ca85afe","name":"Redactor","image":{"@type":"ImageObject","inLanguage":"es","@id":"https:\/\/www.elalmanaque.com\/wp\/#\/schema\/person\/image\/","url":"https:\/\/secure.gravatar.com\/avatar\/a1cd6ad4f449e45fea5ebd57548cb588?s=96&d=mm&r=g","contentUrl":"https:\/\/secure.gravatar.com\/avatar\/a1cd6ad4f449e45fea5ebd57548cb588?s=96&d=mm&r=g","caption":"Redactor"},"url":"https:\/\/www.elalmanaque.com\/wp\/author\/useralmanaque\/"}]}},"_links":{"self":[{"href":"https:\/\/www.elalmanaque.com\/wp\/wp-json\/wp\/v2\/posts\/9402","targetHints":{"allow":["GET"]}}],"collection":[{"href":"https:\/\/www.elalmanaque.com\/wp\/wp-json\/wp\/v2\/posts"}],"about":[{"href":"https:\/\/www.elalmanaque.com\/wp\/wp-json\/wp\/v2\/types\/post"}],"author":[{"embeddable":true,"href":"https:\/\/www.elalmanaque.com\/wp\/wp-json\/wp\/v2\/users\/1"}],"replies":[{"embeddable":true,"href":"https:\/\/www.elalmanaque.com\/wp\/wp-json\/wp\/v2\/comments?post=9402"}],"version-history":[{"count":0,"href":"https:\/\/www.elalmanaque.com\/wp\/wp-json\/wp\/v2\/posts\/9402\/revisions"}],"wp:attachment":[{"href":"https:\/\/www.elalmanaque.com\/wp\/wp-json\/wp\/v2\/media?parent=9402"}],"wp:term":[{"taxonomy":"category","embeddable":true,"href":"https:\/\/www.elalmanaque.com\/wp\/wp-json\/wp\/v2\/categories?post=9402"},{"taxonomy":"post_tag","embeddable":true,"href":"https:\/\/www.elalmanaque.com\/wp\/wp-json\/wp\/v2\/tags?post=9402"}],"curies":[{"name":"wp","href":"https:\/\/api.w.org\/{rel}","templated":true}]}}