{"id":8933,"date":"2012-10-04T16:44:43","date_gmt":"2012-10-04T16:44:43","guid":{"rendered":"http:\/\/www.elalmanaque.com\/wp\/sin-categoria\/andy\/"},"modified":"2012-10-04T17:44:58","modified_gmt":"2012-10-04T16:44:58","slug":"andy","status":"publish","type":"post","link":"https:\/\/www.elalmanaque.com\/wp\/internet\/sin-categoria\/andy\/","title":{"rendered":"Andy"},"content":{"rendered":"\n<p>\u00a0<\/p>\n<p> <img decoding=\"async\" src=\"sony_bmg.jpg\"\/><\/p>\n<p>Andy &amp; Lucas publican <i>Desde mi barrio, <\/i>su segundo \u00e1lbum, con 13 canciones que renuevan el personal estilo del d\u00fao de C\u00e1diz\u00a0<\/p>\n<p><b>Andy &amp; Lucas   <\/b><\/p>\n<p><i>desde mi barrio <\/i><\/p>\n<p>\u00a0 <\/p>\n<p>Han pasado 18 meses, un a\u00f1o y medio, desde que Andy &amp; Lucas publicaron su primer disco. La historia es conocida. Dos chavales gaditanos de 20 a\u00f1os, amigos de toda la vida del barrio de La Laguna que, como tantos otros, cantaban sus canciones con la ilusi\u00f3n de \u0093hacerse un huequecito\u0094 en la m\u00fasica espa\u00f1ola. Grabaron su disco y&#8230;  <\/p>\n<p>\u00a0 <\/p>\n<p>Hoy, Andr\u00e9s Morales y Lucas Gonz\u00e1lez, Andy &amp; Lucas, tienen cinco Discos de Platino colgados en la pared de sus casas porque han vendido 581.928 \u00e1lbumes hasta el momento. De su DVD <i>Viviendo un sue\u00f1o. Su primer concierto <\/i>han vendido 13.754 ejemplares. Los premios, que comenzaron con el Ondas y el Amigo al Artista Revelaci\u00f3n del A\u00f1o, siguen lloviendo y su \u00e9xito en Latinoam\u00e9rica es incontestable. Todo con su primer trabajo. Dif\u00edcil, muy dif\u00edcil. <\/p>\n<p>\u00a0 <\/p>\n<p>El \u00e9xito de Andy &amp; Lucas se resume en una palabra: canciones. Y 13 canciones tiene <i>Desde mi barrio, <\/i>el segundo \u00e1lbum del d\u00fao. 13 canciones que se enfrentan a un reto importante, como es el de mantener esa capacidad de llegar al p\u00fablico de una manera directa, inmediata, frontal. 13 canciones que salieron en los pocos ratos libres entre concierto y concierto -Andy &amp; Lucas no han parado desde mayo de 2003-, destinadas a superar el reto desde el mismo t\u00edtulo del disco: <i>Desde mi barrio. <\/i><\/p>\n<p><i>\u00a0 <\/i><\/p>\n<p>Andy &amp; Lucas son de barrio y precisamente porque no han renunciado al barrio se han llevado a la gente de calle. \u0093Porque aqu\u00ed he nacido y aqu\u00ed me quedo. Porque aqu\u00ed me he criado y aqu\u00ed he cogido ra\u00edces que es lo que m\u00e1s quiero\u0094, cantan en <i>Mi barrio, <\/i>una de las canciones m\u00e1s sorprendentes del \u00e1lbum. Un rap que habla de amigos que tienen que emigrar, de gente obrera luchando, de ni\u00f1as que pasean por la calle, de Camar\u00f3n para los ratitos malos, de &#8230;<\/p>\n<p>\u00a0 <\/p>\n<p>\u00a0 <\/p>\n<p>Las nuevas canciones de Andy &amp; Lucas mantienen ese sabor de barrio que sostiene el enorme \u00e9xito popular del d\u00fao gaditano. Once canciones compuestas por Lucas Gonz\u00e1lez y una que firma Andr\u00e9s Morales en su debut como autor, que mantienen la naturalidad y la cercan\u00eda que marcaban su exitoso primer \u00e1lbum pero que no se limitan a calcar la f\u00f3rmula. <i>Desde mi barrio <\/i>es un disco que ofrece cosas nuevas y sorprende. <\/p>\n<p>\u00a0 <\/p>\n<p>Sorprende la canci\u00f3n <i>Mi barrio <\/i>porque Andy &amp; Lucas se acercan por primera vez al rap, algo que ten\u00edan en la cabeza desde hace tiempo y que ya apuntaban en sus conciertos. Sorprenden los ritmos en\u00e9rgicos en canciones como <i>Celos, <\/i>otros m\u00e1s originales como el de <i>Como quieres, <\/i>la mezcla de pop-flamenco-rap con la brillantez de los metales en <i>Dime que me quieres&#8230; <\/i>Cada canci\u00f3n tiene algo que llama la atenci\u00f3n, incluso las m\u00e1s cercanas a las de su primer disco como <i>Quiero ser tu sue\u00f1o, Por ella <\/i>o <i>Tan orgullosa<\/i>, o esas baladas marca de la casa como <i>Sabe que la enga\u00f1a, Aquellas cartitas <\/i>o <i>Pasar\u00e1n.  <\/i><\/p>\n<p><i>\u00a0 <\/i><\/p>\n<p><i>Desde mi barrio <\/i>ha sido producido por dos equipos diferentes. Alejo Stivel, productor tambi\u00e9n del primer disco del d\u00fao, se ha encargado de nueve canciones y Emanuele Ruffinengo de tres. Argentino e italiano reflejan dos maneras cercanas y diferentes al mismo tiempo de trabajar las canciones de Andy &amp; Lucas: m\u00e1s directo Stivel, m\u00e1s sofisticado Ruffinengo. Los dos han producido un \u00e1lbum musicalmente rico en arreglos y en sonido, realizado en Madrid, Mil\u00e1n, C\u00e1diz y La Habana, donde se ha grabado la cuerda que enriquece el disco.\u00a0  <\/p>\n<p>\u00a0 <\/p>\n<p>Con la participaci\u00f3n de m\u00e1s de 40 m\u00fasicos, <i>Desde mi barrio <\/i>reafirma ese estilo personal de Andy &amp; Lucas que marca su diferencia: un pop andaluz, sure\u00f1o y fresco, sostenido por unas canciones que tienen una rara facilidad para enganchar con la gente y dos voces de las que se habla poco pero que en este disco se muestran magn\u00edficas y perfectamente ensambladas. Todo realizado de una manera tan aparentemente natural y sencilla que explica su \u00e9xito popular. <\/p>\n<p>\u00a0 <\/p>\n<p>Desde mi barrio es un disco que no enga\u00f1a porque presenta a Andy &amp; Lucas con la misma fuerza con la que irrumpieron en la m\u00fasica espa\u00f1ola y con la experiencia que dan m\u00e1s de cien conciertos en Espa\u00f1a y Latinoam\u00e9rica y el contacto diario con el p\u00fablico. Son 13 canciones que convencen porque son fieles a un estilo \u00fanico y absolutamente espa\u00f1ol, contempor\u00e1neo y, al mismo tiempo, anclado firmemente a su tierra. Pop conectado con la ra\u00edz que crece y madura sin perder el contacto con la calle. Porque aunque Andy &amp; Lucas tienen el \u00e9xito en la mano, saben de donde han salido y donde quieren estar. Y para dejarlo bien claro, lo cantan y lo rubrican en su nuevo \u00e1lbum Desde mi barrio: \u0093Aunque digan lo contrario yo no me voy de mi barrio, porque mi barrio es humilde y verdadero, es callejero y es obrero;\u00a0 porque la gente de mi barrio es lo que yo quiero\u0094. <\/p>\n<p><b>ANDY &amp; LUCAS <\/b><\/p>\n<p><b>\u0093DESDE MI BARRIO\u0094 <\/b><\/p>\n<p> <b>A LA VENTA EL 29 DE NOVIEMBRE DE 2004<\/b> <\/p>\n<p>La canci\u00f3n <i>Quiero ser tu sue\u00f1o <\/i>es el primer single del nuevo \u00e1lbum de Andy &amp; Lucas, titulado <i>Desde mi barrio<\/i> y que se publica el pr\u00f3ximo 29 de noviembre<\/p>\n<p>\u00a0 <\/p>\n<p>\u00a0 <\/p>\n<p><b>Andy &amp; Lucas   <\/b><\/p>\n<p>Quiero ser tu sue\u00f1o <\/p>\n<p>\u00a0 <\/p>\n<p>\u00a0 <\/p>\n<p>La canci\u00f3n <i>Quiero ser tu sue\u00f1o <\/i>es el primer single del segundo \u00e1lbum de Andy &amp; Lucas, titulado <i>Desde mi barrio. <\/i>Un a\u00f1o y medio despu\u00e9s de la publicaci\u00f3n de su primer \u00e1lbum, el d\u00fao del barrio gaditano de La Laguna regresa con nuevas canciones tras protagonizar el debut m\u00e1s importante de un nuevo artista en los \u00faltimos a\u00f1os en Espa\u00f1a.  <\/p>\n<p>\u00a0 <\/p>\n<p>Hasta hoy, Andy &amp; Lucas han vendido 581.928 ejemplares de su primer disco, han conseguido numerosos premios en Espa\u00f1a y Latinoam\u00e9rica -entre ellos el Ondas y el Amigo al Artista Revelaci\u00f3n- y no han parado de ofrecer conciertos y presentaciones. Razones de peso para que sus nuevas canciones sean esperadas con expectaci\u00f3n. <\/p>\n<p>\u00a0 <\/p>\n<p>Dentro de la variedad que presenta el \u00e1lbum <i>Desde mi barrio, <\/i>la canci\u00f3n <i>Quiero ser tu sue\u00f1o <\/i>se enmarca dentro del estilo que Andy &amp; Lucas han convertido en marca de la casa: un pop absolutamente espa\u00f1ol, contempor\u00e1neo y, al mismo tiempo, anclado firmemente a su tierra, conectado con la ra\u00edz y que no pierde el contacto con la calle. Esta conexi\u00f3n popular, este sabor de barrio sostiene el \u00e9xito de Andy &amp; Lucas y la canci\u00f3n <i>Quiero ser tu sue\u00f1o <\/i>es un buen ejemplo. <\/p>\n<p>\u00a0 <\/p>\n<p>Producida por Alejo Stivel, mezclando guitarras espa\u00f1olas y el\u00e9ctricas, bater\u00edas ac\u00fasticas y programaciones, con un estribillo absolutamente incontestable y dos voces que parece que han nacido para cantar juntas, la canci\u00f3n <i>Quiero ser tu sue\u00f1o <\/i>es la puerta que nos introduce en <i>Desde mi barrio, <\/i>el nuevo \u00e1lbum de Andy &amp; Lucas que se publica el 29 de noviembre. Trece nuevas canciones que reflejan la capacidad del d\u00fao gaditano para llegar al p\u00fablico de manera directa, inmediata y frontal; que abren su m\u00fasica a otros estilos; que mantienen la naturalidad y la cercan\u00eda, la ra\u00edz y el origen. Que, a pesar del \u00e9xito, no reniegan del barrio. <\/p>\n<p>Andy &amp; Lucas presentan la canci\u00f3n <i>Yo lo que quiero <\/i>como nuevo single de su \u00e1lbum <i>Desde mi barrio, <\/i>viajan a Estados Unidos para promocionar su disco, anuncian una gira americana en abril y preparan un v\u00eddeo con los personajes de Los Sims<\/p>\n<p>\u00a0 <\/p>\n<p>\u00a0 <\/p>\n<p><b>Andy &amp; Lucas   <\/b><\/p>\n<p>el d\u00fao que no para <\/p>\n<p>\u00a0 <\/p>\n<p>Andy &amp; Lucas vuelan esta semana hacia Estados Unidos para presentar su segundo disco <i>Desde mi barrio. <\/i>Con este viaje, el d\u00fao gaditano inicia el lanzamiento de este \u00e1lbum en Am\u00e9rica despu\u00e9s del enorme \u00e9xito conseguido el pasado a\u00f1o con su primer disco. Mientras tanto, Andy &amp; Lucas publican en Espa\u00f1a la canci\u00f3n <i>Yo lo que quiero <\/i>como segundo single del disco <i>Desde mi barrio. <\/i>Del 23 de febrero al 10 de marzo, Andy &amp; Lucas visitar\u00e1n Miami y Puerto Rico para promocionar su disco. En Miami asistir\u00e1n a la ceremonia de entrega de premios Lo Nuestro, que tendr\u00e1 lugar el d\u00eda 24 de febrero en el American Airlines Arena. Andy &amp; Lucas son candidatos a dos importantes premios Lo Nuestro en las categor\u00edas de Grupo Revelaci\u00f3n del A\u00f1o y Mejor Grupo del A\u00f1o.<\/p>\n<p>\u00a0 <\/p>\n<p>Andy &amp; Lucas tambi\u00e9n son candidatos a varios Premios Billboard, que se entregar\u00e1n el 28 de abril en el Miami Arena. Coincidiendo con estos premios, el d\u00fao comenzar\u00e1 en abril una gira de conciertos que les llevar\u00e1 a diferentes escenarios de Puerto Rico, Santo Domingo, Venezuela, Ecuador y otros pa\u00edses de centroam\u00e9rica. Por otra parte, Andy &amp; Lucas y Electronic Arts ya han comenzado a trabajar para que la canci\u00f3n <i>Mi barrio, <\/i>que ser\u00e1 el tercer single del \u00e1lbum del d\u00fao, tenga un v\u00eddeo en el que Andy Morales y Lucas Gonz\u00e1lez se conviertan en personajes de Los Sims, el juego m\u00e1s popular y m\u00e1s vendido en todo el mundo para PC. <\/p>\n<p>\u00a0 <\/p>\n<p>El disco <i>Desde mi barrio, <\/i>segundo en la carrera de Andy &amp; Lucas, lleva 11 semanas en los primeros lugares de la lista de los discos m\u00e1s vendidos en Espa\u00f1a. Despu\u00e9s de alcanzar el n\u00ba1 en la primera semana de su publicaci\u00f3n, actualmente ocupa el n\u00ba7 con casi 300.000 ejemplares vendidos.<\/p>\n<p>www.andyylucas.com<\/p>\n","protected":false},"excerpt":{"rendered":"<p>\u00a0 Andy &amp; Lucas publican Desde mi barrio, su segundo \u00e1lbum, con 13 canciones que renuevan el personal estilo del d\u00fao de C\u00e1diz\u00a0 Andy &amp;&hellip; <\/p>\n","protected":false},"author":1,"featured_media":0,"comment_status":"open","ping_status":"open","sticky":false,"template":"","format":"standard","meta":{"footnotes":""},"categories":[1],"tags":[],"class_list":["post-8933","post","type-post","status-publish","format-standard","hentry","category-sin-categoria"],"yoast_head":"<!-- This site is optimized with the Yoast SEO plugin v24.8.1 - https:\/\/yoast.com\/wordpress\/plugins\/seo\/ -->\n<title>Andy - El Almanaque<\/title>\n<meta name=\"robots\" content=\"index, follow, max-snippet:-1, max-image-preview:large, max-video-preview:-1\" \/>\n<link rel=\"canonical\" href=\"https:\/\/www.elalmanaque.com\/wp\/internet\/sin-categoria\/andy\/\" \/>\n<meta property=\"og:locale\" content=\"es_ES\" \/>\n<meta property=\"og:type\" content=\"article\" \/>\n<meta property=\"og:title\" content=\"Andy - El Almanaque\" \/>\n<meta property=\"og:description\" content=\"\u00a0 Andy &amp; Lucas publican Desde mi barrio, su segundo \u00e1lbum, con 13 canciones que renuevan el personal estilo del d\u00fao de C\u00e1diz\u00a0 Andy &amp;&hellip;\" \/>\n<meta property=\"og:url\" content=\"https:\/\/www.elalmanaque.com\/wp\/internet\/sin-categoria\/andy\/\" \/>\n<meta property=\"og:site_name\" content=\"El Almanaque\" \/>\n<meta property=\"article:published_time\" content=\"2012-10-04T16:44:43+00:00\" \/>\n<meta property=\"article:modified_time\" content=\"2012-10-04T16:44:58+00:00\" \/>\n<meta property=\"og:image\" content=\"http:\/\/sony_bmg.jpg\" \/>\n<meta name=\"author\" content=\"Redactor\" \/>\n<meta name=\"twitter:card\" content=\"summary_large_image\" \/>\n<meta name=\"twitter:label1\" content=\"Escrito por\" \/>\n\t<meta name=\"twitter:data1\" content=\"Redactor\" \/>\n\t<meta name=\"twitter:label2\" content=\"Tiempo de lectura\" \/>\n\t<meta name=\"twitter:data2\" content=\"8 minutos\" \/>\n<script type=\"application\/ld+json\" class=\"yoast-schema-graph\">{\"@context\":\"https:\/\/schema.org\",\"@graph\":[{\"@type\":\"Article\",\"@id\":\"https:\/\/www.elalmanaque.com\/wp\/internet\/sin-categoria\/andy\/#article\",\"isPartOf\":{\"@id\":\"https:\/\/www.elalmanaque.com\/wp\/internet\/sin-categoria\/andy\/\"},\"author\":{\"name\":\"Redactor\",\"@id\":\"https:\/\/www.elalmanaque.com\/wp\/#\/schema\/person\/61ab31c67167988fe2679d590ca85afe\"},\"headline\":\"Andy\",\"datePublished\":\"2012-10-04T16:44:43+00:00\",\"dateModified\":\"2012-10-04T16:44:58+00:00\",\"mainEntityOfPage\":{\"@id\":\"https:\/\/www.elalmanaque.com\/wp\/internet\/sin-categoria\/andy\/\"},\"wordCount\":1652,\"commentCount\":0,\"publisher\":{\"@id\":\"https:\/\/www.elalmanaque.com\/wp\/#organization\"},\"inLanguage\":\"es\"},{\"@type\":\"WebPage\",\"@id\":\"https:\/\/www.elalmanaque.com\/wp\/internet\/sin-categoria\/andy\/\",\"url\":\"https:\/\/www.elalmanaque.com\/wp\/internet\/sin-categoria\/andy\/\",\"name\":\"Andy - El Almanaque\",\"isPartOf\":{\"@id\":\"https:\/\/www.elalmanaque.com\/wp\/#website\"},\"datePublished\":\"2012-10-04T16:44:43+00:00\",\"dateModified\":\"2012-10-04T16:44:58+00:00\",\"breadcrumb\":{\"@id\":\"https:\/\/www.elalmanaque.com\/wp\/internet\/sin-categoria\/andy\/#breadcrumb\"},\"inLanguage\":\"es\",\"potentialAction\":[{\"@type\":\"ReadAction\",\"target\":[\"https:\/\/www.elalmanaque.com\/wp\/internet\/sin-categoria\/andy\/\"]}]},{\"@type\":\"BreadcrumbList\",\"@id\":\"https:\/\/www.elalmanaque.com\/wp\/internet\/sin-categoria\/andy\/#breadcrumb\",\"itemListElement\":[{\"@type\":\"ListItem\",\"position\":1,\"name\":\"Portada\",\"item\":\"https:\/\/www.elalmanaque.com\/wp\/\"},{\"@type\":\"ListItem\",\"position\":2,\"name\":\"Andy\"}]},{\"@type\":\"WebSite\",\"@id\":\"https:\/\/www.elalmanaque.com\/wp\/#website\",\"url\":\"https:\/\/www.elalmanaque.com\/wp\/\",\"name\":\"El Almanaque\",\"description\":\"Revista de Cultura y Ocio\",\"publisher\":{\"@id\":\"https:\/\/www.elalmanaque.com\/wp\/#organization\"},\"potentialAction\":[{\"@type\":\"SearchAction\",\"target\":{\"@type\":\"EntryPoint\",\"urlTemplate\":\"https:\/\/www.elalmanaque.com\/wp\/?s={search_term_string}\"},\"query-input\":{\"@type\":\"PropertyValueSpecification\",\"valueRequired\":true,\"valueName\":\"search_term_string\"}}],\"inLanguage\":\"es\"},{\"@type\":\"Organization\",\"@id\":\"https:\/\/www.elalmanaque.com\/wp\/#organization\",\"name\":\"El Almanaque\",\"url\":\"https:\/\/www.elalmanaque.com\/wp\/\",\"logo\":{\"@type\":\"ImageObject\",\"inLanguage\":\"es\",\"@id\":\"https:\/\/www.elalmanaque.com\/wp\/#\/schema\/logo\/image\/\",\"url\":\"https:\/\/www.elalmanaque.com\/wp\/wp-content\/uploads\/2020\/03\/cropped-elalmanaque.jpg\",\"contentUrl\":\"https:\/\/www.elalmanaque.com\/wp\/wp-content\/uploads\/2020\/03\/cropped-elalmanaque.jpg\",\"width\":900,\"height\":164,\"caption\":\"El Almanaque\"},\"image\":{\"@id\":\"https:\/\/www.elalmanaque.com\/wp\/#\/schema\/logo\/image\/\"}},{\"@type\":\"Person\",\"@id\":\"https:\/\/www.elalmanaque.com\/wp\/#\/schema\/person\/61ab31c67167988fe2679d590ca85afe\",\"name\":\"Redactor\",\"image\":{\"@type\":\"ImageObject\",\"inLanguage\":\"es\",\"@id\":\"https:\/\/www.elalmanaque.com\/wp\/#\/schema\/person\/image\/\",\"url\":\"https:\/\/secure.gravatar.com\/avatar\/a1cd6ad4f449e45fea5ebd57548cb588?s=96&d=mm&r=g\",\"contentUrl\":\"https:\/\/secure.gravatar.com\/avatar\/a1cd6ad4f449e45fea5ebd57548cb588?s=96&d=mm&r=g\",\"caption\":\"Redactor\"},\"url\":\"https:\/\/www.elalmanaque.com\/wp\/author\/useralmanaque\/\"}]}<\/script>\n<!-- \/ Yoast SEO plugin. -->","yoast_head_json":{"title":"Andy - El Almanaque","robots":{"index":"index","follow":"follow","max-snippet":"max-snippet:-1","max-image-preview":"max-image-preview:large","max-video-preview":"max-video-preview:-1"},"canonical":"https:\/\/www.elalmanaque.com\/wp\/internet\/sin-categoria\/andy\/","og_locale":"es_ES","og_type":"article","og_title":"Andy - El Almanaque","og_description":"\u00a0 Andy &amp; Lucas publican Desde mi barrio, su segundo \u00e1lbum, con 13 canciones que renuevan el personal estilo del d\u00fao de C\u00e1diz\u00a0 Andy &amp;&hellip;","og_url":"https:\/\/www.elalmanaque.com\/wp\/internet\/sin-categoria\/andy\/","og_site_name":"El Almanaque","article_published_time":"2012-10-04T16:44:43+00:00","article_modified_time":"2012-10-04T16:44:58+00:00","og_image":[{"url":"sony_bmg.jpg","type":"","width":"","height":""}],"author":"Redactor","twitter_card":"summary_large_image","twitter_misc":{"Escrito por":"Redactor","Tiempo de lectura":"8 minutos"},"schema":{"@context":"https:\/\/schema.org","@graph":[{"@type":"Article","@id":"https:\/\/www.elalmanaque.com\/wp\/internet\/sin-categoria\/andy\/#article","isPartOf":{"@id":"https:\/\/www.elalmanaque.com\/wp\/internet\/sin-categoria\/andy\/"},"author":{"name":"Redactor","@id":"https:\/\/www.elalmanaque.com\/wp\/#\/schema\/person\/61ab31c67167988fe2679d590ca85afe"},"headline":"Andy","datePublished":"2012-10-04T16:44:43+00:00","dateModified":"2012-10-04T16:44:58+00:00","mainEntityOfPage":{"@id":"https:\/\/www.elalmanaque.com\/wp\/internet\/sin-categoria\/andy\/"},"wordCount":1652,"commentCount":0,"publisher":{"@id":"https:\/\/www.elalmanaque.com\/wp\/#organization"},"inLanguage":"es"},{"@type":"WebPage","@id":"https:\/\/www.elalmanaque.com\/wp\/internet\/sin-categoria\/andy\/","url":"https:\/\/www.elalmanaque.com\/wp\/internet\/sin-categoria\/andy\/","name":"Andy - El Almanaque","isPartOf":{"@id":"https:\/\/www.elalmanaque.com\/wp\/#website"},"datePublished":"2012-10-04T16:44:43+00:00","dateModified":"2012-10-04T16:44:58+00:00","breadcrumb":{"@id":"https:\/\/www.elalmanaque.com\/wp\/internet\/sin-categoria\/andy\/#breadcrumb"},"inLanguage":"es","potentialAction":[{"@type":"ReadAction","target":["https:\/\/www.elalmanaque.com\/wp\/internet\/sin-categoria\/andy\/"]}]},{"@type":"BreadcrumbList","@id":"https:\/\/www.elalmanaque.com\/wp\/internet\/sin-categoria\/andy\/#breadcrumb","itemListElement":[{"@type":"ListItem","position":1,"name":"Portada","item":"https:\/\/www.elalmanaque.com\/wp\/"},{"@type":"ListItem","position":2,"name":"Andy"}]},{"@type":"WebSite","@id":"https:\/\/www.elalmanaque.com\/wp\/#website","url":"https:\/\/www.elalmanaque.com\/wp\/","name":"El Almanaque","description":"Revista de Cultura y Ocio","publisher":{"@id":"https:\/\/www.elalmanaque.com\/wp\/#organization"},"potentialAction":[{"@type":"SearchAction","target":{"@type":"EntryPoint","urlTemplate":"https:\/\/www.elalmanaque.com\/wp\/?s={search_term_string}"},"query-input":{"@type":"PropertyValueSpecification","valueRequired":true,"valueName":"search_term_string"}}],"inLanguage":"es"},{"@type":"Organization","@id":"https:\/\/www.elalmanaque.com\/wp\/#organization","name":"El Almanaque","url":"https:\/\/www.elalmanaque.com\/wp\/","logo":{"@type":"ImageObject","inLanguage":"es","@id":"https:\/\/www.elalmanaque.com\/wp\/#\/schema\/logo\/image\/","url":"https:\/\/www.elalmanaque.com\/wp\/wp-content\/uploads\/2020\/03\/cropped-elalmanaque.jpg","contentUrl":"https:\/\/www.elalmanaque.com\/wp\/wp-content\/uploads\/2020\/03\/cropped-elalmanaque.jpg","width":900,"height":164,"caption":"El Almanaque"},"image":{"@id":"https:\/\/www.elalmanaque.com\/wp\/#\/schema\/logo\/image\/"}},{"@type":"Person","@id":"https:\/\/www.elalmanaque.com\/wp\/#\/schema\/person\/61ab31c67167988fe2679d590ca85afe","name":"Redactor","image":{"@type":"ImageObject","inLanguage":"es","@id":"https:\/\/www.elalmanaque.com\/wp\/#\/schema\/person\/image\/","url":"https:\/\/secure.gravatar.com\/avatar\/a1cd6ad4f449e45fea5ebd57548cb588?s=96&d=mm&r=g","contentUrl":"https:\/\/secure.gravatar.com\/avatar\/a1cd6ad4f449e45fea5ebd57548cb588?s=96&d=mm&r=g","caption":"Redactor"},"url":"https:\/\/www.elalmanaque.com\/wp\/author\/useralmanaque\/"}]}},"_links":{"self":[{"href":"https:\/\/www.elalmanaque.com\/wp\/wp-json\/wp\/v2\/posts\/8933","targetHints":{"allow":["GET"]}}],"collection":[{"href":"https:\/\/www.elalmanaque.com\/wp\/wp-json\/wp\/v2\/posts"}],"about":[{"href":"https:\/\/www.elalmanaque.com\/wp\/wp-json\/wp\/v2\/types\/post"}],"author":[{"embeddable":true,"href":"https:\/\/www.elalmanaque.com\/wp\/wp-json\/wp\/v2\/users\/1"}],"replies":[{"embeddable":true,"href":"https:\/\/www.elalmanaque.com\/wp\/wp-json\/wp\/v2\/comments?post=8933"}],"version-history":[{"count":0,"href":"https:\/\/www.elalmanaque.com\/wp\/wp-json\/wp\/v2\/posts\/8933\/revisions"}],"wp:attachment":[{"href":"https:\/\/www.elalmanaque.com\/wp\/wp-json\/wp\/v2\/media?parent=8933"}],"wp:term":[{"taxonomy":"category","embeddable":true,"href":"https:\/\/www.elalmanaque.com\/wp\/wp-json\/wp\/v2\/categories?post=8933"},{"taxonomy":"post_tag","embeddable":true,"href":"https:\/\/www.elalmanaque.com\/wp\/wp-json\/wp\/v2\/tags?post=8933"}],"curies":[{"name":"wp","href":"https:\/\/api.w.org\/{rel}","templated":true}]}}