{"id":8889,"date":"2012-10-04T16:44:40","date_gmt":"2012-10-04T16:44:40","guid":{"rendered":"http:\/\/www.elalmanaque.com\/wp\/sin-categoria\/el-almanaque-de-la-musica-karaoke-musica-pop\/"},"modified":"2012-10-04T17:44:57","modified_gmt":"2012-10-04T16:44:57","slug":"el-almanaque-de-la-musica-karaoke-musica-pop","status":"publish","type":"post","link":"https:\/\/www.elalmanaque.com\/wp\/internet\/sin-categoria\/el-almanaque-de-la-musica-karaoke-musica-pop\/","title":{"rendered":"El Almanaque de la M\u00fasica: Karaoke M\u00daSICA POP"},"content":{"rendered":"<p>  ]]>  El Almanaque de la M\u00fasica: KARAOKE     <\/p>\n<p><b>NECESITAS EL PROGRAMA<\/b>\u00a0 : <a href=\"vkaraoke.exe\"><b>Vanbasco&#8217;s Karaoke<\/b> <b>Player\u00a0 636 kb free<\/b><\/a>Para escuchar los archivos , haz clic en el enlace  Para baj\u00e1rtelos con el bot\u00f3n derecho &#8211;&gt; Guardar destino<\/p>\n<p><b><a href=\"http:\/\/www.elalmanaque.com\/wp\/musica\/el-almanaque-de-la-musica-karaoke\/\">M\u00daSICA LATINA <\/a>&#8211; <a href=\"http:\/\/www.elalmanaque.com\/wp\/musica\/el-almanaque-de-la-musica-karaoke-musica-pop\/\">M\u00daSICA POP<\/a><\/b><\/p>\n<p>        <a href=\"karaoke1\/All%20for%20love.kar\">All for love.kar<\/a>       <a href=\"karaoke1\/AMERICA.KAR\">AMERICA.KAR<\/a>       <a href=\"karaoke1\/Bee%20Gees-How%20Deep%20Is%20Your%20Love.kar\">Bee         Gees-How Deep Is Your Love.kar<\/a>       <a href=\"karaoke1\/Bee%20Gees-Staying%20Alive.kar\">Bee         Gees-Staying Alive.kar<\/a>       <a href=\"karaoke1\/Britney%20Spears-I%20Was%20Born%20to%20make%20you%20happy.kar\">Britney         Spears-I Was Born to make you happy.kar<\/a>     <a href=\"karaoke1\/Celine%20Dion%20-%20I%20don't%20know.kar\">Celine Dion &#8211; I don&#8217;t know.kar<\/a>       <a href=\"karaoke1\/Celine%20Dion%20-%20Telll%20him.kar\">Celine Dion &#8211; Telll him.kar<\/a>       <a href=\"karaoke2\/didoherewithme.kar\">didohere         withme.kar<\/a>       <a href=\"karaoke5\/Abba%20-%20Chiquitita%20(1).kar\">Abba &#8211; Chiquitita         .kar<\/a>       <a href=\"karaoke5\/Abba%20-%20Fernando.KAR\">Abba &#8211; Fernando.KAR<\/a>     <a href=\"karaoke5\/Britney%20Spears%20-%20Baby%20one%20more%20time%20(1).kar\">Britney Spears &#8211; Baby one more time         .kar<\/a>       <a href=\"karaoke5\/Britney%20Spears%20-%20Born%20to%20make%20you%20happy.kar\">Britney Spears &#8211; Born to make you happy.kar<\/a>       <a href=\"karaoke5\/Britney%20Spears%20-%20From%20the%20botton%20of%20my%20broken%20heart.kar\">Britney Spears &#8211; From the botton of my broken heart.kar<\/a>       <a href=\"karaoke5\/Britney%20Spears%20-%20Lucky%20(9).kar\">Britney Spears &#8211; Lucky.kar<\/a>       <a href=\"karaoke5\/Britney%20Spears%20-%20Opps!%20I%20did%20it%20again%20(4).kar\">Britney Spears &#8211;         Opps! I did it again .kar<\/a>     <a href=\"karaoke5\/Britney%20Spears%20-%20Sometimes%20(8).kar\">Britney Spears &#8211; Sometimes.kar<\/a>       <a href=\"karaoke5\/Britney%20Spears%20-%20Stronger.kar\">Britney Spears &#8211; Stronger.kar<\/a>       <a href=\"karaoke5\/Britney%20Spears%20-%20What%20you%20see%20is%20what%20you%20get%20(15).kar\">Britney Spears &#8211; What you see is what you get         .kar<\/a>       <a href=\"karaoke5\/Britney%20Spears%20-%20You%20drive%20me%20crazy%20(11).kar\">Britney Spears &#8211; You drive me crazy         .kar<\/a>       <a href=\"karaoke5\/Christina%20Aguilera%20&amp;%20Ricky%20Martin%20-%20Nobody%20wants%20to%20be%20lonely.(4%20y%205).KAR\">Christina Aguilera &amp; Ricky Martin &#8211; Nobody wants to be         lonely..KAR<\/a>        <\/p>\n<p><a href=\"karaoke.exe\">HUMOR : KARAOKE.EXE<\/a><\/p>\n<p><a href=\"http:\/\/ad.zanox.com\/ppc\/?1193786C466450993T\"><img decoding=\"async\" alt=\"FNAC\" src=\"http:\/\/ad.zanox.com\/ppv\/?1193786C466450993\"\/><\/a><\/p>\n","protected":false},"excerpt":{"rendered":"<p>]]&gt; El Almanaque de la M\u00fasica: KARAOKE NECESITAS EL PROGRAMA\u00a0 : Vanbasco&#8217;s Karaoke Player\u00a0 636 kb freePara escuchar los archivos , haz clic en el&hellip; <\/p>\n","protected":false},"author":1,"featured_media":0,"comment_status":"open","ping_status":"open","sticky":false,"template":"","format":"standard","meta":{"footnotes":""},"categories":[1],"tags":[],"class_list":["post-8889","post","type-post","status-publish","format-standard","hentry","category-sin-categoria"],"yoast_head":"<!-- This site is optimized with the Yoast SEO plugin v24.8.1 - https:\/\/yoast.com\/wordpress\/plugins\/seo\/ -->\n<title>El Almanaque de la M\u00fasica: Karaoke M\u00daSICA POP - El Almanaque<\/title>\n<meta name=\"robots\" content=\"index, follow, max-snippet:-1, max-image-preview:large, max-video-preview:-1\" \/>\n<link rel=\"canonical\" href=\"https:\/\/www.elalmanaque.com\/wp\/internet\/sin-categoria\/el-almanaque-de-la-musica-karaoke-musica-pop\/\" \/>\n<meta property=\"og:locale\" content=\"es_ES\" \/>\n<meta property=\"og:type\" content=\"article\" \/>\n<meta property=\"og:title\" content=\"El Almanaque de la M\u00fasica: Karaoke M\u00daSICA POP - El Almanaque\" \/>\n<meta property=\"og:description\" content=\"]]&gt; El Almanaque de la M\u00fasica: KARAOKE NECESITAS EL PROGRAMA\u00a0 : Vanbasco&#8217;s Karaoke Player\u00a0 636 kb freePara escuchar los archivos , haz clic en el&hellip;\" \/>\n<meta property=\"og:url\" content=\"https:\/\/www.elalmanaque.com\/wp\/internet\/sin-categoria\/el-almanaque-de-la-musica-karaoke-musica-pop\/\" \/>\n<meta property=\"og:site_name\" content=\"El Almanaque\" \/>\n<meta property=\"article:published_time\" content=\"2012-10-04T16:44:40+00:00\" \/>\n<meta property=\"article:modified_time\" content=\"2012-10-04T16:44:57+00:00\" \/>\n<meta property=\"og:image\" content=\"http:\/\/ad.zanox.com\/ppv\/?1193786C466450993\" \/>\n<meta name=\"author\" content=\"Redactor\" \/>\n<meta name=\"twitter:card\" content=\"summary_large_image\" \/>\n<meta name=\"twitter:label1\" content=\"Escrito por\" \/>\n\t<meta name=\"twitter:data1\" content=\"Redactor\" \/>\n\t<meta name=\"twitter:label2\" content=\"Tiempo de lectura\" \/>\n\t<meta name=\"twitter:data2\" content=\"1 minuto\" \/>\n<script type=\"application\/ld+json\" class=\"yoast-schema-graph\">{\"@context\":\"https:\/\/schema.org\",\"@graph\":[{\"@type\":\"Article\",\"@id\":\"https:\/\/www.elalmanaque.com\/wp\/internet\/sin-categoria\/el-almanaque-de-la-musica-karaoke-musica-pop\/#article\",\"isPartOf\":{\"@id\":\"https:\/\/www.elalmanaque.com\/wp\/internet\/sin-categoria\/el-almanaque-de-la-musica-karaoke-musica-pop\/\"},\"author\":{\"name\":\"Redactor\",\"@id\":\"https:\/\/www.elalmanaque.com\/wp\/#\/schema\/person\/61ab31c67167988fe2679d590ca85afe\"},\"headline\":\"El Almanaque de la M\u00fasica: Karaoke M\u00daSICA POP\",\"datePublished\":\"2012-10-04T16:44:40+00:00\",\"dateModified\":\"2012-10-04T16:44:57+00:00\",\"mainEntityOfPage\":{\"@id\":\"https:\/\/www.elalmanaque.com\/wp\/internet\/sin-categoria\/el-almanaque-de-la-musica-karaoke-musica-pop\/\"},\"wordCount\":191,\"commentCount\":1,\"publisher\":{\"@id\":\"https:\/\/www.elalmanaque.com\/wp\/#organization\"},\"image\":{\"@id\":\"https:\/\/www.elalmanaque.com\/wp\/internet\/sin-categoria\/el-almanaque-de-la-musica-karaoke-musica-pop\/#primaryimage\"},\"thumbnailUrl\":\"http:\/\/ad.zanox.com\/ppv\/?1193786C466450993\",\"inLanguage\":\"es\"},{\"@type\":\"WebPage\",\"@id\":\"https:\/\/www.elalmanaque.com\/wp\/internet\/sin-categoria\/el-almanaque-de-la-musica-karaoke-musica-pop\/\",\"url\":\"https:\/\/www.elalmanaque.com\/wp\/internet\/sin-categoria\/el-almanaque-de-la-musica-karaoke-musica-pop\/\",\"name\":\"El Almanaque de la M\u00fasica: Karaoke M\u00daSICA POP - El Almanaque\",\"isPartOf\":{\"@id\":\"https:\/\/www.elalmanaque.com\/wp\/#website\"},\"primaryImageOfPage\":{\"@id\":\"https:\/\/www.elalmanaque.com\/wp\/internet\/sin-categoria\/el-almanaque-de-la-musica-karaoke-musica-pop\/#primaryimage\"},\"image\":{\"@id\":\"https:\/\/www.elalmanaque.com\/wp\/internet\/sin-categoria\/el-almanaque-de-la-musica-karaoke-musica-pop\/#primaryimage\"},\"thumbnailUrl\":\"http:\/\/ad.zanox.com\/ppv\/?1193786C466450993\",\"datePublished\":\"2012-10-04T16:44:40+00:00\",\"dateModified\":\"2012-10-04T16:44:57+00:00\",\"breadcrumb\":{\"@id\":\"https:\/\/www.elalmanaque.com\/wp\/internet\/sin-categoria\/el-almanaque-de-la-musica-karaoke-musica-pop\/#breadcrumb\"},\"inLanguage\":\"es\",\"potentialAction\":[{\"@type\":\"ReadAction\",\"target\":[\"https:\/\/www.elalmanaque.com\/wp\/internet\/sin-categoria\/el-almanaque-de-la-musica-karaoke-musica-pop\/\"]}]},{\"@type\":\"ImageObject\",\"inLanguage\":\"es\",\"@id\":\"https:\/\/www.elalmanaque.com\/wp\/internet\/sin-categoria\/el-almanaque-de-la-musica-karaoke-musica-pop\/#primaryimage\",\"url\":\"http:\/\/ad.zanox.com\/ppv\/?1193786C466450993\",\"contentUrl\":\"http:\/\/ad.zanox.com\/ppv\/?1193786C466450993\"},{\"@type\":\"BreadcrumbList\",\"@id\":\"https:\/\/www.elalmanaque.com\/wp\/internet\/sin-categoria\/el-almanaque-de-la-musica-karaoke-musica-pop\/#breadcrumb\",\"itemListElement\":[{\"@type\":\"ListItem\",\"position\":1,\"name\":\"Portada\",\"item\":\"https:\/\/www.elalmanaque.com\/wp\/\"},{\"@type\":\"ListItem\",\"position\":2,\"name\":\"El Almanaque de la M\u00fasica: Karaoke M\u00daSICA POP\"}]},{\"@type\":\"WebSite\",\"@id\":\"https:\/\/www.elalmanaque.com\/wp\/#website\",\"url\":\"https:\/\/www.elalmanaque.com\/wp\/\",\"name\":\"El Almanaque\",\"description\":\"Revista de Cultura y Ocio\",\"publisher\":{\"@id\":\"https:\/\/www.elalmanaque.com\/wp\/#organization\"},\"potentialAction\":[{\"@type\":\"SearchAction\",\"target\":{\"@type\":\"EntryPoint\",\"urlTemplate\":\"https:\/\/www.elalmanaque.com\/wp\/?s={search_term_string}\"},\"query-input\":{\"@type\":\"PropertyValueSpecification\",\"valueRequired\":true,\"valueName\":\"search_term_string\"}}],\"inLanguage\":\"es\"},{\"@type\":\"Organization\",\"@id\":\"https:\/\/www.elalmanaque.com\/wp\/#organization\",\"name\":\"El Almanaque\",\"url\":\"https:\/\/www.elalmanaque.com\/wp\/\",\"logo\":{\"@type\":\"ImageObject\",\"inLanguage\":\"es\",\"@id\":\"https:\/\/www.elalmanaque.com\/wp\/#\/schema\/logo\/image\/\",\"url\":\"https:\/\/www.elalmanaque.com\/wp\/wp-content\/uploads\/2020\/03\/cropped-elalmanaque.jpg\",\"contentUrl\":\"https:\/\/www.elalmanaque.com\/wp\/wp-content\/uploads\/2020\/03\/cropped-elalmanaque.jpg\",\"width\":900,\"height\":164,\"caption\":\"El Almanaque\"},\"image\":{\"@id\":\"https:\/\/www.elalmanaque.com\/wp\/#\/schema\/logo\/image\/\"}},{\"@type\":\"Person\",\"@id\":\"https:\/\/www.elalmanaque.com\/wp\/#\/schema\/person\/61ab31c67167988fe2679d590ca85afe\",\"name\":\"Redactor\",\"image\":{\"@type\":\"ImageObject\",\"inLanguage\":\"es\",\"@id\":\"https:\/\/www.elalmanaque.com\/wp\/#\/schema\/person\/image\/\",\"url\":\"https:\/\/secure.gravatar.com\/avatar\/a1cd6ad4f449e45fea5ebd57548cb588?s=96&d=mm&r=g\",\"contentUrl\":\"https:\/\/secure.gravatar.com\/avatar\/a1cd6ad4f449e45fea5ebd57548cb588?s=96&d=mm&r=g\",\"caption\":\"Redactor\"},\"url\":\"https:\/\/www.elalmanaque.com\/wp\/author\/useralmanaque\/\"}]}<\/script>\n<!-- \/ Yoast SEO plugin. -->","yoast_head_json":{"title":"El Almanaque de la M\u00fasica: Karaoke M\u00daSICA POP - El Almanaque","robots":{"index":"index","follow":"follow","max-snippet":"max-snippet:-1","max-image-preview":"max-image-preview:large","max-video-preview":"max-video-preview:-1"},"canonical":"https:\/\/www.elalmanaque.com\/wp\/internet\/sin-categoria\/el-almanaque-de-la-musica-karaoke-musica-pop\/","og_locale":"es_ES","og_type":"article","og_title":"El Almanaque de la M\u00fasica: Karaoke M\u00daSICA POP - El Almanaque","og_description":"]]&gt; El Almanaque de la M\u00fasica: KARAOKE NECESITAS EL PROGRAMA\u00a0 : Vanbasco&#8217;s Karaoke Player\u00a0 636 kb freePara escuchar los archivos , haz clic en el&hellip;","og_url":"https:\/\/www.elalmanaque.com\/wp\/internet\/sin-categoria\/el-almanaque-de-la-musica-karaoke-musica-pop\/","og_site_name":"El Almanaque","article_published_time":"2012-10-04T16:44:40+00:00","article_modified_time":"2012-10-04T16:44:57+00:00","og_image":[{"url":"http:\/\/ad.zanox.com\/ppv\/?1193786C466450993","type":"","width":"","height":""}],"author":"Redactor","twitter_card":"summary_large_image","twitter_misc":{"Escrito por":"Redactor","Tiempo de lectura":"1 minuto"},"schema":{"@context":"https:\/\/schema.org","@graph":[{"@type":"Article","@id":"https:\/\/www.elalmanaque.com\/wp\/internet\/sin-categoria\/el-almanaque-de-la-musica-karaoke-musica-pop\/#article","isPartOf":{"@id":"https:\/\/www.elalmanaque.com\/wp\/internet\/sin-categoria\/el-almanaque-de-la-musica-karaoke-musica-pop\/"},"author":{"name":"Redactor","@id":"https:\/\/www.elalmanaque.com\/wp\/#\/schema\/person\/61ab31c67167988fe2679d590ca85afe"},"headline":"El Almanaque de la M\u00fasica: Karaoke M\u00daSICA POP","datePublished":"2012-10-04T16:44:40+00:00","dateModified":"2012-10-04T16:44:57+00:00","mainEntityOfPage":{"@id":"https:\/\/www.elalmanaque.com\/wp\/internet\/sin-categoria\/el-almanaque-de-la-musica-karaoke-musica-pop\/"},"wordCount":191,"commentCount":1,"publisher":{"@id":"https:\/\/www.elalmanaque.com\/wp\/#organization"},"image":{"@id":"https:\/\/www.elalmanaque.com\/wp\/internet\/sin-categoria\/el-almanaque-de-la-musica-karaoke-musica-pop\/#primaryimage"},"thumbnailUrl":"http:\/\/ad.zanox.com\/ppv\/?1193786C466450993","inLanguage":"es"},{"@type":"WebPage","@id":"https:\/\/www.elalmanaque.com\/wp\/internet\/sin-categoria\/el-almanaque-de-la-musica-karaoke-musica-pop\/","url":"https:\/\/www.elalmanaque.com\/wp\/internet\/sin-categoria\/el-almanaque-de-la-musica-karaoke-musica-pop\/","name":"El Almanaque de la M\u00fasica: Karaoke M\u00daSICA POP - El Almanaque","isPartOf":{"@id":"https:\/\/www.elalmanaque.com\/wp\/#website"},"primaryImageOfPage":{"@id":"https:\/\/www.elalmanaque.com\/wp\/internet\/sin-categoria\/el-almanaque-de-la-musica-karaoke-musica-pop\/#primaryimage"},"image":{"@id":"https:\/\/www.elalmanaque.com\/wp\/internet\/sin-categoria\/el-almanaque-de-la-musica-karaoke-musica-pop\/#primaryimage"},"thumbnailUrl":"http:\/\/ad.zanox.com\/ppv\/?1193786C466450993","datePublished":"2012-10-04T16:44:40+00:00","dateModified":"2012-10-04T16:44:57+00:00","breadcrumb":{"@id":"https:\/\/www.elalmanaque.com\/wp\/internet\/sin-categoria\/el-almanaque-de-la-musica-karaoke-musica-pop\/#breadcrumb"},"inLanguage":"es","potentialAction":[{"@type":"ReadAction","target":["https:\/\/www.elalmanaque.com\/wp\/internet\/sin-categoria\/el-almanaque-de-la-musica-karaoke-musica-pop\/"]}]},{"@type":"ImageObject","inLanguage":"es","@id":"https:\/\/www.elalmanaque.com\/wp\/internet\/sin-categoria\/el-almanaque-de-la-musica-karaoke-musica-pop\/#primaryimage","url":"http:\/\/ad.zanox.com\/ppv\/?1193786C466450993","contentUrl":"http:\/\/ad.zanox.com\/ppv\/?1193786C466450993"},{"@type":"BreadcrumbList","@id":"https:\/\/www.elalmanaque.com\/wp\/internet\/sin-categoria\/el-almanaque-de-la-musica-karaoke-musica-pop\/#breadcrumb","itemListElement":[{"@type":"ListItem","position":1,"name":"Portada","item":"https:\/\/www.elalmanaque.com\/wp\/"},{"@type":"ListItem","position":2,"name":"El Almanaque de la M\u00fasica: Karaoke M\u00daSICA POP"}]},{"@type":"WebSite","@id":"https:\/\/www.elalmanaque.com\/wp\/#website","url":"https:\/\/www.elalmanaque.com\/wp\/","name":"El Almanaque","description":"Revista de Cultura y Ocio","publisher":{"@id":"https:\/\/www.elalmanaque.com\/wp\/#organization"},"potentialAction":[{"@type":"SearchAction","target":{"@type":"EntryPoint","urlTemplate":"https:\/\/www.elalmanaque.com\/wp\/?s={search_term_string}"},"query-input":{"@type":"PropertyValueSpecification","valueRequired":true,"valueName":"search_term_string"}}],"inLanguage":"es"},{"@type":"Organization","@id":"https:\/\/www.elalmanaque.com\/wp\/#organization","name":"El Almanaque","url":"https:\/\/www.elalmanaque.com\/wp\/","logo":{"@type":"ImageObject","inLanguage":"es","@id":"https:\/\/www.elalmanaque.com\/wp\/#\/schema\/logo\/image\/","url":"https:\/\/www.elalmanaque.com\/wp\/wp-content\/uploads\/2020\/03\/cropped-elalmanaque.jpg","contentUrl":"https:\/\/www.elalmanaque.com\/wp\/wp-content\/uploads\/2020\/03\/cropped-elalmanaque.jpg","width":900,"height":164,"caption":"El Almanaque"},"image":{"@id":"https:\/\/www.elalmanaque.com\/wp\/#\/schema\/logo\/image\/"}},{"@type":"Person","@id":"https:\/\/www.elalmanaque.com\/wp\/#\/schema\/person\/61ab31c67167988fe2679d590ca85afe","name":"Redactor","image":{"@type":"ImageObject","inLanguage":"es","@id":"https:\/\/www.elalmanaque.com\/wp\/#\/schema\/person\/image\/","url":"https:\/\/secure.gravatar.com\/avatar\/a1cd6ad4f449e45fea5ebd57548cb588?s=96&d=mm&r=g","contentUrl":"https:\/\/secure.gravatar.com\/avatar\/a1cd6ad4f449e45fea5ebd57548cb588?s=96&d=mm&r=g","caption":"Redactor"},"url":"https:\/\/www.elalmanaque.com\/wp\/author\/useralmanaque\/"}]}},"_links":{"self":[{"href":"https:\/\/www.elalmanaque.com\/wp\/wp-json\/wp\/v2\/posts\/8889","targetHints":{"allow":["GET"]}}],"collection":[{"href":"https:\/\/www.elalmanaque.com\/wp\/wp-json\/wp\/v2\/posts"}],"about":[{"href":"https:\/\/www.elalmanaque.com\/wp\/wp-json\/wp\/v2\/types\/post"}],"author":[{"embeddable":true,"href":"https:\/\/www.elalmanaque.com\/wp\/wp-json\/wp\/v2\/users\/1"}],"replies":[{"embeddable":true,"href":"https:\/\/www.elalmanaque.com\/wp\/wp-json\/wp\/v2\/comments?post=8889"}],"version-history":[{"count":0,"href":"https:\/\/www.elalmanaque.com\/wp\/wp-json\/wp\/v2\/posts\/8889\/revisions"}],"wp:attachment":[{"href":"https:\/\/www.elalmanaque.com\/wp\/wp-json\/wp\/v2\/media?parent=8889"}],"wp:term":[{"taxonomy":"category","embeddable":true,"href":"https:\/\/www.elalmanaque.com\/wp\/wp-json\/wp\/v2\/categories?post=8889"},{"taxonomy":"post_tag","embeddable":true,"href":"https:\/\/www.elalmanaque.com\/wp\/wp-json\/wp\/v2\/tags?post=8889"}],"curies":[{"name":"wp","href":"https:\/\/api.w.org\/{rel}","templated":true}]}}