{"id":5792,"date":"2012-10-03T10:41:23","date_gmt":"2012-10-03T10:41:23","guid":{"rendered":"http:\/\/www.elalmanaque.com\/wp\/sin-categoria\/periodismo-historia-y-estudios-2\/"},"modified":"2012-10-03T11:41:45","modified_gmt":"2012-10-03T10:41:45","slug":"periodismo-historia-y-estudios-2","status":"publish","type":"post","link":"https:\/\/www.elalmanaque.com\/wp\/libros\/periodismo-historia-y-estudios-2\/","title":{"rendered":"Periodismo. Historia y Estudios"},"content":{"rendered":"\n<p>]]>         EL ALMANAQUE           &amp; LA CASA DEL LIBRO                     <a href=\"http:\/\/www.elalmanaque.com\/wp\/libros\/indice-de-libros-novedades-especiales-monograficos-los-mas-vendidos-enciclopedias-2\/\">Indice  de Libros recomendados<\/a>  &#8211; <a href=\"http:\/\/www.elalmanaque.com\/wp\/libros\/novedades-literatura\/\">Novedades  &#8211;<\/a> <a href=\"http:\/\/www.elalmanaque.com\/wp\/libros\/el-almanaque-la-casa-del-libro-los-libros-mas-vendidos-2\/\">Los  + vendidos &#8211; <\/a><a href=\"http:\/\/www.elalmanaque.com\/wp\/libros\/juan-antonio-cebrian\/\">Autores<\/a>                     <\/p>\n<blockquote>\n<p>LIBROS         SOBRE PERIODISMO\u00a0 <a href=\"http:\/\/www.elalmanaque.com\/wp\/libros\/periodismo-historia-y-estudios\/\">1<\/a> &#8211; <a href=\"http:\/\/www.elalmanaque.com\/wp\/libros\/periodismo-historia-y-estudios-2\/\">2<\/a>         &#8211; <a href=\"http:\/\/www.elalmanaque.com\/wp\/libros\/ciencias-de-la-informacion-comunicacion-social\/\">3<\/a> &#8211; <a href=\"http:\/\/www.elalmanaque.com\/wp\/libros\/periodismo-radio\/\">4<\/a> &#8211; <a href=\"http:\/\/www.elalmanaque.com\/wp\/libros\/periodismo-television\/\">5<\/a><\/p>\n<p><strong>Periodismo. Historia y Estudios<\/strong><\/p>\n<p>\u00a0<\/p>\n<p>                    <a href=\"http:\/\/www.casadellibro.com\/homeAfiliado?ca=307&amp;isbn=8408060082\"><img decoding=\"async\" alt=\"LIBROS - BIENVENIDOS A LA LINTERNA: LA HISTORIA NOS ILUMINA LA ACTUALIDAD\" src=\"periodismo\/8408060082.jpg\"\/><\/a>               <b>BIENVENIDOS A LA LINTERNA: LA HISTORIA NOS ILUMINA LA ACTUALIDAD<\/b>                 de VIDAL, CESAR                 EDITORIAL PLANETA, S.A.  2005                 17.50\u0080\u00a0                 <\/p>\n<p><strong>C\u00e9sar Vidal<\/strong>, que viene de copar el n\u00famero                 uno de las listas de ventas con su reciente Los masones,                 publicado tambi\u00e9n en Editorial Planeta, nos ofrece ahora una                 recopilaci\u00f3n de sus mejores editoriales del programa La                 Linterna, que presenta cada noche en la cadena COPE. En cada una                 de esas peque\u00f1as editoriales, mon\u00f3logos con los que abre cada                 noche La Linterna, Vidal une el presente con la Antig\u00fcedad y                 bucea en la historia para encontrar ejemplos que iluminen y                 ayuden a comprender el presente. Se trata de la secci\u00f3n m\u00e1s                 personal y original del programa, en la que C\u00e9sar Vidal se                 demuestra como un gran divulgador del pasado y un sagaz analista                 de la actualidad.                 <\/p>\n<p>                                                                       <a href=\"http:\/\/www.casadellibro.com\/homeAfiliado?ca=307&amp;isbn=8403095570\"><img decoding=\"async\" alt=\"LIBROS - TESTIGO DE LA HISTORIA\" src=\"periodismo\/8403095570.jpg\"\/><\/a>               <b>TESTIGO DE LA HISTORIA<\/b>                 de GABILONDO, I\u00d1AKI                 AGUILAR, S.A. DE EDICIONES-GRUPO SANTILLANA  2005                 28.00\u0080\u00a0                 <\/p>\n<p><strong>\u00a0*Con la compra de este libro le regalamos                 el libro La Generaci\u00f3n del 98 de Pedro La\u00edn<\/strong><\/p>\n<p><strong>EntralgoI\u00f1aki Gabilondo<\/strong>, uno de los mejores                 comunicadores y con mayor credibilidad del panorama medi\u00e1tico                 actual, recoge en este libro entrevistas realizadas tanto en                 radio como en televisi\u00f3n a algunos de los personajes que han                 protagonizado episodios relevantes de la historia reciente.                 *Promoci\u00f3n v\u00e1lida hasta fin de existencias<\/p>\n<p>                                                                       <a href=\"http:\/\/www.casadellibro.com\/homeAfiliado?ca=307&amp;isbn=8497343298\"><img decoding=\"async\" alt=\"LIBROS - MIS 100 MEJORES CARTAS DEL DIRECTOR: 25 A\u00d1OS DE LA VIDA DE ESPA\u00d1A (1980-2005)\" src=\"periodismo\/8497343298.jpg\"\/><\/a>               <b>MIS 100 MEJORES CARTAS DEL DIRECTOR: 25 A\u00d1OS DE LA VIDA DE ESPA\u00d1A<\/b> (1980-2005)                 de RAMIREZ, PEDRO J.                 LA ESFERA DE LOS LIBROS, S.L.  2005                 25.00\u0080\u00a0                 <\/p>\n<p>Cada domingo, durante el \u00faltimo cuarto de siglo, la Carta                 del Director de Pedro J. Ram\u00edrez ha marcado la agenda de la                 vida p\u00fablica espa\u00f1ola. Primero en Diario 16 y despu\u00e9s, desde                 su nacimiento, en El Mundo, estos art\u00edculos han sido la                 referencia obligada de pol\u00edticos, periodistas, empresarios e                 intelectuales en general. Combinando la buena literatura con el                 mejor periodismo de an\u00e1lisis e investigaci\u00f3n, el autor ha                 logrado crear un estilo propio y una fuerte adicci\u00f3n en los                 lectores.                 Tan ponderado en las formas como radical en la denuncia de las                 conductas intolerables, el fundador de El Mundo se ha convertido                 en la principal fuente de autoridad de nuestro sistema medi\u00e1tico.                 Coincidiendo con sus primeros veinticinco a\u00f1os como director de                 peri\u00f3dicos -marca sin precedentes en la prensa nacional                 contempor\u00e1nea-, el propio Pedro J. Ram\u00edrez ha seleccionado                 esta antolog\u00eda de sus cien mejores cartas, a modo de                 apasionante y apasionado repaso de nuestra Historia m\u00e1s actual,                 desde las v\u00edsperas del 23-F hasta las secuelas de un 11-M todav\u00eda                 plagado de enigmas.<\/p>\n<p>                                                                       <a href=\"http:\/\/www.casadellibro.com\/homeAfiliado?ca=307&amp;isbn=849734281X\"><img decoding=\"async\" alt=\"LIBROS - LOS TEMERARIOS\" src=\"periodismo\/849734281X.jpg\"\/><\/a>               <b>LOS TEMERARIOS<\/b>                 de DAVILA, CARLOS                 LA ESFERA DE LOS LIBROS, S.L.  2005                 27.06-USD 22.00\u0080\u00a0                 <\/p>\n<p>Como dice el propio Carlos D\u00e1vila, este libro \u00abes una                 temeridad de autor\u00bb. En sus p\u00e1ginas, el periodista ha vertido                 completamente su larga experiencia en los medios                 \u0096\u00bbABC\u00bb, \u00abDiario 16\u00bb, COPE, RNE, TVE, Canal                 9, Antena 3\u0085\u0096 para dar a conocer su apasionante profesi\u00f3n a                 propios y extra\u00f1os, e incluso para que sirva de manual a los j\u00f3venes                 que se est\u00e9n iniciando en este mundo y quieran saber de verdad                 qu\u00e9 hay en \u00e9l. Y lo ha hecho con total sinceridad, sin tapujos                 y sin complejos.                 Sin embargo, su intenci\u00f3n al escribirlo no ha sido la de un                 pedagogo, sino la de un cronista de la realidad. En tono                 festivo, que no talante, desgrana una amplia colecci\u00f3n de an\u00e9cdotas,                 historias y experiencias, interesantes y divertidas, tanto para                 la gente del mundillo como la de fuera. As\u00ed, nos cuenta c\u00f3mo                 funcionan las redacciones; qu\u00e9 suele ocurrir en las tertulias y                 en las pe\u00f1as; c\u00f3mo trabajan los columnistas y los                 editorialistas; qu\u00e9 hacer para ser enviado especial; c\u00f3mo se                 convive con los directores (con los tontos de remate y con los                 geniales) y los pol\u00edticos; c\u00f3mo hay que enfrentarse a las                 entrevistas; qu\u00e9 periodistas ganan premios o escriben libros\u0085                 Consejos y sugerencias, en fin, para la supervivencia en toda                 clase de situaciones y entre un p\u00fablico que juzga sencillo el                 trabajo period\u00edstico. Porque \u00e9ste es un oficio lleno de                 trucos, argucias e ingenio, en el que los temerarios, aquellos                 que son osados, atrevidos y un tanto imprudentes, se mover\u00e1n a                 sus anchas.<\/p>\n<p>                                                                       <a href=\"http:\/\/www.casadellibro.com\/homeAfiliado?ca=307&amp;isbn=8427031386\"><img decoding=\"async\" alt=\"LIBROS - \u00bfMATO TONY KING A ROCIO WANNINKHOF?: UNA INVESTIGACION PERIODISTI CA SOBRE LA FALSA CULPABLE Y EL PRESUNTO ASESINO EN SERIE\" src=\"periodismo\/8427031386.jpg\"\/><\/a>               <b>\u00bfMATO TONY KING A ROCIO WANNINKHOF?: UNA INVESTIGACION PERIODISTICA SOBRE LA FALSA CULPABLE Y EL PRESUNTO ASESINO EN SERIE<\/b>                 de PEREZ ABELLAN, FRANCISCO                 EDICIONES MARTINEZ ROCA, S.A.  2005                 22.14-USD 18.00\u0080\u00a0                 <\/p>\n<p>La investigaci\u00f3n de la muerte de Roc\u00edo Wanninkhof es una de                 las m\u00e1s misteriosas y complicadas de los \u00faltimos a\u00f1os. En un                 primer momento, la presunta autora del crimen era Dolores V\u00e1zquez,                 pero la aparici\u00f3n de Tony King dio un giro al caso y ella fue                 puesta en libertad. Adem\u00e1s, ahora sabemos que King estuvo en el                 lugar donde hirieron mortalmente a Roc\u00edo y donde abandonaron el                 cuerpo de Sonia Carabante.                 Una investigaci\u00f3n que se adentra en los sospechosos cambios de                 testimono de los inculpados, cuestiona cada prueba y la somete a                 un riguroso an\u00e1lisis que nos acerca a todos los interrogantes                 que no se terminan de aclarar.<\/p>\n<p>                                                                       <a href=\"http:\/\/www.casadellibro.com\/homeAfiliado?ca=307&amp;isbn=8496088286\"><img decoding=\"async\" alt=\"LIBROS - LOS NUEVOS CLERIGOS\" src=\"periodismo\/8496088286.jpg\"\/><\/a>               <b>LOS NUEVOS CLERIGOS<\/b>                 de DIEGO, ENRIQUE DE                 LIBROSLIBRES  2004                 14.96\u0080\u00a0                 <\/p>\n<p>El pensamiento dominante est\u00e1 cada vez m\u00e1s clericalizado.                 El esp\u00edritu cr\u00edtico es subvertido y atenazado por una mara\u00f1a                 de t\u00f3picos, prejuicios y manipulaciones sem\u00e1nticas. Por                 primera vez, con lucidez intelectual, se desvelan los canales                 por los que se establecen y se imponen las ortodoxias en nuestra                 sociedad democr\u00e1tica. Por primera vez se desentra\u00f1an los                 intereses que se ocultan tras los pretendidos l\u00edderes morales                 de la sociedad. Coyunda f\u00e9rrea de docentes estatales, artistas                 cazadores de rentas y periodistas mediatizados. Los nuevos cl\u00e9rigos,                 lejos de servir a la sociedad de la que viven, han elaborado una                 ideolog\u00eda sustitutoria de los totalitarismos para parasitar,                 como nuevas \u00f3rdenes mendicantes, de los presupuestos p\u00fablicos,                 dictando modas y anatemas laicos. El presente libro denuncia el                 intento de demoler desde dentro la civilizaci\u00f3n occidental.                 Alegato \u0096desde el compromiso con la sociedad abierta\u0096 contra                 lo pol\u00edticamente correcto y las falacias del autodenominado                 progresismo.<\/p>\n<p>                                                                       <a href=\"http:\/\/www.casadellibro.com\/homeAfiliado?ca=307&amp;isbn=8466313338\"><img decoding=\"async\" alt=\"LIBROS - ME ENCANTA QUE ME HAGAS ESTA PREGUNTA\" src=\"periodismo\/8466313338.jpg\"\/><\/a>               <b>ME ENCANTA QUE ME HAGAS ESTA PREGUNTA<\/b>                 de SARDA, XAVIER                 SUMA DE LETRAS, S.L.  2004                 5.95\u0080\u00a0                 <\/p>\n<p>Este libro es                 inusual por varias razones. En primer lugar porque es una                 entrevista extensa, en profundidad, a Xavier Sard\u00e0, director y                 presentador del programa <i>Cr\u00f3nicas Marcianas<\/i>, un                 personaje que se deja entrevistar en muy pocas ocasiones. La                 segunda raz\u00f3n por la que este libro no es normal es que han                 sido los espectadores de <i>Cr\u00f3nicas Marcianas<\/i> los que han                 elaborado este profuso cuestionario para Sard\u00e0. Y no se han                 cortado un pelo a la hora de preguntar: <i>\u00bfSe vuelve uno                 gilipollas con el \u00e9xito? \u00bfCree en Dios? \u00bfEs Cr\u00f3nicas                 telebasura? \u00bfTiene amigos del Partido Popular? \u00bfSe ha tirado a                 Roc\u00edo Madrid?<\/i> Por supuesto, ante preguntas desinhibidas,                 respuestas igualmente descaradas. Todo lo que siempre quisimos                 saber de Xavier Sard\u00e0 y \u00e9l no hab\u00eda contado hasta ahora.<\/p>\n<p>                                                                       <a href=\"http:\/\/www.casadellibro.com\/homeAfiliado?ca=307&amp;isbn=8493376957\"><img decoding=\"async\" alt=\"LIBROS - YO PAPARAZZI\" src=\"periodismo\/8493376957.jpg\"\/><\/a>               <b>YO PAPARAZZI<\/b>                 de BAYON, ENRIC                 ARCOPRESS  2005                 12.00\u0080\u00a0                 <\/p>\n<p>\u00bfC\u00f3mo se conocieron Isabel Sartorius y el pr\u00edncipe Felipe?                 \u00bfQui\u00e9n descubri\u00f3 a Eva Sannum? \u00bfEn qu\u00e9 condiciones se                 hicieron las fotos de Isabel Pantoja y Mar\u00eda del Monte? \u00bfQui\u00e9n                 hizo las fotos de la luna de miel de la infanta Elena? \u00bfCu\u00e1nto                 pagaron por las primeras fotos Isabel Preysler en bikini? \u00bfPor                 qu\u00e9 hay mu- chas fotos que nunca llegan a ver la luz? \u00bfC\u00f3mo                 ha evolucionado la prensa del coraz\u00f3n en Espa\u00f1a? Disfraces,                 enga\u00f1os, espionaje, tecnolog\u00edas, este libro recoge las m\u00e1s                 variopintas an\u00e9cdotas sobre paparazzis contados por ellos                 mismos, de una forma que nunca en Espa\u00f1a se hab\u00eda reunido                 antes. De la mano de Antonio Montero y Gustavo Gonz\u00e1lez (D\u00f3nde                 est\u00e1s coraz\u00f3n), Diego Arrabal, Lydia Lozano (A tu lado) y                 otros contrastados periodistas que han trabajado en el campo de                 la investigaci\u00f3n rosa podr\u00e1n degustar haza\u00f1as divertidas,                 escandalosas y arriesgadas de un sector de la prensa que hoy en                 d\u00eda cotiza en alza y se lleva el mayor porcentaje de cuota de                 pantalla en televisi\u00f3n y medios escritos.<\/p>\n<p>                                                                       <a href=\"http:\/\/www.casadellibro.com\/homeAfiliado?ca=307&amp;isbn=8478713301\"><img decoding=\"async\" alt=\"LIBROS - PROHIBIT ALS PARES\" src=\"periodismo\/8478713301.jpg\"\/><\/a>               <b>PROHIBIT ALS PARES<\/b>                 de LOBATO, JOSEP                 RBA LIBROS, S.A.  2005                 10.00\u0080\u00a0                 <\/p>\n<p><em>Prohibit als pares<\/em> \u00e9s m\u00e9s que un programa de r\u00e0dio.                 Segons el seu creador, Josep Lobat\u00f3, \u00e9s un xou radiof\u00f2nic de                 col\u00b7legues, on participen la Venus, l&#8217;Uri, l&#8217;audi\u00e8ncia i ell                 mateix. Ah! I les truges: la Wendy, la Hip Hopera, la Taida i la                 gran Truja Mare.                 Cada nit, a m\u00e9s de l&#8217;aroma de les porquetes, la r\u00e0dio s&#8217;omple                 de bon rotllo, d&#8217;hist\u00f2ries pintoresques, d&#8217;amor, d&#8217;odi i                 sobretot&#8230;DE SEXE! Follar, xuscar, cardar&#8230;Mai s&#8217;havien sentit                 tants sin\u00f2nims d&#8217;una mateixa paraula. I \u00e9s que a PAP milers de                 joves d&#8217;arreu de Catalunya conflueixen en un punt de trobada per                 comportar-se com realment s\u00f3n, parlar com parlen habitualment i                 dir el que realment pensen.                 En aquest llibre, trobareu un recull de les millors consultes,                 preguntes i hist\u00f2ries sobre sexe dels oients del programa amb                 respostes i consells assenyats i clars perqu\u00e8 ning\u00fa caigui en                 idees err\u00f2nies.<\/p>\n<p>                                                                       <a href=\"http:\/\/www.casadellibro.com\/homeAfiliado?ca=307&amp;isbn=8497343395\"><img decoding=\"async\" alt=\"LIBROS - BUENOS DIAS, TENGO UNA EXCLUSIVA: HE SIDO ASESINADO\" src=\"periodismo\/8497343395.jpg\"\/><\/a>               <b>BUENOS                 DIAS, TENGO UNA EXCLUSIVA: HE SIDO ASESINADO<\/b>                 de ALVAREZ, RAFAEL JOSE y SIMON, PEDRO                 LA ESFERA DE LOS LIBROS, S.L.  2005                 16.00\u0080\u00a0                 <\/p>\n<p><strong>Pr\u00f3logo del Gran Wyoming<\/strong><\/p>\n<p>Un hombre que llama varias veces a la redacci\u00f3n del peri\u00f3dico                 para contar que ha sido asesinado; una mujer que asegura que el                 ex presidente Aznar pertenece a una secta que se manifiesta a                 trav\u00e9s de ondas sonoras; un perro, bautizado Einstein -\u00a1c\u00f3mo                 no!-, que sabe multiplicar; una monja que lleva veinte a\u00f1os                 golpeando la puerta de su convento sin que le abran; una                 funcionaria que es hipnotizada por las tardes para convertirla                 en prostituta; una jubilada que dice haber visto a Camilla                 Parker en Benidorm preparando el asesinato de Lady Di o un                 Jesucristo \u00abreencarnado y reconocido por el Vaticano\u00bb que                 exige su derecho a sueldo fijo.                 Asuntos tan delirantes como \u00e9stos, que los distintos medios de                 comunicaci\u00f3n no pueden difundir por su falta de credibilidad,                 alimentan las calderas de este libro\u0085 \u00a1M\u00e1s madera! Es la                 guerra de las exclusivas.                 Los relatos de estas p\u00e1ginas no son \u00abel producto de la mente                 calenturienta de sus autores\u00bb, como afirma El Gran Wyoming en                 el pr\u00f3logo, sino de mentes maravillosas a las que un d\u00eda \u00abse                 les cruzan los cables o pegan la oreja a otra dimensi\u00f3n\u00bb, en                 opini\u00f3n de Jes\u00fas Quintero, autor del ep\u00edlogo. Historias que                 ocurrieron tal y como se cuentan, protagonizadas por personas                 que nunca tuvieron voz y que ahora han logrado su titular                 imposible.                 <\/p>\n<p>                                                                       <a href=\"http:\/\/www.casadellibro.com\/homeAfiliado?ca=307&amp;isbn=8436819470\"><img decoding=\"async\" alt=\"LIBROS - MARKETING DE PERIODICOS Y REVISTAS\" src=\"periodismo\/8436819470.jpg\"\/><\/a>               <b>MARKETING DE PERIODICOS Y REVISTAS<\/b>                 de MONTERO RODRIGUEZ, FERNANDO                 EDICIONES PIRAMIDE, S.A.  2005                 18.00\u0080\u00a0                                                                       <a href=\"http:\/\/www.casadellibro.com\/homeAfiliado?ca=307&amp;isbn=8497935292\"><img decoding=\"async\" alt=\"LIBROS - NINGUNA GUERRA SE PARECE A OTRA\" src=\"periodismo\/8497935292.jpg\"\/><\/a>               <b>NINGUNA GUERRA SE PARECE A OTRA<\/b>                 de SISTIAGA, JON                 NUEVAS EDICIONES DE BOLSILLO  2005                 8.50\u0080\u00a0                 <\/p>\n<p>Irak es una herida abierta. El autor, reportero de guerra,                 narra los pormenores del conflicto y la muerte de su compa\u00f1ero,                 el c\u00e1mara de Telecinco, Jos\u00e9 Couso.<\/p>\n<p>                                                                       <a href=\"http:\/\/www.casadellibro.com\/homeAfiliado?ca=307&amp;isbn=8403095317\"><img decoding=\"async\" alt=\"LIBROS - CONTRA BUSH\" src=\"periodismo\/8403095317.jpg\"\/><\/a>               <b>CONTRA BUSH<\/b>                 de FUENTES, CARLOS                 AGUILAR, S.A. DE EDICIONES-GRUPO SANTILLANA  2004                 15.00\u0080\u00a0                 <\/p>\n<p>En este siglo XXI, prolongaci\u00f3n nefasta del XX en lo que a                 violencia se refiere, asistimos a la imposici\u00f3n por parte de                 una sola potencia, Estados Unidos, de sus intereses a todo el                 mundo. Ante la humanidad se alza un enorme peligro, dado el mal                 uso que de su inmenso poder est\u00e1 haciendo George Bush, un                 presidente de dudosa legitimidad electoral y reducidas                 facultades intelectuales quien, rodeado adem\u00e1s de un c\u00edrculo                 de \u00abpetropoder\u00bb, no duda en desde\u00f1ar el orden                 internacional cuando \u00e9ste se opone a sus fines. Aunque resulte                 incre\u00edble, la presidencia de Bush es tan ciegamente provinciana                 pero tan globalmente perversa que parece capaz de anteponer sus                 intereses electorales a corto plazo a la racionalidad global a                 largo plazo. Hoy m\u00e1s que nunca, la pol\u00edtica exterior de los                 Estados Unidos se funda s\u00f3lo en sus intereses nacionales, y el                 Derecho Internacional corre riesgo de convertirse en una mera                 utop\u00eda.                 Esta obra re\u00fane las reflexiones de <strong>Carlos Fuentes<\/strong>                 sobre la crisis provocada por la Administraci\u00f3n de George W.                 Bush entre agosto de 2000 y julio de 2004. En sus p\u00e1ginasm, el                 autor aboga por la necesidad de restaurar un orden jur\u00eddico                 internacional, multilateral y digno de confianza, dedicado a                 resolver los conflictos pol\u00edticos mediante la negociaci\u00f3n                 diplom\u00e1tica, y los sociales mediante la solidaridad                 internacional.<\/p>\n<p>                                                                       <a href=\"http:\/\/www.casadellibro.com\/homeAfiliado?ca=307&amp;isbn=9871156006\"><img decoding=\"async\" alt=\"LIBROS - LA OCUPACION: INFORMACION Y GUERRA UN NUEVO TOTALITARISMO MUNDIAL\" src=\"periodismo\/9871156006.jpg\"\/><\/a>               <b>LA                 OCUPACION: INFORMACION Y GUERRA UN NUEVO TOTALITARISMO MUNDIAL<\/b>                 de TCHERKASKI, OSVALDO                 EDICIONES DEVA\u00b4S  2004                 10.52\u0080\u00a0                 <\/p>\n<p>As\u00ed como las guerras lanzadas por los EE.UU. en los                 inicios del nuevo milenio convirtieron al mundo entero en un                 lugar peligroso, las corporaciones de la industria de la                 informaci\u00f3n deshacen el trabajo period\u00edstico confin\u00e1ndolo en                 los campos de un nuevo sistema de opresi\u00f3n. Las coberturas de                 los ataques devastadores contra pa\u00edses indefensos como Afganist\u00e1n                 e Irak terminaron por exhibir que la actualidad est\u00e1 hecha de                 esa modificaci\u00f3n. Ocultar, manipular, banalizar los                 acontecimientos o trasformarlos en espect\u00e1culo, ya no es lo que                 era. La pantalla que ahonda la separaci\u00f3n entre los seres                 humanos y la experiencia del mundo real, tampoco es lo mismo. Lo                 que ha cambiado: la propiedad de los medios de informaci\u00f3n se                 concentra cada vez m\u00e1s en un n\u00famero reducido de                 megacorparaciones que se fusionan con conglomerados ajenos al                 universo informativo.<\/p>\n<p>                                                                       <a href=\"http:\/\/www.casadellibro.com\/homeAfiliado?ca=307&amp;isbn=8496231321\"><img decoding=\"async\" alt=\"LIBROS - MIS DILEMAS CON EL ISLAM: UNA MUJER A FAVOR DE LA TOLERANCIA Y LA HONESTIDAD\" src=\"periodismo\/8496231321.jpg\"\/><\/a>               <b>MIS DILEMAS CON EL ISLAM: UNA MUJER A FAVOR DE LA TOLERANCIA Y LA HONESTIDAD<\/b>                 de MANJI, IRSHAD                 MAEVA  2004                 16.00\u0080\u00a0                 <\/p>\n<p><strong>Irshad Manji<\/strong> no cree que su condicion de                 mujer emancipada y defensora de los derechos de los homosexuales                 deba hacerle renunciar a la de musulmana.Tampoco acepta                 facilmente que le digan como tiene que vestir,pensar o sentir.En                 esta emotiva y valiente carta abierta,la periodista canadiense                 de origen ugandes pone en entredicho muchas de las cuestiones                 que impiden al mundo musulman emanciparse y crecer en libertad.                 La autora trata de hacer compatible el islam con el mundo que                 nos rodea,rechazando las ideas preconcebidas y los prejuicios                 con una lectura mas abierta del Coran\u00a0<\/p>\n<p>                                                                                      <b><a href=\"http:\/\/www.casadellibro.com\/homeAfiliado?ca=307&amp;isbn=9568134336\">\u00bfQUIENES SON LOS TERRORISTAS?: TERRORISMO CIEGO, TERRORISMO DE ESTADO, TERRORISMO GLOBAL,                 KAMIKAZES, AL-QAEDA<\/a><\/b>                 de CHOMSKY, NOAM y RAMONET, IGNACIO y SEPULVEDA, LUIS                 AUN CREEMOS EN LOS SUE\u00d1OS  2004                 7.00\u0080\u00a0                                                                                      <b><a href=\"http:\/\/www.casadellibro.com\/homeAfiliado?ca=307&amp;isbn=9568134328\">DEPORTES: LA IDEOLOGIA OLIMPICA<\/a><\/b>                 de GALEANO, EDUARDO                 AUN CREEMOS EN LOS SUE\u00d1OS  2004                 7.00\u0080\u00a0                                                                                <\/p><\/blockquote>\n<p>LIBROS SOBRE PERIODISMO\u00a0           <a href=\"http:\/\/www.elalmanaque.com\/wp\/libros\/periodismo-historia-y-estudios\/\">1<\/a> &#8211; <a href=\"http:\/\/www.elalmanaque.com\/wp\/libros\/periodismo-historia-y-estudios-2\/\">2<\/a> &#8211; <a href=\"http:\/\/www.elalmanaque.com\/wp\/libros\/ciencias-de-la-informacion-comunicacion-social\/\">3<\/a>           &#8211; <a href=\"http:\/\/www.elalmanaque.com\/wp\/libros\/periodismo-radio\/\">4<\/a> &#8211; <a href=\"http:\/\/www.elalmanaque.com\/wp\/libros\/periodismo-television\/\">5<\/a>           <\/p>\n<p>  <a href=\"http:\/\/www.elalmanaque.com\/wp\/libros\/indice-de-libros-novedades-especiales-monograficos-los-mas-vendidos-enciclopedias-2\/\">Indice  de Libros recomendados<\/a>  &#8211; <a href=\"http:\/\/www.elalmanaque.com\/wp\/libros\/novedades-literatura\/\">Novedades  &#8211;<\/a> <a href=\"http:\/\/www.elalmanaque.com\/wp\/libros\/el-almanaque-la-casa-del-libro-los-libros-mas-vendidos-2\/\">Los  + vendidos &#8211; <\/a><a href=\"http:\/\/www.elalmanaque.com\/wp\/libros\/juan-antonio-cebrian\/\">Autores<\/a>                       <\/p>\n<p>  <b>CURSOS : <\/b><a href=\"http:\/\/formacion.elalmanaque.com\/p29_topcat7_topsubcat103_cursos_y_masters_radio_television_y_cinematografia.htm\">Radio,  Televisi\u00f3n y Cinematografia<\/a> &#8211; <a href=\"http:\/\/formacion.elalmanaque.com\/p29_topcat7_topsubcat104_cursos_y_masters_traduccion_y_doblaje.htm\">Traduccion  y Doblaje<\/a> &#8211; <a href=\"http:\/\/formacion.elalmanaque.com\/p29_topcat7_topsubcat100_cursos_y_masters_imagen_y_sonido.htm\">Imagen  y Sonido<\/a>  <a href=\"http:\/\/www.casadellibro.com\/homeAfiliado?ca=307&amp;codigoCategoria=20508\"><\/a>           <\/p>\n","protected":false},"excerpt":{"rendered":"<p>]]&gt; EL ALMANAQUE &amp; LA CASA DEL LIBRO Indice de Libros recomendados &#8211; Novedades &#8211; Los + vendidos &#8211; Autores LIBROS SOBRE PERIODISMO\u00a0 1 &#8211;&hellip; <\/p>\n","protected":false},"author":1,"featured_media":0,"comment_status":"open","ping_status":"open","sticky":false,"template":"","format":"standard","meta":{"footnotes":""},"categories":[40],"tags":[],"class_list":["post-5792","post","type-post","status-publish","format-standard","hentry","category-libros"],"yoast_head":"<!-- This site is optimized with the Yoast SEO plugin v24.8.1 - https:\/\/yoast.com\/wordpress\/plugins\/seo\/ -->\n<title>Periodismo. Historia y Estudios - El Almanaque<\/title>\n<meta name=\"robots\" content=\"index, follow, max-snippet:-1, max-image-preview:large, max-video-preview:-1\" \/>\n<link rel=\"canonical\" href=\"https:\/\/www.elalmanaque.com\/wp\/libros\/periodismo-historia-y-estudios-2\/\" \/>\n<meta property=\"og:locale\" content=\"es_ES\" \/>\n<meta property=\"og:type\" content=\"article\" \/>\n<meta property=\"og:title\" content=\"Periodismo. Historia y Estudios - El Almanaque\" \/>\n<meta property=\"og:description\" content=\"]]&gt; EL ALMANAQUE &amp; LA CASA DEL LIBRO Indice de Libros recomendados &#8211; Novedades &#8211; Los + vendidos &#8211; Autores LIBROS SOBRE PERIODISMO\u00a0 1 &#8211;&hellip;\" \/>\n<meta property=\"og:url\" content=\"https:\/\/www.elalmanaque.com\/wp\/libros\/periodismo-historia-y-estudios-2\/\" \/>\n<meta property=\"og:site_name\" content=\"El Almanaque\" \/>\n<meta property=\"article:published_time\" content=\"2012-10-03T10:41:23+00:00\" \/>\n<meta property=\"article:modified_time\" content=\"2012-10-03T10:41:45+00:00\" \/>\n<meta property=\"og:image\" content=\"http:\/\/periodismo\/8408060082.jpg\" \/>\n<meta name=\"author\" content=\"Redactor\" \/>\n<meta name=\"twitter:card\" content=\"summary_large_image\" \/>\n<meta name=\"twitter:label1\" content=\"Escrito por\" \/>\n\t<meta name=\"twitter:data1\" content=\"Redactor\" \/>\n\t<meta name=\"twitter:label2\" content=\"Tiempo de lectura\" \/>\n\t<meta name=\"twitter:data2\" content=\"12 minutos\" \/>\n<script type=\"application\/ld+json\" class=\"yoast-schema-graph\">{\"@context\":\"https:\/\/schema.org\",\"@graph\":[{\"@type\":\"Article\",\"@id\":\"https:\/\/www.elalmanaque.com\/wp\/libros\/periodismo-historia-y-estudios-2\/#article\",\"isPartOf\":{\"@id\":\"https:\/\/www.elalmanaque.com\/wp\/libros\/periodismo-historia-y-estudios-2\/\"},\"author\":{\"name\":\"Redactor\",\"@id\":\"https:\/\/www.elalmanaque.com\/wp\/#\/schema\/person\/61ab31c67167988fe2679d590ca85afe\"},\"headline\":\"Periodismo. Historia y Estudios\",\"datePublished\":\"2012-10-03T10:41:23+00:00\",\"dateModified\":\"2012-10-03T10:41:45+00:00\",\"mainEntityOfPage\":{\"@id\":\"https:\/\/www.elalmanaque.com\/wp\/libros\/periodismo-historia-y-estudios-2\/\"},\"wordCount\":2492,\"commentCount\":26,\"publisher\":{\"@id\":\"https:\/\/www.elalmanaque.com\/wp\/#organization\"},\"articleSection\":[\"Libros\"],\"inLanguage\":\"es\"},{\"@type\":\"WebPage\",\"@id\":\"https:\/\/www.elalmanaque.com\/wp\/libros\/periodismo-historia-y-estudios-2\/\",\"url\":\"https:\/\/www.elalmanaque.com\/wp\/libros\/periodismo-historia-y-estudios-2\/\",\"name\":\"Periodismo. Historia y Estudios - El Almanaque\",\"isPartOf\":{\"@id\":\"https:\/\/www.elalmanaque.com\/wp\/#website\"},\"datePublished\":\"2012-10-03T10:41:23+00:00\",\"dateModified\":\"2012-10-03T10:41:45+00:00\",\"breadcrumb\":{\"@id\":\"https:\/\/www.elalmanaque.com\/wp\/libros\/periodismo-historia-y-estudios-2\/#breadcrumb\"},\"inLanguage\":\"es\",\"potentialAction\":[{\"@type\":\"ReadAction\",\"target\":[\"https:\/\/www.elalmanaque.com\/wp\/libros\/periodismo-historia-y-estudios-2\/\"]}]},{\"@type\":\"BreadcrumbList\",\"@id\":\"https:\/\/www.elalmanaque.com\/wp\/libros\/periodismo-historia-y-estudios-2\/#breadcrumb\",\"itemListElement\":[{\"@type\":\"ListItem\",\"position\":1,\"name\":\"Portada\",\"item\":\"https:\/\/www.elalmanaque.com\/wp\/\"},{\"@type\":\"ListItem\",\"position\":2,\"name\":\"Periodismo. Historia y Estudios\"}]},{\"@type\":\"WebSite\",\"@id\":\"https:\/\/www.elalmanaque.com\/wp\/#website\",\"url\":\"https:\/\/www.elalmanaque.com\/wp\/\",\"name\":\"El Almanaque\",\"description\":\"Revista de Cultura y Ocio\",\"publisher\":{\"@id\":\"https:\/\/www.elalmanaque.com\/wp\/#organization\"},\"potentialAction\":[{\"@type\":\"SearchAction\",\"target\":{\"@type\":\"EntryPoint\",\"urlTemplate\":\"https:\/\/www.elalmanaque.com\/wp\/?s={search_term_string}\"},\"query-input\":{\"@type\":\"PropertyValueSpecification\",\"valueRequired\":true,\"valueName\":\"search_term_string\"}}],\"inLanguage\":\"es\"},{\"@type\":\"Organization\",\"@id\":\"https:\/\/www.elalmanaque.com\/wp\/#organization\",\"name\":\"El Almanaque\",\"url\":\"https:\/\/www.elalmanaque.com\/wp\/\",\"logo\":{\"@type\":\"ImageObject\",\"inLanguage\":\"es\",\"@id\":\"https:\/\/www.elalmanaque.com\/wp\/#\/schema\/logo\/image\/\",\"url\":\"https:\/\/www.elalmanaque.com\/wp\/wp-content\/uploads\/2020\/03\/cropped-elalmanaque.jpg\",\"contentUrl\":\"https:\/\/www.elalmanaque.com\/wp\/wp-content\/uploads\/2020\/03\/cropped-elalmanaque.jpg\",\"width\":900,\"height\":164,\"caption\":\"El Almanaque\"},\"image\":{\"@id\":\"https:\/\/www.elalmanaque.com\/wp\/#\/schema\/logo\/image\/\"}},{\"@type\":\"Person\",\"@id\":\"https:\/\/www.elalmanaque.com\/wp\/#\/schema\/person\/61ab31c67167988fe2679d590ca85afe\",\"name\":\"Redactor\",\"image\":{\"@type\":\"ImageObject\",\"inLanguage\":\"es\",\"@id\":\"https:\/\/www.elalmanaque.com\/wp\/#\/schema\/person\/image\/\",\"url\":\"https:\/\/secure.gravatar.com\/avatar\/a1cd6ad4f449e45fea5ebd57548cb588?s=96&d=mm&r=g\",\"contentUrl\":\"https:\/\/secure.gravatar.com\/avatar\/a1cd6ad4f449e45fea5ebd57548cb588?s=96&d=mm&r=g\",\"caption\":\"Redactor\"},\"url\":\"https:\/\/www.elalmanaque.com\/wp\/author\/useralmanaque\/\"}]}<\/script>\n<!-- \/ Yoast SEO plugin. -->","yoast_head_json":{"title":"Periodismo. Historia y Estudios - El Almanaque","robots":{"index":"index","follow":"follow","max-snippet":"max-snippet:-1","max-image-preview":"max-image-preview:large","max-video-preview":"max-video-preview:-1"},"canonical":"https:\/\/www.elalmanaque.com\/wp\/libros\/periodismo-historia-y-estudios-2\/","og_locale":"es_ES","og_type":"article","og_title":"Periodismo. Historia y Estudios - El Almanaque","og_description":"]]&gt; EL ALMANAQUE &amp; LA CASA DEL LIBRO Indice de Libros recomendados &#8211; Novedades &#8211; Los + vendidos &#8211; Autores LIBROS SOBRE PERIODISMO\u00a0 1 &#8211;&hellip;","og_url":"https:\/\/www.elalmanaque.com\/wp\/libros\/periodismo-historia-y-estudios-2\/","og_site_name":"El Almanaque","article_published_time":"2012-10-03T10:41:23+00:00","article_modified_time":"2012-10-03T10:41:45+00:00","og_image":[{"url":"periodismo\/8408060082.jpg","type":"","width":"","height":""}],"author":"Redactor","twitter_card":"summary_large_image","twitter_misc":{"Escrito por":"Redactor","Tiempo de lectura":"12 minutos"},"schema":{"@context":"https:\/\/schema.org","@graph":[{"@type":"Article","@id":"https:\/\/www.elalmanaque.com\/wp\/libros\/periodismo-historia-y-estudios-2\/#article","isPartOf":{"@id":"https:\/\/www.elalmanaque.com\/wp\/libros\/periodismo-historia-y-estudios-2\/"},"author":{"name":"Redactor","@id":"https:\/\/www.elalmanaque.com\/wp\/#\/schema\/person\/61ab31c67167988fe2679d590ca85afe"},"headline":"Periodismo. Historia y Estudios","datePublished":"2012-10-03T10:41:23+00:00","dateModified":"2012-10-03T10:41:45+00:00","mainEntityOfPage":{"@id":"https:\/\/www.elalmanaque.com\/wp\/libros\/periodismo-historia-y-estudios-2\/"},"wordCount":2492,"commentCount":26,"publisher":{"@id":"https:\/\/www.elalmanaque.com\/wp\/#organization"},"articleSection":["Libros"],"inLanguage":"es"},{"@type":"WebPage","@id":"https:\/\/www.elalmanaque.com\/wp\/libros\/periodismo-historia-y-estudios-2\/","url":"https:\/\/www.elalmanaque.com\/wp\/libros\/periodismo-historia-y-estudios-2\/","name":"Periodismo. Historia y Estudios - El Almanaque","isPartOf":{"@id":"https:\/\/www.elalmanaque.com\/wp\/#website"},"datePublished":"2012-10-03T10:41:23+00:00","dateModified":"2012-10-03T10:41:45+00:00","breadcrumb":{"@id":"https:\/\/www.elalmanaque.com\/wp\/libros\/periodismo-historia-y-estudios-2\/#breadcrumb"},"inLanguage":"es","potentialAction":[{"@type":"ReadAction","target":["https:\/\/www.elalmanaque.com\/wp\/libros\/periodismo-historia-y-estudios-2\/"]}]},{"@type":"BreadcrumbList","@id":"https:\/\/www.elalmanaque.com\/wp\/libros\/periodismo-historia-y-estudios-2\/#breadcrumb","itemListElement":[{"@type":"ListItem","position":1,"name":"Portada","item":"https:\/\/www.elalmanaque.com\/wp\/"},{"@type":"ListItem","position":2,"name":"Periodismo. Historia y Estudios"}]},{"@type":"WebSite","@id":"https:\/\/www.elalmanaque.com\/wp\/#website","url":"https:\/\/www.elalmanaque.com\/wp\/","name":"El Almanaque","description":"Revista de Cultura y Ocio","publisher":{"@id":"https:\/\/www.elalmanaque.com\/wp\/#organization"},"potentialAction":[{"@type":"SearchAction","target":{"@type":"EntryPoint","urlTemplate":"https:\/\/www.elalmanaque.com\/wp\/?s={search_term_string}"},"query-input":{"@type":"PropertyValueSpecification","valueRequired":true,"valueName":"search_term_string"}}],"inLanguage":"es"},{"@type":"Organization","@id":"https:\/\/www.elalmanaque.com\/wp\/#organization","name":"El Almanaque","url":"https:\/\/www.elalmanaque.com\/wp\/","logo":{"@type":"ImageObject","inLanguage":"es","@id":"https:\/\/www.elalmanaque.com\/wp\/#\/schema\/logo\/image\/","url":"https:\/\/www.elalmanaque.com\/wp\/wp-content\/uploads\/2020\/03\/cropped-elalmanaque.jpg","contentUrl":"https:\/\/www.elalmanaque.com\/wp\/wp-content\/uploads\/2020\/03\/cropped-elalmanaque.jpg","width":900,"height":164,"caption":"El Almanaque"},"image":{"@id":"https:\/\/www.elalmanaque.com\/wp\/#\/schema\/logo\/image\/"}},{"@type":"Person","@id":"https:\/\/www.elalmanaque.com\/wp\/#\/schema\/person\/61ab31c67167988fe2679d590ca85afe","name":"Redactor","image":{"@type":"ImageObject","inLanguage":"es","@id":"https:\/\/www.elalmanaque.com\/wp\/#\/schema\/person\/image\/","url":"https:\/\/secure.gravatar.com\/avatar\/a1cd6ad4f449e45fea5ebd57548cb588?s=96&d=mm&r=g","contentUrl":"https:\/\/secure.gravatar.com\/avatar\/a1cd6ad4f449e45fea5ebd57548cb588?s=96&d=mm&r=g","caption":"Redactor"},"url":"https:\/\/www.elalmanaque.com\/wp\/author\/useralmanaque\/"}]}},"_links":{"self":[{"href":"https:\/\/www.elalmanaque.com\/wp\/wp-json\/wp\/v2\/posts\/5792","targetHints":{"allow":["GET"]}}],"collection":[{"href":"https:\/\/www.elalmanaque.com\/wp\/wp-json\/wp\/v2\/posts"}],"about":[{"href":"https:\/\/www.elalmanaque.com\/wp\/wp-json\/wp\/v2\/types\/post"}],"author":[{"embeddable":true,"href":"https:\/\/www.elalmanaque.com\/wp\/wp-json\/wp\/v2\/users\/1"}],"replies":[{"embeddable":true,"href":"https:\/\/www.elalmanaque.com\/wp\/wp-json\/wp\/v2\/comments?post=5792"}],"version-history":[{"count":0,"href":"https:\/\/www.elalmanaque.com\/wp\/wp-json\/wp\/v2\/posts\/5792\/revisions"}],"wp:attachment":[{"href":"https:\/\/www.elalmanaque.com\/wp\/wp-json\/wp\/v2\/media?parent=5792"}],"wp:term":[{"taxonomy":"category","embeddable":true,"href":"https:\/\/www.elalmanaque.com\/wp\/wp-json\/wp\/v2\/categories?post=5792"},{"taxonomy":"post_tag","embeddable":true,"href":"https:\/\/www.elalmanaque.com\/wp\/wp-json\/wp\/v2\/tags?post=5792"}],"curies":[{"name":"wp","href":"https:\/\/api.w.org\/{rel}","templated":true}]}}