{"id":35986,"date":"2025-05-17T16:15:28","date_gmt":"2025-05-17T15:15:28","guid":{"rendered":"https:\/\/www.elalmanaque.com\/wp\/?p=35986"},"modified":"2025-05-17T16:15:30","modified_gmt":"2025-05-17T15:15:30","slug":"consejos-practicos-para-contratar-un-seguro-de-viaje-internacional-sin-pagar-de-mas","status":"publish","type":"post","link":"https:\/\/www.elalmanaque.com\/wp\/viajes\/consejos-practicos-para-contratar-un-seguro-de-viaje-internacional-sin-pagar-de-mas\/","title":{"rendered":"Consejos pr\u00e1cticos para contratar un seguro de viaje internacional sin pagar de m\u00e1s"},"content":{"rendered":"<div class=\"wp-block-image\">\n<figure class=\"aligncenter size-full\"><img decoding=\"async\" src=\"https:\/\/www.elalmanaque.com\/wp\/wp-content\/uploads\/2025\/05\/viajes3.jpg\" alt=\"\" class=\"wp-image-35987\"\/><\/figure><\/div>\n\n\n<p>Contratar un <a href=\"https:\/\/www.assistcard.com\/es\">seguro de viaje internacional<\/a> es una de las decisiones m\u00e1s importantes antes de salir de Espa\u00f1a. Sin embargo, muchas personas lo ven como un gasto extra y terminan contratando cualquier opci\u00f3n barata sin revisar la letra chica. La buena noticia es que pod\u00e9s ahorrar sin sacrificar protecci\u00f3n. En este art\u00edculo te compartimos consejos pr\u00e1cticos para elegir un seguro que se ajuste a tus necesidades y a tu bolsillo.<\/p>\n\n\n\n<h2 class=\"wp-block-heading\"><strong>Eleg\u00ed seg\u00fan tu tipo de viaje<\/strong><\/h2>\n\n\n\n<p>No existe un seguro universal para todos los viajeros. Elegir una p\u00f3liza adecuada implica analizar:<\/p>\n\n\n\n<ul class=\"wp-block-list\">\n<li>Duraci\u00f3n del viaje<br><\/li>\n\n\n\n<li>Destino (dentro o fuera de Europa)<br><\/li>\n\n\n\n<li>Tipo de actividades (aventura, trabajo, estudio, vacaciones)<br><\/li>\n\n\n\n<li>Edad y condici\u00f3n de salud del viajero<br><\/li>\n<\/ul>\n\n\n\n<p>Por ejemplo, si viaj\u00e1s dentro de Europa por pocos d\u00edas, podr\u00eda alcanzarte una cobertura b\u00e1sica complementaria a la Tarjeta Sanitaria Europea. Pero si viaj\u00e1s fuera del continente o vas a hacer deportes extremos, necesit\u00e1s una cobertura mayor.<\/p>\n\n\n\n<h2 class=\"wp-block-heading\"><strong>Compar\u00e1 coberturas, no solo precios<\/strong><\/h2>\n\n\n\n<p>Uno de los errores m\u00e1s comunes es elegir el seguro m\u00e1s barato sin ver qu\u00e9 ofrece realmente. Una p\u00f3liza econ\u00f3mica puede tener exclusiones importantes o l\u00edmites muy bajos. A la hora de comparar, revis\u00e1:<\/p>\n\n\n\n<ul class=\"wp-block-list\">\n<li>Gasto m\u00e9dico m\u00e1ximo cubierto<br><\/li>\n\n\n\n<li>Cobertura de cancelaci\u00f3n y demora<br><\/li>\n\n\n\n<li>P\u00e9rdida o da\u00f1o de equipaje<br><\/li>\n\n\n\n<li>Asistencia legal o repatriaci\u00f3n<br><\/li>\n<\/ul>\n\n\n\n<p>Invertir unos euros m\u00e1s puede darte una protecci\u00f3n mucho m\u00e1s amplia.<\/p>\n\n\n\n<h2 class=\"wp-block-heading\"><strong>Revis\u00e1 si ya cont\u00e1s con alg\u00fan tipo de cobertura<\/strong><\/h2>\n\n\n\n<p>Algunas tarjetas de cr\u00e9dito (especialmente las premium) ofrecen seguros de viaje si pag\u00e1s el billete con ellas. Sin embargo, estas coberturas suelen ser limitadas y no incluyen cancelaci\u00f3n por causas m\u00e9dicas, deportes o asistencia completa. Siempre revis\u00e1 los t\u00e9rminos y condiciones.<\/p>\n\n\n\n<p>En caso de tener un seguro parcial, pod\u00e9s complementarlo con una p\u00f3liza espec\u00edfica para cubrir los aspectos m\u00e1s importantes.<\/p>\n\n\n\n<h2 class=\"wp-block-heading\"><strong>Aprovech\u00e1 las ofertas por anticipaci\u00f3n<\/strong><\/h2>\n\n\n\n<p>Comprar el seguro junto con el pasaje o al menos con semanas de anticipaci\u00f3n suele ofrecer descuentos. Tambi\u00e9n hay aseguradoras que premian la planificaci\u00f3n anticipada con mejores tarifas y beneficios adicionales.<\/p>\n\n\n\n<p>Evit\u00e1 contratar a \u00faltimo momento en el aeropuerto o en la agencia, donde las opciones son limitadas y m\u00e1s costosas.<\/p>\n\n\n\n<h2 class=\"wp-block-heading\"><strong>Consider\u00e1 un seguro anual si viaj\u00e1s frecuentemente<\/strong><\/h2>\n\n\n\n<p>Si viaj\u00e1s varias veces al a\u00f1o, un seguro por viaje puede salirte caro en el acumulado. En esos casos, un seguro anual para m\u00faltiples viajes es m\u00e1s econ\u00f3mico y c\u00f3modo. Estos planes suelen cubrir todos los viajes de hasta cierta duraci\u00f3n (por ejemplo, 30 d\u00edas cada uno) dentro del a\u00f1o de vigencia.<\/p>\n\n\n\n<p>Es ideal para viajeros de negocios, n\u00f3madas digitales, estudiantes o personas que hacen escapadas frecuentes por Europa.<\/p>\n\n\n\n<h2 class=\"wp-block-heading\"><strong>Consult\u00e1 con un asesor si ten\u00e9s dudas<\/strong><\/h2>\n\n\n\n<p>Si es la primera vez que contrat\u00e1s un seguro de viaje internacional, puede resultarte confuso comparar tantas opciones. Algunas compa\u00f1\u00edas ofrecen asesores que te ayudan a elegir la mejor p\u00f3liza seg\u00fan tu perfil. Es una buena forma de evitar errores y contratar justo lo que necesit\u00e1s.<\/p>\n\n\n\n<h2 class=\"wp-block-heading\"><strong>Revis\u00e1 que incluya cobertura COVID-19<\/strong><\/h2>\n\n\n\n<p>Aunque las restricciones han disminuido, algunos destinos a\u00fan requieren seguros que incluyan asistencia m\u00e9dica por COVID-19, cancelaci\u00f3n por contagio o extensi\u00f3n de estad\u00eda por cuarentena. Verific\u00e1 que la p\u00f3liza lo incluya, especialmente si viaj\u00e1s a Asia, Am\u00e9rica Latina o destinos remotos.<\/p>\n\n\n\n<p>Contratar un <strong>seguro de viaje internacional<\/strong> puede ser una decisi\u00f3n muy inteligente si lo hac\u00e9s con criterio. Aplicando estos consejos, pod\u00e9s encontrar la mejor opci\u00f3n al mejor precio y viajar con total tranquilidad.<\/p>\n","protected":false},"excerpt":{"rendered":"<p>Contratar un seguro de viaje internacional es una de las decisiones m\u00e1s importantes antes de salir de Espa\u00f1a. Sin embargo, muchas personas lo ven como&hellip; <\/p>\n","protected":false},"author":1,"featured_media":35987,"comment_status":"closed","ping_status":"closed","sticky":false,"template":"","format":"standard","meta":{"footnotes":""},"categories":[44],"tags":[],"class_list":["post-35986","post","type-post","status-publish","format-standard","has-post-thumbnail","hentry","category-viajes"],"yoast_head":"<!-- This site is optimized with the Yoast SEO plugin v24.8.1 - https:\/\/yoast.com\/wordpress\/plugins\/seo\/ -->\n<title>Consejos pr\u00e1cticos para contratar un seguro de viaje internacional sin pagar de m\u00e1s - El Almanaque<\/title>\n<meta name=\"description\" content=\"Contratar un seguro de viaje internacional puede ser una decisi\u00f3n muy inteligente si lo hac\u00e9s con criterio. Aplicando estos consejos, pod\u00e9s encontrar la mejor opci\u00f3n al mejor precio y viajar con total tranquilidad.\" \/>\n<meta name=\"robots\" content=\"index, follow, max-snippet:-1, max-image-preview:large, max-video-preview:-1\" \/>\n<link rel=\"canonical\" href=\"https:\/\/www.elalmanaque.com\/wp\/viajes\/consejos-practicos-para-contratar-un-seguro-de-viaje-internacional-sin-pagar-de-mas\/\" \/>\n<meta property=\"og:locale\" content=\"es_ES\" \/>\n<meta property=\"og:type\" content=\"article\" \/>\n<meta property=\"og:title\" content=\"Consejos pr\u00e1cticos para contratar un seguro de viaje internacional sin pagar de m\u00e1s - El Almanaque\" \/>\n<meta property=\"og:description\" content=\"Contratar un seguro de viaje internacional puede ser una decisi\u00f3n muy inteligente si lo hac\u00e9s con criterio. Aplicando estos consejos, pod\u00e9s encontrar la mejor opci\u00f3n al mejor precio y viajar con total tranquilidad.\" \/>\n<meta property=\"og:url\" content=\"https:\/\/www.elalmanaque.com\/wp\/viajes\/consejos-practicos-para-contratar-un-seguro-de-viaje-internacional-sin-pagar-de-mas\/\" \/>\n<meta property=\"og:site_name\" content=\"El Almanaque\" \/>\n<meta property=\"article:published_time\" content=\"2025-05-17T15:15:28+00:00\" \/>\n<meta property=\"article:modified_time\" content=\"2025-05-17T15:15:30+00:00\" \/>\n<meta property=\"og:image\" content=\"https:\/\/www.elalmanaque.com\/wp\/wp-content\/uploads\/2025\/05\/viajes3-e1747494908330.jpg\" \/>\n\t<meta property=\"og:image:width\" content=\"292\" \/>\n\t<meta property=\"og:image:height\" content=\"198\" \/>\n\t<meta property=\"og:image:type\" content=\"image\/jpeg\" \/>\n<meta name=\"author\" content=\"Redactor\" \/>\n<meta name=\"twitter:card\" content=\"summary_large_image\" \/>\n<meta name=\"twitter:label1\" content=\"Escrito por\" \/>\n\t<meta name=\"twitter:data1\" content=\"Redactor\" \/>\n\t<meta name=\"twitter:label2\" content=\"Tiempo de lectura\" \/>\n\t<meta name=\"twitter:data2\" content=\"3 minutos\" \/>\n<script type=\"application\/ld+json\" class=\"yoast-schema-graph\">{\"@context\":\"https:\/\/schema.org\",\"@graph\":[{\"@type\":\"Article\",\"@id\":\"https:\/\/www.elalmanaque.com\/wp\/viajes\/consejos-practicos-para-contratar-un-seguro-de-viaje-internacional-sin-pagar-de-mas\/#article\",\"isPartOf\":{\"@id\":\"https:\/\/www.elalmanaque.com\/wp\/viajes\/consejos-practicos-para-contratar-un-seguro-de-viaje-internacional-sin-pagar-de-mas\/\"},\"author\":{\"name\":\"Redactor\",\"@id\":\"https:\/\/www.elalmanaque.com\/wp\/#\/schema\/person\/61ab31c67167988fe2679d590ca85afe\"},\"headline\":\"Consejos pr\u00e1cticos para contratar un seguro de viaje internacional sin pagar de m\u00e1s\",\"datePublished\":\"2025-05-17T15:15:28+00:00\",\"dateModified\":\"2025-05-17T15:15:30+00:00\",\"mainEntityOfPage\":{\"@id\":\"https:\/\/www.elalmanaque.com\/wp\/viajes\/consejos-practicos-para-contratar-un-seguro-de-viaje-internacional-sin-pagar-de-mas\/\"},\"wordCount\":642,\"publisher\":{\"@id\":\"https:\/\/www.elalmanaque.com\/wp\/#organization\"},\"image\":{\"@id\":\"https:\/\/www.elalmanaque.com\/wp\/viajes\/consejos-practicos-para-contratar-un-seguro-de-viaje-internacional-sin-pagar-de-mas\/#primaryimage\"},\"thumbnailUrl\":\"https:\/\/www.elalmanaque.com\/wp\/wp-content\/uploads\/2025\/05\/viajes3-e1747494908330.jpg\",\"articleSection\":[\"Viajes\"],\"inLanguage\":\"es\"},{\"@type\":\"WebPage\",\"@id\":\"https:\/\/www.elalmanaque.com\/wp\/viajes\/consejos-practicos-para-contratar-un-seguro-de-viaje-internacional-sin-pagar-de-mas\/\",\"url\":\"https:\/\/www.elalmanaque.com\/wp\/viajes\/consejos-practicos-para-contratar-un-seguro-de-viaje-internacional-sin-pagar-de-mas\/\",\"name\":\"Consejos pr\u00e1cticos para contratar un seguro de viaje internacional sin pagar de m\u00e1s - El Almanaque\",\"isPartOf\":{\"@id\":\"https:\/\/www.elalmanaque.com\/wp\/#website\"},\"primaryImageOfPage\":{\"@id\":\"https:\/\/www.elalmanaque.com\/wp\/viajes\/consejos-practicos-para-contratar-un-seguro-de-viaje-internacional-sin-pagar-de-mas\/#primaryimage\"},\"image\":{\"@id\":\"https:\/\/www.elalmanaque.com\/wp\/viajes\/consejos-practicos-para-contratar-un-seguro-de-viaje-internacional-sin-pagar-de-mas\/#primaryimage\"},\"thumbnailUrl\":\"https:\/\/www.elalmanaque.com\/wp\/wp-content\/uploads\/2025\/05\/viajes3-e1747494908330.jpg\",\"datePublished\":\"2025-05-17T15:15:28+00:00\",\"dateModified\":\"2025-05-17T15:15:30+00:00\",\"description\":\"Contratar un seguro de viaje internacional puede ser una decisi\u00f3n muy inteligente si lo hac\u00e9s con criterio. Aplicando estos consejos, pod\u00e9s encontrar la mejor opci\u00f3n al mejor precio y viajar con total tranquilidad.\",\"breadcrumb\":{\"@id\":\"https:\/\/www.elalmanaque.com\/wp\/viajes\/consejos-practicos-para-contratar-un-seguro-de-viaje-internacional-sin-pagar-de-mas\/#breadcrumb\"},\"inLanguage\":\"es\",\"potentialAction\":[{\"@type\":\"ReadAction\",\"target\":[\"https:\/\/www.elalmanaque.com\/wp\/viajes\/consejos-practicos-para-contratar-un-seguro-de-viaje-internacional-sin-pagar-de-mas\/\"]}]},{\"@type\":\"ImageObject\",\"inLanguage\":\"es\",\"@id\":\"https:\/\/www.elalmanaque.com\/wp\/viajes\/consejos-practicos-para-contratar-un-seguro-de-viaje-internacional-sin-pagar-de-mas\/#primaryimage\",\"url\":\"https:\/\/www.elalmanaque.com\/wp\/wp-content\/uploads\/2025\/05\/viajes3-e1747494908330.jpg\",\"contentUrl\":\"https:\/\/www.elalmanaque.com\/wp\/wp-content\/uploads\/2025\/05\/viajes3-e1747494908330.jpg\",\"width\":292,\"height\":198},{\"@type\":\"BreadcrumbList\",\"@id\":\"https:\/\/www.elalmanaque.com\/wp\/viajes\/consejos-practicos-para-contratar-un-seguro-de-viaje-internacional-sin-pagar-de-mas\/#breadcrumb\",\"itemListElement\":[{\"@type\":\"ListItem\",\"position\":1,\"name\":\"Portada\",\"item\":\"https:\/\/www.elalmanaque.com\/wp\/\"},{\"@type\":\"ListItem\",\"position\":2,\"name\":\"Consejos pr\u00e1cticos para contratar un seguro de viaje internacional sin pagar de m\u00e1s\"}]},{\"@type\":\"WebSite\",\"@id\":\"https:\/\/www.elalmanaque.com\/wp\/#website\",\"url\":\"https:\/\/www.elalmanaque.com\/wp\/\",\"name\":\"El Almanaque\",\"description\":\"Revista de Cultura y Ocio\",\"publisher\":{\"@id\":\"https:\/\/www.elalmanaque.com\/wp\/#organization\"},\"potentialAction\":[{\"@type\":\"SearchAction\",\"target\":{\"@type\":\"EntryPoint\",\"urlTemplate\":\"https:\/\/www.elalmanaque.com\/wp\/?s={search_term_string}\"},\"query-input\":{\"@type\":\"PropertyValueSpecification\",\"valueRequired\":true,\"valueName\":\"search_term_string\"}}],\"inLanguage\":\"es\"},{\"@type\":\"Organization\",\"@id\":\"https:\/\/www.elalmanaque.com\/wp\/#organization\",\"name\":\"El Almanaque\",\"url\":\"https:\/\/www.elalmanaque.com\/wp\/\",\"logo\":{\"@type\":\"ImageObject\",\"inLanguage\":\"es\",\"@id\":\"https:\/\/www.elalmanaque.com\/wp\/#\/schema\/logo\/image\/\",\"url\":\"https:\/\/www.elalmanaque.com\/wp\/wp-content\/uploads\/2020\/03\/cropped-elalmanaque.jpg\",\"contentUrl\":\"https:\/\/www.elalmanaque.com\/wp\/wp-content\/uploads\/2020\/03\/cropped-elalmanaque.jpg\",\"width\":900,\"height\":164,\"caption\":\"El Almanaque\"},\"image\":{\"@id\":\"https:\/\/www.elalmanaque.com\/wp\/#\/schema\/logo\/image\/\"}},{\"@type\":\"Person\",\"@id\":\"https:\/\/www.elalmanaque.com\/wp\/#\/schema\/person\/61ab31c67167988fe2679d590ca85afe\",\"name\":\"Redactor\",\"image\":{\"@type\":\"ImageObject\",\"inLanguage\":\"es\",\"@id\":\"https:\/\/www.elalmanaque.com\/wp\/#\/schema\/person\/image\/\",\"url\":\"https:\/\/secure.gravatar.com\/avatar\/a1cd6ad4f449e45fea5ebd57548cb588?s=96&d=mm&r=g\",\"contentUrl\":\"https:\/\/secure.gravatar.com\/avatar\/a1cd6ad4f449e45fea5ebd57548cb588?s=96&d=mm&r=g\",\"caption\":\"Redactor\"},\"url\":\"https:\/\/www.elalmanaque.com\/wp\/author\/useralmanaque\/\"}]}<\/script>\n<!-- \/ Yoast SEO plugin. -->","yoast_head_json":{"title":"Consejos pr\u00e1cticos para contratar un seguro de viaje internacional sin pagar de m\u00e1s - El Almanaque","description":"Contratar un seguro de viaje internacional puede ser una decisi\u00f3n muy inteligente si lo hac\u00e9s con criterio. Aplicando estos consejos, pod\u00e9s encontrar la mejor opci\u00f3n al mejor precio y viajar con total tranquilidad.","robots":{"index":"index","follow":"follow","max-snippet":"max-snippet:-1","max-image-preview":"max-image-preview:large","max-video-preview":"max-video-preview:-1"},"canonical":"https:\/\/www.elalmanaque.com\/wp\/viajes\/consejos-practicos-para-contratar-un-seguro-de-viaje-internacional-sin-pagar-de-mas\/","og_locale":"es_ES","og_type":"article","og_title":"Consejos pr\u00e1cticos para contratar un seguro de viaje internacional sin pagar de m\u00e1s - El Almanaque","og_description":"Contratar un seguro de viaje internacional puede ser una decisi\u00f3n muy inteligente si lo hac\u00e9s con criterio. Aplicando estos consejos, pod\u00e9s encontrar la mejor opci\u00f3n al mejor precio y viajar con total tranquilidad.","og_url":"https:\/\/www.elalmanaque.com\/wp\/viajes\/consejos-practicos-para-contratar-un-seguro-de-viaje-internacional-sin-pagar-de-mas\/","og_site_name":"El Almanaque","article_published_time":"2025-05-17T15:15:28+00:00","article_modified_time":"2025-05-17T15:15:30+00:00","og_image":[{"width":292,"height":198,"url":"https:\/\/www.elalmanaque.com\/wp\/wp-content\/uploads\/2025\/05\/viajes3-e1747494908330.jpg","type":"image\/jpeg"}],"author":"Redactor","twitter_card":"summary_large_image","twitter_misc":{"Escrito por":"Redactor","Tiempo de lectura":"3 minutos"},"schema":{"@context":"https:\/\/schema.org","@graph":[{"@type":"Article","@id":"https:\/\/www.elalmanaque.com\/wp\/viajes\/consejos-practicos-para-contratar-un-seguro-de-viaje-internacional-sin-pagar-de-mas\/#article","isPartOf":{"@id":"https:\/\/www.elalmanaque.com\/wp\/viajes\/consejos-practicos-para-contratar-un-seguro-de-viaje-internacional-sin-pagar-de-mas\/"},"author":{"name":"Redactor","@id":"https:\/\/www.elalmanaque.com\/wp\/#\/schema\/person\/61ab31c67167988fe2679d590ca85afe"},"headline":"Consejos pr\u00e1cticos para contratar un seguro de viaje internacional sin pagar de m\u00e1s","datePublished":"2025-05-17T15:15:28+00:00","dateModified":"2025-05-17T15:15:30+00:00","mainEntityOfPage":{"@id":"https:\/\/www.elalmanaque.com\/wp\/viajes\/consejos-practicos-para-contratar-un-seguro-de-viaje-internacional-sin-pagar-de-mas\/"},"wordCount":642,"publisher":{"@id":"https:\/\/www.elalmanaque.com\/wp\/#organization"},"image":{"@id":"https:\/\/www.elalmanaque.com\/wp\/viajes\/consejos-practicos-para-contratar-un-seguro-de-viaje-internacional-sin-pagar-de-mas\/#primaryimage"},"thumbnailUrl":"https:\/\/www.elalmanaque.com\/wp\/wp-content\/uploads\/2025\/05\/viajes3-e1747494908330.jpg","articleSection":["Viajes"],"inLanguage":"es"},{"@type":"WebPage","@id":"https:\/\/www.elalmanaque.com\/wp\/viajes\/consejos-practicos-para-contratar-un-seguro-de-viaje-internacional-sin-pagar-de-mas\/","url":"https:\/\/www.elalmanaque.com\/wp\/viajes\/consejos-practicos-para-contratar-un-seguro-de-viaje-internacional-sin-pagar-de-mas\/","name":"Consejos pr\u00e1cticos para contratar un seguro de viaje internacional sin pagar de m\u00e1s - El Almanaque","isPartOf":{"@id":"https:\/\/www.elalmanaque.com\/wp\/#website"},"primaryImageOfPage":{"@id":"https:\/\/www.elalmanaque.com\/wp\/viajes\/consejos-practicos-para-contratar-un-seguro-de-viaje-internacional-sin-pagar-de-mas\/#primaryimage"},"image":{"@id":"https:\/\/www.elalmanaque.com\/wp\/viajes\/consejos-practicos-para-contratar-un-seguro-de-viaje-internacional-sin-pagar-de-mas\/#primaryimage"},"thumbnailUrl":"https:\/\/www.elalmanaque.com\/wp\/wp-content\/uploads\/2025\/05\/viajes3-e1747494908330.jpg","datePublished":"2025-05-17T15:15:28+00:00","dateModified":"2025-05-17T15:15:30+00:00","description":"Contratar un seguro de viaje internacional puede ser una decisi\u00f3n muy inteligente si lo hac\u00e9s con criterio. Aplicando estos consejos, pod\u00e9s encontrar la mejor opci\u00f3n al mejor precio y viajar con total tranquilidad.","breadcrumb":{"@id":"https:\/\/www.elalmanaque.com\/wp\/viajes\/consejos-practicos-para-contratar-un-seguro-de-viaje-internacional-sin-pagar-de-mas\/#breadcrumb"},"inLanguage":"es","potentialAction":[{"@type":"ReadAction","target":["https:\/\/www.elalmanaque.com\/wp\/viajes\/consejos-practicos-para-contratar-un-seguro-de-viaje-internacional-sin-pagar-de-mas\/"]}]},{"@type":"ImageObject","inLanguage":"es","@id":"https:\/\/www.elalmanaque.com\/wp\/viajes\/consejos-practicos-para-contratar-un-seguro-de-viaje-internacional-sin-pagar-de-mas\/#primaryimage","url":"https:\/\/www.elalmanaque.com\/wp\/wp-content\/uploads\/2025\/05\/viajes3-e1747494908330.jpg","contentUrl":"https:\/\/www.elalmanaque.com\/wp\/wp-content\/uploads\/2025\/05\/viajes3-e1747494908330.jpg","width":292,"height":198},{"@type":"BreadcrumbList","@id":"https:\/\/www.elalmanaque.com\/wp\/viajes\/consejos-practicos-para-contratar-un-seguro-de-viaje-internacional-sin-pagar-de-mas\/#breadcrumb","itemListElement":[{"@type":"ListItem","position":1,"name":"Portada","item":"https:\/\/www.elalmanaque.com\/wp\/"},{"@type":"ListItem","position":2,"name":"Consejos pr\u00e1cticos para contratar un seguro de viaje internacional sin pagar de m\u00e1s"}]},{"@type":"WebSite","@id":"https:\/\/www.elalmanaque.com\/wp\/#website","url":"https:\/\/www.elalmanaque.com\/wp\/","name":"El Almanaque","description":"Revista de Cultura y Ocio","publisher":{"@id":"https:\/\/www.elalmanaque.com\/wp\/#organization"},"potentialAction":[{"@type":"SearchAction","target":{"@type":"EntryPoint","urlTemplate":"https:\/\/www.elalmanaque.com\/wp\/?s={search_term_string}"},"query-input":{"@type":"PropertyValueSpecification","valueRequired":true,"valueName":"search_term_string"}}],"inLanguage":"es"},{"@type":"Organization","@id":"https:\/\/www.elalmanaque.com\/wp\/#organization","name":"El Almanaque","url":"https:\/\/www.elalmanaque.com\/wp\/","logo":{"@type":"ImageObject","inLanguage":"es","@id":"https:\/\/www.elalmanaque.com\/wp\/#\/schema\/logo\/image\/","url":"https:\/\/www.elalmanaque.com\/wp\/wp-content\/uploads\/2020\/03\/cropped-elalmanaque.jpg","contentUrl":"https:\/\/www.elalmanaque.com\/wp\/wp-content\/uploads\/2020\/03\/cropped-elalmanaque.jpg","width":900,"height":164,"caption":"El Almanaque"},"image":{"@id":"https:\/\/www.elalmanaque.com\/wp\/#\/schema\/logo\/image\/"}},{"@type":"Person","@id":"https:\/\/www.elalmanaque.com\/wp\/#\/schema\/person\/61ab31c67167988fe2679d590ca85afe","name":"Redactor","image":{"@type":"ImageObject","inLanguage":"es","@id":"https:\/\/www.elalmanaque.com\/wp\/#\/schema\/person\/image\/","url":"https:\/\/secure.gravatar.com\/avatar\/a1cd6ad4f449e45fea5ebd57548cb588?s=96&d=mm&r=g","contentUrl":"https:\/\/secure.gravatar.com\/avatar\/a1cd6ad4f449e45fea5ebd57548cb588?s=96&d=mm&r=g","caption":"Redactor"},"url":"https:\/\/www.elalmanaque.com\/wp\/author\/useralmanaque\/"}]}},"_links":{"self":[{"href":"https:\/\/www.elalmanaque.com\/wp\/wp-json\/wp\/v2\/posts\/35986","targetHints":{"allow":["GET"]}}],"collection":[{"href":"https:\/\/www.elalmanaque.com\/wp\/wp-json\/wp\/v2\/posts"}],"about":[{"href":"https:\/\/www.elalmanaque.com\/wp\/wp-json\/wp\/v2\/types\/post"}],"author":[{"embeddable":true,"href":"https:\/\/www.elalmanaque.com\/wp\/wp-json\/wp\/v2\/users\/1"}],"replies":[{"embeddable":true,"href":"https:\/\/www.elalmanaque.com\/wp\/wp-json\/wp\/v2\/comments?post=35986"}],"version-history":[{"count":1,"href":"https:\/\/www.elalmanaque.com\/wp\/wp-json\/wp\/v2\/posts\/35986\/revisions"}],"predecessor-version":[{"id":35988,"href":"https:\/\/www.elalmanaque.com\/wp\/wp-json\/wp\/v2\/posts\/35986\/revisions\/35988"}],"wp:featuredmedia":[{"embeddable":true,"href":"https:\/\/www.elalmanaque.com\/wp\/wp-json\/wp\/v2\/media\/35987"}],"wp:attachment":[{"href":"https:\/\/www.elalmanaque.com\/wp\/wp-json\/wp\/v2\/media?parent=35986"}],"wp:term":[{"taxonomy":"category","embeddable":true,"href":"https:\/\/www.elalmanaque.com\/wp\/wp-json\/wp\/v2\/categories?post=35986"},{"taxonomy":"post_tag","embeddable":true,"href":"https:\/\/www.elalmanaque.com\/wp\/wp-json\/wp\/v2\/tags?post=35986"}],"curies":[{"name":"wp","href":"https:\/\/api.w.org\/{rel}","templated":true}]}}