{"id":32480,"date":"2020-09-18T09:37:31","date_gmt":"2020-09-18T08:37:31","guid":{"rendered":"https:\/\/www.elalmanaque.com\/wp\/?p=32480"},"modified":"2020-09-18T09:37:33","modified_gmt":"2020-09-18T08:37:33","slug":"el-almanaque-no-7608-viernes-18-de-septiembre-de-2020","status":"publish","type":"post","link":"https:\/\/www.elalmanaque.com\/wp\/almanaques\/el-almanaque-no-7608-viernes-18-de-septiembre-de-2020\/","title":{"rendered":"El Almanaque N\u00ba 7608 Viernes 18 de Septiembre de 2020"},"content":{"rendered":"\n<p><a href=\"https:\/\/www.elalmanaque.com\/santoral\/index.htm\">SANTORAL<\/a>\u00a0 &#8211;\u00a0<a href=\"https:\/\/www.elalmanaque.com\/El_Origen_de_las_Palabras\/index.html\">L\u00c9XICO<\/a> &#8211; <a href=\"https:\/\/www.elalmanaque.com\/Efemerides\/index.htm\">EFEM\u00c9RIDES<\/a> &#8211; <a rel=\"noreferrer noopener\" target=\"_blank\" href=\"https:\/\/www.elalmanaque.com\/wp\/categoria\/dias-mundiales\/\">DIAS MUNDIALES<\/a> &#8211;\u00a0<a href=\"https:\/\/www.elalmanaque.com\/Calendarios\">CALENDARIOS &#8211;<\/a>\u00a0\u00a0<a href=\"https:\/\/www.elalmanaque.com\/Humor_II\/index.html\">HUMOR<\/a> &#8211; <a href=\"https:\/\/www.elalmanaque.com\/turismo\/gastronomia\/index.htm\">GASTRONOMIA<\/a> &#8211; <a href=\"https:\/\/www.elalmanaque.com\/turismo\/index.htm\">TURISMO<\/a><strong> &#8211;<\/strong> <a href=\"https:\/\/www.elalmanaque.com\/turismo\/destinos\">DESTINOS<strong> &#8211;<\/strong><\/a> <a href=\"https:\/\/www.elalmanaque.com\/reportajes\/index.htm\">REPORTAJES<\/a>\u00a0<\/p>\n\n\n\n<p><a href=\"https:\/\/elalmanaque.com\/Sep20\/18-9-20.htm\">El Almanaque N\u00ba 7608 Viernes 18 de Septiembre de 2020<\/a><\/p>\n\n\n\n<p><strong>El D\u00eda Internacional de la Igualdad Salarial<\/strong><\/p>\n\n\n\n<p><img decoding=\"async\" src=\"https:\/\/elalmanaque.com\/Sep20\/fotos\/CABECERA.jpg\"><br><br>Representa los esfuerzos constantes por conseguir la igualdad salarial por un trabajo de igual valor.<\/p>\n\n\n\n<blockquote class=\"wp-block-quote is-layout-flow wp-block-quote-is-layout-flow\"><p><strong><a href=\"https:\/\/www.elalmanaque.com\/Sep20\/18-9-20.htm\">LEA COMPLETO EL ALMANAQUE DE HOY<\/a><\/strong><\/p><\/blockquote>\n\n\n\n<figure><iframe loading=\"lazy\" width=\"728\" height=\"90\" src=\"https:\/\/rcm-eu.amazon-adsystem.com\/e\/cm?o=30&amp;p=48&amp;l=ur1&amp;category=electronica&amp;banner=1ZFFFVGD3JXYV7FSVA02&amp;f=ifr&amp;linkID=c21785b2eede7444a87cf67d73ae21c8&amp;t=wwwelalmanaqu-21&amp;tracking_id=wwwelalmanaqu-21\"><\/iframe><\/figure>\n\n\n\n<p><a target=\"_blank\" href=\"https:\/\/amzn.to\/2AZdc4x\" rel=\"noreferrer noopener\">\u00daltimas novedades de Amazon<\/a>&nbsp;&#8211;&nbsp;<a target=\"_blank\" href=\"https:\/\/www.amazon.es\/b?node=2454136031&amp;_encoding=UTF8&amp;tag=wwwelalmanaqu-21\" rel=\"noreferrer noopener\">Deportes<\/a>&nbsp;&#8211;&nbsp;<a href=\"https:\/\/amzn.to\/3cNHRyQ\">Electr\u00f3nica<\/a>&nbsp;&#8211;&nbsp;<a target=\"_blank\" href=\"https:\/\/amzn.to\/2EA7WWQ\" rel=\"noreferrer noopener\">Belleza y Salud<\/a> &#8211; <a target=\"_blank\" href=\"https:\/\/amzn.to\/3jjWBcf\" rel=\"noreferrer noopener\">Moda<\/a> &#8211; <a target=\"_blank\" href=\"https:\/\/amzn.to\/2W7UqQ0\" rel=\"noreferrer noopener\">Hogar y Cocina<\/a><\/p>\n\n\n\n<p><strong>EFEM\u00c9RIDES &#8211; SANTORAL<\/strong><\/p>\n\n\n\n<figure class=\"wp-block-image\"><img decoding=\"async\" src=\"https:\/\/www.elalmanaque.com\/Oct15\/lexico.jpg\" alt=\"\"\/><\/figure>\n\n\n\n<p><strong>EFEM\u00c9RIDES&nbsp;<\/strong><strong>18<\/strong><strong> de&nbsp;<\/strong><strong>Septiembre<\/strong><br>1468 Apoyado por los burgos y tras tres a\u00f1os Enrique IV de Castilla vence a la nobleza levantisca.&nbsp;<br>1645 Muere Francisco de Quevedo y Villegas.&nbsp;<br>1759 Quebec capitula ante las tropas brit\u00e1nicas.&nbsp;<br>1783 Muere el matem\u00e1tico Leonhard Euler.&nbsp;<br>1814 Se inicia el Congreso de Viena.&nbsp;<br>1851 The New York Daily Times (The New York Times) aparece por primera vez con frecuencia diaria.&nbsp;1868 Espa\u00f1a: Revoluci\u00f3n Gloriosa.&nbsp;<a href=\"https:\/\/www.elalmanaque.com\/Sep20\/18-9-20.htm#LEXICO\"><\/a><\/p>\n\n\n\n<figure class=\"wp-block-image\"><img decoding=\"async\" src=\"https:\/\/www.elalmanaque.com\/Oct15\/santos.jpg\" alt=\"\"\/><\/figure>\n\n\n\n<p><strong>SANTORAL&nbsp;<\/strong><strong>18<\/strong><strong> de&nbsp;<\/strong><strong>Septiembre<br><\/strong> Irene, Sof\u00eda, Ricarda, Jos\u00e9 de Cupertino, Jacobo y Victor.&nbsp;<strong>EL NOMBRE DEL DIA&nbsp;&#8211;&nbsp;<\/strong><strong>SOF\u00cdA<\/strong>&nbsp;Sojia&nbsp;<em>(Sof\u00eda)<\/em>&nbsp;es la forma griega de este nombre. Se mantiene, pues, invariable a lo largo de los milenios. Significa sabidur\u00eda. Al que los romanos llamaban&nbsp;<em>sapiens<\/em>, los griegos le llamaban sojoV&nbsp;<em>(sof\u00f3s)<\/em>.&nbsp;<em>Sof\u00eda&nbsp;<\/em>era para ellos la&nbsp;<strong>sabidur\u00eda<\/strong>, el que a partir de S\u00f3crates (\u00abs\u00f3lo s\u00e9 que no s\u00e9 nada\u00bb) se consider\u00f3 el ideal inalcanzable. Por eso renunciaron a la&nbsp;<em>sof\u00eda&nbsp;<\/em>para dedicarse a la&nbsp;<em>filo-sof\u00eda<\/em>, es decir a cortejar a la sabidur\u00eda, a acercarse a ella.&nbsp;&nbsp; <a href=\"https:\/\/www.elalmanaque.com\/Sep20\/18-9-20.htm#LEXICO\"><\/a><\/p>\n\n\n\n<p><strong>L\u00c9XICO &#8211;<\/strong> <strong>AUTOAYUDA &#8211; REDES<\/strong><\/p>\n\n\n\n<p><strong><\/strong>&nbsp;<strong>L\u00c9XICO &#8211;<\/strong> <strong>PENSIONES<\/strong><br>Ya pensaron los romanos en las pensiones y en el pienso. Fue un invento cuyos primeros beneficiarios fueron los soldados retirados, los veteranos.&nbsp;<em>Pensiones<\/em>&nbsp;las llamaban ya en aquellos tiempos. Claro que la palabra serv\u00eda tambi\u00e9n para otras cosas como los alquileres, los impuestos, los intereses del capital, las pagas&#8230; porque se trata de un sustantivo derivado de los verbos&nbsp;<em>pendo p\u00e9ndere&nbsp;<\/em>(colgar) y&nbsp;<em>pendeo pendere&nbsp;<\/em>(estar colgado), con lo que&nbsp;<em>pensio&nbsp;<\/em>significa en rigor \u00abacci\u00f3n de colgar (en una romana, para pesar)\u00bb o \u00abel hecho de estar colgado algo o alguien\u00bb.<a href=\"https:\/\/www.elalmanaque.com\/Sep20\/18-9-20.htm#LEXICO\"><\/a><\/p>\n\n\n\n<p><img loading=\"lazy\" decoding=\"async\" src=\"https:\/\/www.elalmanaque.com\/Sep07\/carpediem.jpg\" width=\"76\" height=\"114\"><strong>CARPE DIEM<\/strong><\/p>\n\n\n\n<p>Tal vez hayas o\u00eddo alguna vez la frase carpe Diem, yo recuerdo haberla o\u00eddo por primera vez en la pel\u00edcula \u00abEl club de los poetas muertos\u00bb, protagonizada por Robin Williams.<br>Su significado es \u00ab<strong>aprovecha el d\u00eda presente<\/strong>\u00ab.<br>La frase se encuentra en un poema de la obra \u00abOdas\u00bb escrita por Horacio, poeta latino que naci\u00f3 el a\u00f1o 65 A.C. y muri\u00f3 el a\u00f1o 8 a.c.&nbsp;<strong>El Club de los Poetas Muertos: \u00abCarpe Diem\u00bb<\/strong>&nbsp;<strong><a href=\"https:\/\/www.elalmanaque.com\/Sep20\/18-9-20.htm#LEXICO\"><\/a><\/strong><\/p>\n\n\n\n<p><strong>DIAS MUNDIALES &#8211;<\/strong> <strong>DOCUMENTOS<\/strong><strong><br>&nbsp;<\/strong><\/p>\n\n\n\n<p><strong>D\u00eda Internacional de la Igualdad Salarial<\/strong><\/p>\n\n\n\n<p>El D\u00eda Internacional de la Igualdad Salarial, que se celebra por primera vez este 18 de septiembre, representa los esfuerzos constantes por conseguir la igualdad salarial por un trabajo de igual valor. <a href=\"https:\/\/www.elalmanaque.com\/Sep20\/18-9-20.htm#LEXICO\"><\/a><\/p>\n\n\n\n<p><br><strong>Luchar por la igualdad salarial en el mercado laboral<\/strong> &nbsp;<\/p>\n\n\n\n<p><strong><\/strong><strong>Chile recuerda a V\u00edctor Jara a 45 a\u00f1os de su asesinato<\/strong><\/p>\n\n\n\n<p>Jara fue acribillado en el Estadio Nacional de Santiago, que hoy lleva su nombre.<br>Con diversos eventos se est\u00e1 recordando en Chile la muerte del cantautor V\u00edctor Jara, asesinado el 16 de septiembre de 1973 de 44 balazos en el Estadio Nacional cuando estaba bajo custodia de los militares que dieron el golpe de estado contra Salvador Allende <a href=\"https:\/\/www.elalmanaque.com\/Sep20\/18-9-20.htm#TECNOLOGIA E INTERNET\"><\/a><\/p>\n\n\n\n<p><strong>HOGAR &#8211; INTERNET<\/strong><\/p>\n\n\n\n<p><strong>Los mejores remedios caseros de la abuela para la salud III<\/strong>&nbsp;<strong>5. Callos en los pies<\/strong><br>Curiosamente se pueden ablandar los callos con&nbsp;<strong>regaliz<\/strong>. No, no con el dulce negro, sino con la ra\u00edz de regaliz. El regaliz contiene una sustancia qu\u00edmica similar al estr\u00f3geno que es particularmente eficaz para suavizar los callos. Todo lo que necesita hacer es frotar el regaliz contra los callos, pero tambi\u00e9n se puede triturar algunas barras de regaliz y mezclarlas con vaselina para hacer una pasta y aplicarla sobre los callos.&nbsp;<a href=\"https:\/\/www.elalmanaque.com\/Sep20\/18-9-20.htm#TECNOLOGIA E INTERNET\"><\/a><\/p>\n\n\n\n<p><img loading=\"lazy\" decoding=\"async\" src=\"https:\/\/www.elalmanaque.com\/Sep16\/fotos\/Radio-S3.jpg\" width=\"187\" height=\"121\"><strong>Radio en el m\u00f3vil<br><\/strong> Lo conveniente es utilizar las aplicaciones de radio solo cuando haya una conexi\u00f3n wifi disponible<br><br><strong>Stitcher Radio&nbsp;<\/strong>Con esta app se puede acceder a miles de estaciones de radio de todo el mundo de forma gratuita.<br><br><strong>myTuner&nbsp;Radio&nbsp;<\/strong>myTuner Radio deja acceder a un millar de emisoras espa\u00f1olas, m\u00e1s otra decena de miles de casi 200 pa\u00edses diferentes.&nbsp;&nbsp;<a href=\"https:\/\/www.elalmanaque.com\/Sep20\/18-9-20.htm#TECNOLOGIA E INTERNET\"><\/a><\/p>\n\n\n\n<p><strong>SALUD &#8211; EDUCACI\u00d3N<\/strong><\/p>\n\n\n\n<figure class=\"wp-block-image\"><img decoding=\"async\" src=\"https:\/\/elalmanaque.com\/Sep20\/fotos\/eraras1.jpg\" alt=\"\"\/><\/figure>\n\n\n\n<p><strong>D\u00eda Mundial del S\u00edndrome de Pitt-Hopkins<\/strong><br>El 18 de septiembre se celebra el D\u00eda Mundial del S\u00edndrome de Pitt-Hopkins, una enfermedad extremadamente rara que cuenta con apenas 50 casos diagnosticados en todo el mundo. El 18 de septiembre, desde FEDER nos adherimos al D\u00eda Mundial del S\u00edndrome de Pitt Hopkins, una enfermedad poco frecuente que cuenta con alrededor de 50 casos en todo el mundo. <a href=\"https:\/\/www.elalmanaque.com\/Sep20\/18-9-20.htm#TECNOLOGIA E INTERNET\"><\/a><strong>ENGLISH EXPRESSIONS<br><\/strong> Keep in touch &#8211; Nos escribimos<br>Let the cat out of the bag &#8211; revelar un secreto<br>Let&#8217;s have one for the road &#8211; Tomamos la pen\u00faltima<br>Make yourself at home -Si\u00e9ntete como en tu casa<br>No wonder &#8211; No me extra\u00f1a<br>Pissed as a newt- borracho como una cuba<br>Pull the other one. &#8211; \u00a1Anda ya! <a href=\"https:\/\/www.elalmanaque.com\/Sep20\/18-9-20.htm#TECNOLOGIA E INTERNET\"><\/a><\/p>\n\n\n\n<p><strong>HUMOR &#8211; TECNOLOGIA<br>&nbsp;<\/strong><\/p>\n\n\n\n<p><strong>N\u00daMERO SECRETO.<br><br><\/strong> Pida a un amigo que escriba un n\u00famero de dos cifras en secreto.<br>Que lo multiplique por 10<br>y del resultado reste un m\u00faltiplo de 9 inferior o igual a 81.<br>P\u00eddale el resultado.<br>Si es de tres cifras, tome las dos primeras y sume la \u00faltima;<br>si son dos, s\u00famelas entre s\u00ed, el resultado que de es el n\u00famero secreto.&nbsp;<a href=\"https:\/\/www.elalmanaque.com\/Sep20\/18-9-20.htm#TECNOLOGIA E INTERNET\"><\/a><\/p>\n\n\n\n<p><img loading=\"lazy\" decoding=\"async\" src=\"https:\/\/elalmanaque.com\/Sep20\/fotos\/hi4bpnzbzh-m.jpg\" width=\"180\" height=\"101\">Sony presenta el Xperia 5 II, el Xperia m\u00e1s compacto con tecnolog\u00eda 5G capaz de llevar la fotograf\u00eda, los juegos y el entretenimiento al siguiente nivel<br>C\u00e1mara r\u00e1pida dise\u00f1ada con la galardonada tecnolog\u00eda de las c\u00e1maras AlphaTM, incluye Real-time Eye AF1 para humanos y animales para obtener retratos perfectos en cada ocasi\u00f3n y disparo en r\u00e1fagas de hasta 20 fps2 con un AutoFocus continuo capaz de realizar 60 c\u00e1lculos por segundo.&nbsp; <a href=\"https:\/\/www.elalmanaque.com\/Sep20\/18-9-20.htm#TECNOLOGIA E INTERNET\"><\/a><\/p>\n\n\n\n<p><strong>M\u00daSICA &#8211; TEATRO &#8211; CINE<\/strong><\/p>\n\n\n\n<p><strong>EFEM\u00c9RIDES<a href=\"https:\/\/www.elalmanaque.com\/Feb16\/26-2-16.htm#ACTUALIDAD%20CULTURAL\">&nbsp;<\/a><a href=\"https:\/\/www.elalmanaque.com\/Feb16\/26-2-16.htm#ACTUALIDAD%20CULTURAL\">ART\u00cdSTICAS<\/a><a href=\"https:\/\/www.elalmanaque.com\/Feb16\/26-2-16.htm#ACTUALIDAD%20CULTURAL\">&nbsp;MUSICALES<\/a> &#8211; EVENTOS<\/strong><\/p>\n\n\n\n<p><strong>Cuando UNO PARA TODOS toca la fibra del espectador <\/strong>UNO PARA TODOS, pr\u00f3ximamente en todas las salas que permanecen abiertas a pesar de la pandemia, garantiza el futuro del CINE ESPA\u00d1OL con m\u00e1y\u00fasculas porque el nuevo pelicul\u00f3n de David Ilundain, inspirado en una historia real que el propio director ley\u00f3 en la prensa, enamora al espectador durante 94 minutos de metraje. <strong><a>TEATRO MARAVILLAS \u2013 Desde el 2 de Octubre de 2020<\/a><\/strong> Jordi Galcer\u00e1n levanta el tel\u00f3n de `&nbsp;Burundanga. El final de una banda \u00b4, la comedia que arrasa con m\u00e1s de 1 mill\u00f3n de espectadores en Madrid. Eloy Arenas, Ra\u00fal Pe\u00f1a, Rebeca Brik, Adriana Bruguera y Jorge Vidal regresan de la mano de Gabriel Olivares con m\u00e1s de 3.500 funciones a las espaldas&nbsp;<strong><\/strong> <a href=\"https:\/\/www.elalmanaque.com\/Sep20\/18-9-20.htm#ACTUALIDAD%20CULTURAL\"><\/a><\/p>\n\n\n\n<figure class=\"wp-block-image\"><img decoding=\"async\" src=\"https:\/\/www.elalmanaque.com\/Oct15\/efemeridesp.jpg\" alt=\"\"\/><\/figure>\n\n\n\n<p>&nbsp;Mar\u00eda del Roc\u00edo Trinidad Mohedano Jurado, conocida art\u00edsticamente como&nbsp;<strong>Roc\u00edo Jurado<\/strong>&nbsp;(Chipiona, C\u00e1diz, Espa\u00f1a; 18 de septiembre de 1946 &#8211; Alcobendas, Madrid, Espa\u00f1a; 1 de junio de 2006) fue una cantante de reconocida fama, que se especializ\u00f3 en g\u00e9neros musicales genuinamente espa\u00f1oles (copla, flamenco) as\u00ed como en la balada rom\u00e1ntica, faceta con la que alcanz\u00f3 relevancia en Espa\u00f1a y Latinoam\u00e9rica<br><br>James Marshall Hendrix (nacido como Johnny Allen Hendrix; Seattle, Washington, 27 de noviembre de 1942-Notting Hill, Londres, 18 de septiembre de 1970), m\u00e1s conocido como&nbsp;<strong>Jimi Hendrix,<\/strong>&nbsp;fue un guitarrista, cantante y compositor estadounidense.&nbsp;<strong><\/strong> <a href=\"https:\/\/www.elalmanaque.com\/Sep20\/18-9-20.htm#ACTUALIDAD%20CULTURAL\"><\/a><\/p>\n\n\n\n<p><strong>Calendario de eventos Madrid 2020<br><br><\/strong> Madrid recupera poco a poco su nivel habitual de actividades de ocio y cultura. \u00a1Disfr\u00fatalas con responsabilidad! \u00a1Madrid est\u00e1 en todas nuestras manos! Recuerda consultar las limitaciones de aforo y seguir las recomendaciones de higiene, seguridad y distanciamiento social. <a href=\"https:\/\/www.elalmanaque.com\/Sep20\/18-9-20.htm#ACTUALIDAD%20CULTURAL\"><\/a><\/p>\n\n\n\n<p><strong>Botero: 60 a\u00f1os de pintura<br><\/strong> CentroCentro acoge del 17 de septiembre al 7 de febrero la mayor retrospectiva dedicada al artista colombiano en Europa, que re\u00fane 67 obras de gran formato. Una ocasi\u00f3n \u00fanica para conocer la trayectoria de Botero con un recorrido por 60 a\u00f1os de producci\u00f3n art\u00edstica y su obra in\u00e9dita m\u00e1s reciente de acuarelas sobre lienzo. <a href=\"https:\/\/www.elalmanaque.com\/Sep20\/18-9-20.htm#ACTUALIDAD%20CULTURAL\"><\/a><\/p>\n\n\n\n<p><strong><a>GASTRONOMIA &#8211;<\/a> HOTELERIA &#8211; <a>AGROALIMENTARIA<\/a><\/strong><\/p>\n\n\n\n<p><strong>LOS JUEVES DE TARRAGONA SABEN A\u2026 \u00a1GASTRODELIRIUM!<\/strong><br>Como pre\u00e1mbulo culinario del fin de semana, la capital catalana tienta al paladar con esta innovadora ruta gastron\u00f3mica en la que participan 14 establecimientos &#8211; <a href=\"https:\/\/www.elalmanaque.com\/Sep20\/18-9-20.htm#GASTRONOMIA-HOSTELERIA\"><\/a><strong><br>HOTEL GOLF PLAYA : NUESTRA PROPUESTA DE MEN\u00daS MARINEROS<\/strong> <strong>&nbsp;<\/strong><strong>18 DE SEPTIEMBRE AL 11 DE OCTUBRE 2020 &#8211;<\/strong> <strong>KFC&nbsp;busca a sus clientes m\u00e1s insatisfechos para darles \u2018Mucho por muy poco\u2019<\/strong> &nbsp;<\/p>\n\n\n\n<p><strong>Tres ingenieros descubren el mejor aceite del mundo: \u201c9&nbsp;Oliveres\u201d<br><br><\/strong>Si pregunt\u00e1ramos en Espa\u00f1a c\u00faal es el mejor aceite del mundo, la mayor\u00eda responder\u00edan que el&nbsp; oro de Ja\u00e9n. Sin embargo, los parques naturales alicantinos de la Sierra de Mariola y el Carrascal de la Font Roja han recibido el reconocimiento universal que sus olivos producen desde el 2015 el aceite m\u00e1s preciado del planeta que comercializa 9 OLIVERES.<a href=\"https:\/\/www.elalmanaque.com\/Sep20\/18-9-20.htm#GASTRONOMIA-HOSTELERIA\"><\/a><\/p>\n\n\n\n<p><strong>VIAJES &#8211; &nbsp;TURISMO<\/strong><\/p>\n\n\n\n<p><strong>HOSTELERIA &#8211; EVENTOS<\/strong><\/p>\n\n\n\n<p><strong>Estos son los pueblos m\u00e1s sorprendentes de Europa, seg\u00fan Jetcost<\/strong> <strong>Autoire (Francia)<\/strong><br>Situado en Lot, cerca de la frontera con el departamento de Dordo\u00f1a, forma parte de la selecci\u00f3n de los \u00abpueblos m\u00e1s bellos de Francia\u00bb.<\/p>\n\n\n\n<p>Reservar los viajes con toda confianza con Air France<br>\uf0b7 Nuevas medidas comerciales, sencillas y flexibles.<br>\uf0b7 1.100 millones de euros reembolsados para m\u00e1s de 2 millones de reclamaciones procesadas. <a href=\"https:\/\/www.elalmanaque.com\/Sep20\/18-9-20.htm#TURISMO\"><\/a><\/p>\n\n\n\n<p><strong>El arte regresa a Gran Breta\u00f1a: exposiciones imprescindibles en 2020<\/strong><br>Las galer\u00edas de arte de Gran Breta\u00f1a est\u00e1n preparadas para el regreso de exposiciones inspiradoras e innovadoras en lo que queda de 2020.<br>Desde autores de renombre mundial como J.M.W. Turner y Andy Warhol hasta fascinantes artistas locales que muestran su trabajo en todas las naciones, la escena art\u00edstica brit\u00e1nica tiene muchos espect\u00e1culos excepcionales para ver antes de fin de a\u00f1o.<strong>&nbsp;<\/strong><a href=\"https:\/\/www.elalmanaque.com\/Sep20\/18-9-20.htm#TURISMO\"><\/a><\/p>\n\n\n\n<p><strong>ROSES MEJORA LA SE\u00d1ALIZACI\u00d3N DE SUS 3 RUTAS MEGAL\u00cdTICAS<br><\/strong><br>La localidad rosense pone en valor este patrimonio cultural renovando la se\u00f1alizaci\u00f3n, tanto direccional como interpretativa, con c\u00f3digos QR, de los tres senderos a pie <a href=\"https:\/\/www.elalmanaque.com\/Sep20\/18-9-20.htm#TURISMO\"><\/a><\/p>\n\n\n\n<figure class=\"wp-block-image\"><img decoding=\"async\" src=\"https:\/\/elalmanaque.com\/Sep19\/fotos\/b821babd-3b71-4cd4-8bc0-m.jpg\" alt=\"\"\/><\/figure>\n\n\n\n<p>Las huellas del pasado en Valonia: un paseo por los principales escenarios de batalla<br>El b\u00fanker de Hitler, el museo de la Batalla de las Ardenas o la Colina de Le\u00f3n son algunas de las visitas imprescindibles con un marcado car\u00e1cter hist\u00f3rico.<\/p>\n\n\n\n<p><a href=\"https:\/\/elalmanaque.com\/turismo\/destinos\/etiopia.htm\"><\/a><a href=\"https:\/\/elalmanaque.com\/turismo\/destinos\/etiopia.htm\">Etiop\u00eda, la \u00c1frica m\u00e1s original&nbsp;<\/a><br>Seguro que no muchos saben que<strong>&nbsp;Etiop\u00eda fue el \u00fanico pa\u00eds de \u00c1frica que se libr\u00f3 de un proceso de colonizaci\u00f3n<\/strong>. Este dato, a simple vista hist\u00f3rico, nos ofrece un nuevo prisma sobre el que enfocar nuestro viaje por este pa\u00eds \u00fanico en el continente m\u00e1s desconocido. Resulta curioso que este enclave sin salida al mar desde hace unos a\u00f1os<strong>&nbsp;\u2013se independiz\u00f3 de ellos Eritrea en los 90\u2013<\/strong>&nbsp;que cuente con atletas m\u00e1s famosos que sus monumentos cuando en realidad sus maravillas quiz\u00e1 la conviertan en la joya de \u00c1frica.&nbsp;<a href=\"https:\/\/www.elalmanaque.com\/Sep20\/18-9-20.htm#TURISMO\"><\/a><\/p>\n\n\n\n<figure class=\"wp-block-image\"><img decoding=\"async\" src=\"https:\/\/www.elalmanaque.com\/Marzo18\/fotos\/image_content_7871603.jpg\" alt=\"\"\/><\/figure>\n\n\n\n<p><a href=\"https:\/\/www.elalmanaque.com\/turismo\/destinos\/maldivas.htm\"><\/a><\/p>\n\n\n\n<p><strong><a href=\"https:\/\/www.elalmanaque.com\/turismo\/destinos\/maldivas.htm\">Maldivas, el para\u00edso del Oc\u00e9ano \u00cdndico<\/a><\/strong><br><br>El estr\u00e9s forma parte de nuestra vida cotidiana, vivimos en una sociedad muy exigente y a veces tenemos que escapar por unos d\u00edas, darnos un respiro y huir de la vida real.<br>Y uno de los destinos mas exclusivos del planeta para desconectar son indudablemente las islas Maldivas.<\/p>\n\n\n\n<p><a href=\"https:\/\/www.elalmanaque.com\/turismo\/destinos\">DESTINOS DE VIAJES<\/a>&nbsp;&nbsp;<a href=\"https:\/\/www.elalmanaque.com\/Sep20\/18-9-20.htm#TURISMO\"><\/a><br>&nbsp;<\/p>\n\n\n\n<p><a href=\"https:\/\/www.elalmanaque.com\/almanaques_2020.htm\">ARCHIVO<\/a><a href=\"https:\/\/www.elalmanaque.com\/almanaques_2019.htm\">&nbsp;&#8211;&nbsp;<\/a><strong><a href=\"https:\/\/elalmanaque.com\/portada\/index.htm\">PORTADA<\/a><\/strong><strong>S &#8211;&nbsp;<\/strong><a href=\"https:\/\/www.elalmanaque.com\/almanaques_2019.htm\">EDICIONES DE ALMANAQUES&nbsp;<\/a><a href=\"https:\/\/www.elalmanaque.com\/almanaques_2020.htm\">SEPTIEMBRE<\/a><a href=\"https:\/\/www.elalmanaque.com\/almanaques_2020.htm\"><strong>&nbsp;20<\/strong>20&nbsp;<\/a>:&nbsp;<\/p>\n\n\n\n<p><a href=\"https:\/\/elalmanaque.com\/Sep20\/1-9-20.htm\">1<\/a> &#8211; <a href=\"https:\/\/elalmanaque.com\/Sep20\/2-9-20.htm\">2<\/a> &#8211; <a href=\"https:\/\/elalmanaque.com\/Sep20\/3-9-20.htm\">3<\/a> &#8211; <a href=\"https:\/\/elalmanaque.com\/Sep20\/4-9-20.htm\">4<\/a> &#8211; <a href=\"https:\/\/elalmanaque.com\/Sep20\/5-9-20.htm\">5<\/a> &#8211; <a href=\"https:\/\/elalmanaque.com\/Sep20\/6-9-20.htm\">6<\/a> &#8211; <a href=\"https:\/\/elalmanaque.com\/Sep20\/7-9-20.htm\">7<\/a> &#8211; <a href=\"https:\/\/elalmanaque.com\/Sep20\/8-9-20.htm\">8<\/a> &#8211; <a href=\"https:\/\/elalmanaque.com\/Sep20\/9-9-20.htm\">9<\/a> &#8211; <a href=\"https:\/\/elalmanaque.com\/Sep20\/10-9-20.htm\">10<\/a> &#8211; <a href=\"https:\/\/elalmanaque.com\/Sep20\/11-9-20.htm\">11<\/a> &#8211; <a href=\"https:\/\/elalmanaque.com\/Sep20\/12-9-20.htm\">12<\/a> &#8211; <a href=\"https:\/\/elalmanaque.com\/Sep20\/13-9-20.htm\">13<\/a> &#8211; <a href=\"https:\/\/elalmanaque.com\/Sep20\/14-9-20.htm\">14<\/a> &#8211; <a href=\"https:\/\/elalmanaque.com\/Sep20\/15-9-20.htm\">15<\/a> &#8211; <a href=\"https:\/\/elalmanaque.com\/Sep20\/16-9-20.htm\">16<\/a> &#8211; <a href=\"https:\/\/elalmanaque.com\/Sep20\/17-9-20.htm\">17<\/a><\/p>\n\n\n\n<p>SUSCRIPCIONES AL MAGAZINE :&nbsp; El Almanaque se env\u00eda \u00fanicamente a los suscriptores.&nbsp;Suscripciones gratis&nbsp;&nbsp;<\/p>\n\n\n\n<p>Para informaci\u00f3n, BAJAS, consultas y\/o sugerencias , contactar con Editor y Webmaster :&nbsp;<a href=\"mailto:webmaster@elalmanaque.com\">webmaster<\/a><a href=\"mailto:webmaster@elalmanaque.com\">@elalmanaque.com<\/a>&nbsp;<\/p>\n","protected":false},"excerpt":{"rendered":"<p>SANTORAL\u00a0 &#8211;\u00a0L\u00c9XICO &#8211; EFEM\u00c9RIDES &#8211; DIAS MUNDIALES &#8211;\u00a0CALENDARIOS &#8211;\u00a0\u00a0HUMOR &#8211; GASTRONOMIA &#8211; TURISMO &#8211; DESTINOS &#8211; REPORTAJES\u00a0 El Almanaque N\u00ba 7608 Viernes 18 de Septiembre&hellip; <\/p>\n","protected":false},"author":1,"featured_media":31321,"comment_status":"closed","ping_status":"closed","sticky":false,"template":"","format":"standard","meta":{"footnotes":""},"categories":[106,10,46,8,73,69,99,84],"tags":[],"class_list":["post-32480","post","type-post","status-publish","format-standard","has-post-thumbnail","hentry","category-almanaques","category-autoayuda","category-cine","category-cultura","category-curiosidades","category-gastronomia","category-hogar","category-idiomas"],"yoast_head":"<!-- This site is optimized with the Yoast SEO plugin v24.8.1 - https:\/\/yoast.com\/wordpress\/plugins\/seo\/ -->\n<title>El Almanaque N\u00ba 7608 Viernes 18 de Septiembre de 2020 - El Almanaque<\/title>\n<meta name=\"robots\" content=\"index, follow, max-snippet:-1, max-image-preview:large, max-video-preview:-1\" \/>\n<link rel=\"canonical\" href=\"https:\/\/www.elalmanaque.com\/wp\/almanaques\/el-almanaque-no-7608-viernes-18-de-septiembre-de-2020\/\" \/>\n<meta property=\"og:locale\" content=\"es_ES\" \/>\n<meta property=\"og:type\" content=\"article\" \/>\n<meta property=\"og:title\" content=\"El Almanaque N\u00ba 7608 Viernes 18 de Septiembre de 2020 - El Almanaque\" \/>\n<meta property=\"og:description\" content=\"SANTORAL\u00a0 &#8211;\u00a0L\u00c9XICO &#8211; EFEM\u00c9RIDES &#8211; DIAS MUNDIALES &#8211;\u00a0CALENDARIOS &#8211;\u00a0\u00a0HUMOR &#8211; GASTRONOMIA &#8211; TURISMO &#8211; DESTINOS &#8211; REPORTAJES\u00a0 El Almanaque N\u00ba 7608 Viernes 18 de Septiembre&hellip;\" \/>\n<meta property=\"og:url\" content=\"https:\/\/www.elalmanaque.com\/wp\/almanaques\/el-almanaque-no-7608-viernes-18-de-septiembre-de-2020\/\" \/>\n<meta property=\"og:site_name\" content=\"El Almanaque\" \/>\n<meta property=\"article:published_time\" content=\"2020-09-18T08:37:31+00:00\" \/>\n<meta property=\"article:modified_time\" content=\"2020-09-18T08:37:33+00:00\" \/>\n<meta property=\"og:image\" content=\"https:\/\/www.elalmanaque.com\/wp\/wp-content\/uploads\/2020\/05\/24811_113126318710411_5770706_n-1.jpg\" \/>\n\t<meta property=\"og:image:width\" content=\"200\" \/>\n\t<meta property=\"og:image:height\" content=\"24\" \/>\n\t<meta property=\"og:image:type\" content=\"image\/jpeg\" \/>\n<meta name=\"author\" content=\"Redactor\" \/>\n<meta name=\"twitter:card\" content=\"summary_large_image\" \/>\n<meta name=\"twitter:label1\" content=\"Escrito por\" \/>\n\t<meta name=\"twitter:data1\" content=\"Redactor\" \/>\n\t<meta name=\"twitter:label2\" content=\"Tiempo de lectura\" \/>\n\t<meta name=\"twitter:data2\" content=\"10 minutos\" \/>\n<script type=\"application\/ld+json\" class=\"yoast-schema-graph\">{\"@context\":\"https:\/\/schema.org\",\"@graph\":[{\"@type\":\"Article\",\"@id\":\"https:\/\/www.elalmanaque.com\/wp\/almanaques\/el-almanaque-no-7608-viernes-18-de-septiembre-de-2020\/#article\",\"isPartOf\":{\"@id\":\"https:\/\/www.elalmanaque.com\/wp\/almanaques\/el-almanaque-no-7608-viernes-18-de-septiembre-de-2020\/\"},\"author\":{\"name\":\"Redactor\",\"@id\":\"https:\/\/www.elalmanaque.com\/wp\/#\/schema\/person\/61ab31c67167988fe2679d590ca85afe\"},\"headline\":\"El Almanaque N\u00ba 7608 Viernes 18 de Septiembre de 2020\",\"datePublished\":\"2020-09-18T08:37:31+00:00\",\"dateModified\":\"2020-09-18T08:37:33+00:00\",\"mainEntityOfPage\":{\"@id\":\"https:\/\/www.elalmanaque.com\/wp\/almanaques\/el-almanaque-no-7608-viernes-18-de-septiembre-de-2020\/\"},\"wordCount\":2044,\"publisher\":{\"@id\":\"https:\/\/www.elalmanaque.com\/wp\/#organization\"},\"image\":{\"@id\":\"https:\/\/www.elalmanaque.com\/wp\/almanaques\/el-almanaque-no-7608-viernes-18-de-septiembre-de-2020\/#primaryimage\"},\"thumbnailUrl\":\"https:\/\/www.elalmanaque.com\/wp\/wp-content\/uploads\/2020\/05\/24811_113126318710411_5770706_n-1.jpg\",\"articleSection\":[\"Almanaques\",\"Autoayuda\",\"Cine\",\"Cultura\",\"Curiosidades\",\"Gastronomia\",\"Hogar\",\"Idiomas\"],\"inLanguage\":\"es\"},{\"@type\":\"WebPage\",\"@id\":\"https:\/\/www.elalmanaque.com\/wp\/almanaques\/el-almanaque-no-7608-viernes-18-de-septiembre-de-2020\/\",\"url\":\"https:\/\/www.elalmanaque.com\/wp\/almanaques\/el-almanaque-no-7608-viernes-18-de-septiembre-de-2020\/\",\"name\":\"El Almanaque N\u00ba 7608 Viernes 18 de Septiembre de 2020 - El Almanaque\",\"isPartOf\":{\"@id\":\"https:\/\/www.elalmanaque.com\/wp\/#website\"},\"primaryImageOfPage\":{\"@id\":\"https:\/\/www.elalmanaque.com\/wp\/almanaques\/el-almanaque-no-7608-viernes-18-de-septiembre-de-2020\/#primaryimage\"},\"image\":{\"@id\":\"https:\/\/www.elalmanaque.com\/wp\/almanaques\/el-almanaque-no-7608-viernes-18-de-septiembre-de-2020\/#primaryimage\"},\"thumbnailUrl\":\"https:\/\/www.elalmanaque.com\/wp\/wp-content\/uploads\/2020\/05\/24811_113126318710411_5770706_n-1.jpg\",\"datePublished\":\"2020-09-18T08:37:31+00:00\",\"dateModified\":\"2020-09-18T08:37:33+00:00\",\"breadcrumb\":{\"@id\":\"https:\/\/www.elalmanaque.com\/wp\/almanaques\/el-almanaque-no-7608-viernes-18-de-septiembre-de-2020\/#breadcrumb\"},\"inLanguage\":\"es\",\"potentialAction\":[{\"@type\":\"ReadAction\",\"target\":[\"https:\/\/www.elalmanaque.com\/wp\/almanaques\/el-almanaque-no-7608-viernes-18-de-septiembre-de-2020\/\"]}]},{\"@type\":\"ImageObject\",\"inLanguage\":\"es\",\"@id\":\"https:\/\/www.elalmanaque.com\/wp\/almanaques\/el-almanaque-no-7608-viernes-18-de-septiembre-de-2020\/#primaryimage\",\"url\":\"https:\/\/www.elalmanaque.com\/wp\/wp-content\/uploads\/2020\/05\/24811_113126318710411_5770706_n-1.jpg\",\"contentUrl\":\"https:\/\/www.elalmanaque.com\/wp\/wp-content\/uploads\/2020\/05\/24811_113126318710411_5770706_n-1.jpg\",\"width\":200,\"height\":24},{\"@type\":\"BreadcrumbList\",\"@id\":\"https:\/\/www.elalmanaque.com\/wp\/almanaques\/el-almanaque-no-7608-viernes-18-de-septiembre-de-2020\/#breadcrumb\",\"itemListElement\":[{\"@type\":\"ListItem\",\"position\":1,\"name\":\"Portada\",\"item\":\"https:\/\/www.elalmanaque.com\/wp\/\"},{\"@type\":\"ListItem\",\"position\":2,\"name\":\"El Almanaque N\u00ba 7608 Viernes 18 de Septiembre de 2020\"}]},{\"@type\":\"WebSite\",\"@id\":\"https:\/\/www.elalmanaque.com\/wp\/#website\",\"url\":\"https:\/\/www.elalmanaque.com\/wp\/\",\"name\":\"El Almanaque\",\"description\":\"Revista de Cultura y Ocio\",\"publisher\":{\"@id\":\"https:\/\/www.elalmanaque.com\/wp\/#organization\"},\"potentialAction\":[{\"@type\":\"SearchAction\",\"target\":{\"@type\":\"EntryPoint\",\"urlTemplate\":\"https:\/\/www.elalmanaque.com\/wp\/?s={search_term_string}\"},\"query-input\":{\"@type\":\"PropertyValueSpecification\",\"valueRequired\":true,\"valueName\":\"search_term_string\"}}],\"inLanguage\":\"es\"},{\"@type\":\"Organization\",\"@id\":\"https:\/\/www.elalmanaque.com\/wp\/#organization\",\"name\":\"El Almanaque\",\"url\":\"https:\/\/www.elalmanaque.com\/wp\/\",\"logo\":{\"@type\":\"ImageObject\",\"inLanguage\":\"es\",\"@id\":\"https:\/\/www.elalmanaque.com\/wp\/#\/schema\/logo\/image\/\",\"url\":\"https:\/\/www.elalmanaque.com\/wp\/wp-content\/uploads\/2020\/03\/cropped-elalmanaque.jpg\",\"contentUrl\":\"https:\/\/www.elalmanaque.com\/wp\/wp-content\/uploads\/2020\/03\/cropped-elalmanaque.jpg\",\"width\":900,\"height\":164,\"caption\":\"El Almanaque\"},\"image\":{\"@id\":\"https:\/\/www.elalmanaque.com\/wp\/#\/schema\/logo\/image\/\"}},{\"@type\":\"Person\",\"@id\":\"https:\/\/www.elalmanaque.com\/wp\/#\/schema\/person\/61ab31c67167988fe2679d590ca85afe\",\"name\":\"Redactor\",\"image\":{\"@type\":\"ImageObject\",\"inLanguage\":\"es\",\"@id\":\"https:\/\/www.elalmanaque.com\/wp\/#\/schema\/person\/image\/\",\"url\":\"https:\/\/secure.gravatar.com\/avatar\/a1cd6ad4f449e45fea5ebd57548cb588?s=96&d=mm&r=g\",\"contentUrl\":\"https:\/\/secure.gravatar.com\/avatar\/a1cd6ad4f449e45fea5ebd57548cb588?s=96&d=mm&r=g\",\"caption\":\"Redactor\"},\"url\":\"https:\/\/www.elalmanaque.com\/wp\/author\/useralmanaque\/\"}]}<\/script>\n<!-- \/ Yoast SEO plugin. -->","yoast_head_json":{"title":"El Almanaque N\u00ba 7608 Viernes 18 de Septiembre de 2020 - El Almanaque","robots":{"index":"index","follow":"follow","max-snippet":"max-snippet:-1","max-image-preview":"max-image-preview:large","max-video-preview":"max-video-preview:-1"},"canonical":"https:\/\/www.elalmanaque.com\/wp\/almanaques\/el-almanaque-no-7608-viernes-18-de-septiembre-de-2020\/","og_locale":"es_ES","og_type":"article","og_title":"El Almanaque N\u00ba 7608 Viernes 18 de Septiembre de 2020 - El Almanaque","og_description":"SANTORAL\u00a0 &#8211;\u00a0L\u00c9XICO &#8211; EFEM\u00c9RIDES &#8211; DIAS MUNDIALES &#8211;\u00a0CALENDARIOS &#8211;\u00a0\u00a0HUMOR &#8211; GASTRONOMIA &#8211; TURISMO &#8211; DESTINOS &#8211; REPORTAJES\u00a0 El Almanaque N\u00ba 7608 Viernes 18 de Septiembre&hellip;","og_url":"https:\/\/www.elalmanaque.com\/wp\/almanaques\/el-almanaque-no-7608-viernes-18-de-septiembre-de-2020\/","og_site_name":"El Almanaque","article_published_time":"2020-09-18T08:37:31+00:00","article_modified_time":"2020-09-18T08:37:33+00:00","og_image":[{"width":200,"height":24,"url":"https:\/\/www.elalmanaque.com\/wp\/wp-content\/uploads\/2020\/05\/24811_113126318710411_5770706_n-1.jpg","type":"image\/jpeg"}],"author":"Redactor","twitter_card":"summary_large_image","twitter_misc":{"Escrito por":"Redactor","Tiempo de lectura":"10 minutos"},"schema":{"@context":"https:\/\/schema.org","@graph":[{"@type":"Article","@id":"https:\/\/www.elalmanaque.com\/wp\/almanaques\/el-almanaque-no-7608-viernes-18-de-septiembre-de-2020\/#article","isPartOf":{"@id":"https:\/\/www.elalmanaque.com\/wp\/almanaques\/el-almanaque-no-7608-viernes-18-de-septiembre-de-2020\/"},"author":{"name":"Redactor","@id":"https:\/\/www.elalmanaque.com\/wp\/#\/schema\/person\/61ab31c67167988fe2679d590ca85afe"},"headline":"El Almanaque N\u00ba 7608 Viernes 18 de Septiembre de 2020","datePublished":"2020-09-18T08:37:31+00:00","dateModified":"2020-09-18T08:37:33+00:00","mainEntityOfPage":{"@id":"https:\/\/www.elalmanaque.com\/wp\/almanaques\/el-almanaque-no-7608-viernes-18-de-septiembre-de-2020\/"},"wordCount":2044,"publisher":{"@id":"https:\/\/www.elalmanaque.com\/wp\/#organization"},"image":{"@id":"https:\/\/www.elalmanaque.com\/wp\/almanaques\/el-almanaque-no-7608-viernes-18-de-septiembre-de-2020\/#primaryimage"},"thumbnailUrl":"https:\/\/www.elalmanaque.com\/wp\/wp-content\/uploads\/2020\/05\/24811_113126318710411_5770706_n-1.jpg","articleSection":["Almanaques","Autoayuda","Cine","Cultura","Curiosidades","Gastronomia","Hogar","Idiomas"],"inLanguage":"es"},{"@type":"WebPage","@id":"https:\/\/www.elalmanaque.com\/wp\/almanaques\/el-almanaque-no-7608-viernes-18-de-septiembre-de-2020\/","url":"https:\/\/www.elalmanaque.com\/wp\/almanaques\/el-almanaque-no-7608-viernes-18-de-septiembre-de-2020\/","name":"El Almanaque N\u00ba 7608 Viernes 18 de Septiembre de 2020 - El Almanaque","isPartOf":{"@id":"https:\/\/www.elalmanaque.com\/wp\/#website"},"primaryImageOfPage":{"@id":"https:\/\/www.elalmanaque.com\/wp\/almanaques\/el-almanaque-no-7608-viernes-18-de-septiembre-de-2020\/#primaryimage"},"image":{"@id":"https:\/\/www.elalmanaque.com\/wp\/almanaques\/el-almanaque-no-7608-viernes-18-de-septiembre-de-2020\/#primaryimage"},"thumbnailUrl":"https:\/\/www.elalmanaque.com\/wp\/wp-content\/uploads\/2020\/05\/24811_113126318710411_5770706_n-1.jpg","datePublished":"2020-09-18T08:37:31+00:00","dateModified":"2020-09-18T08:37:33+00:00","breadcrumb":{"@id":"https:\/\/www.elalmanaque.com\/wp\/almanaques\/el-almanaque-no-7608-viernes-18-de-septiembre-de-2020\/#breadcrumb"},"inLanguage":"es","potentialAction":[{"@type":"ReadAction","target":["https:\/\/www.elalmanaque.com\/wp\/almanaques\/el-almanaque-no-7608-viernes-18-de-septiembre-de-2020\/"]}]},{"@type":"ImageObject","inLanguage":"es","@id":"https:\/\/www.elalmanaque.com\/wp\/almanaques\/el-almanaque-no-7608-viernes-18-de-septiembre-de-2020\/#primaryimage","url":"https:\/\/www.elalmanaque.com\/wp\/wp-content\/uploads\/2020\/05\/24811_113126318710411_5770706_n-1.jpg","contentUrl":"https:\/\/www.elalmanaque.com\/wp\/wp-content\/uploads\/2020\/05\/24811_113126318710411_5770706_n-1.jpg","width":200,"height":24},{"@type":"BreadcrumbList","@id":"https:\/\/www.elalmanaque.com\/wp\/almanaques\/el-almanaque-no-7608-viernes-18-de-septiembre-de-2020\/#breadcrumb","itemListElement":[{"@type":"ListItem","position":1,"name":"Portada","item":"https:\/\/www.elalmanaque.com\/wp\/"},{"@type":"ListItem","position":2,"name":"El Almanaque N\u00ba 7608 Viernes 18 de Septiembre de 2020"}]},{"@type":"WebSite","@id":"https:\/\/www.elalmanaque.com\/wp\/#website","url":"https:\/\/www.elalmanaque.com\/wp\/","name":"El Almanaque","description":"Revista de Cultura y Ocio","publisher":{"@id":"https:\/\/www.elalmanaque.com\/wp\/#organization"},"potentialAction":[{"@type":"SearchAction","target":{"@type":"EntryPoint","urlTemplate":"https:\/\/www.elalmanaque.com\/wp\/?s={search_term_string}"},"query-input":{"@type":"PropertyValueSpecification","valueRequired":true,"valueName":"search_term_string"}}],"inLanguage":"es"},{"@type":"Organization","@id":"https:\/\/www.elalmanaque.com\/wp\/#organization","name":"El Almanaque","url":"https:\/\/www.elalmanaque.com\/wp\/","logo":{"@type":"ImageObject","inLanguage":"es","@id":"https:\/\/www.elalmanaque.com\/wp\/#\/schema\/logo\/image\/","url":"https:\/\/www.elalmanaque.com\/wp\/wp-content\/uploads\/2020\/03\/cropped-elalmanaque.jpg","contentUrl":"https:\/\/www.elalmanaque.com\/wp\/wp-content\/uploads\/2020\/03\/cropped-elalmanaque.jpg","width":900,"height":164,"caption":"El Almanaque"},"image":{"@id":"https:\/\/www.elalmanaque.com\/wp\/#\/schema\/logo\/image\/"}},{"@type":"Person","@id":"https:\/\/www.elalmanaque.com\/wp\/#\/schema\/person\/61ab31c67167988fe2679d590ca85afe","name":"Redactor","image":{"@type":"ImageObject","inLanguage":"es","@id":"https:\/\/www.elalmanaque.com\/wp\/#\/schema\/person\/image\/","url":"https:\/\/secure.gravatar.com\/avatar\/a1cd6ad4f449e45fea5ebd57548cb588?s=96&d=mm&r=g","contentUrl":"https:\/\/secure.gravatar.com\/avatar\/a1cd6ad4f449e45fea5ebd57548cb588?s=96&d=mm&r=g","caption":"Redactor"},"url":"https:\/\/www.elalmanaque.com\/wp\/author\/useralmanaque\/"}]}},"_links":{"self":[{"href":"https:\/\/www.elalmanaque.com\/wp\/wp-json\/wp\/v2\/posts\/32480","targetHints":{"allow":["GET"]}}],"collection":[{"href":"https:\/\/www.elalmanaque.com\/wp\/wp-json\/wp\/v2\/posts"}],"about":[{"href":"https:\/\/www.elalmanaque.com\/wp\/wp-json\/wp\/v2\/types\/post"}],"author":[{"embeddable":true,"href":"https:\/\/www.elalmanaque.com\/wp\/wp-json\/wp\/v2\/users\/1"}],"replies":[{"embeddable":true,"href":"https:\/\/www.elalmanaque.com\/wp\/wp-json\/wp\/v2\/comments?post=32480"}],"version-history":[{"count":1,"href":"https:\/\/www.elalmanaque.com\/wp\/wp-json\/wp\/v2\/posts\/32480\/revisions"}],"predecessor-version":[{"id":32481,"href":"https:\/\/www.elalmanaque.com\/wp\/wp-json\/wp\/v2\/posts\/32480\/revisions\/32481"}],"wp:featuredmedia":[{"embeddable":true,"href":"https:\/\/www.elalmanaque.com\/wp\/wp-json\/wp\/v2\/media\/31321"}],"wp:attachment":[{"href":"https:\/\/www.elalmanaque.com\/wp\/wp-json\/wp\/v2\/media?parent=32480"}],"wp:term":[{"taxonomy":"category","embeddable":true,"href":"https:\/\/www.elalmanaque.com\/wp\/wp-json\/wp\/v2\/categories?post=32480"},{"taxonomy":"post_tag","embeddable":true,"href":"https:\/\/www.elalmanaque.com\/wp\/wp-json\/wp\/v2\/tags?post=32480"}],"curies":[{"name":"wp","href":"https:\/\/api.w.org\/{rel}","templated":true}]}}