{"id":32439,"date":"2020-09-10T09:30:50","date_gmt":"2020-09-10T08:30:50","guid":{"rendered":"https:\/\/www.elalmanaque.com\/wp\/?p=32439"},"modified":"2020-09-10T09:30:52","modified_gmt":"2020-09-10T08:30:52","slug":"el-almanaque-no-7600-jueves-10-de-septiembre-de-2020","status":"publish","type":"post","link":"https:\/\/www.elalmanaque.com\/wp\/almanaques\/el-almanaque-no-7600-jueves-10-de-septiembre-de-2020\/","title":{"rendered":"El Almanaque N\u00ba 7600 Jueves 10 de Septiembre de 2020"},"content":{"rendered":"\n<p><a href=\"https:\/\/www.elalmanaque.com\/santoral\/index.htm\">SANTORAL<\/a>\u00a0 &#8211;\u00a0<a href=\"https:\/\/www.elalmanaque.com\/El_Origen_de_las_Palabras\/index.html\">L\u00c9XICO<\/a> &#8211; <a href=\"https:\/\/www.elalmanaque.com\/Efemerides\/index.htm\">EFEM\u00c9RIDES<\/a> &#8211; <a rel=\"noreferrer noopener\" target=\"_blank\" href=\"https:\/\/www.elalmanaque.com\/wp\/categoria\/dias-mundiales\/\">DIAS MUNDIALES<\/a> &#8211;\u00a0<a href=\"https:\/\/www.elalmanaque.com\/Calendarios\">CALENDARIOS &#8211;<\/a>\u00a0\u00a0<a href=\"https:\/\/www.elalmanaque.com\/Humor_II\/index.html\">HUMOR<\/a> &#8211; <a href=\"https:\/\/www.elalmanaque.com\/turismo\/gastronomia\/index.htm\">GASTRONOMIA<\/a> &#8211; <a href=\"https:\/\/www.elalmanaque.com\/turismo\/index.htm\">TURISMO<\/a><strong> &#8211;<\/strong> <a href=\"https:\/\/www.elalmanaque.com\/turismo\/destinos\">DESTINOS<strong> &#8211;<\/strong><\/a> <a href=\"https:\/\/www.elalmanaque.com\/reportajes\/index.htm\">REPORTAJES<\/a><\/p>\n\n\n\n<p><a href=\"https:\/\/elalmanaque.com\/Sep20\/10-9-20.htm\">El Almanaque N\u00ba 7600 Jueves 10 de Septiembre de 2020<\/a>\u00a0<\/p>\n\n\n\n<p><strong>D\u00eda mundial para la prevenci\u00f3n del suicidio<\/strong><\/p>\n\n\n\n<figure class=\"wp-block-image\"><img decoding=\"async\" src=\"https:\/\/www.elalmanaque.com\/Sep14\/fotos\/suicidios.jpg\" alt=\"\"\/><\/figure>\n\n\n\n<p><strong>Lema 2020 : Trabajando Juntos para la prevenci\u00f3n<\/strong><\/p>\n\n\n\n<p>&nbsp;Los j\u00f3venes son el grupo de mayor riesgo en una tercera parte de los pa\u00edses del mundo.<\/p>\n\n\n\n<blockquote class=\"wp-block-quote is-layout-flow wp-block-quote-is-layout-flow\"><p><strong><a href=\"https:\/\/www.elalmanaque.com\/Sep20\/10-9-20.htm\">LEA COMPLETO EL ALMANAQUE DE HOY<\/a><\/strong><\/p><\/blockquote>\n\n\n\n<figure><iframe loading=\"lazy\" width=\"728\" height=\"90\" src=\"https:\/\/rcm-eu.amazon-adsystem.com\/e\/cm?o=30&amp;p=48&amp;l=ur1&amp;category=electronica&amp;banner=1ZFFFVGD3JXYV7FSVA02&amp;f=ifr&amp;linkID=c21785b2eede7444a87cf67d73ae21c8&amp;t=wwwelalmanaqu-21&amp;tracking_id=wwwelalmanaqu-21\"><\/iframe><\/figure>\n\n\n\n<p><a target=\"_blank\" href=\"https:\/\/amzn.to\/2AZdc4x\" rel=\"noreferrer noopener\">\u00daltimas novedades de Amazon<\/a>&nbsp;&#8211;&nbsp;<a target=\"_blank\" href=\"https:\/\/www.amazon.es\/b?node=2454136031&amp;_encoding=UTF8&amp;tag=wwwelalmanaqu-21\" rel=\"noreferrer noopener\">Deportes<\/a>&nbsp;&#8211;&nbsp;<a href=\"https:\/\/amzn.to\/3cNHRyQ\">Electr\u00f3nica<\/a>&nbsp;&#8211;&nbsp;<a target=\"_blank\" href=\"https:\/\/amzn.to\/2EA7WWQ\" rel=\"noreferrer noopener\">Belleza y Salud<\/a> &#8211; <a target=\"_blank\" href=\"https:\/\/amzn.to\/3jjWBcf\" rel=\"noreferrer noopener\">Moda<\/a> &#8211; <a target=\"_blank\" href=\"https:\/\/amzn.to\/2W7UqQ0\" rel=\"noreferrer noopener\">Hogar y Cocina<\/a><\/p>\n\n\n\n<p><strong>EFEM\u00c9RIDES<\/strong><\/p>\n\n\n\n<p><strong>SANTORAL<\/strong><\/p>\n\n\n\n<figure class=\"wp-block-image\"><img decoding=\"async\" src=\"https:\/\/www.elalmanaque.com\/Oct15\/lexico.jpg\" alt=\"\"\/><\/figure>\n\n\n\n<p><strong>EFEM\u00c9RIDES&nbsp;<\/strong><strong>10<\/strong><strong> de&nbsp;<\/strong><strong>Septiembre<\/strong>&nbsp;<br>1419 Es asesinado Juan sin Miedo, duque de Borgo\u00f1a.<br>1785 Los EEUU firman un acuerdo comercial con Prusia.<br>1810 Nace el pol\u00edtico nacionalista italiano conde de Cavour.<br>1831 Espa\u00f1a: creaci\u00f3n de la Bolsa de Madrid.<br>1898 Asesinada la emperatriz Sissi de Austria, tambi\u00e9n reina de Hungr\u00eda, en un atentado terrorista<a href=\"https:\/\/www.elalmanaque.com\/Sep20\/10-9-20.htm#LEXICO\"><\/a><\/p>\n\n\n\n<figure class=\"wp-block-image\"><img decoding=\"async\" src=\"https:\/\/www.elalmanaque.com\/Oct15\/santos.jpg\" alt=\"\"\/><\/figure>\n\n\n\n<p><strong>SANTORAL&nbsp;<\/strong><strong>10<\/strong><strong> de&nbsp;<\/strong><strong>Septiembre<\/strong>&nbsp;<br>Nicol\u00e1s de Tolentino, C\u00e1ndida , Ninfodora, Rosal\u00eda, Teodardo,&nbsp;&nbsp;<strong><br>ROSA &#8211; ROSAL\u00cdA<\/strong> El nombre de Rosa es inagotable. De \u00e9l han salido todo un rosario de nombres de mujer que quieren recordar a la reina de las flores, la flor que enamora por su belleza perfumada. Rosa, Rosario,&nbsp;<strong>Rosal\u00eda<\/strong>, R\u00f3sula, Rosalina, Rosina, Rosamunda,&nbsp; Rosalba, Rosana o Rosanna&#8230; todos hablan de la rosa, que la tenemos adornando nuestra cultura desde su mismo nacimiento.&nbsp; <a href=\"https:\/\/www.elalmanaque.com\/Sep20\/10-9-20.htm#LEXICO\"><\/a><\/p>\n\n\n\n<p><strong>L\u00c9XICO<\/strong><\/p>\n\n\n\n<p><strong>AUTOAYUDA &#8211; REDES<\/strong><\/p>\n\n\n\n<p><strong><\/strong>&nbsp;<strong>L\u00c9XICO &#8211;<\/strong> <strong>MELANCOL\u00cdA<br><\/strong> Quiz\u00e1s es en esta palabra en la que mejor se sintetiza la convicci\u00f3n profunda de que el esp\u00edritu humano viaja por el cuerpo en las secreciones, llamadas tambi\u00e9n \u00abhumores\u00bb. La melancol\u00eda es, en efecto, un humor negro, es decir una secreci\u00f3n glandular negra.Porque as\u00ed lo entend\u00edan los griegos crearon la palabra&nbsp;melagcolia&nbsp;(<em>melanjol\u00eda)<\/em>. Est\u00e1 formada por&nbsp;melan&nbsp;<em>(m\u00e9lan)<\/em>, que significa negro, m\u00e1s&nbsp;colh&nbsp;<em>(jol\u00e9),<\/em>&nbsp;que significa bilis, hiel.&nbsp;&nbsp; <a href=\"https:\/\/www.elalmanaque.com\/Sep20\/10-9-20.htm#LEXICO\"><\/a><\/p>\n\n\n\n<p><strong>El silencio de los padres de familia I<\/strong><br>Antes, los padres de familia educaban, con mayor o menor acierto, pero educaban. Podemos decir que en la actualidad existen muchos casos de miedo a ejercer el mando; ese temor en padres desorientados, es un fen\u00f3meno relativamente reciente.<br>Y ese miedo tiene una estrecha relaci\u00f3n con el deseo de no sufrir por un lado, y con la falta de informaci\u00f3n por otro. &nbsp;<strong><a href=\"https:\/\/www.elalmanaque.com\/Sep20\/10-9-20.htm#LEXICO\"><\/a><\/strong><\/p>\n\n\n\n<p><strong>DIAS MUNDIALES<\/strong><\/p>\n\n\n\n<p><img loading=\"lazy\" decoding=\"async\" src=\"https:\/\/www.elalmanaque.com\/Sep18\/fotos\/Suicidio2.jpg\" width=\"125\" height=\"118\"><strong>D\u00eda Mundial para la Prevenci\u00f3n del Suicidio.&nbsp;<\/strong>La Organizaci\u00f3n Mundial de la Salud celebra del 10 de septiembre de cada a\u00f1o el D\u00eda Mundial para la Prevenci\u00f3n del Suicidio.<\/p>\n\n\n\n<p><strong>Trabajando Juntos para la prevenci\u00f3n del Suicidio&nbsp;<\/strong>La prevenci\u00f3n del suicidio sigue siendo un desaf\u00edo universal. Cada a\u00f1o, el suicidio se encuentra entre las 20 principales causas de muerte a nivel mundial para personas de todas las edades. Es responsable de m\u00e1s de 800.000 muertes, lo que equivale a un suicidio cada 40 segundos.<\/p>\n\n\n\n<figure class=\"wp-block-image\"><img decoding=\"async\" src=\"https:\/\/www.elalmanaque.com\/Oct18\/leermas.gif\" alt=\"\"\/><\/figure>\n\n\n\n<p>&nbsp;<a href=\"https:\/\/www.elalmanaque.com\/Sep20\/10-9-20.htm#LEXICO\"><\/a><\/p>\n\n\n\n<p><img loading=\"lazy\" decoding=\"async\" src=\"https:\/\/www.elalmanaque.com\/Sep13\/fotos\/1378462401202-suicidio9913.jpg\" width=\"161\" height=\"120\"><strong>Prevenci\u00f3n del suicidio (SUPRE)<\/strong><br>Cada a\u00f1o se suicidan casi un mill\u00f3n de personas, lo que supone una tasa de mortalidad \u00abglobal\u00bb de 16 por 100 000, o una muerte cada 40 segundos. En los \u00faltimos 45 a\u00f1os las tasas de suicidio han aumentado en un 60% a nivel mundial. El suicidio es una de las tres primeras causas de defunci\u00f3n entre las personas de 15 a 44 a\u00f1os en algunos pa\u00edses, y la segunda causa en el grupo de 10 a 24 a\u00f1os; y estas cifras no incluyen los tentativas de suicidio, que son hasta 20 veces m\u00e1s frecuentes que los casos de suicidio consumado.<a href=\"https:\/\/www.elalmanaque.com\/Sep20\/10-9-20.htm#TECNOLOGIA E INTERNET\"><\/a><\/p>\n\n\n\n<p><strong>SALUD &#8211; HOGAR<\/strong><\/p>\n\n\n\n<p><strong>DOCUMENTOS<\/strong><\/p>\n\n\n\n<p><strong>Los mejores remedios caseros de la abuela para la salud I<\/strong><em> <\/em>Los abuelos han estado tristemente de actualidad en los \u00faltimos meses. Fueron los primeros en padecer los efectos del covid-19, han sufrido la ausencia de sus familiares, especialmente de los nietos. Luego las cosas han ido cambiando, pero el futuro sigue siendo incierto. En todo caso, hay que reconocerles el m\u00e9rito y el esfuerzo. Los abuelos, y especialmente las abuelas, han sido siempre fuentes de ense\u00f1anza, en la educaci\u00f3n, en las relaciones con los ni\u00f1os, en las buenas recetas de siempre, en los consejos, en los dichos populares&#8230; y en muchas cosas m\u00e1s.&nbsp; <a href=\"https:\/\/www.elalmanaque.com\/Sep20\/10-9-20.htm#TECNOLOGIA E INTERNET\"><\/a><\/p>\n\n\n\n<p><img loading=\"lazy\" decoding=\"async\" src=\"https:\/\/www.elalmanaque.com\/Sep18\/fotos\/mao.jpg\" width=\"164\" height=\"116\"><strong>Mao Zedong (<\/strong>en chino simplificado: \u6bdb\u6cfd\u4e1c, en chino tradicional: \u6bdb\u6fa4\u6771, en pinyin: \u00abM\u00e1o Z\u00e9 D\u014dng\u00bb y romanizado: \u00abMao Tse-Tung\u00bb; Acerca de este sonido \u02c8ma\u028a dz\u0259\u02c8d\u028a\u014b (?\u00b7i); Shaoshan, Hunan, 26 de diciembre de 1893-Pek\u00edn, 9 de septiembre de 1976) fue el m\u00e1ximo dirigente del Partido Comunista de China (PCCh) y de la Rep\u00fablica Popular China.<br>Bajo su liderazgo, el Partido Comunista se hizo con el poder en la China continental en 1949, cuando se proclam\u00f3 la nueva Rep\u00fablica Popular, tras la victoria en la Revoluci\u00f3n china contra las fuerzas de la Rep\u00fablica de China.&nbsp;&nbsp;<a href=\"https:\/\/www.elalmanaque.com\/Sep20\/10-9-20.htm#TECNOLOGIA E INTERNET\"><\/a><\/p>\n\n\n\n<p><strong>HUMOR &#8211; CURIOSIDADES<\/strong><\/p>\n\n\n\n<p><strong>EDUCACI\u00d3N<\/strong><\/p>\n\n\n\n<p><strong>FIL\u00d3LOGOS<\/strong><\/p>\n\n\n\n<p>&#8211; \u00bfQui\u00e9n mat\u00f3 al libro de lengua ?<br>&#8211; El sujeto.<\/p>\n\n\n\n<p>La relaci\u00f3n entre los profesores y los estudiantes es como la de una puta y sus clientes; cuanto mejor eres, mas te quieren joder.<\/p>\n\n\n\n<p>Copiar de un art\u00edculo se llama plagio, copiar de un libro se llama tesina, y copiar de muchos libros se llama tesis doctoral.<br><strong>MATEM\u00c1TICOS<\/strong><\/p>\n\n\n\n<p>&#8211; \u00bfPor qu\u00e9 se suicid\u00f3 el libro de mates?<br>&#8211; Porque tenia demasiados problemas.<\/p>\n\n\n\n<p>&#8211; \u00bfQu\u00e9 sucede cuando n tiende a infinito?<br>&#8211; Que infinito se seca.&nbsp; <a href=\"https:\/\/www.elalmanaque.com\/Sep20\/10-9-20.htm#TECNOLOGIA E INTERNET\"><\/a><\/p>\n\n\n\n<p><strong>La extra\u00f1a vuelta al cole<\/strong><br>Desde el punto de vista de la educaci\u00f3n, el a\u00f1o 2020 est\u00e1 siendo desastrosamente at\u00edpico. El cole tiene un poso de tristeza porque lleva mucho tiempo sin ni\u00f1os. Por su parte, los ni\u00f1os se sienten algo extra\u00f1os porque llevan mucho tiempo sin cole. Finalmente, el pr\u00f3ximo lunes, d\u00eda siete de septiembre, el cole se reencontrar\u00e1 con los ni\u00f1os y los ni\u00f1os con el cole, pero todo seguir\u00e1 siendo muy raro, tanto que los ni\u00f1os ni siquiera se podr\u00e1n abrazar. &nbsp;\u00bfY qu\u00e9 son los ni\u00f1os si no se pueden abrazar? Pues son unos seres an\u00f3malos, casi inconcebibles. <strong>&nbsp;<\/strong><a href=\"https:\/\/www.elalmanaque.com\/Sep20\/10-9-20.htm#TECNOLOGIA E INTERNET\"><\/a><\/p>\n\n\n\n<p><strong>M\u00daSICA &#8211; TEATRO &#8211; CINE<\/strong><\/p>\n\n\n\n<p><strong>EFEM\u00c9RIDES<a href=\"https:\/\/www.elalmanaque.com\/Feb16\/26-2-16.htm#ACTUALIDAD%20CULTURAL\">&nbsp;<\/a><a href=\"https:\/\/www.elalmanaque.com\/Feb16\/26-2-16.htm#ACTUALIDAD%20CULTURAL\">ART\u00cdSTICAS<\/a><a href=\"https:\/\/www.elalmanaque.com\/Feb16\/26-2-16.htm#ACTUALIDAD%20CULTURAL\">&nbsp;MUSICALES<\/a> &#8211; ARTE &#8211;<\/strong><\/p>\n\n\n\n<p><strong>Focus presenta 25 estrenos teatrales en Barcelona<\/strong><br>El Teatro Romea ha sido el escenario de presentaci\u00f3n de la 34\u00aa temporada teatral del Grupo Focus. Un total de 45 espect\u00e1culos protagonizados por m\u00e1s de 200 artistas de primer orden de la escena nacional, subir\u00e1n a los escenarios del Teatro Romea, el Teatro Goya, La Villarroel y el Teatro Condal durante los pr\u00f3ximos meses.<\/p>\n\n\n\n<p><strong>El Principal de Zaragoza inaugura temporada el 9-S con JOTA<\/strong><br><strong>Las Ni\u00f1as o una mirada, la de Andrea Fandos que vale una pel\u00edcula &#8211;<\/strong><\/p>\n\n\n\n<p><strong>M\u00c1LAGA : LA COCHERA CABARET : PROGRAMACI\u00d3N SEMANAL<\/strong> <a href=\"https:\/\/www.elalmanaque.com\/Sep20\/10-9-20.htm#ACTUALIDAD%20CULTURAL\"><\/a><\/p>\n\n\n\n<figure class=\"wp-block-image\"><img decoding=\"async\" src=\"https:\/\/www.elalmanaque.com\/Oct15\/efemeridesp.jpg\" alt=\"\"\/><\/figure>\n\n\n\n<p><strong>Antonio Morales Barretto \u00abJunior\u00bb<\/strong>, cantante y actor filipino y componente de los grupos musicales Los Brincos y Juan y Junior.<br><br><strong>Alfredo Kraus<\/strong>&nbsp;Trujillo (Las Palmas de Gran Canaria, 24 de noviembre de 1927 \u2013 Madrid, 10 de septiembre de 1999) fue un cantante (tenor) y profesor de canto espa\u00f1ol, de madre espa\u00f1ola y padre austriaco. Es considerado uno de los mejores tenores l\u00edricos ligeros de la segunda mitad del siglo XX.<\/p>\n\n\n\n<figure class=\"wp-block-image\"><img decoding=\"async\" src=\"https:\/\/elalmanaque.com\/Agosto20\/fotos\/5._retrato_de_galdos_m.jpg\" alt=\"\"\/><\/figure>\n\n\n\n<p><strong>Exposici\u00f3n \u201cGald\u00f3s en el laberinto de Espa\u00f1a\u201d<br><\/strong> Del 22 septiembre 2020 al 03 enero 2021. La Comunidad de Madrid celebra el centenario del fallecimiento de Benito P\u00e9rez Gald\u00f3s con esta exposici\u00f3n, que re\u00fane 140 fotograf\u00edas entre retratos, casi todos in\u00e9ditos, del escritor y escenarios, principalmente madrile\u00f1os, en los que transcurri\u00f3 su vida y obra &nbsp;<a href=\"https:\/\/www.elalmanaque.com\/Sep20\/10-9-20.htm#ACTUALIDAD%20CULTURAL\"><\/a><\/p>\n\n\n\n<p><strong><a>GASTRONOMIA &#8211;<\/a><\/strong><\/p>\n\n\n\n<p><strong>HOTELERIA &#8211; <a>AGROALIMENTARIA<\/a><\/strong><\/p>\n\n\n\n<p><img loading=\"lazy\" decoding=\"async\" src=\"https:\/\/www.elalmanaque.com\/Agosto14\/fotos\/paulaner1.jpg\" width=\"185\" height=\"99\"><strong>Qu\u00e9 es la Oktoberfest<\/strong><br>La Oktoberfest se celebra entre los meses de septiembre y octubre en la ciudad b\u00e1vara de M\u00fanich desde 1810, a partir de la boda del por aquel entonces pr\u00edncipe heredero Luis de Baviera con la princesa Teresa de Sajonia-Hildburghausen.<\/p>\n\n\n\n<p><strong>17 SABROSOS D\u00cdAS PARA DEGUSTAR LA \u2018MOSTRA DE CUINA MENORQUINA\u2019&nbsp;&nbsp;<\/strong><br><br>Del 18 de septiembre al 4 de octubre, la isla balear celebra la 11\u00aa edici\u00f3n de esta cita culinaria en la que participan 23 restaurantes de 7 municipios.&nbsp; <a href=\"https:\/\/www.elalmanaque.com\/Sep20\/10-9-20.htm#GASTRONOMIA-HOSTELERIA\"><\/a><\/p>\n\n\n\n<p><strong>LA RUTA DEL VINO DE RIOJA ALAVESA, MEJOR EN PRIMERA PERSONA<\/strong> La Ruta del Vino de Rioja Alavesa deleita a los sentidos. Y para saberlo hay que conocerla de primera mano. Por eso, la pasada semana un reducido grupo de agentes tur\u00edsticos y periodistas se acercaron a descubrir los encantos de esta regi\u00f3n. Con el objetivo de dar a conocer la Ruta del Vino de Rioja Alavesa a sus p\u00fablicos objetivos en Euskadi se busca seguir fomentando el turismo de cercan\u00eda, destacando, al mismo tiempo, las importantes medidas de seguridad que se han implantado para disfrutar de una escapada en inmejorables condiciones de salubridad. <a href=\"https:\/\/www.elalmanaque.com\/Sep20\/10-9-20.htm#GASTRONOMIA-HOSTELERIA\"><\/a><\/p>\n\n\n\n<p><strong>VIAJES &#8211; &nbsp;TURISMO<\/strong><\/p>\n\n\n\n<p><strong>HOSTELERIA<\/strong><\/p>\n\n\n\n<p><img loading=\"lazy\" decoding=\"async\" src=\"https:\/\/elalmanaque.com\/Sep20\/fotos\/formentera-zen1-m.jpg\" width=\"196\" height=\"128\">\u2018FORMENTERA ZEN\u2019 AUMENTA ESTE A\u00d1O SU NIVEL Del 25 al 27 de septiembre, la isla balear acoge la 6\u00aa edici\u00f3n de esta cita con la salud y el bienestar hol\u00edstico que este a\u00f1o incrementa el nivel de sus ponentes&nbsp;<a href=\"https:\/\/www.elalmanaque.com\/Sep20\/10-9-20.htm#TURISMO\"><\/a><strong><br>Los 9 &#8216;Sab\u00edas que&#8230;&#8217; m\u00e1s curiosos y singulares de Palma<\/strong> La Fundaci\u00f3n Turismo Palma 365 invita a conocer las curiosidades y secretos m\u00e1s ins\u00f3litos de la capital balear, dignos de ser conocidos y que, en muchas ocasiones, no aparecen en gu\u00edas ni blogs de viajes.<\/p>\n\n\n\n<p><strong>Estos son los pueblos m\u00e1s sorprendentes de Europa, seg\u00fan Jetcost<br><\/strong> <strong>Obidos (Portugal)<\/strong><br>Algunos dicen que es el pueblo m\u00e1s bonito de Portugal. Es una antigua ciudad fortificada pr\u00f3xima a Lisboa. En el siglo XIII, la reina Isabel de Portugal estaba tan enamorada del pueblo de Obidos que su marido, el rey Denis I, se lo regal\u00f3.<strong> <\/strong><a href=\"https:\/\/www.elalmanaque.com\/Sep20\/10-9-20.htm#TURISMO\"><\/a><\/p>\n\n\n\n<p><a href=\"https:\/\/www.elalmanaque.com\/turismo\/destinos\/tailandia\/index.htm\"><\/a><strong>TAILANDIA, UN PARA\u00cdSO DE CONTRASTES<\/strong>&nbsp;<\/p>\n\n\n\n<p>Para muchos, Bangkok entra\u00f1a uno de los destinos ineludibles que visitar en un viaje a la lejana Asia. La ciudad, ilustrada en muchas pel\u00edculas como la m\u00e1s nocturna y ex\u00f3tica del continente, cumple con las expectativas de cualquier turista. &nbsp;<a href=\"https:\/\/www.elalmanaque.com\/Sep20\/10-9-20.htm#TURISMO\"><\/a><\/p>\n\n\n\n<figure class=\"wp-block-image\"><img decoding=\"async\" src=\"https:\/\/www.elalmanaque.com\/Marzo18\/fotos\/image_content_7871603.jpg\" alt=\"\"\/><\/figure>\n\n\n\n<p><a href=\"https:\/\/www.elalmanaque.com\/turismo\/destinos\/maldivas.htm\"><\/a><\/p>\n\n\n\n<p><strong><a href=\"https:\/\/www.elalmanaque.com\/turismo\/destinos\/maldivas.htm\">Maldivas, el para\u00edso del Oc\u00e9ano \u00cdndico<\/a><\/strong><br>El estr\u00e9s forma parte de nuestra vida cotidiana, vivimos en una sociedad muy exigente y a veces tenemos que escapar por unos d\u00edas, darnos un respiro y huir de la vida real. Y uno de los destinos mas exclusivos del planeta para desconectar son indudablemente las islas Maldivas. &nbsp;<a href=\"https:\/\/www.elalmanaque.com\/Sep20\/10-9-20.htm#TURISMO\"><\/a><br>&nbsp;<\/p>\n\n\n\n<p><a href=\"https:\/\/www.elalmanaque.com\/almanaques_2020.htm\">ARCHIVO<\/a><a href=\"https:\/\/www.elalmanaque.com\/almanaques_2019.htm\">&nbsp;&#8211;&nbsp;<\/a><strong><a href=\"https:\/\/elalmanaque.com\/portada\/index.htm\">PORTADA<\/a><\/strong><strong>S &#8211;&nbsp;<\/strong><a href=\"https:\/\/www.elalmanaque.com\/almanaques_2019.htm\">EDICIONES DE ALMANAQUES&nbsp;<\/a><a href=\"https:\/\/www.elalmanaque.com\/almanaques_2020.htm\">SEPTIEMBRE<\/a><a href=\"https:\/\/www.elalmanaque.com\/almanaques_2020.htm\"><strong>&nbsp;20<\/strong>20&nbsp;<\/a>:&nbsp;<a href=\"https:\/\/elalmanaque.com\/Sep20\/1-9-20.htm\">1<\/a> &#8211; <a href=\"https:\/\/elalmanaque.com\/Sep20\/2-9-20.htm\">2<\/a> &#8211; <a href=\"https:\/\/elalmanaque.com\/Sep20\/3-9-20.htm\">3<\/a> &#8211; <a href=\"https:\/\/elalmanaque.com\/Sep20\/4-9-20.htm\">4<\/a> &#8211; <a href=\"https:\/\/elalmanaque.com\/Sep20\/5-9-20.htm\">5<\/a> &#8211; <a href=\"https:\/\/elalmanaque.com\/Sep20\/6-9-20.htm\">6<\/a> &#8211; <a href=\"https:\/\/elalmanaque.com\/Sep20\/7-9-20.htm\">7<\/a> &#8211; <a href=\"https:\/\/elalmanaque.com\/Sep20\/8-9-20.htm\">8<\/a> &#8211; <a href=\"https:\/\/elalmanaque.com\/Sep20\/9-9-20.htm\">9<\/a><\/p>\n\n\n\n<p>SUSCRIPCIONES AL MAGAZINE :&nbsp; El Almanaque se env\u00eda \u00fanicamente a los suscriptores.&nbsp;Suscripciones gratis&nbsp;&nbsp;<\/p>\n\n\n\n<p>Para informaci\u00f3n, BAJAS, consultas y\/o sugerencias , contactar con Editor y Webmaster :&nbsp;<a href=\"mailto:webmaster@elalmanaque.com\">webmaster<\/a><a href=\"mailto:webmaster@elalmanaque.com\">@elalmanaque.com<\/a>&nbsp;<\/p>\n","protected":false},"excerpt":{"rendered":"<p>SANTORAL\u00a0 &#8211;\u00a0L\u00c9XICO &#8211; EFEM\u00c9RIDES &#8211; DIAS MUNDIALES &#8211;\u00a0CALENDARIOS &#8211;\u00a0\u00a0HUMOR &#8211; GASTRONOMIA &#8211; TURISMO &#8211; DESTINOS &#8211; REPORTAJES El Almanaque N\u00ba 7600 Jueves 10 de Septiembre&hellip; <\/p>\n","protected":false},"author":1,"featured_media":31321,"comment_status":"closed","ping_status":"closed","sticky":false,"template":"","format":"standard","meta":{"footnotes":""},"categories":[106,10,8,7,16,103,120],"tags":[],"class_list":["post-32439","post","type-post","status-publish","format-standard","has-post-thumbnail","hentry","category-almanaques","category-autoayuda","category-cultura","category-educacion","category-efemerides","category-salud","category-santoral"],"yoast_head":"<!-- This site is optimized with the Yoast SEO plugin v24.8.1 - https:\/\/yoast.com\/wordpress\/plugins\/seo\/ -->\n<title>El Almanaque N\u00ba 7600 Jueves 10 de Septiembre de 2020 - El Almanaque<\/title>\n<meta name=\"robots\" content=\"index, follow, max-snippet:-1, max-image-preview:large, max-video-preview:-1\" \/>\n<link rel=\"canonical\" href=\"https:\/\/www.elalmanaque.com\/wp\/almanaques\/el-almanaque-no-7600-jueves-10-de-septiembre-de-2020\/\" \/>\n<meta property=\"og:locale\" content=\"es_ES\" \/>\n<meta property=\"og:type\" content=\"article\" \/>\n<meta property=\"og:title\" content=\"El Almanaque N\u00ba 7600 Jueves 10 de Septiembre de 2020 - El Almanaque\" \/>\n<meta property=\"og:description\" content=\"SANTORAL\u00a0 &#8211;\u00a0L\u00c9XICO &#8211; EFEM\u00c9RIDES &#8211; DIAS MUNDIALES &#8211;\u00a0CALENDARIOS &#8211;\u00a0\u00a0HUMOR &#8211; GASTRONOMIA &#8211; TURISMO &#8211; DESTINOS &#8211; REPORTAJES El Almanaque N\u00ba 7600 Jueves 10 de Septiembre&hellip;\" \/>\n<meta property=\"og:url\" content=\"https:\/\/www.elalmanaque.com\/wp\/almanaques\/el-almanaque-no-7600-jueves-10-de-septiembre-de-2020\/\" \/>\n<meta property=\"og:site_name\" content=\"El Almanaque\" \/>\n<meta property=\"article:published_time\" content=\"2020-09-10T08:30:50+00:00\" \/>\n<meta property=\"article:modified_time\" content=\"2020-09-10T08:30:52+00:00\" \/>\n<meta property=\"og:image\" content=\"https:\/\/www.elalmanaque.com\/wp\/wp-content\/uploads\/2020\/05\/24811_113126318710411_5770706_n-1.jpg\" \/>\n\t<meta property=\"og:image:width\" content=\"200\" \/>\n\t<meta property=\"og:image:height\" content=\"24\" \/>\n\t<meta property=\"og:image:type\" content=\"image\/jpeg\" \/>\n<meta name=\"author\" content=\"Redactor\" \/>\n<meta name=\"twitter:card\" content=\"summary_large_image\" \/>\n<meta name=\"twitter:label1\" content=\"Escrito por\" \/>\n\t<meta name=\"twitter:data1\" content=\"Redactor\" \/>\n\t<meta name=\"twitter:label2\" content=\"Tiempo de lectura\" \/>\n\t<meta name=\"twitter:data2\" content=\"9 minutos\" \/>\n<script type=\"application\/ld+json\" class=\"yoast-schema-graph\">{\"@context\":\"https:\/\/schema.org\",\"@graph\":[{\"@type\":\"Article\",\"@id\":\"https:\/\/www.elalmanaque.com\/wp\/almanaques\/el-almanaque-no-7600-jueves-10-de-septiembre-de-2020\/#article\",\"isPartOf\":{\"@id\":\"https:\/\/www.elalmanaque.com\/wp\/almanaques\/el-almanaque-no-7600-jueves-10-de-septiembre-de-2020\/\"},\"author\":{\"name\":\"Redactor\",\"@id\":\"https:\/\/www.elalmanaque.com\/wp\/#\/schema\/person\/61ab31c67167988fe2679d590ca85afe\"},\"headline\":\"El Almanaque N\u00ba 7600 Jueves 10 de Septiembre de 2020\",\"datePublished\":\"2020-09-10T08:30:50+00:00\",\"dateModified\":\"2020-09-10T08:30:52+00:00\",\"mainEntityOfPage\":{\"@id\":\"https:\/\/www.elalmanaque.com\/wp\/almanaques\/el-almanaque-no-7600-jueves-10-de-septiembre-de-2020\/\"},\"wordCount\":1812,\"publisher\":{\"@id\":\"https:\/\/www.elalmanaque.com\/wp\/#organization\"},\"image\":{\"@id\":\"https:\/\/www.elalmanaque.com\/wp\/almanaques\/el-almanaque-no-7600-jueves-10-de-septiembre-de-2020\/#primaryimage\"},\"thumbnailUrl\":\"https:\/\/www.elalmanaque.com\/wp\/wp-content\/uploads\/2020\/05\/24811_113126318710411_5770706_n-1.jpg\",\"articleSection\":[\"Almanaques\",\"Autoayuda\",\"Cultura\",\"Educaci\u00f3n\",\"Efem\u00e9rides\",\"Salud\",\"Santoral\"],\"inLanguage\":\"es\"},{\"@type\":\"WebPage\",\"@id\":\"https:\/\/www.elalmanaque.com\/wp\/almanaques\/el-almanaque-no-7600-jueves-10-de-septiembre-de-2020\/\",\"url\":\"https:\/\/www.elalmanaque.com\/wp\/almanaques\/el-almanaque-no-7600-jueves-10-de-septiembre-de-2020\/\",\"name\":\"El Almanaque N\u00ba 7600 Jueves 10 de Septiembre de 2020 - El Almanaque\",\"isPartOf\":{\"@id\":\"https:\/\/www.elalmanaque.com\/wp\/#website\"},\"primaryImageOfPage\":{\"@id\":\"https:\/\/www.elalmanaque.com\/wp\/almanaques\/el-almanaque-no-7600-jueves-10-de-septiembre-de-2020\/#primaryimage\"},\"image\":{\"@id\":\"https:\/\/www.elalmanaque.com\/wp\/almanaques\/el-almanaque-no-7600-jueves-10-de-septiembre-de-2020\/#primaryimage\"},\"thumbnailUrl\":\"https:\/\/www.elalmanaque.com\/wp\/wp-content\/uploads\/2020\/05\/24811_113126318710411_5770706_n-1.jpg\",\"datePublished\":\"2020-09-10T08:30:50+00:00\",\"dateModified\":\"2020-09-10T08:30:52+00:00\",\"breadcrumb\":{\"@id\":\"https:\/\/www.elalmanaque.com\/wp\/almanaques\/el-almanaque-no-7600-jueves-10-de-septiembre-de-2020\/#breadcrumb\"},\"inLanguage\":\"es\",\"potentialAction\":[{\"@type\":\"ReadAction\",\"target\":[\"https:\/\/www.elalmanaque.com\/wp\/almanaques\/el-almanaque-no-7600-jueves-10-de-septiembre-de-2020\/\"]}]},{\"@type\":\"ImageObject\",\"inLanguage\":\"es\",\"@id\":\"https:\/\/www.elalmanaque.com\/wp\/almanaques\/el-almanaque-no-7600-jueves-10-de-septiembre-de-2020\/#primaryimage\",\"url\":\"https:\/\/www.elalmanaque.com\/wp\/wp-content\/uploads\/2020\/05\/24811_113126318710411_5770706_n-1.jpg\",\"contentUrl\":\"https:\/\/www.elalmanaque.com\/wp\/wp-content\/uploads\/2020\/05\/24811_113126318710411_5770706_n-1.jpg\",\"width\":200,\"height\":24},{\"@type\":\"BreadcrumbList\",\"@id\":\"https:\/\/www.elalmanaque.com\/wp\/almanaques\/el-almanaque-no-7600-jueves-10-de-septiembre-de-2020\/#breadcrumb\",\"itemListElement\":[{\"@type\":\"ListItem\",\"position\":1,\"name\":\"Portada\",\"item\":\"https:\/\/www.elalmanaque.com\/wp\/\"},{\"@type\":\"ListItem\",\"position\":2,\"name\":\"El Almanaque N\u00ba 7600 Jueves 10 de Septiembre de 2020\"}]},{\"@type\":\"WebSite\",\"@id\":\"https:\/\/www.elalmanaque.com\/wp\/#website\",\"url\":\"https:\/\/www.elalmanaque.com\/wp\/\",\"name\":\"El Almanaque\",\"description\":\"Revista de Cultura y Ocio\",\"publisher\":{\"@id\":\"https:\/\/www.elalmanaque.com\/wp\/#organization\"},\"potentialAction\":[{\"@type\":\"SearchAction\",\"target\":{\"@type\":\"EntryPoint\",\"urlTemplate\":\"https:\/\/www.elalmanaque.com\/wp\/?s={search_term_string}\"},\"query-input\":{\"@type\":\"PropertyValueSpecification\",\"valueRequired\":true,\"valueName\":\"search_term_string\"}}],\"inLanguage\":\"es\"},{\"@type\":\"Organization\",\"@id\":\"https:\/\/www.elalmanaque.com\/wp\/#organization\",\"name\":\"El Almanaque\",\"url\":\"https:\/\/www.elalmanaque.com\/wp\/\",\"logo\":{\"@type\":\"ImageObject\",\"inLanguage\":\"es\",\"@id\":\"https:\/\/www.elalmanaque.com\/wp\/#\/schema\/logo\/image\/\",\"url\":\"https:\/\/www.elalmanaque.com\/wp\/wp-content\/uploads\/2020\/03\/cropped-elalmanaque.jpg\",\"contentUrl\":\"https:\/\/www.elalmanaque.com\/wp\/wp-content\/uploads\/2020\/03\/cropped-elalmanaque.jpg\",\"width\":900,\"height\":164,\"caption\":\"El Almanaque\"},\"image\":{\"@id\":\"https:\/\/www.elalmanaque.com\/wp\/#\/schema\/logo\/image\/\"}},{\"@type\":\"Person\",\"@id\":\"https:\/\/www.elalmanaque.com\/wp\/#\/schema\/person\/61ab31c67167988fe2679d590ca85afe\",\"name\":\"Redactor\",\"image\":{\"@type\":\"ImageObject\",\"inLanguage\":\"es\",\"@id\":\"https:\/\/www.elalmanaque.com\/wp\/#\/schema\/person\/image\/\",\"url\":\"https:\/\/secure.gravatar.com\/avatar\/a1cd6ad4f449e45fea5ebd57548cb588?s=96&d=mm&r=g\",\"contentUrl\":\"https:\/\/secure.gravatar.com\/avatar\/a1cd6ad4f449e45fea5ebd57548cb588?s=96&d=mm&r=g\",\"caption\":\"Redactor\"},\"url\":\"https:\/\/www.elalmanaque.com\/wp\/author\/useralmanaque\/\"}]}<\/script>\n<!-- \/ Yoast SEO plugin. -->","yoast_head_json":{"title":"El Almanaque N\u00ba 7600 Jueves 10 de Septiembre de 2020 - El Almanaque","robots":{"index":"index","follow":"follow","max-snippet":"max-snippet:-1","max-image-preview":"max-image-preview:large","max-video-preview":"max-video-preview:-1"},"canonical":"https:\/\/www.elalmanaque.com\/wp\/almanaques\/el-almanaque-no-7600-jueves-10-de-septiembre-de-2020\/","og_locale":"es_ES","og_type":"article","og_title":"El Almanaque N\u00ba 7600 Jueves 10 de Septiembre de 2020 - El Almanaque","og_description":"SANTORAL\u00a0 &#8211;\u00a0L\u00c9XICO &#8211; EFEM\u00c9RIDES &#8211; DIAS MUNDIALES &#8211;\u00a0CALENDARIOS &#8211;\u00a0\u00a0HUMOR &#8211; GASTRONOMIA &#8211; TURISMO &#8211; DESTINOS &#8211; REPORTAJES El Almanaque N\u00ba 7600 Jueves 10 de Septiembre&hellip;","og_url":"https:\/\/www.elalmanaque.com\/wp\/almanaques\/el-almanaque-no-7600-jueves-10-de-septiembre-de-2020\/","og_site_name":"El Almanaque","article_published_time":"2020-09-10T08:30:50+00:00","article_modified_time":"2020-09-10T08:30:52+00:00","og_image":[{"width":200,"height":24,"url":"https:\/\/www.elalmanaque.com\/wp\/wp-content\/uploads\/2020\/05\/24811_113126318710411_5770706_n-1.jpg","type":"image\/jpeg"}],"author":"Redactor","twitter_card":"summary_large_image","twitter_misc":{"Escrito por":"Redactor","Tiempo de lectura":"9 minutos"},"schema":{"@context":"https:\/\/schema.org","@graph":[{"@type":"Article","@id":"https:\/\/www.elalmanaque.com\/wp\/almanaques\/el-almanaque-no-7600-jueves-10-de-septiembre-de-2020\/#article","isPartOf":{"@id":"https:\/\/www.elalmanaque.com\/wp\/almanaques\/el-almanaque-no-7600-jueves-10-de-septiembre-de-2020\/"},"author":{"name":"Redactor","@id":"https:\/\/www.elalmanaque.com\/wp\/#\/schema\/person\/61ab31c67167988fe2679d590ca85afe"},"headline":"El Almanaque N\u00ba 7600 Jueves 10 de Septiembre de 2020","datePublished":"2020-09-10T08:30:50+00:00","dateModified":"2020-09-10T08:30:52+00:00","mainEntityOfPage":{"@id":"https:\/\/www.elalmanaque.com\/wp\/almanaques\/el-almanaque-no-7600-jueves-10-de-septiembre-de-2020\/"},"wordCount":1812,"publisher":{"@id":"https:\/\/www.elalmanaque.com\/wp\/#organization"},"image":{"@id":"https:\/\/www.elalmanaque.com\/wp\/almanaques\/el-almanaque-no-7600-jueves-10-de-septiembre-de-2020\/#primaryimage"},"thumbnailUrl":"https:\/\/www.elalmanaque.com\/wp\/wp-content\/uploads\/2020\/05\/24811_113126318710411_5770706_n-1.jpg","articleSection":["Almanaques","Autoayuda","Cultura","Educaci\u00f3n","Efem\u00e9rides","Salud","Santoral"],"inLanguage":"es"},{"@type":"WebPage","@id":"https:\/\/www.elalmanaque.com\/wp\/almanaques\/el-almanaque-no-7600-jueves-10-de-septiembre-de-2020\/","url":"https:\/\/www.elalmanaque.com\/wp\/almanaques\/el-almanaque-no-7600-jueves-10-de-septiembre-de-2020\/","name":"El Almanaque N\u00ba 7600 Jueves 10 de Septiembre de 2020 - El Almanaque","isPartOf":{"@id":"https:\/\/www.elalmanaque.com\/wp\/#website"},"primaryImageOfPage":{"@id":"https:\/\/www.elalmanaque.com\/wp\/almanaques\/el-almanaque-no-7600-jueves-10-de-septiembre-de-2020\/#primaryimage"},"image":{"@id":"https:\/\/www.elalmanaque.com\/wp\/almanaques\/el-almanaque-no-7600-jueves-10-de-septiembre-de-2020\/#primaryimage"},"thumbnailUrl":"https:\/\/www.elalmanaque.com\/wp\/wp-content\/uploads\/2020\/05\/24811_113126318710411_5770706_n-1.jpg","datePublished":"2020-09-10T08:30:50+00:00","dateModified":"2020-09-10T08:30:52+00:00","breadcrumb":{"@id":"https:\/\/www.elalmanaque.com\/wp\/almanaques\/el-almanaque-no-7600-jueves-10-de-septiembre-de-2020\/#breadcrumb"},"inLanguage":"es","potentialAction":[{"@type":"ReadAction","target":["https:\/\/www.elalmanaque.com\/wp\/almanaques\/el-almanaque-no-7600-jueves-10-de-septiembre-de-2020\/"]}]},{"@type":"ImageObject","inLanguage":"es","@id":"https:\/\/www.elalmanaque.com\/wp\/almanaques\/el-almanaque-no-7600-jueves-10-de-septiembre-de-2020\/#primaryimage","url":"https:\/\/www.elalmanaque.com\/wp\/wp-content\/uploads\/2020\/05\/24811_113126318710411_5770706_n-1.jpg","contentUrl":"https:\/\/www.elalmanaque.com\/wp\/wp-content\/uploads\/2020\/05\/24811_113126318710411_5770706_n-1.jpg","width":200,"height":24},{"@type":"BreadcrumbList","@id":"https:\/\/www.elalmanaque.com\/wp\/almanaques\/el-almanaque-no-7600-jueves-10-de-septiembre-de-2020\/#breadcrumb","itemListElement":[{"@type":"ListItem","position":1,"name":"Portada","item":"https:\/\/www.elalmanaque.com\/wp\/"},{"@type":"ListItem","position":2,"name":"El Almanaque N\u00ba 7600 Jueves 10 de Septiembre de 2020"}]},{"@type":"WebSite","@id":"https:\/\/www.elalmanaque.com\/wp\/#website","url":"https:\/\/www.elalmanaque.com\/wp\/","name":"El Almanaque","description":"Revista de Cultura y Ocio","publisher":{"@id":"https:\/\/www.elalmanaque.com\/wp\/#organization"},"potentialAction":[{"@type":"SearchAction","target":{"@type":"EntryPoint","urlTemplate":"https:\/\/www.elalmanaque.com\/wp\/?s={search_term_string}"},"query-input":{"@type":"PropertyValueSpecification","valueRequired":true,"valueName":"search_term_string"}}],"inLanguage":"es"},{"@type":"Organization","@id":"https:\/\/www.elalmanaque.com\/wp\/#organization","name":"El Almanaque","url":"https:\/\/www.elalmanaque.com\/wp\/","logo":{"@type":"ImageObject","inLanguage":"es","@id":"https:\/\/www.elalmanaque.com\/wp\/#\/schema\/logo\/image\/","url":"https:\/\/www.elalmanaque.com\/wp\/wp-content\/uploads\/2020\/03\/cropped-elalmanaque.jpg","contentUrl":"https:\/\/www.elalmanaque.com\/wp\/wp-content\/uploads\/2020\/03\/cropped-elalmanaque.jpg","width":900,"height":164,"caption":"El Almanaque"},"image":{"@id":"https:\/\/www.elalmanaque.com\/wp\/#\/schema\/logo\/image\/"}},{"@type":"Person","@id":"https:\/\/www.elalmanaque.com\/wp\/#\/schema\/person\/61ab31c67167988fe2679d590ca85afe","name":"Redactor","image":{"@type":"ImageObject","inLanguage":"es","@id":"https:\/\/www.elalmanaque.com\/wp\/#\/schema\/person\/image\/","url":"https:\/\/secure.gravatar.com\/avatar\/a1cd6ad4f449e45fea5ebd57548cb588?s=96&d=mm&r=g","contentUrl":"https:\/\/secure.gravatar.com\/avatar\/a1cd6ad4f449e45fea5ebd57548cb588?s=96&d=mm&r=g","caption":"Redactor"},"url":"https:\/\/www.elalmanaque.com\/wp\/author\/useralmanaque\/"}]}},"_links":{"self":[{"href":"https:\/\/www.elalmanaque.com\/wp\/wp-json\/wp\/v2\/posts\/32439","targetHints":{"allow":["GET"]}}],"collection":[{"href":"https:\/\/www.elalmanaque.com\/wp\/wp-json\/wp\/v2\/posts"}],"about":[{"href":"https:\/\/www.elalmanaque.com\/wp\/wp-json\/wp\/v2\/types\/post"}],"author":[{"embeddable":true,"href":"https:\/\/www.elalmanaque.com\/wp\/wp-json\/wp\/v2\/users\/1"}],"replies":[{"embeddable":true,"href":"https:\/\/www.elalmanaque.com\/wp\/wp-json\/wp\/v2\/comments?post=32439"}],"version-history":[{"count":1,"href":"https:\/\/www.elalmanaque.com\/wp\/wp-json\/wp\/v2\/posts\/32439\/revisions"}],"predecessor-version":[{"id":32440,"href":"https:\/\/www.elalmanaque.com\/wp\/wp-json\/wp\/v2\/posts\/32439\/revisions\/32440"}],"wp:featuredmedia":[{"embeddable":true,"href":"https:\/\/www.elalmanaque.com\/wp\/wp-json\/wp\/v2\/media\/31321"}],"wp:attachment":[{"href":"https:\/\/www.elalmanaque.com\/wp\/wp-json\/wp\/v2\/media?parent=32439"}],"wp:term":[{"taxonomy":"category","embeddable":true,"href":"https:\/\/www.elalmanaque.com\/wp\/wp-json\/wp\/v2\/categories?post=32439"},{"taxonomy":"post_tag","embeddable":true,"href":"https:\/\/www.elalmanaque.com\/wp\/wp-json\/wp\/v2\/tags?post=32439"}],"curies":[{"name":"wp","href":"https:\/\/api.w.org\/{rel}","templated":true}]}}