{"id":32398,"date":"2020-09-05T09:34:29","date_gmt":"2020-09-05T08:34:29","guid":{"rendered":"https:\/\/www.elalmanaque.com\/wp\/?p=32398"},"modified":"2020-09-05T09:34:31","modified_gmt":"2020-09-05T08:34:31","slug":"el-almanaque-no-7595-sabado-5-de-septiembre-de-2020","status":"publish","type":"post","link":"https:\/\/www.elalmanaque.com\/wp\/almanaques\/el-almanaque-no-7595-sabado-5-de-septiembre-de-2020\/","title":{"rendered":"El Almanaque N\u00ba 7595 S\u00e1bado 5 de Septiembre de 2020"},"content":{"rendered":"\n<p><a href=\"https:\/\/www.elalmanaque.com\/santoral\/index.htm\">SANTORAL<\/a>\u00a0 &#8211;\u00a0<a href=\"https:\/\/www.elalmanaque.com\/El_Origen_de_las_Palabras\/index.html\">L\u00c9XICO<\/a> &#8211; <a href=\"https:\/\/www.elalmanaque.com\/Efemerides\/index.htm\">EFEM\u00c9RIDES<\/a> &#8211; <a rel=\"noreferrer noopener\" target=\"_blank\" href=\"https:\/\/www.elalmanaque.com\/wp\/categoria\/dias-mundiales\/\">DIAS MUNDIALES<\/a> &#8211;\u00a0<a href=\"https:\/\/www.elalmanaque.com\/Calendarios\">CALENDARIOS &#8211;<\/a>\u00a0\u00a0<a href=\"https:\/\/www.elalmanaque.com\/Humor_II\/index.html\">HUMOR<\/a> &#8211; <a href=\"https:\/\/www.elalmanaque.com\/turismo\/gastronomia\/index.htm\">GASTRONOMIA<\/a> &#8211; <a href=\"https:\/\/www.elalmanaque.com\/turismo\/index.htm\">TURISMO<\/a><strong> &#8211;<\/strong> <a href=\"https:\/\/www.elalmanaque.com\/turismo\/destinos\">DESTINOS<strong> &#8211;<\/strong><\/a> <a href=\"https:\/\/www.elalmanaque.com\/reportajes\/index.htm\">REPORTAJES<\/a><\/p>\n\n\n\n<p><a href=\"https:\/\/elalmanaque.com\/Sep20\/5-9-20.htm\">El Almanaque N\u00ba 7595 S\u00e1bado 5 de Septiembre de 2020<\/a><\/p>\n\n\n\n<p><strong>El 5 de septiembre se celebra el D\u00eda de la Mujer Ind\u00edgena<\/strong><\/p>\n\n\n\n<figure class=\"wp-block-image\"><img decoding=\"async\" src=\"https:\/\/elalmanaque.com\/Sep20\/fotos\/dia-de-la-mujer-indigena.jpg\" alt=\"\"\/><\/figure>\n\n\n\n<p>Es un d\u00eda en el que se rinde homenaje a todas las mujeres ind\u00edgenas originarias que dieron su vida por sus familias y a las que se entregaron en cuerpo y alma.<br><br><strong><a href=\"https:\/\/www.elalmanaque.com\/Sep20\/5-9-20.htm\">LEA COMPLETO EL ALMANAQUE DE HOY<\/a><\/strong><\/p>\n\n\n\n<figure><iframe loading=\"lazy\" width=\"728\" height=\"90\" src=\"https:\/\/rcm-eu.amazon-adsystem.com\/e\/cm?o=30&amp;p=48&amp;l=ur1&amp;category=electronica&amp;banner=1ZFFFVGD3JXYV7FSVA02&amp;f=ifr&amp;linkID=c21785b2eede7444a87cf67d73ae21c8&amp;t=wwwelalmanaqu-21&amp;tracking_id=wwwelalmanaqu-21\"><\/iframe><\/figure>\n\n\n\n<p><a target=\"_blank\" href=\"https:\/\/amzn.to\/2AZdc4x\" rel=\"noreferrer noopener\">\u00daltimas novedades de Amazon<\/a>&nbsp;&#8211;&nbsp;<a target=\"_blank\" href=\"https:\/\/www.amazon.es\/b?node=2454136031&amp;_encoding=UTF8&amp;tag=wwwelalmanaqu-21\" rel=\"noreferrer noopener\">Deportes<\/a>&nbsp;&#8211;&nbsp;<a href=\"https:\/\/amzn.to\/3cNHRyQ\">Electr\u00f3nica<\/a>&nbsp;&#8211;&nbsp;<a target=\"_blank\" href=\"https:\/\/amzn.to\/2EA7WWQ\" rel=\"noreferrer noopener\">Belleza y Salud<\/a> &#8211; <a target=\"_blank\" href=\"https:\/\/amzn.to\/3jjWBcf\" rel=\"noreferrer noopener\">Moda<\/a> &#8211; <a target=\"_blank\" href=\"https:\/\/amzn.to\/2W7UqQ0\" rel=\"noreferrer noopener\">Hogar y Cocina<\/a><\/p>\n\n\n\n<div class=\"wp-block-group\"><div class=\"wp-block-group__inner-container is-layout-flow wp-block-group-is-layout-flow\">\n<figure class=\"wp-block-table\"><table><tbody><tr><td><strong>EFEM\u00c9RIDES<\/strong><\/td><td><strong>SANTORAL<\/strong><\/td><\/tr><tr><td><img loading=\"lazy\" decoding=\"async\" src=\"https:\/\/www.elalmanaque.com\/Oct15\/lexico.jpg\" width=\"64\" height=\"59\"> <strong><\/strong> <strong>EFEM\u00c9RIDES&nbsp;<\/strong><strong>5<\/strong><strong> de&nbsp;<\/strong><strong>Septiembre<br><br><\/strong> 1229 Zarpan de Salou 55 barcos al mando de Jaime I de Arag\u00f3n a la conquista de Mallorca.&nbsp;<br>1567 El duque de Alba crea el Tribunal de los Tumultos en los Pa\u00edses Bajos.&nbsp;<br>1839 Comienza la primera guerra del opio en China.&nbsp;<strong><br><\/strong> <a href=\"https:\/\/www.elalmanaque.com\/Sep20\/5-9-20.htm#LEXICO\"><\/a><\/td><td><img loading=\"lazy\" decoding=\"async\" src=\"https:\/\/www.elalmanaque.com\/Oct15\/santos.jpg\" width=\"64\" height=\"65\"> <strong>SANTORAL&nbsp;<\/strong><strong>5<\/strong><strong> de&nbsp;<\/strong><strong>Septiembre<br><\/strong> Lorenzo Justiniano, Alberto, Donato, Obdulia, Sancho, Teodoro, Urbano y Victorino.&nbsp;<strong>EL NOMBRE DEL DIA &#8211;&nbsp;<\/strong><strong>LORENZO&nbsp;<\/strong>&nbsp;Su forma latina es&nbsp;<em>Laurentius<\/em>, un derivado de&nbsp;<em>laurus<\/em>, que significa \u00ablaurel\u00bb, la planta que simbolizaba la gloria y la inmortalidad. Por eso se coronaba a los vencedores (tanto militares, como deportivos, como literarios) con la corona de laurel. <a href=\"https:\/\/www.elalmanaque.com\/Sep20\/5-9-20.htm#LEXICO\"><\/a><\/td><\/tr><tr><td><strong>L\u00c9XICO<\/strong><\/td><td><strong>AUTOAYUDA &#8211; REDES<\/strong><\/td><\/tr><tr><td><strong><\/strong>&nbsp;<strong>L\u00c9XICO &#8211; GENEROSIDAD<\/strong><br>Aunque resulte chocante, generoso es el que genera, es decir el que engendra. La palabra la inventaron los romanos. Generosus significa en primer lugar \u00abde buena raza\u00bb (genus \/ generis), y en segundo lugar, \u00abprol\u00edfico\u00bb, \u00abfecundo\u00bb; porque esa es la virtud esencial de una raza: su calidad y abundancia de reproducci\u00f3n. Una vaca generosa es la que da muchos y buenos terneros, y abundante leche. (Por cierto, la exuberancia es propia de la leche. Viene de ubre; \u00abexuberar\u00bb significa \u00abser la leche tan abundante que se sale de (ex) las ubres\u00bb). <a href=\"https:\/\/www.elalmanaque.com\/Sep20\/5-9-20.htm#LEXICO\"><\/a><\/td><td><img loading=\"lazy\" decoding=\"async\" src=\"https:\/\/elalmanaque.com\/Sep20\/fotos\/love.jpg\" width=\"195\" height=\"110\"><strong>7 Herramientas de Amor<br><\/strong>** A C E P T A R **<br>Acepto que el prop\u00f3sito del Padre es perfecto y que todo lo que ocurre es neutro y necesario. RENUNCIO a intentar cambiar a los dem\u00e1s y, en su lugar, trabajar\u00e9 sobre m\u00ed mismo.<br>RENUNCIO a luchar y a tratar de modificar el orden perfecto del Universo y sus procesos necesarios, y, sobre todo, a tratar de interferir con las experiencias de vida de las dem\u00e1s personas. &nbsp;<strong><a href=\"https:\/\/www.elalmanaque.com\/Sep20\/5-9-20.htm#LEXICO\"><\/a><\/strong><\/td><\/tr><tr><td><strong>DIAS MUNDIALES<\/strong><\/td><td>&nbsp;<\/td><\/tr><tr><td><img loading=\"lazy\" decoding=\"async\" src=\"https:\/\/www.elalmanaque.com\/Sep13\/fotos\/mujer_indigena2_800.jpg\" width=\"169\" height=\"113\"><strong>D\u00eda de la Mujer Ind\u00edgena<\/strong><br>El 5 de septiembre se celebra el D\u00eda de la Mujer Ind\u00edgena desde el a\u00f1o 1983. Es un d\u00eda en el que se rinde homenaje a todas las mujeres ind\u00edgenas originarias que dieron su vida por sus familias y a las que se entregaron en cuerpo y alma. El origen del D\u00eda se remonta al Encuentro de Organizaciones y Movimientos de Am\u00e9rica en el que se realiz\u00f3 un homenaje a una mujer valiente que luch\u00f3 en su oposici\u00f3n a la opresi\u00f3n de los conquistadores, Bartolina Sisa asesinada el 5 de septiembre. <a href=\"https:\/\/www.elalmanaque.com\/Sep20\/5-9-20.htm#LEXICO\"><\/a><\/td><td><strong><\/strong><strong>D\u00eda Internacional de la Beneficencia<\/strong> La Asamblea General de las Naciones Unidas decide designar el 5 de septiembre D\u00eda Internacional de la Beneficencia. <strong><br>Solidaridad mundial para acabar con la pobreza <\/strong>La beneficencia puede contribuir a la promoci\u00f3n del di\u00e1logo, la solidaridad y la comprensi\u00f3n mutua entre las personas. Tambi\u00e9n puede aliviar los peores efectos de las crisis humanitarias, complementar los servicios p\u00fablicos de atenci\u00f3n de la salud, la educaci\u00f3n, la vivienda y la protecci\u00f3n de la infancia. &nbsp; <a href=\"https:\/\/www.elalmanaque.com\/Sep20\/5-9-20.htm#TECNOLOGIA E INTERNET\"><\/a><\/td><\/tr><tr><td><strong>SALUD<\/strong><\/td><td><strong>INTERNET&nbsp;&#8211; INFORM\u00c1TICA<\/strong><\/td><\/tr><tr><td><strong>C\u00f3mo combatir el s\u00edndrome postvacacional con la alimentaci\u00f3n&nbsp;<\/strong>La mayor\u00eda de nosotros hemos o estamos a punto de terminar nuestras vacaciones y todos hemos o\u00eddo hablar en alg\u00fan momento del llamado \u201cs\u00edndrome postvacacional\u201d y como influye en nuestro descanso diario, nuestra vitalidad, e incluso en nuestro estado de humor. <strong>Melatonina para el trastorno del sue\u00f1o: tomates, cerezas, arroz, nueces, pl\u00e1tanos, avena y ma\u00edz dulce<\/strong> <a href=\"https:\/\/www.elalmanaque.com\/Sep20\/5-9-20.htm#TECNOLOGIA E INTERNET\"><\/a><\/td><td><strong>C\u00f3mo Rastrear El M\u00f3vil Para Mantener A Tu Hijo A Salvo<\/strong><br>Entremos en contexto, nuestro hijo ya est\u00e1 creciendo y ha comenzado a tomar sus propias decisiones, entre ellas, la manera de vestir o qu\u00e9 tipo de m\u00fasica escuchar, lo que es algo muy positivo que le ayudar\u00e1 a forjar su car\u00e1cter y a madurar.<br><strong>C\u00f3mo utilizar el formato PDF para crear sus documentos<\/strong> <a href=\"https:\/\/www.elalmanaque.com\/Sep20\/5-9-20.htm#TECNOLOGIA E INTERNET\"><\/a><\/td><\/tr><tr><td><strong>HUMOR &#8211; CURIOSIDADES<\/strong><\/td><td><strong>EDUCACI\u00d3N<\/strong><\/td><\/tr><tr><td><strong>Mitos y mentiras I<\/strong> <strong><br>LEER CON POCA LUZ HACE QUE TE QUEDES CIEGO <\/strong>Es al rev\u00e9s, la gente que no ve bien no puede leer con poca luz, pero no es que la falta de luz produzca ceguera. Hacer un esfuerzo para leer no produce deficiencias en la vista, sino que significa que ya existe un problema de agudeza visual. Lo importante es no esforzar la vista, pero no porque te puede dejar ciego, sino para no cansarse ni generar dolores de cabeza.<strong>&nbsp;<\/strong>&nbsp;<a href=\"https:\/\/www.elalmanaque.com\/Sep20\/5-9-20.htm#TECNOLOGIA E INTERNET\"><\/a><\/td><td><img loading=\"lazy\" decoding=\"async\" src=\"https:\/\/elalmanaque.com\/Agosto20\/fotos\/pisa-china.jpg\" width=\"180\" height=\"132\"><strong>Programa para la Evaluaci\u00f3n Internacional de los Alumnos PISA<\/strong> China desplaz\u00f3 a Singapur como el pa\u00eds con la mejor educaci\u00f3n del mundo, seg\u00fan los \u00faltimos resultados del Programa para la Evaluaci\u00f3n Internacional de los Alumnos (PISA, por sus siglas en ingl\u00e9s).<a href=\"https:\/\/www.elalmanaque.com\/Sep20\/5-9-20.htm#TECNOLOGIA E INTERNET\"><\/a><\/td><\/tr><tr><td><strong>M\u00daSICA &#8211; TEATRO &#8211; CINE<\/strong><\/td><td><strong>EFEM\u00c9RIDES<a href=\"https:\/\/www.elalmanaque.com\/Feb16\/26-2-16.htm#ACTUALIDAD%20CULTURAL\">&nbsp;<\/a><a href=\"https:\/\/www.elalmanaque.com\/Feb16\/26-2-16.htm#ACTUALIDAD%20CULTURAL\">ART\u00cdSTICAS<\/a><a href=\"https:\/\/www.elalmanaque.com\/Feb16\/26-2-16.htm#ACTUALIDAD%20CULTURAL\">&nbsp;MUSICALES<\/a> &#8211; ARTE &#8211;<\/strong><\/td><\/tr><tr><td><strong>EL MAGO POP SE REECUENTRA HOY CON SU P\u00daBLICO EN EL TEATRE VICTORIA<\/strong> Antonio Diaz, EL MAGO POP, se reencuentra esta noche con su p\u00fablico en el TEATRE VICT\u00d2RIA para protagonizar de nuevo su espect\u00e1culo NADA ES IMPOSIBLE que ha batido todos los r\u00e9cords de venta de entradas y de espectadores. <strong><br>El Principal de Zaragoza inaugura temporada el 9-S con JOTA <\/strong>El estreno de JOTA el pr\u00f3ximo mi\u00e9rcoles 9 de septiembre inaugura temporada en el TEATRO PRINCIPAL DE ZARAGOZA, donde durante los pr\u00f3ximos meses se entremezclar\u00e1n el folclore, las caras nuevas y cl\u00e1sicas del teatro espa\u00f1ol, la danza y los grandes espect\u00e1culos del teatro-musical. Diego Pe\u00f1a, Juako Malavirgen, Teatro Indigesto, Ars Symphony o Javi ElMago pasar\u00e1n por el TEATRO DEL MERCADO, cuya programaci\u00f3n, centrada en las compa\u00f1\u00edas locales y regionales, levantar\u00e1 el tel\u00f3n el 17 de septiembre. &nbsp; <a href=\"https:\/\/www.elalmanaque.com\/Sep20\/5-9-20.htm#ACTUALIDAD%20CULTURAL\"><\/a><\/td><td><img decoding=\"async\" src=\"https:\/\/www.elalmanaque.com\/Oct15\/efemeridesp.jpg\"> <strong>FREDDIE MERCURY<\/strong><strong>, UN 5 DE SEPTIEMBRE&nbsp;<\/strong>NACE EN LA ISLA ZANZIBAR&nbsp;(TANZANIA), EL CANTANTE DE LA BANDA \u201cQUEEN\u201d, FARROKH BULSARA, MEJOR CONOCIDO COMO FREDDIE MERCURY<br><br><strong>Al Stewart&nbsp;UN 5 DE SEPTIEMBRE DE 1945<br><\/strong> Al Stewart autor de \u201cEl a\u00f1o del gato\u201d naci\u00f3 el 5 de septiembre de 1945 en Glasgow, Escocia <img decoding=\"async\" src=\"https:\/\/elalmanaque.com\/Agosto20\/fotos\/5._retrato_de_galdos_m.jpg\"><strong>Exposici\u00f3n \u201cGald\u00f3s en el laberinto de Espa\u00f1a\u201d<br><\/strong> Del 22 septiembre 2020 al 03 enero 2021.<br>La Comunidad de Madrid celebra el centenario del fallecimiento de Benito P\u00e9rez Gald\u00f3s con esta exposici\u00f3n, que re\u00fane 140 fotograf\u00edas entre retratos, casi todos in\u00e9ditos, del escritor y escenarios, principalmente madrile\u00f1os, en los que transcurri\u00f3 su vida y obra <a href=\"https:\/\/www.elalmanaque.com\/Sep20\/5-9-20.htm#ACTUALIDAD%20CULTURAL\"><\/a><\/td><\/tr><tr><td><strong><a>GASTRONOMIA &#8211;<\/a> <a>ENOTURISMO<\/a><\/strong><\/td><td><strong>HOTELERIA &#8211;<\/strong><\/td><\/tr><tr><td><img loading=\"lazy\" decoding=\"async\" src=\"https:\/\/www.elalmanaque.com\/Agosto14\/fotos\/paulaner1.jpg\" width=\"185\" height=\"99\"><strong>Qu\u00e9 es la Oktoberfest<\/strong><br>La Oktoberfest se celebra entre los meses de septiembre y octubre en la ciudad b\u00e1vara de M\u00fanich desde 1810, a partir de la boda del por aquel entonces pr\u00edncipe heredero Luis de Baviera con la princesa Teresa de Sajonia-Hildburghausen.<strong><br>Recetas de cocina alemana &#8211;&nbsp;Kartoffelpuffer<br><\/strong> El Kartoffelpuffer es un plato t\u00edpico de la cocina alemana, descubre como prepararlo de una manera sencilla&nbsp;<br><strong>La terraza Cruz Blanca Vallecas en Septiembre Churros, Conejo al Ajillo y Cocido Madrile\u00f1o&nbsp;<\/strong> &nbsp;<strong>&nbsp;<\/strong><a href=\"https:\/\/www.elalmanaque.com\/Sep20\/5-9-20.htm#GASTRONOMIA-HOSTELERIA\"><\/a><\/td><td><img loading=\"lazy\" decoding=\"async\" src=\"https:\/\/elalmanaque.com\/Sep20\/fotos\/Eurostars%20Torre%20Sevilla_exteriores_noche-m.jpg\" width=\"190\" height=\"128\">El Eurostars Torre Sevilla 5* reabrir\u00e1 sus instalaciones el viernes 04 de septiembre<br>El Eurostars Torre Sevilla 5* reabrir\u00e1 sus puertas el pr\u00f3ximo viernes 04 de septiembre tras varios meses de inactividad debido a las restricciones derivadas de la crisis del COVID-19. El emblem\u00e1tico hotel de la ciudad hispalense ha adaptado sus exclusivas instalaciones siguiendo estrictas medidas y protocolos, a trav\u00e9s del completo programa Eurostars Clean + Safe, un extenso protocolo que refuerza la seguridad tanto de los hu\u00e9spedes como de los empleados de los establecimientos. &nbsp;<a href=\"https:\/\/www.elalmanaque.com\/Sep20\/5-9-20.htm#GASTRONOMIA-HOSTELERIA\"><\/a><\/td><\/tr><tr><td><strong>VIAJES &#8211; &nbsp;TURISMO<\/strong><\/td><td><strong>HOSTELERIA<\/strong><\/td><\/tr><tr><td><img loading=\"lazy\" decoding=\"async\" src=\"https:\/\/elalmanaque.com\/Sep20\/fotos\/celestyal_cruises_photo-m.jpg\" width=\"194\" height=\"137\"><strong>CELESTYAL CRUISES, GALARDONADA EN LA SEGUNDA EDICI\u00d3N DE LOS PREMIOS MEDCRUISE 2020<\/strong><br>La compa\u00f1\u00eda recibi\u00f3 el primer premio por su solidaridad durante la pandemia y su compromiso en el desarrollo de la industria de cruceros, especialmente en el Mediterr\u00e1neo oriental <a href=\"https:\/\/www.elalmanaque.com\/Sep20\/5-9-20.htm#TURISMO\"><\/a><\/td><td><strong>El Alcalde de Madrid recibe a los hoteleros madrile\u00f1os para conocer la situaci\u00f3n actual del sector y explorar l\u00edneas de trabajo futuro<\/strong><br>Los representantes de la Asociaci\u00f3n Empresarial Hotelera de Madrid y el Alcalde comentaron las posibles acciones que ser\u00eda necesarias para reactivar el sector y fortalecer la imagen de Madrid como un destino seguro para los viajeros nacionales e internacionales&nbsp; <a href=\"https:\/\/www.elalmanaque.com\/Sep20\/5-9-20.htm#TURISMO\"><\/a><\/td><\/tr><tr><td><img loading=\"lazy\" decoding=\"async\" src=\"https:\/\/elalmanaque.com\/Sep20\/fotos\/vb34173309-m.jpg\" width=\"190\" height=\"142\">10 alternativas a Londres que deber\u00edas considerar en tu pr\u00f3ximo viaje a Gran Breta\u00f1a Cuando hablamos sobre Gran Breta\u00f1a las primeras ciudades que nos vienen a cabeza a son Londres, Edimburgo o Bath. Sin embargo, Reino Unido tiene mucho m\u00e1s que ofrecer. En este art\u00edculo os llevamos por lugares menos conocidos de Gran Breta\u00f1a, pero que merecen la pena visitar.&nbsp;&nbsp;&nbsp;&nbsp;<a href=\"https:\/\/www.elalmanaque.com\/Sep20\/5-9-20.htm#TURISMO\"><\/a><\/td><td><strong><\/strong><strong>Estos son los pueblos m\u00e1s sorprendentes de Europa, seg\u00fan Jetcost<\/strong> <strong><br>Hallstatt (Austria)<br><\/strong> A menudo considerado como uno de los lugares m\u00e1s bellos de Europa, Hallstatt es muy pintoresco. Esto se debe principalmente a su ubicaci\u00f3n en una estrecha orilla rocosa del oeste del Hallst\u00e4ttersee con las escarpadas monta\u00f1as detr\u00e1s.&nbsp;<a href=\"https:\/\/www.elalmanaque.com\/Sep20\/5-9-20.htm#TURISMO\"><\/a><\/td><\/tr><tr><td><a href=\"https:\/\/www.elalmanaque.com\/turismo\/destinos\/capadocia.htm\"><\/a> <strong><a href=\"https:\/\/www.elalmanaque.com\/turismo\/destinos\/capadocia.htm\">Capadocia, donde las civilizaciones viv\u00edan en cuevas<\/a><\/strong><br>Miles de a\u00f1os de erosi\u00f3n han creado singulares formaciones rocosas que convierten a Capadocia en uno de los principales atractivos tur\u00edsticos de Turqu\u00eda.&nbsp;Civilizaciones milenarias dejaron su huella en este lugar&nbsp;construyendo ciudades completas excavadas en la roca de sus valles <a href=\"https:\/\/www.elalmanaque.com\/Sep20\/5-9-20.htm#TURISMO\"><\/a> &nbsp;&nbsp;<\/td><td><a href=\"https:\/\/www.elalmanaque.com\/turismo\/destinos\/medellin.htm\"><\/a> <strong><a href=\"https:\/\/www.elalmanaque.com\/turismo\/destinos\/medellin.htm\">Medell\u00edn, la ciudad que venci\u00f3 a la violencia<\/a><br><\/strong> Conocida como la \u00abcapital de la monta\u00f1a\u00bb o la \u00abciudad de la eterna primavera\u00bb,&nbsp;<strong>Medell\u00edn pas\u00f3 de ser la ciudad m\u00e1s violenta del mundo por el narcotr\u00e1fico hace 20 a\u00f1os a la m\u00e1s innovadora<\/strong>. \u00bfC\u00f3mo consigui\u00f3 dar este giro de 180 grados para dejar atr\u00e1s la pobreza y las balas y adoptar el desarrollo como motor? &nbsp;<a href=\"https:\/\/www.elalmanaque.com\/Sep20\/5-9-20.htm#TURISMO\"><\/a><br>&nbsp;<\/td><\/tr><\/tbody><\/table><\/figure>\n<\/div><\/div>\n\n\n\n<p><a href=\"https:\/\/www.elalmanaque.com\/almanaques_2020.htm\">ARCHIVO<\/a><a href=\"https:\/\/www.elalmanaque.com\/almanaques_2019.htm\">&nbsp;&#8211;&nbsp;<\/a><strong><a href=\"https:\/\/elalmanaque.com\/portada\/index.htm\">PORTADA<\/a><\/strong><strong>S &#8211;&nbsp;<\/strong><a href=\"https:\/\/www.elalmanaque.com\/almanaques_2019.htm\">EDICIONES DE ALMANAQUES&nbsp;<\/a><a href=\"https:\/\/www.elalmanaque.com\/almanaques_2020.htm\">SEPTIEMBRE<\/a><a href=\"https:\/\/www.elalmanaque.com\/almanaques_2020.htm\"><strong>&nbsp;20<\/strong>20&nbsp;<\/a>:&nbsp;<a href=\"https:\/\/elalmanaque.com\/Sep20\/1-9-20.htm\">1<\/a> &#8211; <a href=\"https:\/\/elalmanaque.com\/Sep20\/2-9-20.htm\">2<\/a> &#8211; <a href=\"https:\/\/elalmanaque.com\/Sep20\/3-9-20.htm\">3<\/a> &#8211; <a href=\"https:\/\/elalmanaque.com\/Sep20\/4-9-20.htm\">4<\/a><\/p>\n\n\n\n<p>SUSCRIPCIONES AL MAGAZINE :&nbsp; El Almanaque se env\u00eda \u00fanicamente a los suscriptores.&nbsp;Suscripciones gratis&nbsp;&nbsp;<\/p>\n\n\n\n<p>Para informaci\u00f3n, BAJAS, consultas y\/o sugerencias , contactar con Editor y Webmaster :&nbsp;<a href=\"mailto:webmaster@elalmanaque.com\">webmaster<\/a><a href=\"mailto:webmaster@elalmanaque.com\">@elalmanaque.com<\/a>&nbsp;<\/p>\n","protected":false},"excerpt":{"rendered":"<p>SANTORAL\u00a0 &#8211;\u00a0L\u00c9XICO &#8211; EFEM\u00c9RIDES &#8211; DIAS MUNDIALES &#8211;\u00a0CALENDARIOS &#8211;\u00a0\u00a0HUMOR &#8211; GASTRONOMIA &#8211; TURISMO &#8211; DESTINOS &#8211; REPORTAJES El Almanaque N\u00ba 7595 S\u00e1bado 5 de Septiembre&hellip; <\/p>\n","protected":false},"author":1,"featured_media":31321,"comment_status":"closed","ping_status":"closed","sticky":false,"template":"","format":"standard","meta":{"footnotes":""},"categories":[106,32,16,116,103,120,44],"tags":[],"class_list":["post-32398","post","type-post","status-publish","format-standard","has-post-thumbnail","hentry","category-almanaques","category-biografias","category-efemerides","category-nutricion","category-salud","category-santoral","category-viajes"],"yoast_head":"<!-- This site is optimized with the Yoast SEO plugin v24.8.1 - https:\/\/yoast.com\/wordpress\/plugins\/seo\/ -->\n<title>El Almanaque N\u00ba 7595 S\u00e1bado 5 de Septiembre de 2020 - El Almanaque<\/title>\n<meta name=\"robots\" content=\"index, follow, max-snippet:-1, max-image-preview:large, max-video-preview:-1\" \/>\n<link rel=\"canonical\" href=\"https:\/\/www.elalmanaque.com\/wp\/almanaques\/el-almanaque-no-7595-sabado-5-de-septiembre-de-2020\/\" \/>\n<meta property=\"og:locale\" content=\"es_ES\" \/>\n<meta property=\"og:type\" content=\"article\" \/>\n<meta property=\"og:title\" content=\"El Almanaque N\u00ba 7595 S\u00e1bado 5 de Septiembre de 2020 - El Almanaque\" \/>\n<meta property=\"og:description\" content=\"SANTORAL\u00a0 &#8211;\u00a0L\u00c9XICO &#8211; EFEM\u00c9RIDES &#8211; DIAS MUNDIALES &#8211;\u00a0CALENDARIOS &#8211;\u00a0\u00a0HUMOR &#8211; GASTRONOMIA &#8211; TURISMO &#8211; DESTINOS &#8211; REPORTAJES El Almanaque N\u00ba 7595 S\u00e1bado 5 de Septiembre&hellip;\" \/>\n<meta property=\"og:url\" content=\"https:\/\/www.elalmanaque.com\/wp\/almanaques\/el-almanaque-no-7595-sabado-5-de-septiembre-de-2020\/\" \/>\n<meta property=\"og:site_name\" content=\"El Almanaque\" \/>\n<meta property=\"article:published_time\" content=\"2020-09-05T08:34:29+00:00\" \/>\n<meta property=\"article:modified_time\" content=\"2020-09-05T08:34:31+00:00\" \/>\n<meta property=\"og:image\" content=\"https:\/\/www.elalmanaque.com\/wp\/wp-content\/uploads\/2020\/05\/24811_113126318710411_5770706_n-1.jpg\" \/>\n\t<meta property=\"og:image:width\" content=\"200\" \/>\n\t<meta property=\"og:image:height\" content=\"24\" \/>\n\t<meta property=\"og:image:type\" content=\"image\/jpeg\" \/>\n<meta name=\"author\" content=\"Redactor\" \/>\n<meta name=\"twitter:card\" content=\"summary_large_image\" \/>\n<meta name=\"twitter:label1\" content=\"Escrito por\" \/>\n\t<meta name=\"twitter:data1\" content=\"Redactor\" \/>\n\t<meta name=\"twitter:label2\" content=\"Tiempo de lectura\" \/>\n\t<meta name=\"twitter:data2\" content=\"9 minutos\" \/>\n<script type=\"application\/ld+json\" class=\"yoast-schema-graph\">{\"@context\":\"https:\/\/schema.org\",\"@graph\":[{\"@type\":\"Article\",\"@id\":\"https:\/\/www.elalmanaque.com\/wp\/almanaques\/el-almanaque-no-7595-sabado-5-de-septiembre-de-2020\/#article\",\"isPartOf\":{\"@id\":\"https:\/\/www.elalmanaque.com\/wp\/almanaques\/el-almanaque-no-7595-sabado-5-de-septiembre-de-2020\/\"},\"author\":{\"name\":\"Redactor\",\"@id\":\"https:\/\/www.elalmanaque.com\/wp\/#\/schema\/person\/61ab31c67167988fe2679d590ca85afe\"},\"headline\":\"El Almanaque N\u00ba 7595 S\u00e1bado 5 de Septiembre de 2020\",\"datePublished\":\"2020-09-05T08:34:29+00:00\",\"dateModified\":\"2020-09-05T08:34:31+00:00\",\"mainEntityOfPage\":{\"@id\":\"https:\/\/www.elalmanaque.com\/wp\/almanaques\/el-almanaque-no-7595-sabado-5-de-septiembre-de-2020\/\"},\"wordCount\":1782,\"publisher\":{\"@id\":\"https:\/\/www.elalmanaque.com\/wp\/#organization\"},\"image\":{\"@id\":\"https:\/\/www.elalmanaque.com\/wp\/almanaques\/el-almanaque-no-7595-sabado-5-de-septiembre-de-2020\/#primaryimage\"},\"thumbnailUrl\":\"https:\/\/www.elalmanaque.com\/wp\/wp-content\/uploads\/2020\/05\/24811_113126318710411_5770706_n-1.jpg\",\"articleSection\":[\"Almanaques\",\"Biografias\",\"Efem\u00e9rides\",\"Nutricion\",\"Salud\",\"Santoral\",\"Viajes\"],\"inLanguage\":\"es\"},{\"@type\":\"WebPage\",\"@id\":\"https:\/\/www.elalmanaque.com\/wp\/almanaques\/el-almanaque-no-7595-sabado-5-de-septiembre-de-2020\/\",\"url\":\"https:\/\/www.elalmanaque.com\/wp\/almanaques\/el-almanaque-no-7595-sabado-5-de-septiembre-de-2020\/\",\"name\":\"El Almanaque N\u00ba 7595 S\u00e1bado 5 de Septiembre de 2020 - El Almanaque\",\"isPartOf\":{\"@id\":\"https:\/\/www.elalmanaque.com\/wp\/#website\"},\"primaryImageOfPage\":{\"@id\":\"https:\/\/www.elalmanaque.com\/wp\/almanaques\/el-almanaque-no-7595-sabado-5-de-septiembre-de-2020\/#primaryimage\"},\"image\":{\"@id\":\"https:\/\/www.elalmanaque.com\/wp\/almanaques\/el-almanaque-no-7595-sabado-5-de-septiembre-de-2020\/#primaryimage\"},\"thumbnailUrl\":\"https:\/\/www.elalmanaque.com\/wp\/wp-content\/uploads\/2020\/05\/24811_113126318710411_5770706_n-1.jpg\",\"datePublished\":\"2020-09-05T08:34:29+00:00\",\"dateModified\":\"2020-09-05T08:34:31+00:00\",\"breadcrumb\":{\"@id\":\"https:\/\/www.elalmanaque.com\/wp\/almanaques\/el-almanaque-no-7595-sabado-5-de-septiembre-de-2020\/#breadcrumb\"},\"inLanguage\":\"es\",\"potentialAction\":[{\"@type\":\"ReadAction\",\"target\":[\"https:\/\/www.elalmanaque.com\/wp\/almanaques\/el-almanaque-no-7595-sabado-5-de-septiembre-de-2020\/\"]}]},{\"@type\":\"ImageObject\",\"inLanguage\":\"es\",\"@id\":\"https:\/\/www.elalmanaque.com\/wp\/almanaques\/el-almanaque-no-7595-sabado-5-de-septiembre-de-2020\/#primaryimage\",\"url\":\"https:\/\/www.elalmanaque.com\/wp\/wp-content\/uploads\/2020\/05\/24811_113126318710411_5770706_n-1.jpg\",\"contentUrl\":\"https:\/\/www.elalmanaque.com\/wp\/wp-content\/uploads\/2020\/05\/24811_113126318710411_5770706_n-1.jpg\",\"width\":200,\"height\":24},{\"@type\":\"BreadcrumbList\",\"@id\":\"https:\/\/www.elalmanaque.com\/wp\/almanaques\/el-almanaque-no-7595-sabado-5-de-septiembre-de-2020\/#breadcrumb\",\"itemListElement\":[{\"@type\":\"ListItem\",\"position\":1,\"name\":\"Portada\",\"item\":\"https:\/\/www.elalmanaque.com\/wp\/\"},{\"@type\":\"ListItem\",\"position\":2,\"name\":\"El Almanaque N\u00ba 7595 S\u00e1bado 5 de Septiembre de 2020\"}]},{\"@type\":\"WebSite\",\"@id\":\"https:\/\/www.elalmanaque.com\/wp\/#website\",\"url\":\"https:\/\/www.elalmanaque.com\/wp\/\",\"name\":\"El Almanaque\",\"description\":\"Revista de Cultura y Ocio\",\"publisher\":{\"@id\":\"https:\/\/www.elalmanaque.com\/wp\/#organization\"},\"potentialAction\":[{\"@type\":\"SearchAction\",\"target\":{\"@type\":\"EntryPoint\",\"urlTemplate\":\"https:\/\/www.elalmanaque.com\/wp\/?s={search_term_string}\"},\"query-input\":{\"@type\":\"PropertyValueSpecification\",\"valueRequired\":true,\"valueName\":\"search_term_string\"}}],\"inLanguage\":\"es\"},{\"@type\":\"Organization\",\"@id\":\"https:\/\/www.elalmanaque.com\/wp\/#organization\",\"name\":\"El Almanaque\",\"url\":\"https:\/\/www.elalmanaque.com\/wp\/\",\"logo\":{\"@type\":\"ImageObject\",\"inLanguage\":\"es\",\"@id\":\"https:\/\/www.elalmanaque.com\/wp\/#\/schema\/logo\/image\/\",\"url\":\"https:\/\/www.elalmanaque.com\/wp\/wp-content\/uploads\/2020\/03\/cropped-elalmanaque.jpg\",\"contentUrl\":\"https:\/\/www.elalmanaque.com\/wp\/wp-content\/uploads\/2020\/03\/cropped-elalmanaque.jpg\",\"width\":900,\"height\":164,\"caption\":\"El Almanaque\"},\"image\":{\"@id\":\"https:\/\/www.elalmanaque.com\/wp\/#\/schema\/logo\/image\/\"}},{\"@type\":\"Person\",\"@id\":\"https:\/\/www.elalmanaque.com\/wp\/#\/schema\/person\/61ab31c67167988fe2679d590ca85afe\",\"name\":\"Redactor\",\"image\":{\"@type\":\"ImageObject\",\"inLanguage\":\"es\",\"@id\":\"https:\/\/www.elalmanaque.com\/wp\/#\/schema\/person\/image\/\",\"url\":\"https:\/\/secure.gravatar.com\/avatar\/a1cd6ad4f449e45fea5ebd57548cb588?s=96&d=mm&r=g\",\"contentUrl\":\"https:\/\/secure.gravatar.com\/avatar\/a1cd6ad4f449e45fea5ebd57548cb588?s=96&d=mm&r=g\",\"caption\":\"Redactor\"},\"url\":\"https:\/\/www.elalmanaque.com\/wp\/author\/useralmanaque\/\"}]}<\/script>\n<!-- \/ Yoast SEO plugin. -->","yoast_head_json":{"title":"El Almanaque N\u00ba 7595 S\u00e1bado 5 de Septiembre de 2020 - El Almanaque","robots":{"index":"index","follow":"follow","max-snippet":"max-snippet:-1","max-image-preview":"max-image-preview:large","max-video-preview":"max-video-preview:-1"},"canonical":"https:\/\/www.elalmanaque.com\/wp\/almanaques\/el-almanaque-no-7595-sabado-5-de-septiembre-de-2020\/","og_locale":"es_ES","og_type":"article","og_title":"El Almanaque N\u00ba 7595 S\u00e1bado 5 de Septiembre de 2020 - El Almanaque","og_description":"SANTORAL\u00a0 &#8211;\u00a0L\u00c9XICO &#8211; EFEM\u00c9RIDES &#8211; DIAS MUNDIALES &#8211;\u00a0CALENDARIOS &#8211;\u00a0\u00a0HUMOR &#8211; GASTRONOMIA &#8211; TURISMO &#8211; DESTINOS &#8211; REPORTAJES El Almanaque N\u00ba 7595 S\u00e1bado 5 de Septiembre&hellip;","og_url":"https:\/\/www.elalmanaque.com\/wp\/almanaques\/el-almanaque-no-7595-sabado-5-de-septiembre-de-2020\/","og_site_name":"El Almanaque","article_published_time":"2020-09-05T08:34:29+00:00","article_modified_time":"2020-09-05T08:34:31+00:00","og_image":[{"width":200,"height":24,"url":"https:\/\/www.elalmanaque.com\/wp\/wp-content\/uploads\/2020\/05\/24811_113126318710411_5770706_n-1.jpg","type":"image\/jpeg"}],"author":"Redactor","twitter_card":"summary_large_image","twitter_misc":{"Escrito por":"Redactor","Tiempo de lectura":"9 minutos"},"schema":{"@context":"https:\/\/schema.org","@graph":[{"@type":"Article","@id":"https:\/\/www.elalmanaque.com\/wp\/almanaques\/el-almanaque-no-7595-sabado-5-de-septiembre-de-2020\/#article","isPartOf":{"@id":"https:\/\/www.elalmanaque.com\/wp\/almanaques\/el-almanaque-no-7595-sabado-5-de-septiembre-de-2020\/"},"author":{"name":"Redactor","@id":"https:\/\/www.elalmanaque.com\/wp\/#\/schema\/person\/61ab31c67167988fe2679d590ca85afe"},"headline":"El Almanaque N\u00ba 7595 S\u00e1bado 5 de Septiembre de 2020","datePublished":"2020-09-05T08:34:29+00:00","dateModified":"2020-09-05T08:34:31+00:00","mainEntityOfPage":{"@id":"https:\/\/www.elalmanaque.com\/wp\/almanaques\/el-almanaque-no-7595-sabado-5-de-septiembre-de-2020\/"},"wordCount":1782,"publisher":{"@id":"https:\/\/www.elalmanaque.com\/wp\/#organization"},"image":{"@id":"https:\/\/www.elalmanaque.com\/wp\/almanaques\/el-almanaque-no-7595-sabado-5-de-septiembre-de-2020\/#primaryimage"},"thumbnailUrl":"https:\/\/www.elalmanaque.com\/wp\/wp-content\/uploads\/2020\/05\/24811_113126318710411_5770706_n-1.jpg","articleSection":["Almanaques","Biografias","Efem\u00e9rides","Nutricion","Salud","Santoral","Viajes"],"inLanguage":"es"},{"@type":"WebPage","@id":"https:\/\/www.elalmanaque.com\/wp\/almanaques\/el-almanaque-no-7595-sabado-5-de-septiembre-de-2020\/","url":"https:\/\/www.elalmanaque.com\/wp\/almanaques\/el-almanaque-no-7595-sabado-5-de-septiembre-de-2020\/","name":"El Almanaque N\u00ba 7595 S\u00e1bado 5 de Septiembre de 2020 - El Almanaque","isPartOf":{"@id":"https:\/\/www.elalmanaque.com\/wp\/#website"},"primaryImageOfPage":{"@id":"https:\/\/www.elalmanaque.com\/wp\/almanaques\/el-almanaque-no-7595-sabado-5-de-septiembre-de-2020\/#primaryimage"},"image":{"@id":"https:\/\/www.elalmanaque.com\/wp\/almanaques\/el-almanaque-no-7595-sabado-5-de-septiembre-de-2020\/#primaryimage"},"thumbnailUrl":"https:\/\/www.elalmanaque.com\/wp\/wp-content\/uploads\/2020\/05\/24811_113126318710411_5770706_n-1.jpg","datePublished":"2020-09-05T08:34:29+00:00","dateModified":"2020-09-05T08:34:31+00:00","breadcrumb":{"@id":"https:\/\/www.elalmanaque.com\/wp\/almanaques\/el-almanaque-no-7595-sabado-5-de-septiembre-de-2020\/#breadcrumb"},"inLanguage":"es","potentialAction":[{"@type":"ReadAction","target":["https:\/\/www.elalmanaque.com\/wp\/almanaques\/el-almanaque-no-7595-sabado-5-de-septiembre-de-2020\/"]}]},{"@type":"ImageObject","inLanguage":"es","@id":"https:\/\/www.elalmanaque.com\/wp\/almanaques\/el-almanaque-no-7595-sabado-5-de-septiembre-de-2020\/#primaryimage","url":"https:\/\/www.elalmanaque.com\/wp\/wp-content\/uploads\/2020\/05\/24811_113126318710411_5770706_n-1.jpg","contentUrl":"https:\/\/www.elalmanaque.com\/wp\/wp-content\/uploads\/2020\/05\/24811_113126318710411_5770706_n-1.jpg","width":200,"height":24},{"@type":"BreadcrumbList","@id":"https:\/\/www.elalmanaque.com\/wp\/almanaques\/el-almanaque-no-7595-sabado-5-de-septiembre-de-2020\/#breadcrumb","itemListElement":[{"@type":"ListItem","position":1,"name":"Portada","item":"https:\/\/www.elalmanaque.com\/wp\/"},{"@type":"ListItem","position":2,"name":"El Almanaque N\u00ba 7595 S\u00e1bado 5 de Septiembre de 2020"}]},{"@type":"WebSite","@id":"https:\/\/www.elalmanaque.com\/wp\/#website","url":"https:\/\/www.elalmanaque.com\/wp\/","name":"El Almanaque","description":"Revista de Cultura y Ocio","publisher":{"@id":"https:\/\/www.elalmanaque.com\/wp\/#organization"},"potentialAction":[{"@type":"SearchAction","target":{"@type":"EntryPoint","urlTemplate":"https:\/\/www.elalmanaque.com\/wp\/?s={search_term_string}"},"query-input":{"@type":"PropertyValueSpecification","valueRequired":true,"valueName":"search_term_string"}}],"inLanguage":"es"},{"@type":"Organization","@id":"https:\/\/www.elalmanaque.com\/wp\/#organization","name":"El Almanaque","url":"https:\/\/www.elalmanaque.com\/wp\/","logo":{"@type":"ImageObject","inLanguage":"es","@id":"https:\/\/www.elalmanaque.com\/wp\/#\/schema\/logo\/image\/","url":"https:\/\/www.elalmanaque.com\/wp\/wp-content\/uploads\/2020\/03\/cropped-elalmanaque.jpg","contentUrl":"https:\/\/www.elalmanaque.com\/wp\/wp-content\/uploads\/2020\/03\/cropped-elalmanaque.jpg","width":900,"height":164,"caption":"El Almanaque"},"image":{"@id":"https:\/\/www.elalmanaque.com\/wp\/#\/schema\/logo\/image\/"}},{"@type":"Person","@id":"https:\/\/www.elalmanaque.com\/wp\/#\/schema\/person\/61ab31c67167988fe2679d590ca85afe","name":"Redactor","image":{"@type":"ImageObject","inLanguage":"es","@id":"https:\/\/www.elalmanaque.com\/wp\/#\/schema\/person\/image\/","url":"https:\/\/secure.gravatar.com\/avatar\/a1cd6ad4f449e45fea5ebd57548cb588?s=96&d=mm&r=g","contentUrl":"https:\/\/secure.gravatar.com\/avatar\/a1cd6ad4f449e45fea5ebd57548cb588?s=96&d=mm&r=g","caption":"Redactor"},"url":"https:\/\/www.elalmanaque.com\/wp\/author\/useralmanaque\/"}]}},"_links":{"self":[{"href":"https:\/\/www.elalmanaque.com\/wp\/wp-json\/wp\/v2\/posts\/32398","targetHints":{"allow":["GET"]}}],"collection":[{"href":"https:\/\/www.elalmanaque.com\/wp\/wp-json\/wp\/v2\/posts"}],"about":[{"href":"https:\/\/www.elalmanaque.com\/wp\/wp-json\/wp\/v2\/types\/post"}],"author":[{"embeddable":true,"href":"https:\/\/www.elalmanaque.com\/wp\/wp-json\/wp\/v2\/users\/1"}],"replies":[{"embeddable":true,"href":"https:\/\/www.elalmanaque.com\/wp\/wp-json\/wp\/v2\/comments?post=32398"}],"version-history":[{"count":1,"href":"https:\/\/www.elalmanaque.com\/wp\/wp-json\/wp\/v2\/posts\/32398\/revisions"}],"predecessor-version":[{"id":32399,"href":"https:\/\/www.elalmanaque.com\/wp\/wp-json\/wp\/v2\/posts\/32398\/revisions\/32399"}],"wp:featuredmedia":[{"embeddable":true,"href":"https:\/\/www.elalmanaque.com\/wp\/wp-json\/wp\/v2\/media\/31321"}],"wp:attachment":[{"href":"https:\/\/www.elalmanaque.com\/wp\/wp-json\/wp\/v2\/media?parent=32398"}],"wp:term":[{"taxonomy":"category","embeddable":true,"href":"https:\/\/www.elalmanaque.com\/wp\/wp-json\/wp\/v2\/categories?post=32398"},{"taxonomy":"post_tag","embeddable":true,"href":"https:\/\/www.elalmanaque.com\/wp\/wp-json\/wp\/v2\/tags?post=32398"}],"curies":[{"name":"wp","href":"https:\/\/api.w.org\/{rel}","templated":true}]}}