{"id":32192,"date":"2020-08-07T10:19:00","date_gmt":"2020-08-07T09:19:00","guid":{"rendered":"https:\/\/www.elalmanaque.com\/wp\/?p=32192"},"modified":"2020-08-07T10:19:02","modified_gmt":"2020-08-07T09:19:02","slug":"el-almanaque-no-7566-viernes-7-de-agosto-de-2020","status":"publish","type":"post","link":"https:\/\/www.elalmanaque.com\/wp\/almanaques\/el-almanaque-no-7566-viernes-7-de-agosto-de-2020\/","title":{"rendered":"El Almanaque N\u00ba 7566 Viernes 7 de Agosto de 2020"},"content":{"rendered":"\n<p><a href=\"https:\/\/www.elalmanaque.com\/santoral\/index.htm\">SANTORAL<\/a>\u00a0 &#8211;\u00a0<a href=\"https:\/\/www.elalmanaque.com\/El_Origen_de_las_Palabras\/index.html\">L\u00c9XICO<\/a> &#8211; <a href=\"https:\/\/www.elalmanaque.com\/Efemerides\/index.htm\">EFEM\u00c9RIDES<\/a> &#8211; <a rel=\"noreferrer noopener\" target=\"_blank\" href=\"https:\/\/www.elalmanaque.com\/wp\/categoria\/dias-mundiales\/\">DIAS MUNDIALES<\/a> &#8211;\u00a0<a href=\"https:\/\/www.elalmanaque.com\/Calendarios\">CALENDARIOS &#8211;<\/a>\u00a0\u00a0<a href=\"https:\/\/www.elalmanaque.com\/Humor_II\/index.html\">HUMOR<\/a> &#8211; <a href=\"https:\/\/www.elalmanaque.com\/turismo\/gastronomia\/index.htm\">GASTRONOMIA<\/a> &#8211; <a href=\"https:\/\/www.elalmanaque.com\/turismo\/index.htm\">TURISMO<\/a><strong> &#8211;<\/strong> <a href=\"https:\/\/www.elalmanaque.com\/turismo\/destinos\">DESTINOS<strong> &#8211;<\/strong><\/a> <a href=\"https:\/\/www.elalmanaque.com\/reportajes\/index.htm\">REPORTAJES<\/a><\/p>\n\n\n\n<p><a href=\"https:\/\/elalmanaque.com\/Agosto20\/7-8-20.htm\">El Almanaque N\u00ba 7566 Viernes 7 de Agosto de 2020<\/a><br><br>Llega la lluvia de estrellas m\u00e1s famosa de todas: las Perseidas<\/p>\n\n\n\n<figure class=\"wp-block-image\"><img decoding=\"async\" src=\"https:\/\/www.elalmanaque.com\/Agosto16\/fotos\/D07.jpg\" alt=\"\"\/><\/figure>\n\n\n\n<p>La lluvia de estrellas de las Perseidas, tambi\u00e9n conocida como &#8216;L\u00e1grimas de San Lorenzo&#8217; alcanzar\u00e1 su m\u00e1ximo de visibilidad la noche del pr\u00f3ximo&nbsp;12 de agosto<\/p>\n\n\n\n<p><strong><a href=\"https:\/\/www.elalmanaque.com\/Agosto20\/7-8-20.htm\">LEA COMPLETO EL ALMANAQUE DE HOY<\/a><\/strong><\/p>\n\n\n\n<p><a target=\"_blank\" href=\"https:\/\/amzn.to\/2AZdc4x\" rel=\"noreferrer noopener\">\u00daltimas novedades de Amazon<\/a>&nbsp;&#8211;&nbsp;<a target=\"_blank\" href=\"https:\/\/www.amazon.es\/b?node=2454136031&amp;_encoding=UTF8&amp;tag=wwwelalmanaqu-21\" rel=\"noreferrer noopener\">Deportes y aire libre<\/a>&nbsp;&#8211;&nbsp;<a href=\"https:\/\/amzn.to\/3cNHRyQ\">Tienda de Electr\u00f3nica<\/a>&nbsp;&#8211;&nbsp;<a target=\"_blank\" href=\"https:\/\/amzn.to\/37njl6M\" rel=\"noreferrer noopener\">BELLEZA<\/a><\/p>\n\n\n\n<div class=\"wp-block-group\"><div class=\"wp-block-group__inner-container is-layout-flow wp-block-group-is-layout-flow\">\n<figure class=\"wp-block-table\"><table><tbody><tr><td><strong>EFEM\u00c9RIDES<\/strong><\/td><td><strong>SANTORAL<\/strong><\/td><\/tr><tr><td><img loading=\"lazy\" decoding=\"async\" src=\"https:\/\/www.elalmanaque.com\/Oct15\/lexico.jpg\" width=\"64\" height=\"59\"> <strong>EFEM\u00c9RIDES 7 de Agosto<br><\/strong> 1815 &#8211; Napole\u00f3n Bonaparte, derrotado por los aliados, embarca rumbo al destierro en la isla de Santa Elena. 1876 &#8211; nace Margarita Gertrudis Zelle, \u00abMata Hari\u00bb. 1890 &#8211; Carlos E. Pellegrini accede a la Presidencia de Argentina, tras la renuncia de Miguel Ju\u00e1rez Celm\u00e1n.<br>1932 &#8211; Juan Carlos Zabala gana la marat\u00f3n en los Juegos Ol\u00edmpicos de Los Angeles. Es la primera medalla de oro del deporte argentino. 1942 &#8211; Segunda Guerra Mundial: tropas estadounidenses desembarcan en la isla de Guadalcanal.&nbsp;<a href=\"https:\/\/www.elalmanaque.com\/Agosto20\/7-8-20.htm#LEXICO\"><\/a><\/td><td><img loading=\"lazy\" decoding=\"async\" src=\"https:\/\/www.elalmanaque.com\/Oct15\/santos.jpg\" width=\"64\" height=\"65\"> <strong><\/strong> <strong>SANTORAL&nbsp;7<\/strong><strong>&nbsp;de Agosto<br><\/strong> Sixto, Cayetano, Donato, Alberto, Fausto, Justino, Juli\u00e1n y Claudia<br><br><strong>DONATO&nbsp;<\/strong><br>Del verbo&nbsp;<em>donare&nbsp;<\/em>(donar) proceden por una parte el sustantivo&nbsp;<em>donum&nbsp;<\/em>(don, regalo) y por otra el participio&nbsp;<em>donatus<\/em>, que significa donado, regalado.<br>Goz\u00f3 de considerable difusi\u00f3n en Italia, especialmente en el Renacimiento. Tiene la forma femenina Donata y el diminutivo italiano Donatello.&nbsp; <a href=\"https:\/\/www.elalmanaque.com\/Agosto20\/7-8-20.htm#LEXICO\"><\/a><\/td><\/tr><tr><td><strong>L\u00c9XICO<\/strong><\/td><td><strong>AUTOAYUDA<\/strong><\/td><\/tr><tr><td><strong><\/strong>&nbsp;<strong>L\u00c9XICO &#8211; METEORO<\/strong><br>Los griegos se inventaron esta palabra. La escrib\u00edan as\u00ed: meteoroV (met\u00e9oros). El significado era casi tan mete\u00f3rico como la palabra. Ante todo se trata de un adjetivo; por consiguiente es mete\u00f3rico\u2013mete\u00f3rica la traducci\u00f3n m\u00e1s ajustada. Cuando decimos de alguien que hizo una carrera mete\u00f3rica, nos referimos a que ascendi\u00f3 como un meteoro.&nbsp;<a href=\"https:\/\/www.elalmanaque.com\/Agosto20\/7-8-20.htm#LEXICO\"><\/a><\/td><td><img decoding=\"async\" src=\"https:\/\/www.elalmanaque.com\/Agosto16\/fotos\/3dd429infiel-p.jpg\">El verano, la \u00e9poca de las infidelidades, las discusiones y las rupturas de pareja&nbsp; El verano es una \u00e9poca en la que aumentan las consultas sobre posibles rupturas en las parejas seg\u00fan los expertos, debido a que se trata de un periodo en el se producen m\u00e1s infidelidades y en el que se comparte m\u00e1s tiempo juntos, lo que tambi\u00e9n da pie a que se pueda discutir m\u00e1s.<a href=\"https:\/\/www.elalmanaque.com\/Agosto20\/7-8-20.htm#LEXICO\"><\/a><br>&nbsp;<\/td><\/tr><tr><td><strong>&nbsp;<\/strong><strong>DESARROLLO PERSONAL<\/strong><\/td><td>&nbsp;<\/td><\/tr><tr><td><strong>DECALOGO DEL OPTIMISTA<br><\/strong> 1 &#8211; Los optimistas se aman, procuran un alto nivel de autoestima, se valoran y aprovechan lo mejor posible sus talentos personales innatos.<br>2 &#8211; Los optimistas aceptan a los dem\u00e1s como son, y no malgastan energ\u00edas queriendo cambiarlos, s\u00f3lo influyen en ellos con paciencia y tolerancia<br>3 &#8211; Los optimistas son espirituales, cultivan una excelente relaci\u00f3n con Dios y tienen en su fe una viva fuente de luz y de esperanza. <a href=\"https:\/\/www.elalmanaque.com\/Agosto20\/7-8-20.htm#TECNOLOGIA E INTERNET\"><\/a><br>&nbsp;<\/td><td><img loading=\"lazy\" decoding=\"async\" src=\"https:\/\/www.elalmanaque.com\/Agosto17\/fotos\/images22.jpg\" width=\"165\" height=\"107\"><strong>Las 19 mujeres m\u00e1s destacadas en ciencia y tecnolog\u00eda&nbsp;<br><br><\/strong> El desarrollo de la ciencia ha venido siempre reflejado por un rostro masculino. En f\u00edsica Albert Einstein e Isaac Newton, en sociolog\u00eda Auguste Comte, en antropolog\u00eda Claude L\u00e9vi-Strauss o Bronislaw Malinowski, en matem\u00e1ticas Blaise Pascal, en psicolog\u00eda Sigmund Freud, etc. <a href=\"https:\/\/www.elalmanaque.com\/Agosto20\/7-8-20.htm#TECNOLOGIA E INTERNET\"><\/a><\/td><\/tr><tr><td><strong>TECNOLOGIA &#8211; INTERNET<\/strong><\/td><td><strong>AUT\u00d3NOMOS<\/strong><\/td><\/tr><tr><td><strong>La mitad de los espa\u00f1oles que teletrabajan no sabe si lo hace correctamente<\/strong><br>Puntronic.com da unos consejos sobre c\u00f3mo adaptar el espacio de trabajo, el equipo y las rutinas a trabajar desde casa. Parece que el teletrabajo se ha convertido en el tema de moda de los \u00faltimos meses. Algo que hace tiempo parec\u00eda imposible para la mayor\u00eda de los trabajadores y empresas, ahora est\u00e1 en boca de todos y es la mejor soluci\u00f3n para unos y otros.&nbsp;<a href=\"https:\/\/www.elalmanaque.com\/Agosto20\/7-8-20.htm#TECNOLOGIA E INTERNET\"><\/a><\/td><td><strong>Aut\u00f3nomos: c\u00f3mo preparar el negocio para marcharse de vacaciones<\/strong><br>En Espa\u00f1a, seg\u00fan datos del Ministerio de Trabajo, Migraciones y Seguridad Social hay m\u00e1s de 3,2 millones de trabajadores aut\u00f3nomos. Y muchos de ellos se han visto seriamente afectados por la crisis econ\u00f3mica derivada del coronavirus.<br>Por ello, el verano de 2020 est\u00e1 siendo uno de los m\u00e1s inciertos y estresantes para un gran n\u00famero de negocios. &nbsp;<a href=\"https:\/\/www.elalmanaque.com\/Agosto20\/7-8-20.htm#TECNOLOGIA E INTERNET\"><\/a><\/td><\/tr><tr><td><strong>SALUD<\/strong><\/td><td><strong>CONSUMO<\/strong><\/td><\/tr><tr><td><img loading=\"lazy\" decoding=\"async\" src=\"https:\/\/www.elalmanaque.com\/Agosto09\/fotos\/lunares.jpg\" width=\"76\" height=\"103\"><strong>Los lunares&nbsp;&#8211;<\/strong> <strong>Lunar&nbsp;<\/strong>(la etimolog\u00eda de esta palabra es porque se atribu\u00eda la aparici\u00f3n de estas manchas al influjo de la Luna), en el lenguaje popular el t\u00e9rmino lunar alude a toda mancha persistente en la dermis y, en sentido lato, se llama lunar a cualquier alteraci\u00f3n d\u00e9rmica que presente diferencias de pigmentaci\u00f3n respecto a la mayor parte de la piel, por este motivo son denominados lunares otras plasias de aspecto externo semejante como los nevus, los angiomas e incluso ciertos aspectos de los melanomas y queratosis. <strong>Dec\u00e1logo para pasar un buen verano<\/strong> <a href=\"https:\/\/www.elalmanaque.com\/Agosto20\/7-8-20.htm#TECNOLOGIA E INTERNET\"><\/a><\/td><td><img loading=\"lazy\" decoding=\"async\" src=\"https:\/\/elalmanaque.com\/Agosto20\/fotos\/maxresdefault.jpg\" width=\"195\" height=\"110\"><strong>Conoce este m\u00e9todo para bajar m\u00fasica f\u00e1cilmente desde YouTube<\/strong><br>Desde que&nbsp;YouTube&nbsp;fue lanzado al p\u00fablico en 2005, nadie imaginaba lo exitoso que iba a ser y sin embargo ya vemos como es la web de videos m\u00e1s utilizada a nivel mundial. Tiene muy buenas caracter\u00edsticas y abarca a millones de usuarios, pero, como te habr\u00e1s percatado, no permite que descargues contenido. Y es por eso que en esta ocasi\u00f3n hemos querido ense\u00f1arte&nbsp;c\u00f3mo&nbsp;descargar musica, todo gracias a una herramienta online, sin necesidad de instalar programas. <a href=\"https:\/\/www.elalmanaque.com\/Agosto20\/7-8-20.htm#TECNOLOGIA E INTERNET\"><\/a><\/td><\/tr><tr><td><strong>HUMOR &#8211;<\/strong><\/td><td><strong>OCIO<\/strong><\/td><\/tr><tr><td><strong>El porqu\u00e9 de algunas frases&#8230; &#8211; El capit\u00e1n Ara\u00f1a<br><\/strong><br>El origen de esta frase hay que buscarlo en la figura del capit\u00e1n Arana o Aranha, un personaje del siglo XVIII que recorr\u00eda el litoral de la pen\u00ednsula Ib\u00e9rica con la intenci\u00f3n de reclutar gente con destino a las colonias de Am\u00e9rica para luchar contra los insurrectos, sin que \u00e9l emprendiera viaje alguno hacia el Nuevo Continente.&nbsp;<a href=\"https:\/\/www.elalmanaque.com\/Agosto20\/7-8-20.htm#ALMANAQUE DEL HUMOR\"><\/a><\/td><td><img loading=\"lazy\" decoding=\"async\" src=\"https:\/\/elalmanaque.com\/Agosto20\/fotos\/el-cazador-m.jpg\" width=\"190\" height=\"106\">&#8216;El cazador&#8217;, el nuevo concurso que enfrenta a los mejores concursantes de Espa\u00f1a con an\u00f3nimos Cuatro concursantes desconocidos trabajar\u00e1n en equipo para ganar a Erundino Alonso (\u2018Boom\u2019), Ruth de Andr\u00e9s (\u2018Saber y Ganar\u2019), Paz Herrera y Lilit Manukyan (\u2018Pasapalabra\u2019) <a href=\"https:\/\/www.elalmanaque.com\/Agosto20\/7-8-20.htm#TECNOLOGIA E INTERNET\"><\/a><\/td><\/tr><tr><td><strong>M\u00daSICA &#8211; TEATRO &#8211; CINE<\/strong><\/td><td><strong>EFEM\u00c9RIDES<a href=\"https:\/\/www.elalmanaque.com\/Feb16\/26-2-16.htm#ACTUALIDAD%20CULTURAL\">&nbsp;<\/a><a href=\"https:\/\/www.elalmanaque.com\/Feb16\/26-2-16.htm#ACTUALIDAD%20CULTURAL\">ART\u00cdSTICAS<\/a><a href=\"https:\/\/www.elalmanaque.com\/Feb16\/26-2-16.htm#ACTUALIDAD%20CULTURAL\">&nbsp;MUSICALES<\/a> &#8211; ARTE &#8211;<\/strong><\/td><\/tr><tr><td><strong>Madrid : Veranos de la Villa 2020 Del 29 de julio al 30 de agosto<\/strong>, la cl\u00e1sica cita estival madrile\u00f1a ofrece 22 espect\u00e1culos de m\u00fasica, teatro, danza, circo, zarzuela, astronom\u00eda, cine y poes\u00eda.<br><img decoding=\"async\" src=\"https:\/\/elalmanaque.com\/Agosto20\/fotos\/comunidad_madrid_festival_verano_m.jpg\"><strong>Comunidad Madrid &#8211; \u00a1Te animamos a disfrutar del Festival Escenas de Verano 2020!&nbsp;<\/strong> 579 actividades en 100 municipios de la regi\u00f3n, con propuestas para todos los gustos y p\u00fablicos de m\u00fasica, danza, teatro, cine, circo, arte y mucho m\u00e1s. <a href=\"https:\/\/www.elalmanaque.com\/Agosto20\/7-8-20.htm#ACTUALIDAD%20CULTURAL\"><\/a><\/td><td><img decoding=\"async\" src=\"https:\/\/www.elalmanaque.com\/Oct15\/efemeridesp.jpg\"> &nbsp;<strong>Antonio Resines<\/strong>&nbsp;(Torrelavega, Cantabria; 7 de agosto de 1954), es un actor espa\u00f1ol.&nbsp;<strong><br>Willy DeVille&nbsp;<\/strong>(25 de agosto de 1950 &#8211; 7 de agosto de 2009) fue un cantante y compositor estadounidense.<br><strong>Caetano Veloso<\/strong>&nbsp;(n. el 7 de agosto de 1942 en Santo Amaro (Bahia) de Purifica\u00e7\u00e3o) es un celebre m\u00fasico brasile\u00f1o. Veloso ha sido llamado uno de \u00ablos grandes cantautores del siglo\u00bb y un musico popular, cineasta, poeta y activista. Ha ganado cinco Premio Grammy.&nbsp;&nbsp;&nbsp;<a href=\"https:\/\/www.elalmanaque.com\/Agosto20\/7-8-20.htm#ACTUALIDAD%20CULTURAL\"><\/a><br>&nbsp;<\/td><\/tr><tr><td><strong><a>GASTRONOMIA&nbsp;<\/a><\/strong><\/td><td><strong>BEBIDAS&nbsp; &#8211; HOSTELERIA<\/strong><\/td><\/tr><tr><td><strong>PERSONAL DE HOSTELER\u00cdA, LAS CLAVES PARA ENCONTRARLO<br>&nbsp;<\/strong>El mundo de la hosteler\u00eda ha vivido un gran cambio generacional en la \u00faltima d\u00e9cada. El personal ha evolucionado m\u00e1s r\u00e1pido que los modelos de negocio y la industria de la restauraci\u00f3n. La perspectiva vital de la sociedad ha cambiado, y la del personal de hosteler\u00eda, tambi\u00e9n. <strong><br>TAPAS DE MALAGA<\/strong> &nbsp;&nbsp;<a href=\"https:\/\/www.elalmanaque.com\/Agosto20\/7-8-20.htm#GASTRONOMIA-HOSTELERIA\"><\/a><\/td><td><strong>BODEGAS : Excelentes puntuaciones de los Pr\u00edncipe de Viana en Gu\u00eda Pe\u00f1\u00edn 2021<\/strong><br>Los vinos de Pr\u00edncipe de Viana vuelven a conquistar a la&nbsp;Gu\u00eda Pe\u00f1\u00edn&nbsp;con&nbsp;5 vinos destacados con m\u00e1s de 90 puntos. Destacan, con la mayor puntuaci\u00f3n, los&nbsp;<strong>92 puntos<\/strong>&nbsp;para&nbsp;<strong>Pr\u00edncipe de Viana Chardonnay Vendimia Tard\u00eda 2018<\/strong>, el ejemplo de la innovaci\u00f3n de Bodegas Pr\u00edncipe de Viana, un vino dulce elaborado 100% con uvas de la variedad Chardonnay,&nbsp;<strong>la frescura en el mundo de los dulces. <\/strong><a href=\"https:\/\/www.elalmanaque.com\/Agosto20\/7-8-20.htm#GASTRONOMIA-HOSTELERIA\"><\/a><\/td><\/tr><tr><td><strong>VIAJES &#8211; &nbsp;TURISMO<\/strong><\/td><td><strong>EVENTOS &#8211; HOTELERIA<\/strong><\/td><\/tr><tr><td><strong>Centroam\u00e9rica y Rep\u00fablica Dominicana reabren sus fronteras al turismo de forma progresiva y responsable<\/strong> El Plan de reactivaci\u00f3n de vuelos estar\u00e1 enfocado principalmente en las condiciones particulares de los pa\u00edses, as\u00ed como en la gradualidad, orden, armonizaci\u00f3n y seguridad operacional y sanitaria.<br>El sector tur\u00edstico de la regi\u00f3n prepara la reapertura de la industria con protocolos de bioseguridad, que se espera realizar en los primeros tres meses del segundo semestre del 2020.&nbsp; <a href=\"https:\/\/www.elalmanaque.com\/Agosto20\/7-8-20.htm#TURISMO\"><\/a><\/td><td><strong>SEMANA RENACENTISTA Y FERIA IMPERIALES Y COMUNEROS, EL A\u00d1O DE LA QUEMA DE MEDINA&nbsp;<\/strong><br>Este verano de 2020 se presentaba como muy especial en Medina del Campo (Valladolid) por celebrarse el V Centenario de la Quema de Medina.<br>Pero los acontecimientos acaecidos durante los \u00faltimos meses y las medidas que nos hemos visto obligados a tomar han provocado que esta fiesta hist\u00f3rica se desarrolle de una manera diferente a como nos tienen acostumbrados.&nbsp; <a href=\"https:\/\/www.elalmanaque.com\/Agosto20\/7-8-20.htm#TURISMO\"><\/a><\/td><\/tr><tr><td><strong>MENORCA INVITA AL ESPECT\u00c1CULO CELESTIAL DE SU LLUVIA DE ESTRELLAS <\/strong>Visitar Menorca en agosto tiene un valor a\u00f1adido: disfrutar del espect\u00e1culo nocturno de las Perseidas o \u2018l\u00e1grimas de San Lorenzo\u2019; una espectacular \u2018lluvia de estrellas\u2019 solo visible en lugares sin apenas contaminaci\u00f3n lum\u00ednica. Y la isla balear, reconocida el pasado a\u00f1o como Destino Starlight, ofrece a lo largo de su territorio insular diversos rincones y variadas actividades para gozar de este fen\u00f3meno natural como cenas, salidas en lla\u00fct (embarcaciones tradicionales), rutas a caballo u observaciones con telescopios. Atenci\u00f3n especial al 12 de agosto, cuando est\u00e1 prevista la mayor ca\u00edda de estas m\u00e1gicas estrellas fugaces.<br><strong><\/strong><strong>33 cosas que hacer en Madrid<\/strong> <strong>Visita el genuino templo egipcio del Templo de Debod<br><\/strong> El Templo de Debod es un antiguo templo egipcio construido originalmente en Asu\u00e1n en el tiempo anterior al nacimiento de Cristo.&nbsp;<strong>Disfruta de un picnic en la vegetaci\u00f3n del Parque del Buen Retiro<\/strong> &nbsp;<a href=\"https:\/\/www.elalmanaque.com\/Agosto20\/7-8-20.htm#TURISMO\"><\/a><\/td><td><strong>ILUNION Hotels, primera compa\u00f1\u00eda hotelera certificada por AENOR frente al COVID-19 <\/strong>Este sello acredita que la cadena hotelera est\u00e1 aplicando los protocolos adecuados frente al COVID-19. ILUNION Hotels es la primera cadena hotelera de Espa\u00f1a cuyos protocolos frente al COVID-19 han sido auditados por AENOR, lo que acredita la adecuada implantaci\u00f3n y despliegue de medidas de seguridad e higiene frente al COVID-19, tanto en sus instalaciones como en la prestaci\u00f3n de sus servicios.<strong><br><br>Anantara debuta en Seychelles con el ic\u00f3nico resort Maia Luxury Resort &amp; Spa<\/strong> Anantara Maia Seychelles Villas representar\u00e1 la \u00faltima incorporaci\u00f3n a la ya existente colecci\u00f3n de resorts de lujo con los que cuenta la marca de lujo en el Oc\u00e9ano \u00cdndico en las Maldivas, Mauricio y Sri Lanka. <a href=\"https:\/\/www.elalmanaque.com\/Agosto20\/7-8-20.htm#TURISMO\"><\/a><\/td><\/tr><\/tbody><\/table><\/figure>\n<\/div><\/div>\n\n\n\n<p><a href=\"https:\/\/www.elalmanaque.com\/almanaques_2020.htm\">ARCHIVO<\/a><a href=\"https:\/\/www.elalmanaque.com\/almanaques_2019.htm\">&nbsp;&#8211;<\/a> <strong><a href=\"https:\/\/elalmanaque.com\/portada\/index.htm\">PORTADA<\/a><\/strong><strong>S &#8211;<\/strong> <a href=\"https:\/\/www.elalmanaque.com\/almanaques_2019.htm\">EDICIONES DE ALMANAQUES&nbsp;<\/a><a href=\"https:\/\/www.elalmanaque.com\/almanaques_2020.htm\">AGOSTO<\/a><a href=\"https:\/\/www.elalmanaque.com\/almanaques_2020.htm\"><strong>&nbsp;20<\/strong>20<\/a> : <a href=\"https:\/\/elalmanaque.com\/Agosto20\/1-8-20.htm\">1<\/a> &#8211; <a href=\"https:\/\/elalmanaque.com\/Agosto20\/2-8-20.htm\">2<\/a> &#8211; <a href=\"https:\/\/elalmanaque.com\/Agosto20\/3-8-20.htm\">3<\/a> &#8211; <a href=\"https:\/\/elalmanaque.com\/Agosto20\/4-8-20.htm\">4<\/a> &#8211; <a href=\"https:\/\/elalmanaque.com\/Agosto20\/5-8-20.htm\">5<\/a> &#8211; <a href=\"https:\/\/elalmanaque.com\/Agosto20\/6-8-20.htm\">6<\/a><\/p>\n\n\n\n<p>SUSCRIPCIONES AL MAGAZINE :&nbsp; El Almanaque se env\u00eda \u00fanicamente a los suscriptores.&nbsp;Suscripciones gratis&nbsp;&nbsp;<\/p>\n\n\n\n<p>Para informaci\u00f3n, consultas y\/o sugerencias , contactar con Editor y Webmaster :&nbsp;<a href=\"mailto:webmaster@elalmanaque.com\">webmaster<\/a><a href=\"mailto:webmaster@elalmanaque.com\">@elalmanaque.com<\/a>&nbsp;<\/p>\n","protected":false},"excerpt":{"rendered":"<p>SANTORAL\u00a0 &#8211;\u00a0L\u00c9XICO &#8211; EFEM\u00c9RIDES &#8211; DIAS MUNDIALES &#8211;\u00a0CALENDARIOS &#8211;\u00a0\u00a0HUMOR &#8211; GASTRONOMIA &#8211; TURISMO &#8211; DESTINOS &#8211; REPORTAJES El Almanaque N\u00ba 7566 Viernes 7 de Agosto&hellip; <\/p>\n","protected":false},"author":1,"featured_media":31321,"comment_status":"closed","ping_status":"closed","sticky":false,"template":"","format":"standard","meta":{"footnotes":""},"categories":[106],"tags":[],"class_list":["post-32192","post","type-post","status-publish","format-standard","has-post-thumbnail","hentry","category-almanaques"],"yoast_head":"<!-- This site is optimized with the Yoast SEO plugin v24.8.1 - https:\/\/yoast.com\/wordpress\/plugins\/seo\/ -->\n<title>El Almanaque N\u00ba 7566 Viernes 7 de Agosto de 2020 - El Almanaque<\/title>\n<meta name=\"robots\" content=\"index, follow, max-snippet:-1, max-image-preview:large, max-video-preview:-1\" \/>\n<link rel=\"canonical\" href=\"https:\/\/www.elalmanaque.com\/wp\/almanaques\/el-almanaque-no-7566-viernes-7-de-agosto-de-2020\/\" \/>\n<meta property=\"og:locale\" content=\"es_ES\" \/>\n<meta property=\"og:type\" content=\"article\" \/>\n<meta property=\"og:title\" content=\"El Almanaque N\u00ba 7566 Viernes 7 de Agosto de 2020 - El Almanaque\" \/>\n<meta property=\"og:description\" content=\"SANTORAL\u00a0 &#8211;\u00a0L\u00c9XICO &#8211; EFEM\u00c9RIDES &#8211; DIAS MUNDIALES &#8211;\u00a0CALENDARIOS &#8211;\u00a0\u00a0HUMOR &#8211; GASTRONOMIA &#8211; TURISMO &#8211; DESTINOS &#8211; REPORTAJES El Almanaque N\u00ba 7566 Viernes 7 de Agosto&hellip;\" \/>\n<meta property=\"og:url\" content=\"https:\/\/www.elalmanaque.com\/wp\/almanaques\/el-almanaque-no-7566-viernes-7-de-agosto-de-2020\/\" \/>\n<meta property=\"og:site_name\" content=\"El Almanaque\" \/>\n<meta property=\"article:published_time\" content=\"2020-08-07T09:19:00+00:00\" \/>\n<meta property=\"article:modified_time\" content=\"2020-08-07T09:19:02+00:00\" \/>\n<meta property=\"og:image\" content=\"https:\/\/www.elalmanaque.com\/wp\/wp-content\/uploads\/2020\/05\/24811_113126318710411_5770706_n-1.jpg\" \/>\n\t<meta property=\"og:image:width\" content=\"200\" \/>\n\t<meta property=\"og:image:height\" content=\"24\" \/>\n\t<meta property=\"og:image:type\" content=\"image\/jpeg\" \/>\n<meta name=\"author\" content=\"Redactor\" \/>\n<meta name=\"twitter:card\" content=\"summary_large_image\" \/>\n<meta name=\"twitter:label1\" content=\"Escrito por\" \/>\n\t<meta name=\"twitter:data1\" content=\"Redactor\" \/>\n\t<meta name=\"twitter:label2\" content=\"Tiempo de lectura\" \/>\n\t<meta name=\"twitter:data2\" content=\"9 minutos\" \/>\n<script type=\"application\/ld+json\" class=\"yoast-schema-graph\">{\"@context\":\"https:\/\/schema.org\",\"@graph\":[{\"@type\":\"Article\",\"@id\":\"https:\/\/www.elalmanaque.com\/wp\/almanaques\/el-almanaque-no-7566-viernes-7-de-agosto-de-2020\/#article\",\"isPartOf\":{\"@id\":\"https:\/\/www.elalmanaque.com\/wp\/almanaques\/el-almanaque-no-7566-viernes-7-de-agosto-de-2020\/\"},\"author\":{\"name\":\"Redactor\",\"@id\":\"https:\/\/www.elalmanaque.com\/wp\/#\/schema\/person\/61ab31c67167988fe2679d590ca85afe\"},\"headline\":\"El Almanaque N\u00ba 7566 Viernes 7 de Agosto de 2020\",\"datePublished\":\"2020-08-07T09:19:00+00:00\",\"dateModified\":\"2020-08-07T09:19:02+00:00\",\"mainEntityOfPage\":{\"@id\":\"https:\/\/www.elalmanaque.com\/wp\/almanaques\/el-almanaque-no-7566-viernes-7-de-agosto-de-2020\/\"},\"wordCount\":1884,\"publisher\":{\"@id\":\"https:\/\/www.elalmanaque.com\/wp\/#organization\"},\"image\":{\"@id\":\"https:\/\/www.elalmanaque.com\/wp\/almanaques\/el-almanaque-no-7566-viernes-7-de-agosto-de-2020\/#primaryimage\"},\"thumbnailUrl\":\"https:\/\/www.elalmanaque.com\/wp\/wp-content\/uploads\/2020\/05\/24811_113126318710411_5770706_n-1.jpg\",\"articleSection\":[\"Almanaques\"],\"inLanguage\":\"es\"},{\"@type\":\"WebPage\",\"@id\":\"https:\/\/www.elalmanaque.com\/wp\/almanaques\/el-almanaque-no-7566-viernes-7-de-agosto-de-2020\/\",\"url\":\"https:\/\/www.elalmanaque.com\/wp\/almanaques\/el-almanaque-no-7566-viernes-7-de-agosto-de-2020\/\",\"name\":\"El Almanaque N\u00ba 7566 Viernes 7 de Agosto de 2020 - El Almanaque\",\"isPartOf\":{\"@id\":\"https:\/\/www.elalmanaque.com\/wp\/#website\"},\"primaryImageOfPage\":{\"@id\":\"https:\/\/www.elalmanaque.com\/wp\/almanaques\/el-almanaque-no-7566-viernes-7-de-agosto-de-2020\/#primaryimage\"},\"image\":{\"@id\":\"https:\/\/www.elalmanaque.com\/wp\/almanaques\/el-almanaque-no-7566-viernes-7-de-agosto-de-2020\/#primaryimage\"},\"thumbnailUrl\":\"https:\/\/www.elalmanaque.com\/wp\/wp-content\/uploads\/2020\/05\/24811_113126318710411_5770706_n-1.jpg\",\"datePublished\":\"2020-08-07T09:19:00+00:00\",\"dateModified\":\"2020-08-07T09:19:02+00:00\",\"breadcrumb\":{\"@id\":\"https:\/\/www.elalmanaque.com\/wp\/almanaques\/el-almanaque-no-7566-viernes-7-de-agosto-de-2020\/#breadcrumb\"},\"inLanguage\":\"es\",\"potentialAction\":[{\"@type\":\"ReadAction\",\"target\":[\"https:\/\/www.elalmanaque.com\/wp\/almanaques\/el-almanaque-no-7566-viernes-7-de-agosto-de-2020\/\"]}]},{\"@type\":\"ImageObject\",\"inLanguage\":\"es\",\"@id\":\"https:\/\/www.elalmanaque.com\/wp\/almanaques\/el-almanaque-no-7566-viernes-7-de-agosto-de-2020\/#primaryimage\",\"url\":\"https:\/\/www.elalmanaque.com\/wp\/wp-content\/uploads\/2020\/05\/24811_113126318710411_5770706_n-1.jpg\",\"contentUrl\":\"https:\/\/www.elalmanaque.com\/wp\/wp-content\/uploads\/2020\/05\/24811_113126318710411_5770706_n-1.jpg\",\"width\":200,\"height\":24},{\"@type\":\"BreadcrumbList\",\"@id\":\"https:\/\/www.elalmanaque.com\/wp\/almanaques\/el-almanaque-no-7566-viernes-7-de-agosto-de-2020\/#breadcrumb\",\"itemListElement\":[{\"@type\":\"ListItem\",\"position\":1,\"name\":\"Portada\",\"item\":\"https:\/\/www.elalmanaque.com\/wp\/\"},{\"@type\":\"ListItem\",\"position\":2,\"name\":\"El Almanaque N\u00ba 7566 Viernes 7 de Agosto de 2020\"}]},{\"@type\":\"WebSite\",\"@id\":\"https:\/\/www.elalmanaque.com\/wp\/#website\",\"url\":\"https:\/\/www.elalmanaque.com\/wp\/\",\"name\":\"El Almanaque\",\"description\":\"Revista de Cultura y Ocio\",\"publisher\":{\"@id\":\"https:\/\/www.elalmanaque.com\/wp\/#organization\"},\"potentialAction\":[{\"@type\":\"SearchAction\",\"target\":{\"@type\":\"EntryPoint\",\"urlTemplate\":\"https:\/\/www.elalmanaque.com\/wp\/?s={search_term_string}\"},\"query-input\":{\"@type\":\"PropertyValueSpecification\",\"valueRequired\":true,\"valueName\":\"search_term_string\"}}],\"inLanguage\":\"es\"},{\"@type\":\"Organization\",\"@id\":\"https:\/\/www.elalmanaque.com\/wp\/#organization\",\"name\":\"El Almanaque\",\"url\":\"https:\/\/www.elalmanaque.com\/wp\/\",\"logo\":{\"@type\":\"ImageObject\",\"inLanguage\":\"es\",\"@id\":\"https:\/\/www.elalmanaque.com\/wp\/#\/schema\/logo\/image\/\",\"url\":\"https:\/\/www.elalmanaque.com\/wp\/wp-content\/uploads\/2020\/03\/cropped-elalmanaque.jpg\",\"contentUrl\":\"https:\/\/www.elalmanaque.com\/wp\/wp-content\/uploads\/2020\/03\/cropped-elalmanaque.jpg\",\"width\":900,\"height\":164,\"caption\":\"El Almanaque\"},\"image\":{\"@id\":\"https:\/\/www.elalmanaque.com\/wp\/#\/schema\/logo\/image\/\"}},{\"@type\":\"Person\",\"@id\":\"https:\/\/www.elalmanaque.com\/wp\/#\/schema\/person\/61ab31c67167988fe2679d590ca85afe\",\"name\":\"Redactor\",\"image\":{\"@type\":\"ImageObject\",\"inLanguage\":\"es\",\"@id\":\"https:\/\/www.elalmanaque.com\/wp\/#\/schema\/person\/image\/\",\"url\":\"https:\/\/secure.gravatar.com\/avatar\/a1cd6ad4f449e45fea5ebd57548cb588?s=96&d=mm&r=g\",\"contentUrl\":\"https:\/\/secure.gravatar.com\/avatar\/a1cd6ad4f449e45fea5ebd57548cb588?s=96&d=mm&r=g\",\"caption\":\"Redactor\"},\"url\":\"https:\/\/www.elalmanaque.com\/wp\/author\/useralmanaque\/\"}]}<\/script>\n<!-- \/ Yoast SEO plugin. -->","yoast_head_json":{"title":"El Almanaque N\u00ba 7566 Viernes 7 de Agosto de 2020 - El Almanaque","robots":{"index":"index","follow":"follow","max-snippet":"max-snippet:-1","max-image-preview":"max-image-preview:large","max-video-preview":"max-video-preview:-1"},"canonical":"https:\/\/www.elalmanaque.com\/wp\/almanaques\/el-almanaque-no-7566-viernes-7-de-agosto-de-2020\/","og_locale":"es_ES","og_type":"article","og_title":"El Almanaque N\u00ba 7566 Viernes 7 de Agosto de 2020 - El Almanaque","og_description":"SANTORAL\u00a0 &#8211;\u00a0L\u00c9XICO &#8211; EFEM\u00c9RIDES &#8211; DIAS MUNDIALES &#8211;\u00a0CALENDARIOS &#8211;\u00a0\u00a0HUMOR &#8211; GASTRONOMIA &#8211; TURISMO &#8211; DESTINOS &#8211; REPORTAJES El Almanaque N\u00ba 7566 Viernes 7 de Agosto&hellip;","og_url":"https:\/\/www.elalmanaque.com\/wp\/almanaques\/el-almanaque-no-7566-viernes-7-de-agosto-de-2020\/","og_site_name":"El Almanaque","article_published_time":"2020-08-07T09:19:00+00:00","article_modified_time":"2020-08-07T09:19:02+00:00","og_image":[{"width":200,"height":24,"url":"https:\/\/www.elalmanaque.com\/wp\/wp-content\/uploads\/2020\/05\/24811_113126318710411_5770706_n-1.jpg","type":"image\/jpeg"}],"author":"Redactor","twitter_card":"summary_large_image","twitter_misc":{"Escrito por":"Redactor","Tiempo de lectura":"9 minutos"},"schema":{"@context":"https:\/\/schema.org","@graph":[{"@type":"Article","@id":"https:\/\/www.elalmanaque.com\/wp\/almanaques\/el-almanaque-no-7566-viernes-7-de-agosto-de-2020\/#article","isPartOf":{"@id":"https:\/\/www.elalmanaque.com\/wp\/almanaques\/el-almanaque-no-7566-viernes-7-de-agosto-de-2020\/"},"author":{"name":"Redactor","@id":"https:\/\/www.elalmanaque.com\/wp\/#\/schema\/person\/61ab31c67167988fe2679d590ca85afe"},"headline":"El Almanaque N\u00ba 7566 Viernes 7 de Agosto de 2020","datePublished":"2020-08-07T09:19:00+00:00","dateModified":"2020-08-07T09:19:02+00:00","mainEntityOfPage":{"@id":"https:\/\/www.elalmanaque.com\/wp\/almanaques\/el-almanaque-no-7566-viernes-7-de-agosto-de-2020\/"},"wordCount":1884,"publisher":{"@id":"https:\/\/www.elalmanaque.com\/wp\/#organization"},"image":{"@id":"https:\/\/www.elalmanaque.com\/wp\/almanaques\/el-almanaque-no-7566-viernes-7-de-agosto-de-2020\/#primaryimage"},"thumbnailUrl":"https:\/\/www.elalmanaque.com\/wp\/wp-content\/uploads\/2020\/05\/24811_113126318710411_5770706_n-1.jpg","articleSection":["Almanaques"],"inLanguage":"es"},{"@type":"WebPage","@id":"https:\/\/www.elalmanaque.com\/wp\/almanaques\/el-almanaque-no-7566-viernes-7-de-agosto-de-2020\/","url":"https:\/\/www.elalmanaque.com\/wp\/almanaques\/el-almanaque-no-7566-viernes-7-de-agosto-de-2020\/","name":"El Almanaque N\u00ba 7566 Viernes 7 de Agosto de 2020 - El Almanaque","isPartOf":{"@id":"https:\/\/www.elalmanaque.com\/wp\/#website"},"primaryImageOfPage":{"@id":"https:\/\/www.elalmanaque.com\/wp\/almanaques\/el-almanaque-no-7566-viernes-7-de-agosto-de-2020\/#primaryimage"},"image":{"@id":"https:\/\/www.elalmanaque.com\/wp\/almanaques\/el-almanaque-no-7566-viernes-7-de-agosto-de-2020\/#primaryimage"},"thumbnailUrl":"https:\/\/www.elalmanaque.com\/wp\/wp-content\/uploads\/2020\/05\/24811_113126318710411_5770706_n-1.jpg","datePublished":"2020-08-07T09:19:00+00:00","dateModified":"2020-08-07T09:19:02+00:00","breadcrumb":{"@id":"https:\/\/www.elalmanaque.com\/wp\/almanaques\/el-almanaque-no-7566-viernes-7-de-agosto-de-2020\/#breadcrumb"},"inLanguage":"es","potentialAction":[{"@type":"ReadAction","target":["https:\/\/www.elalmanaque.com\/wp\/almanaques\/el-almanaque-no-7566-viernes-7-de-agosto-de-2020\/"]}]},{"@type":"ImageObject","inLanguage":"es","@id":"https:\/\/www.elalmanaque.com\/wp\/almanaques\/el-almanaque-no-7566-viernes-7-de-agosto-de-2020\/#primaryimage","url":"https:\/\/www.elalmanaque.com\/wp\/wp-content\/uploads\/2020\/05\/24811_113126318710411_5770706_n-1.jpg","contentUrl":"https:\/\/www.elalmanaque.com\/wp\/wp-content\/uploads\/2020\/05\/24811_113126318710411_5770706_n-1.jpg","width":200,"height":24},{"@type":"BreadcrumbList","@id":"https:\/\/www.elalmanaque.com\/wp\/almanaques\/el-almanaque-no-7566-viernes-7-de-agosto-de-2020\/#breadcrumb","itemListElement":[{"@type":"ListItem","position":1,"name":"Portada","item":"https:\/\/www.elalmanaque.com\/wp\/"},{"@type":"ListItem","position":2,"name":"El Almanaque N\u00ba 7566 Viernes 7 de Agosto de 2020"}]},{"@type":"WebSite","@id":"https:\/\/www.elalmanaque.com\/wp\/#website","url":"https:\/\/www.elalmanaque.com\/wp\/","name":"El Almanaque","description":"Revista de Cultura y Ocio","publisher":{"@id":"https:\/\/www.elalmanaque.com\/wp\/#organization"},"potentialAction":[{"@type":"SearchAction","target":{"@type":"EntryPoint","urlTemplate":"https:\/\/www.elalmanaque.com\/wp\/?s={search_term_string}"},"query-input":{"@type":"PropertyValueSpecification","valueRequired":true,"valueName":"search_term_string"}}],"inLanguage":"es"},{"@type":"Organization","@id":"https:\/\/www.elalmanaque.com\/wp\/#organization","name":"El Almanaque","url":"https:\/\/www.elalmanaque.com\/wp\/","logo":{"@type":"ImageObject","inLanguage":"es","@id":"https:\/\/www.elalmanaque.com\/wp\/#\/schema\/logo\/image\/","url":"https:\/\/www.elalmanaque.com\/wp\/wp-content\/uploads\/2020\/03\/cropped-elalmanaque.jpg","contentUrl":"https:\/\/www.elalmanaque.com\/wp\/wp-content\/uploads\/2020\/03\/cropped-elalmanaque.jpg","width":900,"height":164,"caption":"El Almanaque"},"image":{"@id":"https:\/\/www.elalmanaque.com\/wp\/#\/schema\/logo\/image\/"}},{"@type":"Person","@id":"https:\/\/www.elalmanaque.com\/wp\/#\/schema\/person\/61ab31c67167988fe2679d590ca85afe","name":"Redactor","image":{"@type":"ImageObject","inLanguage":"es","@id":"https:\/\/www.elalmanaque.com\/wp\/#\/schema\/person\/image\/","url":"https:\/\/secure.gravatar.com\/avatar\/a1cd6ad4f449e45fea5ebd57548cb588?s=96&d=mm&r=g","contentUrl":"https:\/\/secure.gravatar.com\/avatar\/a1cd6ad4f449e45fea5ebd57548cb588?s=96&d=mm&r=g","caption":"Redactor"},"url":"https:\/\/www.elalmanaque.com\/wp\/author\/useralmanaque\/"}]}},"_links":{"self":[{"href":"https:\/\/www.elalmanaque.com\/wp\/wp-json\/wp\/v2\/posts\/32192","targetHints":{"allow":["GET"]}}],"collection":[{"href":"https:\/\/www.elalmanaque.com\/wp\/wp-json\/wp\/v2\/posts"}],"about":[{"href":"https:\/\/www.elalmanaque.com\/wp\/wp-json\/wp\/v2\/types\/post"}],"author":[{"embeddable":true,"href":"https:\/\/www.elalmanaque.com\/wp\/wp-json\/wp\/v2\/users\/1"}],"replies":[{"embeddable":true,"href":"https:\/\/www.elalmanaque.com\/wp\/wp-json\/wp\/v2\/comments?post=32192"}],"version-history":[{"count":1,"href":"https:\/\/www.elalmanaque.com\/wp\/wp-json\/wp\/v2\/posts\/32192\/revisions"}],"predecessor-version":[{"id":32193,"href":"https:\/\/www.elalmanaque.com\/wp\/wp-json\/wp\/v2\/posts\/32192\/revisions\/32193"}],"wp:featuredmedia":[{"embeddable":true,"href":"https:\/\/www.elalmanaque.com\/wp\/wp-json\/wp\/v2\/media\/31321"}],"wp:attachment":[{"href":"https:\/\/www.elalmanaque.com\/wp\/wp-json\/wp\/v2\/media?parent=32192"}],"wp:term":[{"taxonomy":"category","embeddable":true,"href":"https:\/\/www.elalmanaque.com\/wp\/wp-json\/wp\/v2\/categories?post=32192"},{"taxonomy":"post_tag","embeddable":true,"href":"https:\/\/www.elalmanaque.com\/wp\/wp-json\/wp\/v2\/tags?post=32192"}],"curies":[{"name":"wp","href":"https:\/\/api.w.org\/{rel}","templated":true}]}}