{"id":32182,"date":"2020-08-05T09:31:55","date_gmt":"2020-08-05T08:31:55","guid":{"rendered":"https:\/\/www.elalmanaque.com\/wp\/?p=32182"},"modified":"2020-08-05T09:31:58","modified_gmt":"2020-08-05T08:31:58","slug":"el-almanaque-no-7564-miercoles-5-de-agosto-de-2020","status":"publish","type":"post","link":"https:\/\/www.elalmanaque.com\/wp\/almanaques\/el-almanaque-no-7564-miercoles-5-de-agosto-de-2020\/","title":{"rendered":"El Almanaque N\u00ba 7564 Mi\u00e9rcoles 5 de Agosto de 2020"},"content":{"rendered":"\n<p><a href=\"https:\/\/www.elalmanaque.com\/santoral\/index.htm\">SANTORAL<\/a>&nbsp;&nbsp;&#8211;&nbsp;<a href=\"https:\/\/www.elalmanaque.com\/El_Origen_de_las_Palabras\/index.html\">L\u00c9XICO<\/a>&nbsp;&#8211;&nbsp;<a href=\"https:\/\/www.elalmanaque.com\/Efemerides\/index.htm\">EFEM\u00c9RIDES<\/a>&nbsp;&#8211;&nbsp;<a target=\"_blank\" href=\"https:\/\/www.elalmanaque.com\/wp\/categoria\/dias-mundiales\/\" rel=\"noreferrer noopener\">DIAS MUNDIALES<\/a>&nbsp;&#8211;&nbsp;<a href=\"https:\/\/www.elalmanaque.com\/Calendarios\">CALENDARIOS &#8211;<\/a>&nbsp;&nbsp;<a href=\"https:\/\/www.elalmanaque.com\/Humor_II\/index.html\">HUMOR<\/a><strong>&nbsp;<\/strong>&#8211;&nbsp;<a href=\"https:\/\/www.elalmanaque.com\/turismo\/gastronomia\/index.htm\">G<\/a><a href=\"https:\/\/www.elalmanaque.com\/turismo\/gastronomia\/index.htm\">ASTRONOMIA<\/a>&nbsp;&#8211;&nbsp;<a href=\"https:\/\/www.elalmanaque.com\/turismo\/index.htm\">TURISMO<\/a><strong>&nbsp;&#8211;&nbsp;<\/strong><a href=\"https:\/\/www.elalmanaque.com\/turismo\/destinos\">DESTINOS<strong>&#8211;<\/strong><\/a><strong>&nbsp;<\/strong><a href=\"https:\/\/www.elalmanaque.com\/reportajes\/index.htm\">REPORTAJES<\/a><\/p>\n\n\n\n<p><a href=\"https:\/\/elalmanaque.com\/Agosto20\/5-8-20.htm\">El Almanaque N\u00ba 7564 Mi\u00e9rcoles 5 de Agosto de 2020<\/a>&nbsp;<\/p>\n\n\n\n<p>Efem\u00e9rides 5 de Agosto<br>&nbsp;<\/p>\n\n\n\n<figure class=\"wp-block-image\"><img decoding=\"async\" src=\"https:\/\/www.elalmanaque.com\/Agosto17\/fotos\/marilyn.jpg\" alt=\"\"\/><\/figure>\n\n\n\n<p>5 de Agosto de 1962&nbsp;: Muere Marilyn Monroe, actriz estadounidense.<br>&nbsp;<\/p>\n\n\n\n<p><strong><a href=\"https:\/\/www.elalmanaque.com\/Agosto20\/5-8-20.htm\">LEA COMPLETO EL ALMANAQUE DE HOY<\/a><\/strong><br><\/p>\n\n\n\n<p><a target=\"_blank\" href=\"https:\/\/amzn.to\/2AZdc4x\" rel=\"noreferrer noopener\">\u00daltimas novedades de Amazon<\/a>&nbsp;&#8211;&nbsp;<a target=\"_blank\" href=\"https:\/\/www.amazon.es\/b?node=2454136031&amp;_encoding=UTF8&amp;tag=wwwelalmanaqu-21\" rel=\"noreferrer noopener\">Deportes y aire libre<\/a>&nbsp;&#8211;&nbsp;<a href=\"https:\/\/amzn.to\/3cNHRyQ\">Tienda de Electr\u00f3nica<\/a>&nbsp;&#8211;&nbsp;<a target=\"_blank\" href=\"https:\/\/amzn.to\/37njl6M\" rel=\"noreferrer noopener\">BELLEZA<\/a><\/p>\n\n\n\n<div class=\"wp-block-group\"><div class=\"wp-block-group__inner-container is-layout-flow wp-block-group-is-layout-flow\">\n<figure class=\"wp-block-table\"><table><tbody><tr><td><strong>EFEM\u00c9RIDES<\/strong><\/td><td><strong>SANTORAL<\/strong><\/td><\/tr><tr><td><img loading=\"lazy\" decoding=\"async\" src=\"https:\/\/www.elalmanaque.com\/Oct15\/lexico.jpg\" width=\"64\" height=\"59\"><strong>EFEM\u00c9RIDES 5 de Agosto<\/strong><br>882 &#8211; Muere Louis III de Francia, su hermano Carloman queda como \u00fanico rey.<br>1529 &#8211; la Paz de Cambray pone fin a la guerra mantenida durante casi un a\u00f1o entre Carlos I de Espa\u00f1a y Francisco I de Francia.<br>1583 &#8211; primer desembarco en Terranova por parte de Humphrey Gilbert. 1716 &#8211; Eugenio de Saboya derrota a los Otomanos en Peterwardein.<br>1772 &#8211; primera partici\u00f3n de Polonia, entre Austria, Prusia y Rusia.&nbsp;<a href=\"https:\/\/www.elalmanaque.com\/Agosto20\/5-8-20.htm#LEXICO\"><\/a><br>&nbsp;<\/td><td><img loading=\"lazy\" decoding=\"async\" src=\"https:\/\/www.elalmanaque.com\/Oct15\/santos.jpg\" width=\"64\" height=\"65\"><strong><\/strong><strong>SANTORAL&nbsp;5<\/strong><strong>&nbsp;de Agosto<br><\/strong>Nuestra Se\u00f1ora de las Nieves, Nuestra Se\u00f1ora de Ibiza, Osvaldo, Casiano, \u00c1frica, Remedio&nbsp;<br><strong>NIEVES&nbsp;<\/strong>Los nombres de mujer tienen una inclinaci\u00f3n irresistible a la belleza y a la divinidad y desde el Alba a la Aurora, pasando por las m\u00e1s bella gemas y flores, por lo m\u00e1s bello de la naturaleza, por las m\u00e1s arraigadas fiestas y tradiciones y por las grandes mujeres que han dado dignidad y gloria a la mujer, llevan en ellos cuanto de bello hay en el mundo y en la vida.&nbsp;&nbsp;<a href=\"https:\/\/www.elalmanaque.com\/Agosto20\/5-8-20.htm#LEXICO\"><\/a><\/td><\/tr><tr><td><strong>L\u00c9XICO<\/strong><\/td><td><strong>AUTOAYUDA<\/strong><\/td><\/tr><tr><td><strong><\/strong>&nbsp;<strong>L\u00c9XICO &#8211;&nbsp;<\/strong><strong>PUEBLO<\/strong><br>Con el t\u00e9rmino pueblo ocurre lo mismo que ocurri\u00f3 con hombre. Que en origen denominaba s\u00f3lo a una parte de la realidad humana, y ahora denomina a la totalidad. El hecho de juntar dos realidades distintas e intentar fundirlas por el procedimiento de ponerlas bajo la misma denominaci\u00f3n, siempre deja rastro.<strong>&nbsp;<\/strong>&nbsp;<a href=\"https:\/\/www.elalmanaque.com\/Agosto20\/5-8-20.htm#LEXICO\"><\/a><\/td><td><img decoding=\"async\" src=\"https:\/\/www.elalmanaque.com\/Agosto16\/fotos\/3dd429infiel-p.jpg\">El verano, la \u00e9poca de las infidelidades, las discusiones y las rupturas de pareja&nbsp;El verano es una \u00e9poca en la que aumentan las consultas sobre posibles rupturas en las parejas seg\u00fan los expertos, debido a que se trata de un periodo en el se producen m\u00e1s infidelidades y en el que se comparte m\u00e1s tiempo juntos, lo que tambi\u00e9n da pie a que se pueda discutir m\u00e1s.<a href=\"https:\/\/www.elalmanaque.com\/Agosto20\/5-8-20.htm#LEXICO\"><\/a><\/td><\/tr><tr><td><strong>&nbsp;<\/strong><strong>DESARROLLO PERSONAL<\/strong><\/td><td>&nbsp;<\/td><\/tr><tr><td><strong>DECALOGO DEL OPTIMISTA<br><\/strong><br>1 &#8211; Los optimistas se aman, procuran un alto nivel de autoestima, se valoran y aprovechan lo mejor posible sus talentos personales innatos.<br><br>2 &#8211; Los optimistas aceptan a los dem\u00e1s como son, y no malgastan energ\u00edas queriendo cambiarlos, s\u00f3lo influyen en ellos con paciencia y tolerancia.<a href=\"https:\/\/www.elalmanaque.com\/Agosto20\/5-8-20.htm#TECNOLOGIA%20E%20INTERNET\"><\/a>&nbsp;<\/td><td><img loading=\"lazy\" decoding=\"async\" src=\"https:\/\/www.elalmanaque.com\/Agosto17\/fotos\/images22.jpg\" width=\"165\" height=\"107\"><strong>Las 19 mujeres m\u00e1s destacadas en ciencia y tecnolog\u00eda&nbsp;<br><\/strong>El desarrollo de la ciencia ha venido siempre reflejado por un rostro masculino. En f\u00edsica Albert Einstein e Isaac Newton, en sociolog\u00eda Auguste Comte, en antropolog\u00eda Claude L\u00e9vi-Strauss o Bronislaw Malinowski, en matem\u00e1ticas Blaise Pascal, en psicolog\u00eda Sigmund Freud, etc.&nbsp;<a href=\"https:\/\/www.elalmanaque.com\/Agosto20\/5-8-20.htm#TECNOLOGIA%20E%20INTERNET\"><\/a><\/td><\/tr><tr><td><strong>TECNOLOGIA &#8211; INTERNET<\/strong><\/td><td><strong>AUT\u00d3NOMOS<\/strong><\/td><\/tr><tr><td><strong>La mitad de los espa\u00f1oles que teletrabajan no sabe si lo hace correctamente<\/strong><br>Puntronic.com da unos consejos sobre c\u00f3mo adaptar el espacio de trabajo, el equipo y las rutinas a trabajar desde casa. Parece que el teletrabajo se ha convertido en el tema de moda de los \u00faltimos meses. Algo que hace tiempo parec\u00eda imposible para la mayor\u00eda de los trabajadores y empresas, ahora est\u00e1 en boca de todos y es la mejor soluci\u00f3n para unos y otros. Pero \u00bfrealmente nos hemos adecuado nosotros y nuestro hogar para realizar bien nuestro trabajo?<strong>&nbsp;<\/strong>&nbsp;<a href=\"https:\/\/www.elalmanaque.com\/Agosto20\/5-8-20.htm#TECNOLOGIA%20E%20INTERNET\"><\/a><\/td><td><strong>Aut\u00f3nomos: c\u00f3mo preparar el negocio para marcharse de vacaciones<\/strong><br>En Espa\u00f1a, seg\u00fan datos del Ministerio de Trabajo, Migraciones y Seguridad Social hay m\u00e1s de 3,2 millones de trabajadores aut\u00f3nomos. Y muchos de ellos se han visto seriamente afectados por la crisis econ\u00f3mica derivada del coronavirus.<br>Por ello, el verano de 2020 est\u00e1 siendo uno de los m\u00e1s inciertos y estresantes para un gran n\u00famero de negocios.&nbsp;&nbsp;<a href=\"https:\/\/www.elalmanaque.com\/Agosto20\/5-8-20.htm#TECNOLOGIA%20E%20INTERNET\"><\/a><br>&nbsp;<\/td><\/tr><tr><td><strong>SALUD<\/strong><\/td><td><strong>CONSUMO<\/strong><\/td><\/tr><tr><td><img loading=\"lazy\" decoding=\"async\" src=\"https:\/\/www.elalmanaque.com\/Agosto09\/fotos\/lunares.jpg\" width=\"76\" height=\"103\"><strong>Los lunares&nbsp;&#8211;&nbsp;<\/strong><strong>Lunar&nbsp;<\/strong>(la etimolog\u00eda de esta palabra es porque se atribu\u00eda la aparici\u00f3n de estas manchas al influjo de la Luna), en el lenguaje popular el t\u00e9rmino lunar alude a toda mancha persistente en la dermis y, en sentido lato, se llama lunar a cualquier alteraci\u00f3n d\u00e9rmica que presente diferencias de pigmentaci\u00f3n respecto a la mayor parte de la piel, por este motivo son denominados lunares otras plasias de aspecto externo semejante como los nevus, los angiomas e incluso ciertos aspectos de los melanomas y queratosis.&nbsp;<strong>Dec\u00e1logo para pasar un buen verano<\/strong>&nbsp;<a href=\"https:\/\/www.elalmanaque.com\/Agosto20\/5-8-20.htm#TECNOLOGIA%20E%20INTERNET\"><\/a>&nbsp;<\/td><td><img loading=\"lazy\" decoding=\"async\" src=\"https:\/\/elalmanaque.com\/Agosto20\/fotos\/NATURGY1-M.jpg\" width=\"192\" height=\"127\">Naturgy implica a sus empresas colaboradoras en la rehabilitaci\u00f3n energ\u00e9tica de viviendas vulnerables<br>La Fundaci\u00f3n Naturgy asumir\u00e1 el coste de las intervenciones con los recursos del Fondo Solidario de Rehabilitaci\u00f3n Energ\u00e9tica.<br>La compa\u00f1\u00eda incorpora as\u00ed a su red de colaboradores en una de las principales iniciativas sociales de su Plan de Vulnerabilidad y avanza hacia una transici\u00f3n energ\u00e9tica justa e inclusiva.<strong>&nbsp;<\/strong><a href=\"https:\/\/www.elalmanaque.com\/Agosto20\/5-8-20.htm#TECNOLOGIA%20E%20INTERNET\"><\/a><\/td><\/tr><tr><td><strong>HUMOR &#8211;<\/strong><\/td><td><strong>OCIO<\/strong><\/td><\/tr><tr><td><strong>La primera letra de tu nombre&#8230; &#8230;revela tu identidad sexual. I&nbsp;<\/strong>-A- No eres particularmente rom\u00e1ntico, pero eres interesante en acci\u00f3n. Siempre estas ocupado. Contigo, lo que ves es lo que tienes. No tienes paciencia para estar flirteando y no te molesta cuando alguien trata de t\u00edmido, lindo o sutilmente excitante. Siempre estas frente a frente con la otra persona.&nbsp;<a href=\"https:\/\/www.elalmanaque.com\/Agosto20\/5-8-20.htm#ALMANAQUE%20DEL%20HUMOR\"><\/a><\/td><td><img loading=\"lazy\" decoding=\"async\" src=\"https:\/\/elalmanaque.com\/Agosto20\/fotos\/el-cazador-m.jpg\" width=\"190\" height=\"106\">&#8216;El cazador&#8217;, el nuevo concurso que enfrenta a los mejores concursantes de Espa\u00f1a con an\u00f3nimos<br><br>&nbsp;Cuatro concursantes desconocidos trabajar\u00e1n en equipo para ganar a Erundino Alonso (\u2018Boom\u2019), Ruth de Andr\u00e9s (\u2018Saber y Ganar\u2019), Paz Herrera y Lilit Manukyan (\u2018Pasapalabra\u2019)&nbsp;<a href=\"https:\/\/www.elalmanaque.com\/Agosto20\/5-8-20.htm#TECNOLOGIA%20E%20INTERNET\"><\/a><br>&nbsp;<\/td><\/tr><tr><td><strong>M\u00daSICA &#8211; TEATRO &#8211; CINE<\/strong><\/td><td><strong>EFEM\u00c9RIDES<a href=\"https:\/\/www.elalmanaque.com\/Feb16\/26-2-16.htm#ACTUALIDAD%20CULTURAL\">&nbsp;<\/a><a href=\"https:\/\/www.elalmanaque.com\/Feb16\/26-2-16.htm#ACTUALIDAD%20CULTURAL\">ART\u00cdSTICAS<\/a><a href=\"https:\/\/www.elalmanaque.com\/Feb16\/26-2-16.htm#ACTUALIDAD%20CULTURAL\">&nbsp;MUSICALES<\/a>&nbsp;&#8211;&nbsp;ARTE &#8211;<\/strong><\/td><\/tr><tr><td><strong>Madrid : Veranos de la Villa 2020&nbsp;Del 29 de julio al 30 de agosto<\/strong>, la cl\u00e1sica cita estival madrile\u00f1a ofrece 22 espect\u00e1culos de m\u00fasica, teatro, danza, circo, zarzuela, astronom\u00eda, cine y poes\u00eda.<br><br><img decoding=\"async\" src=\"https:\/\/elalmanaque.com\/Agosto20\/fotos\/comunidad_madrid_festival_verano_m.jpg\"><strong>Comunidad Madrid &#8211; \u00a1Te animamos a disfrutar del Festival Escenas de Verano 2020!&nbsp;&nbsp;<\/strong>579 actividades en 100 municipios de la regi\u00f3n, con propuestas para todos los gustos y p\u00fablicos de m\u00fasica, danza, teatro, cine, circo, arte y mucho m\u00e1s.&nbsp;<a href=\"https:\/\/www.elalmanaque.com\/Agosto20\/5-8-20.htm#ACTUALIDAD%20CULTURAL\"><\/a><\/td><td><img decoding=\"async\" src=\"https:\/\/www.elalmanaque.com\/Oct15\/efemeridesp.jpg\">&nbsp;<strong>Richard Burton,<\/strong>&nbsp;CBE, de nombre real Richard Walter Jenkins (Pontrhydyfen,&nbsp; Gales, 10 de noviembre de 1925 &#8211; C\u00e9ligny, Suiza, 5 de agosto de 1984) fue un actor brit\u00e1nico.<br><br><strong>Marilyn Monroe<\/strong>&nbsp;(Los \u00c1ngeles, California, Estados Unidos, 1 de junio de 1926 \u2013 Los \u00c1ngeles, California, Estados Unidos, 5 de agosto de 1962), nacida como Norma Jeane Mortenson y bautizada como Norma Jeane Baker, fue una actriz de cine, cantante y modelo estadounidense.&nbsp;<a href=\"https:\/\/www.elalmanaque.com\/Agosto20\/5-8-20.htm#ACTUALIDAD%20CULTURAL\"><\/a><br>&nbsp;<\/td><\/tr><tr><td><strong><a>GASTRONOMIA&nbsp;<\/a><\/strong><\/td><td><strong>BEBIDAS&nbsp; &#8211; HOSTELERIA<\/strong><\/td><\/tr><tr><td><img loading=\"lazy\" decoding=\"async\" src=\"https:\/\/elalmanaque.com\/Agosto18\/fotos\/e1e1d36d-dddb-4e71-9829-221922c1b88c.jpg\" width=\"147\" height=\"112\">Gastronom\u00eda marca Palma: tradici\u00f3n y sofisticaci\u00f3n de la mano de los mejores chefs<br>Siglos de tradici\u00f3n en Palma han creado una cocina caracterizada por recetas que beben del mar y se nutren de la tierra.<br>El tumbet,&nbsp;el frito mallorqu\u00edn o los caracoles&nbsp;son solo algunos platos que han trascendido fronteras gracias a los chefs de renombre mallorquines<strong><br>TAPAS DE MALAGA<\/strong><br>Las tapas forman parte de la gastronom\u00eda andaluza, y las bodegas y tabernas han evolucionado con el tiempo y las costumbres. Ruta de tapeo por M\u00e1laga en Casa de Guardia, Citron tapas, El Pimpi y El Matahambre. Curso \u00abCultura alimentaria y patrimonio gastron\u00f3mico de M\u00e1laga\u00bb.&nbsp;&nbsp;<a href=\"https:\/\/www.elalmanaque.com\/Agosto20\/5-8-20.htm#GASTRONOMIA-HOSTELERIA\"><\/a><\/td><td><strong>PERSONAL DE HOSTELER\u00cdA, LAS CLAVES PARA ENCONTRARLO&nbsp;<\/strong>El mundo de la hosteler\u00eda ha vivido un gran cambio generacional en la \u00faltima d\u00e9cada. El personal ha evolucionado m\u00e1s r\u00e1pido que los modelos de negocio y la industria de la restauraci\u00f3n. La perspectiva vital de la sociedad ha cambiado, y la del personal de hosteler\u00eda, tambi\u00e9n. Entonces, \u00bfc\u00f3mo adaptarse a estos cambios? \u00bfQu\u00e9 requisitos hay que tener en cuenta para encontrar el correcto personal de hosteler\u00eda? Linkers, consultora de recursos humanos y de selecci\u00f3n de perfiles de responsabilidad y direcci\u00f3n para restaurantes, hoteles y negocios de hosteler\u00eda da las claves.&nbsp;<a href=\"https:\/\/www.elalmanaque.com\/Agosto20\/5-8-20.htm#GASTRONOMIA-HOSTELERIA\"><\/a><\/td><\/tr><tr><td><strong>VIAJES &#8211; &nbsp;TURISMO<\/strong><\/td><td><strong>EVENTOS &#8211; HOTELERIA<\/strong><\/td><\/tr><tr><td><img loading=\"lazy\" decoding=\"async\" src=\"https:\/\/www.elalmanaque.com\/Agosto11\/fotos\/vacaciones.jpg\" width=\"150\" height=\"100\"><strong>FACUA alerta a los usuarios sobre los principales problemas que pueden sufrir durante sus vacaciones&nbsp;&nbsp;Demanda a las autoridades competentes que mejoren e intensifiquen sus protocolos de inspecci\u00f3n y sancionen de forma contundente las irregularidades. FACUA-Consumidores en Acci\u00f3n alerta a los usuarios sobre los principales problemas que pueden sufrir durante sus vacaciones para que conozcan y defiendan sus derechos<\/strong><strong>&nbsp;<\/strong>&nbsp;&nbsp;<a href=\"https:\/\/www.elalmanaque.com\/Agosto20\/5-8-20.htm#TURISMO\"><\/a><\/td><td><img loading=\"lazy\" decoding=\"async\" src=\"https:\/\/elalmanaque.com\/Agosto20\/fotos\/FERROL1-M.jpg\" width=\"196\" height=\"116\"><a><strong>EQUIOCIO REGRESA A FERROL CON UNA EDICI\u00d3N MARCADA POR EL CUMPLIMIENTO DE LAS MEDIDAS ANTICOVID Y CON UN DESTACADO CAR\u00c1CTER FAMILIAR<\/strong><\/a><strong>&nbsp;<\/strong>Las competiciones h\u00edpicas baten r\u00e9cord hist\u00f3rico de caballos inscritos, pese al contexto. El evento contar\u00e1 con aforo s\u00faper reducido y se ajustar\u00e1 a todos los protocolos exigidos por las autoridades sanitarias.&nbsp;&nbsp;<a href=\"https:\/\/www.elalmanaque.com\/Agosto20\/5-8-20.htm#TURISMO\"><\/a><\/td><\/tr><tr><td><strong>Madeira, uno de los destinos m\u00e1s seguros de Europa, obliga al uso de mascarillas<\/strong><br><br>Madeira implementa medidas preventivas con el uso de mascarillas en vista del aumento esperado de vuelos a partir de agosto.<br><br>El archipi\u00e9lago fue el primer destino europeo en implementar un Manual de Buenas Pr\u00e1cticas para tratar con el Covid-19 y uno de los pocos destinos mundiales en avanzar con la certificaci\u00f3n sanitaria de todo el destino.<br>.<a href=\"https:\/\/www.elalmanaque.com\/Agosto20\/5-8-20.htm#TURISMO\"><\/a><\/td><td><strong><\/strong><strong>33 cosas que hacer en Madrid&nbsp;<\/strong><strong>Visita el genuino templo egipcio del Templo de Debod<br><\/strong>El Templo de Debod es un antiguo templo egipcio construido originalmente en Asu\u00e1n en el tiempo anterior al nacimiento de Cristo.&nbsp;<strong>ROSES ANIMA A 10 D\u00cdAS DE FIESTA MAYOR, INTENSOS\u2026 PERO SEGUROS&nbsp;<\/strong>Del 7 al 16 de agosto, la localidad de la Costa Brava propone, en una decena de espacios distintos, un sinf\u00edn de actividades con todas las medidas de seguridad&nbsp;&nbsp;<a href=\"https:\/\/www.elalmanaque.com\/Agosto20\/5-8-20.htm#TURISMO\"><\/a><\/td><\/tr><\/tbody><\/table><\/figure>\n<\/div><\/div>\n\n\n\n<p><a href=\"https:\/\/www.elalmanaque.com\/almanaques_2020.htm\">ARCHIVO<\/a><a href=\"https:\/\/www.elalmanaque.com\/almanaques_2019.htm\">&nbsp;&#8211;&nbsp;<\/a><strong><a href=\"https:\/\/elalmanaque.com\/portada\/index.htm\">PORTADA<\/a><\/strong><strong>S &#8211;&nbsp;<\/strong><a href=\"https:\/\/www.elalmanaque.com\/almanaques_2019.htm\">EDICIONES DE ALMANAQUES&nbsp;<\/a><a href=\"https:\/\/www.elalmanaque.com\/almanaques_2020.htm\">AGOSTO<\/a><a href=\"https:\/\/www.elalmanaque.com\/almanaques_2020.htm\"><strong>&nbsp;20<\/strong>20&nbsp;<\/a>:&nbsp;<a href=\"https:\/\/elalmanaque.com\/Agosto20\/1-8-20.htm\">1<\/a>&nbsp;&#8211;&nbsp;<a href=\"https:\/\/elalmanaque.com\/Agosto20\/2-8-20.htm\">2<\/a>&nbsp;&#8211;&nbsp;<a href=\"https:\/\/elalmanaque.com\/Agosto20\/3-8-20.htm\">3<\/a>&nbsp;&#8211;&nbsp;<a href=\"https:\/\/elalmanaque.com\/Agosto20\/4-8-20.htm\">4<\/a><\/p>\n\n\n\n<p>SUSCRIPCIONES AL MAGAZINE :&nbsp; El Almanaque se env\u00eda \u00fanicamente a los suscriptores.&nbsp;Suscripciones gratis&nbsp;&nbsp;<\/p>\n\n\n\n<p>Para informaci\u00f3n, consultas y\/o sugerencias , contactar con Editor y Webmaster :&nbsp;<a href=\"mailto:webmaster@elalmanaque.com\">webmaster<\/a><a href=\"mailto:webmaster@elalmanaque.com\">@elalmanaque.com<\/a>&nbsp;<\/p>\n","protected":false},"excerpt":{"rendered":"<p>SANTORAL&nbsp;&nbsp;&#8211;&nbsp;L\u00c9XICO&nbsp;&#8211;&nbsp;EFEM\u00c9RIDES&nbsp;&#8211;&nbsp;DIAS MUNDIALES&nbsp;&#8211;&nbsp;CALENDARIOS &#8211;&nbsp;&nbsp;HUMOR&nbsp;&#8211;&nbsp;GASTRONOMIA&nbsp;&#8211;&nbsp;TURISMO&nbsp;&#8211;&nbsp;DESTINOS&#8211;&nbsp;REPORTAJES El Almanaque N\u00ba 7564 Mi\u00e9rcoles 5 de Agosto de 2020&nbsp; Efem\u00e9rides 5 de Agosto&nbsp; 5 de Agosto de 1962&nbsp;: Muere Marilyn Monroe,&hellip; <\/p>\n","protected":false},"author":1,"featured_media":31321,"comment_status":"closed","ping_status":"closed","sticky":false,"template":"","format":"standard","meta":{"footnotes":""},"categories":[106,32,74,16,3],"tags":[],"class_list":["post-32182","post","type-post","status-publish","format-standard","has-post-thumbnail","hentry","category-almanaques","category-biografias","category-divulgativo","category-efemerides","category-turismo"],"yoast_head":"<!-- This site is optimized with the Yoast SEO plugin v24.8.1 - https:\/\/yoast.com\/wordpress\/plugins\/seo\/ -->\n<title>El Almanaque N\u00ba 7564 Mi\u00e9rcoles 5 de Agosto de 2020 - El Almanaque<\/title>\n<meta name=\"robots\" content=\"index, follow, max-snippet:-1, max-image-preview:large, max-video-preview:-1\" \/>\n<link rel=\"canonical\" href=\"https:\/\/www.elalmanaque.com\/wp\/almanaques\/el-almanaque-no-7564-miercoles-5-de-agosto-de-2020\/\" \/>\n<meta property=\"og:locale\" content=\"es_ES\" \/>\n<meta property=\"og:type\" content=\"article\" \/>\n<meta property=\"og:title\" content=\"El Almanaque N\u00ba 7564 Mi\u00e9rcoles 5 de Agosto de 2020 - El Almanaque\" \/>\n<meta property=\"og:description\" content=\"SANTORAL&nbsp;&nbsp;&#8211;&nbsp;L\u00c9XICO&nbsp;&#8211;&nbsp;EFEM\u00c9RIDES&nbsp;&#8211;&nbsp;DIAS MUNDIALES&nbsp;&#8211;&nbsp;CALENDARIOS &#8211;&nbsp;&nbsp;HUMOR&nbsp;&#8211;&nbsp;GASTRONOMIA&nbsp;&#8211;&nbsp;TURISMO&nbsp;&#8211;&nbsp;DESTINOS&#8211;&nbsp;REPORTAJES El Almanaque N\u00ba 7564 Mi\u00e9rcoles 5 de Agosto de 2020&nbsp; Efem\u00e9rides 5 de Agosto&nbsp; 5 de Agosto de 1962&nbsp;: Muere Marilyn Monroe,&hellip;\" \/>\n<meta property=\"og:url\" content=\"https:\/\/www.elalmanaque.com\/wp\/almanaques\/el-almanaque-no-7564-miercoles-5-de-agosto-de-2020\/\" \/>\n<meta property=\"og:site_name\" content=\"El Almanaque\" \/>\n<meta property=\"article:published_time\" content=\"2020-08-05T08:31:55+00:00\" \/>\n<meta property=\"article:modified_time\" content=\"2020-08-05T08:31:58+00:00\" \/>\n<meta property=\"og:image\" content=\"https:\/\/www.elalmanaque.com\/wp\/wp-content\/uploads\/2020\/05\/24811_113126318710411_5770706_n-1.jpg\" \/>\n\t<meta property=\"og:image:width\" content=\"200\" \/>\n\t<meta property=\"og:image:height\" content=\"24\" \/>\n\t<meta property=\"og:image:type\" content=\"image\/jpeg\" \/>\n<meta name=\"author\" content=\"Redactor\" \/>\n<meta name=\"twitter:card\" content=\"summary_large_image\" \/>\n<meta name=\"twitter:label1\" content=\"Escrito por\" \/>\n\t<meta name=\"twitter:data1\" content=\"Redactor\" \/>\n\t<meta name=\"twitter:label2\" content=\"Tiempo de lectura\" \/>\n\t<meta name=\"twitter:data2\" content=\"9 minutos\" \/>\n<script type=\"application\/ld+json\" class=\"yoast-schema-graph\">{\"@context\":\"https:\/\/schema.org\",\"@graph\":[{\"@type\":\"Article\",\"@id\":\"https:\/\/www.elalmanaque.com\/wp\/almanaques\/el-almanaque-no-7564-miercoles-5-de-agosto-de-2020\/#article\",\"isPartOf\":{\"@id\":\"https:\/\/www.elalmanaque.com\/wp\/almanaques\/el-almanaque-no-7564-miercoles-5-de-agosto-de-2020\/\"},\"author\":{\"name\":\"Redactor\",\"@id\":\"https:\/\/www.elalmanaque.com\/wp\/#\/schema\/person\/61ab31c67167988fe2679d590ca85afe\"},\"headline\":\"El Almanaque N\u00ba 7564 Mi\u00e9rcoles 5 de Agosto de 2020\",\"datePublished\":\"2020-08-05T08:31:55+00:00\",\"dateModified\":\"2020-08-05T08:31:58+00:00\",\"mainEntityOfPage\":{\"@id\":\"https:\/\/www.elalmanaque.com\/wp\/almanaques\/el-almanaque-no-7564-miercoles-5-de-agosto-de-2020\/\"},\"wordCount\":1759,\"publisher\":{\"@id\":\"https:\/\/www.elalmanaque.com\/wp\/#organization\"},\"image\":{\"@id\":\"https:\/\/www.elalmanaque.com\/wp\/almanaques\/el-almanaque-no-7564-miercoles-5-de-agosto-de-2020\/#primaryimage\"},\"thumbnailUrl\":\"https:\/\/www.elalmanaque.com\/wp\/wp-content\/uploads\/2020\/05\/24811_113126318710411_5770706_n-1.jpg\",\"articleSection\":[\"Almanaques\",\"Biografias\",\"Divulgativo\",\"Efem\u00e9rides\",\"Turismo\"],\"inLanguage\":\"es\"},{\"@type\":\"WebPage\",\"@id\":\"https:\/\/www.elalmanaque.com\/wp\/almanaques\/el-almanaque-no-7564-miercoles-5-de-agosto-de-2020\/\",\"url\":\"https:\/\/www.elalmanaque.com\/wp\/almanaques\/el-almanaque-no-7564-miercoles-5-de-agosto-de-2020\/\",\"name\":\"El Almanaque N\u00ba 7564 Mi\u00e9rcoles 5 de Agosto de 2020 - El Almanaque\",\"isPartOf\":{\"@id\":\"https:\/\/www.elalmanaque.com\/wp\/#website\"},\"primaryImageOfPage\":{\"@id\":\"https:\/\/www.elalmanaque.com\/wp\/almanaques\/el-almanaque-no-7564-miercoles-5-de-agosto-de-2020\/#primaryimage\"},\"image\":{\"@id\":\"https:\/\/www.elalmanaque.com\/wp\/almanaques\/el-almanaque-no-7564-miercoles-5-de-agosto-de-2020\/#primaryimage\"},\"thumbnailUrl\":\"https:\/\/www.elalmanaque.com\/wp\/wp-content\/uploads\/2020\/05\/24811_113126318710411_5770706_n-1.jpg\",\"datePublished\":\"2020-08-05T08:31:55+00:00\",\"dateModified\":\"2020-08-05T08:31:58+00:00\",\"breadcrumb\":{\"@id\":\"https:\/\/www.elalmanaque.com\/wp\/almanaques\/el-almanaque-no-7564-miercoles-5-de-agosto-de-2020\/#breadcrumb\"},\"inLanguage\":\"es\",\"potentialAction\":[{\"@type\":\"ReadAction\",\"target\":[\"https:\/\/www.elalmanaque.com\/wp\/almanaques\/el-almanaque-no-7564-miercoles-5-de-agosto-de-2020\/\"]}]},{\"@type\":\"ImageObject\",\"inLanguage\":\"es\",\"@id\":\"https:\/\/www.elalmanaque.com\/wp\/almanaques\/el-almanaque-no-7564-miercoles-5-de-agosto-de-2020\/#primaryimage\",\"url\":\"https:\/\/www.elalmanaque.com\/wp\/wp-content\/uploads\/2020\/05\/24811_113126318710411_5770706_n-1.jpg\",\"contentUrl\":\"https:\/\/www.elalmanaque.com\/wp\/wp-content\/uploads\/2020\/05\/24811_113126318710411_5770706_n-1.jpg\",\"width\":200,\"height\":24},{\"@type\":\"BreadcrumbList\",\"@id\":\"https:\/\/www.elalmanaque.com\/wp\/almanaques\/el-almanaque-no-7564-miercoles-5-de-agosto-de-2020\/#breadcrumb\",\"itemListElement\":[{\"@type\":\"ListItem\",\"position\":1,\"name\":\"Portada\",\"item\":\"https:\/\/www.elalmanaque.com\/wp\/\"},{\"@type\":\"ListItem\",\"position\":2,\"name\":\"El Almanaque N\u00ba 7564 Mi\u00e9rcoles 5 de Agosto de 2020\"}]},{\"@type\":\"WebSite\",\"@id\":\"https:\/\/www.elalmanaque.com\/wp\/#website\",\"url\":\"https:\/\/www.elalmanaque.com\/wp\/\",\"name\":\"El Almanaque\",\"description\":\"Revista de Cultura y Ocio\",\"publisher\":{\"@id\":\"https:\/\/www.elalmanaque.com\/wp\/#organization\"},\"potentialAction\":[{\"@type\":\"SearchAction\",\"target\":{\"@type\":\"EntryPoint\",\"urlTemplate\":\"https:\/\/www.elalmanaque.com\/wp\/?s={search_term_string}\"},\"query-input\":{\"@type\":\"PropertyValueSpecification\",\"valueRequired\":true,\"valueName\":\"search_term_string\"}}],\"inLanguage\":\"es\"},{\"@type\":\"Organization\",\"@id\":\"https:\/\/www.elalmanaque.com\/wp\/#organization\",\"name\":\"El Almanaque\",\"url\":\"https:\/\/www.elalmanaque.com\/wp\/\",\"logo\":{\"@type\":\"ImageObject\",\"inLanguage\":\"es\",\"@id\":\"https:\/\/www.elalmanaque.com\/wp\/#\/schema\/logo\/image\/\",\"url\":\"https:\/\/www.elalmanaque.com\/wp\/wp-content\/uploads\/2020\/03\/cropped-elalmanaque.jpg\",\"contentUrl\":\"https:\/\/www.elalmanaque.com\/wp\/wp-content\/uploads\/2020\/03\/cropped-elalmanaque.jpg\",\"width\":900,\"height\":164,\"caption\":\"El Almanaque\"},\"image\":{\"@id\":\"https:\/\/www.elalmanaque.com\/wp\/#\/schema\/logo\/image\/\"}},{\"@type\":\"Person\",\"@id\":\"https:\/\/www.elalmanaque.com\/wp\/#\/schema\/person\/61ab31c67167988fe2679d590ca85afe\",\"name\":\"Redactor\",\"image\":{\"@type\":\"ImageObject\",\"inLanguage\":\"es\",\"@id\":\"https:\/\/www.elalmanaque.com\/wp\/#\/schema\/person\/image\/\",\"url\":\"https:\/\/secure.gravatar.com\/avatar\/a1cd6ad4f449e45fea5ebd57548cb588?s=96&d=mm&r=g\",\"contentUrl\":\"https:\/\/secure.gravatar.com\/avatar\/a1cd6ad4f449e45fea5ebd57548cb588?s=96&d=mm&r=g\",\"caption\":\"Redactor\"},\"url\":\"https:\/\/www.elalmanaque.com\/wp\/author\/useralmanaque\/\"}]}<\/script>\n<!-- \/ Yoast SEO plugin. -->","yoast_head_json":{"title":"El Almanaque N\u00ba 7564 Mi\u00e9rcoles 5 de Agosto de 2020 - El Almanaque","robots":{"index":"index","follow":"follow","max-snippet":"max-snippet:-1","max-image-preview":"max-image-preview:large","max-video-preview":"max-video-preview:-1"},"canonical":"https:\/\/www.elalmanaque.com\/wp\/almanaques\/el-almanaque-no-7564-miercoles-5-de-agosto-de-2020\/","og_locale":"es_ES","og_type":"article","og_title":"El Almanaque N\u00ba 7564 Mi\u00e9rcoles 5 de Agosto de 2020 - El Almanaque","og_description":"SANTORAL&nbsp;&nbsp;&#8211;&nbsp;L\u00c9XICO&nbsp;&#8211;&nbsp;EFEM\u00c9RIDES&nbsp;&#8211;&nbsp;DIAS MUNDIALES&nbsp;&#8211;&nbsp;CALENDARIOS &#8211;&nbsp;&nbsp;HUMOR&nbsp;&#8211;&nbsp;GASTRONOMIA&nbsp;&#8211;&nbsp;TURISMO&nbsp;&#8211;&nbsp;DESTINOS&#8211;&nbsp;REPORTAJES El Almanaque N\u00ba 7564 Mi\u00e9rcoles 5 de Agosto de 2020&nbsp; Efem\u00e9rides 5 de Agosto&nbsp; 5 de Agosto de 1962&nbsp;: Muere Marilyn Monroe,&hellip;","og_url":"https:\/\/www.elalmanaque.com\/wp\/almanaques\/el-almanaque-no-7564-miercoles-5-de-agosto-de-2020\/","og_site_name":"El Almanaque","article_published_time":"2020-08-05T08:31:55+00:00","article_modified_time":"2020-08-05T08:31:58+00:00","og_image":[{"width":200,"height":24,"url":"https:\/\/www.elalmanaque.com\/wp\/wp-content\/uploads\/2020\/05\/24811_113126318710411_5770706_n-1.jpg","type":"image\/jpeg"}],"author":"Redactor","twitter_card":"summary_large_image","twitter_misc":{"Escrito por":"Redactor","Tiempo de lectura":"9 minutos"},"schema":{"@context":"https:\/\/schema.org","@graph":[{"@type":"Article","@id":"https:\/\/www.elalmanaque.com\/wp\/almanaques\/el-almanaque-no-7564-miercoles-5-de-agosto-de-2020\/#article","isPartOf":{"@id":"https:\/\/www.elalmanaque.com\/wp\/almanaques\/el-almanaque-no-7564-miercoles-5-de-agosto-de-2020\/"},"author":{"name":"Redactor","@id":"https:\/\/www.elalmanaque.com\/wp\/#\/schema\/person\/61ab31c67167988fe2679d590ca85afe"},"headline":"El Almanaque N\u00ba 7564 Mi\u00e9rcoles 5 de Agosto de 2020","datePublished":"2020-08-05T08:31:55+00:00","dateModified":"2020-08-05T08:31:58+00:00","mainEntityOfPage":{"@id":"https:\/\/www.elalmanaque.com\/wp\/almanaques\/el-almanaque-no-7564-miercoles-5-de-agosto-de-2020\/"},"wordCount":1759,"publisher":{"@id":"https:\/\/www.elalmanaque.com\/wp\/#organization"},"image":{"@id":"https:\/\/www.elalmanaque.com\/wp\/almanaques\/el-almanaque-no-7564-miercoles-5-de-agosto-de-2020\/#primaryimage"},"thumbnailUrl":"https:\/\/www.elalmanaque.com\/wp\/wp-content\/uploads\/2020\/05\/24811_113126318710411_5770706_n-1.jpg","articleSection":["Almanaques","Biografias","Divulgativo","Efem\u00e9rides","Turismo"],"inLanguage":"es"},{"@type":"WebPage","@id":"https:\/\/www.elalmanaque.com\/wp\/almanaques\/el-almanaque-no-7564-miercoles-5-de-agosto-de-2020\/","url":"https:\/\/www.elalmanaque.com\/wp\/almanaques\/el-almanaque-no-7564-miercoles-5-de-agosto-de-2020\/","name":"El Almanaque N\u00ba 7564 Mi\u00e9rcoles 5 de Agosto de 2020 - El Almanaque","isPartOf":{"@id":"https:\/\/www.elalmanaque.com\/wp\/#website"},"primaryImageOfPage":{"@id":"https:\/\/www.elalmanaque.com\/wp\/almanaques\/el-almanaque-no-7564-miercoles-5-de-agosto-de-2020\/#primaryimage"},"image":{"@id":"https:\/\/www.elalmanaque.com\/wp\/almanaques\/el-almanaque-no-7564-miercoles-5-de-agosto-de-2020\/#primaryimage"},"thumbnailUrl":"https:\/\/www.elalmanaque.com\/wp\/wp-content\/uploads\/2020\/05\/24811_113126318710411_5770706_n-1.jpg","datePublished":"2020-08-05T08:31:55+00:00","dateModified":"2020-08-05T08:31:58+00:00","breadcrumb":{"@id":"https:\/\/www.elalmanaque.com\/wp\/almanaques\/el-almanaque-no-7564-miercoles-5-de-agosto-de-2020\/#breadcrumb"},"inLanguage":"es","potentialAction":[{"@type":"ReadAction","target":["https:\/\/www.elalmanaque.com\/wp\/almanaques\/el-almanaque-no-7564-miercoles-5-de-agosto-de-2020\/"]}]},{"@type":"ImageObject","inLanguage":"es","@id":"https:\/\/www.elalmanaque.com\/wp\/almanaques\/el-almanaque-no-7564-miercoles-5-de-agosto-de-2020\/#primaryimage","url":"https:\/\/www.elalmanaque.com\/wp\/wp-content\/uploads\/2020\/05\/24811_113126318710411_5770706_n-1.jpg","contentUrl":"https:\/\/www.elalmanaque.com\/wp\/wp-content\/uploads\/2020\/05\/24811_113126318710411_5770706_n-1.jpg","width":200,"height":24},{"@type":"BreadcrumbList","@id":"https:\/\/www.elalmanaque.com\/wp\/almanaques\/el-almanaque-no-7564-miercoles-5-de-agosto-de-2020\/#breadcrumb","itemListElement":[{"@type":"ListItem","position":1,"name":"Portada","item":"https:\/\/www.elalmanaque.com\/wp\/"},{"@type":"ListItem","position":2,"name":"El Almanaque N\u00ba 7564 Mi\u00e9rcoles 5 de Agosto de 2020"}]},{"@type":"WebSite","@id":"https:\/\/www.elalmanaque.com\/wp\/#website","url":"https:\/\/www.elalmanaque.com\/wp\/","name":"El Almanaque","description":"Revista de Cultura y Ocio","publisher":{"@id":"https:\/\/www.elalmanaque.com\/wp\/#organization"},"potentialAction":[{"@type":"SearchAction","target":{"@type":"EntryPoint","urlTemplate":"https:\/\/www.elalmanaque.com\/wp\/?s={search_term_string}"},"query-input":{"@type":"PropertyValueSpecification","valueRequired":true,"valueName":"search_term_string"}}],"inLanguage":"es"},{"@type":"Organization","@id":"https:\/\/www.elalmanaque.com\/wp\/#organization","name":"El Almanaque","url":"https:\/\/www.elalmanaque.com\/wp\/","logo":{"@type":"ImageObject","inLanguage":"es","@id":"https:\/\/www.elalmanaque.com\/wp\/#\/schema\/logo\/image\/","url":"https:\/\/www.elalmanaque.com\/wp\/wp-content\/uploads\/2020\/03\/cropped-elalmanaque.jpg","contentUrl":"https:\/\/www.elalmanaque.com\/wp\/wp-content\/uploads\/2020\/03\/cropped-elalmanaque.jpg","width":900,"height":164,"caption":"El Almanaque"},"image":{"@id":"https:\/\/www.elalmanaque.com\/wp\/#\/schema\/logo\/image\/"}},{"@type":"Person","@id":"https:\/\/www.elalmanaque.com\/wp\/#\/schema\/person\/61ab31c67167988fe2679d590ca85afe","name":"Redactor","image":{"@type":"ImageObject","inLanguage":"es","@id":"https:\/\/www.elalmanaque.com\/wp\/#\/schema\/person\/image\/","url":"https:\/\/secure.gravatar.com\/avatar\/a1cd6ad4f449e45fea5ebd57548cb588?s=96&d=mm&r=g","contentUrl":"https:\/\/secure.gravatar.com\/avatar\/a1cd6ad4f449e45fea5ebd57548cb588?s=96&d=mm&r=g","caption":"Redactor"},"url":"https:\/\/www.elalmanaque.com\/wp\/author\/useralmanaque\/"}]}},"_links":{"self":[{"href":"https:\/\/www.elalmanaque.com\/wp\/wp-json\/wp\/v2\/posts\/32182","targetHints":{"allow":["GET"]}}],"collection":[{"href":"https:\/\/www.elalmanaque.com\/wp\/wp-json\/wp\/v2\/posts"}],"about":[{"href":"https:\/\/www.elalmanaque.com\/wp\/wp-json\/wp\/v2\/types\/post"}],"author":[{"embeddable":true,"href":"https:\/\/www.elalmanaque.com\/wp\/wp-json\/wp\/v2\/users\/1"}],"replies":[{"embeddable":true,"href":"https:\/\/www.elalmanaque.com\/wp\/wp-json\/wp\/v2\/comments?post=32182"}],"version-history":[{"count":1,"href":"https:\/\/www.elalmanaque.com\/wp\/wp-json\/wp\/v2\/posts\/32182\/revisions"}],"predecessor-version":[{"id":32183,"href":"https:\/\/www.elalmanaque.com\/wp\/wp-json\/wp\/v2\/posts\/32182\/revisions\/32183"}],"wp:featuredmedia":[{"embeddable":true,"href":"https:\/\/www.elalmanaque.com\/wp\/wp-json\/wp\/v2\/media\/31321"}],"wp:attachment":[{"href":"https:\/\/www.elalmanaque.com\/wp\/wp-json\/wp\/v2\/media?parent=32182"}],"wp:term":[{"taxonomy":"category","embeddable":true,"href":"https:\/\/www.elalmanaque.com\/wp\/wp-json\/wp\/v2\/categories?post=32182"},{"taxonomy":"post_tag","embeddable":true,"href":"https:\/\/www.elalmanaque.com\/wp\/wp-json\/wp\/v2\/tags?post=32182"}],"curies":[{"name":"wp","href":"https:\/\/api.w.org\/{rel}","templated":true}]}}