{"id":32165,"date":"2020-08-01T09:18:25","date_gmt":"2020-08-01T08:18:25","guid":{"rendered":"https:\/\/www.elalmanaque.com\/wp\/?p=32165"},"modified":"2020-08-01T09:24:32","modified_gmt":"2020-08-01T08:24:32","slug":"el-almanaque-no-7560-sabado-1-de-agosto-de-2020","status":"publish","type":"post","link":"https:\/\/www.elalmanaque.com\/wp\/almanaques\/el-almanaque-no-7560-sabado-1-de-agosto-de-2020\/","title":{"rendered":"El Almanaque N\u00ba 7560 S\u00e1bado 1 de Agosto de 2020"},"content":{"rendered":"\n<p><a href=\"https:\/\/www.elalmanaque.com\/santoral\/index.htm\">SANTORAL<\/a>&nbsp; &#8211;&nbsp;<a href=\"https:\/\/www.elalmanaque.com\/El_Origen_de_las_Palabras\/index.html\">L\u00c9XICO<\/a> &#8211; <a href=\"https:\/\/www.elalmanaque.com\/Efemerides\/index.htm\">EFEM\u00c9RIDES<\/a> &#8211; <a rel=\"noreferrer noopener\" target=\"_blank\" href=\"https:\/\/www.elalmanaque.com\/wp\/categoria\/dias-mundiales\/\">DIAS MUNDIALES<\/a> &#8211;&nbsp;<a href=\"https:\/\/www.elalmanaque.com\/Calendarios\">CALENDARIOS &#8211;<\/a>&nbsp;&nbsp;<a href=\"https:\/\/www.elalmanaque.com\/Humor_II\/index.html\">HUMOR<\/a> &#8211; <a href=\"https:\/\/www.elalmanaque.com\/turismo\/gastronomia\/index.htm\">GASTRONOMIA<\/a> &#8211; <a href=\"https:\/\/www.elalmanaque.com\/turismo\/index.htm\">TURISMO<\/a><strong> &#8211;<\/strong> <a href=\"https:\/\/www.elalmanaque.com\/turismo\/destinos\">DESTINOS<strong> &#8211;<\/strong><\/a> <a href=\"https:\/\/www.elalmanaque.com\/reportajes\/index.htm\">REPORTAJES<\/a><\/p>\n\n\n\n<p><a href=\"https:\/\/elalmanaque.com\/Agosto20\/1-8-20.htm\">El Almanaque N\u00ba 7560 S\u00e1bado 1 de Agosto de 2020<\/a><\/p>\n\n\n\n<p><strong>Cada 1 de agosto se celebra el D\u00eda Mundial de la Alegr\u00eda&nbsp;<\/strong><\/p>\n\n\n\n<figure class=\"wp-block-image\"><img decoding=\"async\" src=\"https:\/\/www.elalmanaque.com\/Agosto17\/fotos\/happiness-009.jpg\" alt=\"\"\/><\/figure>\n\n\n\n<blockquote class=\"wp-block-quote is-layout-flow wp-block-quote-is-layout-flow\"><p>Esta fecha es conmemorada en al menos catorce pa\u00edses del mundo, incluidos Chile, Brasil y Argentina, entre otros, y sirve para reflexionar sobre la importancia de tener presente ese sentimiento en cada momento de la vida.<\/p><\/blockquote>\n\n\n\n<p><strong><a href=\"https:\/\/www.elalmanaque.com\/Agosto20\/1-8-20.htm\">LEA COMPLETO EL ALMANAQUE DE HOY<\/a><\/strong><\/p>\n\n\n\n<figure><iframe loading=\"lazy\" width=\"728\" height=\"90\" src=\"https:\/\/rcm-eu.amazon-adsystem.com\/e\/cm?o=30&amp;p=48&amp;l=ur1&amp;category=electronica&amp;banner=1ZFFFVGD3JXYV7FSVA02&amp;f=ifr&amp;linkID=c21785b2eede7444a87cf67d73ae21c8&amp;t=wwwelalmanaqu-21&amp;tracking_id=wwwelalmanaqu-21\"><\/iframe><\/figure>\n\n\n\n<p><a target=\"_blank\" href=\"https:\/\/amzn.to\/2AZdc4x\" rel=\"noreferrer noopener\">\u00daltimas novedades de Amazon<\/a>&nbsp;&#8211;&nbsp;<a target=\"_blank\" href=\"https:\/\/www.amazon.es\/b?node=2454136031&amp;_encoding=UTF8&amp;tag=wwwelalmanaqu-21\" rel=\"noreferrer noopener\">Deportes y aire libre<\/a>&nbsp;&#8211;&nbsp;<a href=\"https:\/\/amzn.to\/3cNHRyQ\">Tienda de Electr\u00f3nica<\/a>&nbsp;&#8211;&nbsp;<a target=\"_blank\" href=\"https:\/\/amzn.to\/37njl6M\" rel=\"noreferrer noopener\">BELLEZA<\/a><\/p>\n\n\n\n<figure class=\"wp-block-table\"><table><tbody><tr><td><strong>EFEM\u00c9RIDES<\/strong><\/td><td><strong>SANTORAL<\/strong><\/td><\/tr><tr><td><img loading=\"lazy\" decoding=\"async\" src=\"https:\/\/www.elalmanaque.com\/Oct15\/lexico.jpg\" width=\"64\" height=\"59\"> <strong>EFEM\u00c9RIDES 1 de Agosto<\/strong><strong><br><\/strong> 1291.- Se funda la Confederaci\u00f3n Suiza.<br>1492.- Expulsi\u00f3n de la mayor parte de la poblaci\u00f3n jud\u00eda de Espa\u00f1a.<br>1498.- Crist\u00f3bal Col\u00f3n divisa la primera tierra firme del continente americano, que se llamar\u00e1 Venezuela posteriormente.<br>1868.- Estados Unidos compra Alaska a Rusia.<br>1923.- Se establece la jornada laboral de ocho horas en Espa\u00f1a.<br>1950.- La URSS ingresa en el Consejo de Seguridad de la ONU.<br>1965.- El Vietcong a\u00edsla la base estadounidense de Da Nang durante la Guerra de Vietnam<strong>&nbsp;<\/strong><a href=\"https:\/\/www.elalmanaque.com\/Agosto20\/1-8-20.htm#LEXICO\"><\/a><\/td><td><img loading=\"lazy\" decoding=\"async\" src=\"https:\/\/www.elalmanaque.com\/Oct15\/santos.jpg\" width=\"64\" height=\"65\"> <strong><\/strong> <strong>SANTORAL&nbsp;1<\/strong><strong>&nbsp;de Agosto<\/strong>&nbsp;<br>Alfonso Mar\u00eda de Ligorio, F\u00e9lix, Bono, Nemesio, Justino, Rub\u00e9n, Fe, Esperanza Caridad.&nbsp;<br><strong><a>ONOM\u00c1STICA<\/a>&nbsp;<\/strong><strong>:&nbsp;<\/strong><strong>ALFONSO&nbsp;<br><\/strong> Del godo&nbsp;<em>altfuns. Alt&nbsp;<\/em>significa \u00abnoble\u00bb y&nbsp;<em>funs<\/em>, \u00abguerrero\u00bb o \u00abbelicoso\u00bb. Suele usarse tambi\u00e9n como contracci\u00f3n de Ildefonso y como equivalente de Alonso, los tres del mismo origen. Al no haber desarrollado el patron\u00edmico terminado en&nbsp;<em>-ez<\/em>&nbsp;(\u00c1lvarez, P\u00e9rez, Mart\u00ednez, Gonz\u00e1lez, Fern\u00e1ndez, etc.), la misma forma de Alfonso sirve de patron\u00edmico con el significado de \u00abHijo de Alfonso\u00bb&nbsp;&nbsp;<a href=\"https:\/\/www.elalmanaque.com\/Agosto20\/1-8-20.htm#LEXICO\"><\/a><\/td><\/tr><tr><td><strong>L\u00c9XICO<\/strong><\/td><td><strong>AUTOAYUDA<\/strong><\/td><\/tr><tr><td><strong><\/strong>&nbsp;<strong>L\u00c9XICO &#8211; ALEGR\u00cdA<br><\/strong> Gaudere decet, laetari non decet, dec\u00edan los romanos, que podr\u00edamos traducir: \u00abes decente alegrarse, pero no es decente regocijarse\u00bb. \u00ab<em>Gaudere\u00bb<\/em>&nbsp;era para los romanos lo que podr\u00edamos llamar \u00absensaci\u00f3n de seguridad en s\u00ed mismo\u00bb, o quiz\u00e1 simplemente \u00abautoestima\u00bb. Era, m\u00e1s que una sensaci\u00f3n, un \u00abestado\u00bb. <a href=\"https:\/\/www.elalmanaque.com\/Agosto20\/1-8-20.htm#LEXICO\"><\/a><\/td><td><img decoding=\"async\" src=\"https:\/\/www.elalmanaque.com\/Agosto16\/fotos\/3dd429infiel-p.jpg\">El verano, la \u00e9poca de las infidelidades, las discusiones y las rupturas de pareja&nbsp; El verano es una \u00e9poca en la que aumentan las consultas sobre posibles rupturas en las parejas seg\u00fan los expertos, debido a que se trata de un periodo en el se producen m\u00e1s infidelidades y en el que se comparte m\u00e1s tiempo juntos, lo que tambi\u00e9n da pie a que se pueda discutir m\u00e1s.<a href=\"https:\/\/www.elalmanaque.com\/Agosto20\/1-8-20.htm#LEXICO\"><\/a><\/td><\/tr><tr><td><strong>DIAS INTERNACIONALES<\/strong><\/td><td>&nbsp;<\/td><\/tr><tr><td><strong><a href=\"https:\/\/www.elalmanaque.com\/Julio17\/30-7-17.htm#SOLIDARIDAD%20-%20AUTOAYUDA%20-%20DIAS%20MUNDIALEShttps:\/\/www.elalmanaque.com\/Julio16\/30-7-16.htm\">D\u00eda Internacional de la Amistad<\/a>&nbsp;<\/strong><br>La Asamblea General de las Naciones Unidas decide designar el 30 de julio D\u00eda Internacional de la Amistad.&nbsp;&nbsp;<br><strong>D\u00eda Mundial contra la Trata de Personas&nbsp;<\/strong><br>La Asamblea General de las Naciones Unidas decide designar el 30 de julio D\u00eda Mundial contra la Trata de Personas&nbsp;&nbsp;<a href=\"https:\/\/www.elalmanaque.com\/Agosto20\/1-8-20.htm#TECNOLOGIA E INTERNET\"><\/a><\/td><td><a href=\"https:\/\/www.elalmanaque.com\/Agosto177\/1-8-17.htm#SOLIDARIDAD%20-%20AUTOAYUDA%20-%20DIAS%20MUNDIALES\"><\/a><strong><a href=\"https:\/\/www.elalmanaque.com\/Agosto177\/1-8-17.htm#SOLIDARIDAD%20-%20AUTOAYUDA%20-%20DIAS%20MUNDIALES\">D\u00eda de la Pacha Mama (mitolog\u00eda inca)<\/a>&nbsp;<\/strong>Es el principio explicativo fundamental en la cosmovisi\u00f3n de los pueblos originarios andinos, en Am\u00e9rica del Sur. Pachamama o pacha (del aimara y quechua pacha: tierra y tambi\u00e9n \u00abmundo\u00bb, \u00abcosmos\u00bb ; mama: madre -es decir \u00abMadre Tierra\u00bb ) es el n\u00facleo del sistema de creencias y de actuaci\u00f3n ecol\u00f3gico-social entre los pueblos ind\u00edgenas de los Andes Centrales de Am\u00e9rica del Sur&nbsp;&#8211;&nbsp;D\u00eda Mundial de la Alegr\u00eda <a href=\"https:\/\/www.elalmanaque.com\/Agosto20\/1-8-20.htm#TECNOLOGIA E INTERNET\"><\/a><br>&nbsp;<\/td><\/tr><tr><td><strong>TECNOLOGIA &#8211; INTERNET<\/strong><\/td><td><strong>AUT\u00d3NOMOS<\/strong><\/td><\/tr><tr><td><strong>Si eres de los que trabaja en verano, ten en cuenta estos consejos para no arriesgar la seguridad de tu empresa<\/strong><br>La l\u00ednea que separa la vida personal y profesional es cada vez m\u00e1s estrecha. Algunos estudios demuestran que m\u00e1s de la mitad de los espa\u00f1oles no desconectamos durante las vacaciones.<br>Pero trabajar durante el periodo estival puede suponer un problema para las empresas desde el punto de vista de la seguridad. &nbsp;<a href=\"https:\/\/www.elalmanaque.com\/Agosto20\/1-8-20.htm#TECNOLOGIA E INTERNET\"><\/a><\/td><td><strong>Aut\u00f3nomos: c\u00f3mo preparar el negocio para marcharse de vacaciones<\/strong> En Espa\u00f1a, seg\u00fan datos del Ministerio de Trabajo, Migraciones y Seguridad Social hay m\u00e1s de 3,2 millones de trabajadores aut\u00f3nomos. Y muchos de ellos se han visto seriamente afectados por la crisis econ\u00f3mica derivada del coronavirus. Por ello, el verano de 2020 est\u00e1 siendo uno de los m\u00e1s inciertos y estresantes para un gran n\u00famero de negocios. &nbsp;<a href=\"https:\/\/www.elalmanaque.com\/Agosto20\/1-8-20.htm#TECNOLOGIA E INTERNET\"><\/a><br>&nbsp;<\/td><\/tr><tr><td><strong>SALUD<\/strong><\/td><td>&nbsp;<\/td><\/tr><tr><td><strong>El exceso de calor puede ser muy peligroso para las personas mayores<\/strong> El verano es un buen momento para estar activo mientras se disfruta del aire libre y m\u00e1s despu\u00e9s de los duros momentos de confinamiento que todos hemos pasado. Si bien los cielos soleados y las temperaturas c\u00e1lidas brindan muchas oportunidades para el disfrute, \u00e9sta tambi\u00e9n es la \u00e9poca del a\u00f1o en que los riesgos de deshidratarse y enfermarse por el calor son mayores.&nbsp;<strong>La deshidrataci\u00f3n simplemente significa que el cuerpo no tiene suficiente agua<\/strong>, y esto afecta su capacidad de funcionar normalmente. &nbsp;<a href=\"https:\/\/www.elalmanaque.com\/Agosto20\/1-8-20.htm#TECNOLOGIA E INTERNET\"><\/a><\/td><td><strong><a href=\"https:\/\/youtu.be\/zTVOoTwVZM4\">Psoriasis Causas y sintomas<\/a><\/strong><br>&nbsp;<\/td><\/tr><tr><td><strong>HUMOR &#8211;<\/strong><\/td><td><strong>OCIO &#8211; DEPORTES<\/strong><\/td><\/tr><tr><td><strong><a href=\"https:\/\/www.elalmanaque.com\/Julio16\/29-7-16.htm#ALMANAQUE%20DEL%20HUMOR\">FRASES HECHAS<\/a>&nbsp;&#8211;&nbsp;<\/strong><strong>Tirar la casa por la ventana<\/strong><strong>&nbsp;<\/strong><br>Se dice que alguien tira la casa por la ventana cuando de repente comienza a efectuar gastos superiores a los que acostumbraba.<br>Tan contundente expresi\u00f3n nace da la costumbre que exist\u00eda en el siglo pasado de tirar literalmente por la ventana los enseres del hogar cuando a alguien le tocaba la Loter\u00eda Nacional en Espa\u00f1a. &nbsp;<a href=\"https:\/\/www.elalmanaque.com\/Agosto20\/1-8-20.htm#TECNOLOGIA E INTERNET\"><\/a><\/td><td><img loading=\"lazy\" decoding=\"async\" src=\"https:\/\/elalmanaque.com\/Julio20\/fotos\/photo_2020-07-23-m.jpg\" width=\"196\" height=\"146\"><strong>Dreamfit inaugura su decimoctavo gimnasio en el barrio madrile\u00f1o de Moratalaz<br><\/strong>El pasado 6 de julio, la cadena de gimnasios Dreamfit abri\u00f3 las puertas de su decimoctavo gimnasio en el barrio madrile\u00f1o de Moratalaz con unas instalaciones de 4000m2. <a href=\"https:\/\/www.elalmanaque.com\/Agosto20\/1-8-20.htm#TECNOLOGIA E INTERNET\"><\/a><\/td><\/tr><tr><td><strong>M\u00daSICA &#8211; TEATRO &#8211; CINE<\/strong><\/td><td><strong>EFEM\u00c9RIDES<a href=\"https:\/\/www.elalmanaque.com\/Feb16\/26-2-16.htm#ACTUALIDAD%20CULTURAL\">&nbsp;<\/a><a href=\"https:\/\/www.elalmanaque.com\/Feb16\/26-2-16.htm#ACTUALIDAD%20CULTURAL\">ART\u00cdSTICAS<\/a><a href=\"https:\/\/www.elalmanaque.com\/Feb16\/26-2-16.htm#ACTUALIDAD%20CULTURAL\">&nbsp;MUSICALES<\/a> &#8211; ARTE &#8211;<\/strong><\/td><\/tr><tr><td><strong>Madrid : Veranos de la Villa 2020 <\/strong>Madrid no pod\u00eda faltar a su cita con Veranos de la Villa. El festival, que llega a su trig\u00e9simo sexta edici\u00f3n, se adapta a las condiciones especiales provocadas por la COVID-19 y se celebrar\u00e1 en su totalidad en el Centro Cultural Conde Duque. <strong>Del 29 de julio al 30 de agosto<\/strong>, la cl\u00e1sica cita estival madrile\u00f1a ofrece 22 espect\u00e1culos de m\u00fasica, teatro, danza, circo, zarzuela, astronom\u00eda, cine y poes\u00eda.<br><strong>66 Festival Internacional de Teatro Cl\u00e1sico de M\u00e9rida 2020<\/strong> <strong>El Festival de M\u00e9rida se inaugura el pr\u00f3ximo mi\u00e9rcoles con \u2018Ant\u00edgona\u2019 y el 75% del aforo<\/strong>&nbsp; .<a href=\"https:\/\/www.elalmanaque.com\/Agosto20\/1-8-20.htm#ACTUALIDAD%20CULTURAL\"><\/a><\/td><td><img decoding=\"async\" src=\"https:\/\/www.elalmanaque.com\/Oct15\/efemeridesp.jpg\"> <strong>Yves<\/strong>&nbsp;Henri Donat Dave Mathieu&nbsp;<strong>Saint Laurent&nbsp;<\/strong>(Or\u00e1n, Argelia, 1 de agosto de 1936 &#8211; Par\u00eds, 1 de junio de 2008) fue un dise\u00f1ador de moda y empresario franc\u00e9s, fundador de la marca hom\u00f3nima de ropa de alta costura.&nbsp; <strong>Eduardo Noriega<\/strong>&nbsp;G\u00f3mez (Santander, Cantabria, de agosto de 1973) es un actor espa\u00f1ol.&nbsp; <strong>Frida Boccara<\/strong>&nbsp;(Casablanca, 1940 &#8211; Par\u00eds, 1996) fue una conocida cantante francesa. Fue una de las cuatro ganadoras del Festival de la Canci\u00f3n de Eurovisi\u00f3n 1969 celebrado en Madrid. <a href=\"https:\/\/www.elalmanaque.com\/Agosto20\/1-8-20.htm#ACTUALIDAD%20CULTURAL\"><\/a><br>&nbsp;<\/td><\/tr><tr><td><strong><a>GASTRONOMIA&nbsp;<\/a><\/strong><\/td><td><strong>BEBIDAS&nbsp; &#8211; HOSTELERIA<\/strong><\/td><\/tr><tr><td><strong><a>Los hoteleros madrile\u00f1os informamos ante las dudas suscitadas por las nuevas medidas preventivas sanitarias de la CAM<\/a><\/strong><br>Tras algunas dudas suscitadas en el sector hotelero ante las nuevas medidas de prevenci\u00f3n sanitaria aprobadas por la Comunidad de Madrid, desde la Asociaci\u00f3n Empresarial Hotelera de Madrid (AEHM) procedemos a la resoluci\u00f3n de las mismas. Para ello, y bajo el asesoramiento del despacho de Abogados Tourism&amp;Law, nos hemos puesto en contacto con la Consejer\u00eda de Sanidad con el fin trasladar todas aquellas consultas en torno a la diferente casu\u00edstica que puede darse en un establecimiento hotelero cumpliendo con la ORDEN 920\/2020 de julio.&nbsp;<a href=\"https:\/\/www.elalmanaque.com\/Agosto20\/1-8-20.htm#GASTRONOMIA-HOSTELERIA\"><\/a><\/td><td><strong>LA RECETA &#8211;<\/strong><strong>&nbsp;<\/strong>Pastel de berenjenas&nbsp;&nbsp;<strong><a href=\"https:\/\/www.elalmanaque.com\/Agosto20\/1-8-20.htm#GASTRONOMIA-HOSTELERIA\"><\/a><\/strong><br>&nbsp;<\/td><\/tr><tr><td><strong>VIAJES &#8211; &nbsp;TURISMO<\/strong><\/td><td><strong>EVENTOS &#8211; HOTELERIA<\/strong><\/td><\/tr><tr><td><strong>Renfe pone a la venta 200.000 plazas promocionales para viajar en agosto en trenes Ave y Larga Distancia<\/strong>&nbsp;<strong>La campa\u00f1a permite comprar billetes con los precios y las condiciones de la tarifa Promo+, que contempla flexibilidad en cambios y anulaciones&nbsp; <\/strong>Renfe ofrece desde hoy casi 200.000 plazas de trenes Ave y Larga Distancia con descuentos de hasta el 65%, para viajar durante el mes de agosto en trenes Ave y Larga Distancia. &nbsp; <a href=\"https:\/\/www.elalmanaque.com\/Agosto20\/1-8-20.htm#TURISMO\"><\/a><\/td><td><strong>Un emblem\u00e1tico balneario para enamorarse del verano en Galicia: Eurostars Gran Hotel La Toja 5*<br>&nbsp;<\/strong>La Isla de la Toja es el para\u00edso gallego donde, despu\u00e9s de visitarlo, uno desea volver cada verano. Con apenas un kil\u00f3metro cuadrado de superficie, se ha convertido en \u201cla isla del bienestar\u201d, un precioso enclave donde se encuentra ubicado el lujoso hotel balneario Eurostars Gran Hotel La Toja 5*. <a href=\"https:\/\/www.elalmanaque.com\/Agosto20\/1-8-20.htm#TURISMO\"><\/a><\/td><\/tr><tr><td><img loading=\"lazy\" decoding=\"async\" src=\"https:\/\/www.elalmanaque.com\/Julio18\/fotos\/POSTURA-m.jpg\" width=\"146\" height=\"100\"><strong>Ocho consejos imprescindibles para preparar tu viaje de verano con las m\u00e1ximas garant\u00edas de salud<\/strong> <strong>La Fundaci\u00f3n Espriu,&nbsp;<\/strong><strong>segunda red de cooperativas sanitarias del mundo<\/strong>, recuerda que, si&nbsp;bien las vacaciones de verano son sin\u00f3nimo de diversi\u00f3n y bienestar, no debemos olvidar los aspectos relativos a la salud durante la preparaci\u00f3n de las mismas.<br>Los cambios posturales y el descanso durante el viaje, claves para evitar accidentes en vacaciones<br>\u2022 La campa\u00f1a \u201812 meses, 12 consejos de salud\u2019 se centra este mes en concienciar sobre la importancia de realizar descansos y estiramientos en el viaje durante la operaci\u00f3n salida de verano&nbsp; <a href=\"https:\/\/www.elalmanaque.com\/Agosto20\/1-8-20.htm#TURISMO\"><\/a><\/td><td><strong>Una refrescante ruta por los santuarios del helado artesano de Palma<br><\/strong> <strong>La capital balear invita a realizar un recorrido por una selecci\u00f3n de helader\u00edas que elaboran su producto de forma totalmente artesanal combinando los sabores m\u00e1s tradicionales con innovadoras creaciones capaces de sorprender a los m\u00e1s golosos<\/strong>. <strong>\u2018BURGOS, TE SIENTA BIEN\u2019<br><\/strong> &nbsp;\u00a1Y tan bien! Este es el eslogan con el que la ciudad de Burgos presenta una ciudad \u00fanica, tranquila y segura; pero tambi\u00e9n completa, con atractivos para todos los p\u00fablicos. &nbsp;<br>&nbsp;<a href=\"https:\/\/www.elalmanaque.com\/Agosto20\/1-8-20.htm#TURISMO\"><\/a><\/td><\/tr><\/tbody><\/table><\/figure>\n\n\n\n<p><a href=\"https:\/\/www.elalmanaque.com\/almanaques_2020.htm\">ARCHIVO<\/a><a href=\"https:\/\/www.elalmanaque.com\/almanaques_2019.htm\">&nbsp;&#8211;<\/a> <strong><a href=\"https:\/\/elalmanaque.com\/portada\/index.htm\">PORTADA<\/a>S &#8211;<\/strong> <a href=\"https:\/\/www.elalmanaque.com\/almanaques_2019.htm\">EDICIONES DE ALMANAQUES&nbsp;<\/a><a href=\"https:\/\/www.elalmanaque.com\/almanaques_2020.htm\">JULIO<strong>&nbsp;20<\/strong>20<\/a> :&nbsp;<\/p>\n\n\n\n<p><a href=\"https:\/\/elalmanaque.com\/Julio20\/1-7-20.htm\">1<\/a> &#8211; <a href=\"https:\/\/elalmanaque.com\/Julio20\/2-7-20.htm\">2<\/a> &#8211; <a href=\"https:\/\/elalmanaque.com\/Julio20\/3-7-20.htm\">3<\/a> &#8211; <a href=\"https:\/\/elalmanaque.com\/Julio20\/4-7-20.htm\">4<\/a> &#8211; <a href=\"https:\/\/elalmanaque.com\/Julio20\/5-7-20.htm\">5<\/a> &#8211; <a href=\"https:\/\/elalmanaque.com\/Julio20\/6-7-20.htm\">6<\/a> &#8211; <a href=\"https:\/\/elalmanaque.com\/Julio20\/7-7-20.htm\">7<\/a> &#8211; <a href=\"https:\/\/elalmanaque.com\/Julio20\/8-7-20.htm\">8<\/a> &#8211; <a href=\"https:\/\/elalmanaque.com\/Julio20\/9-7-20.htm\">9<\/a> &#8211; <a href=\"https:\/\/elalmanaque.com\/Julio20\/10-7-20.htm\">10<\/a> &#8211; <a href=\"https:\/\/elalmanaque.com\/Julio20\/11-7-20.htm\">11<\/a> &#8211; <a href=\"https:\/\/elalmanaque.com\/Julio20\/12-7-20.htm\">12<\/a> &#8211; <a href=\"https:\/\/elalmanaque.com\/Julio20\/13-7-20.htm\">13<\/a> &#8211; <a href=\"https:\/\/elalmanaque.com\/Julio20\/14-7-20.htm\">14<\/a> &#8211; <a href=\"https:\/\/elalmanaque.com\/Julio20\/15-7-20.htm\">15<\/a> &#8211; <a href=\"https:\/\/elalmanaque.com\/Julio20\/16-7-20.htm\">16<\/a> &#8211; <a href=\"https:\/\/elalmanaque.com\/Julio20\/17-7-20.htm\">17<\/a> &#8211; <a href=\"https:\/\/elalmanaque.com\/Julio20\/18-7-20.htm\">18<\/a> &#8211; <a href=\"https:\/\/elalmanaque.com\/Julio20\/19-7-20.htm\">19<\/a> &#8211; <a href=\"https:\/\/elalmanaque.com\/Julio20\/20-7-20.htm\">20<\/a> &#8211; <a href=\"https:\/\/elalmanaque.com\/Julio20\/21-7-20.htm\">21<\/a> &#8211; <a href=\"https:\/\/elalmanaque.com\/Julio20\/22-7-20.htm\">22<\/a> &#8211; <a href=\"https:\/\/elalmanaque.com\/Julio20\/23-7-20.htm\">23<\/a> &#8211; <a href=\"https:\/\/elalmanaque.com\/Julio20\/24-7-20.htm\">24<\/a> &#8211; <a href=\"https:\/\/elalmanaque.com\/Julio20\/25-7-20.htm\">25<\/a> &#8211; <a href=\"https:\/\/elalmanaque.com\/Julio20\/26-7-20.htm\">26<\/a> &#8211; <a href=\"https:\/\/elalmanaque.com\/Julio20\/27-7-20.htm\">27<\/a> &#8211; <a href=\"https:\/\/elalmanaque.com\/Julio20\/28-7-20.htm\">28<\/a> &#8211; <a href=\"https:\/\/elalmanaque.com\/Julio20\/29-7-20.htm\">29<\/a> &#8211; <a href=\"https:\/\/elalmanaque.com\/Julio20\/30-7-20.htm\">30<\/a> &#8211; <a href=\"https:\/\/elalmanaque.com\/Julio20\/31-7-20.htm\">31<\/a><\/p>\n\n\n\n<p>SUSCRIPCIONES AL MAGAZINE :&nbsp; El Almanaque se env\u00eda \u00fanicamente a los suscriptores.&nbsp;Suscripciones gratis&nbsp;&nbsp;<\/p>\n\n\n\n<p>Para informaci\u00f3n, consultas y\/o sugerencias , contactar con Editor y Webmaster :&nbsp;<a href=\"mailto:webmaster@elalmanaque.com\">webmaster<\/a><a href=\"mailto:webmaster@elalmanaque.com\">@elalmanaque.com<\/a>&nbsp;<\/p>\n","protected":false},"excerpt":{"rendered":"<p>SANTORAL&nbsp; &#8211;&nbsp;L\u00c9XICO &#8211; EFEM\u00c9RIDES &#8211; DIAS MUNDIALES &#8211;&nbsp;CALENDARIOS &#8211;&nbsp;&nbsp;HUMOR &#8211; GASTRONOMIA &#8211; TURISMO &#8211; DESTINOS &#8211; REPORTAJES El Almanaque N\u00ba 7560 S\u00e1bado 1 de Agosto&hellip; <\/p>\n","protected":false},"author":1,"featured_media":31321,"comment_status":"closed","ping_status":"closed","sticky":false,"template":"","format":"standard","meta":{"footnotes":""},"categories":[106,10,74,16,39,120,3],"tags":[],"class_list":["post-32165","post","type-post","status-publish","format-standard","has-post-thumbnail","hentry","category-almanaques","category-autoayuda","category-divulgativo","category-efemerides","category-relaciones","category-santoral","category-turismo"],"yoast_head":"<!-- This site is optimized with the Yoast SEO plugin v24.8.1 - https:\/\/yoast.com\/wordpress\/plugins\/seo\/ -->\n<title>El Almanaque N\u00ba 7560 S\u00e1bado 1 de Agosto de 2020 - El Almanaque<\/title>\n<meta name=\"robots\" content=\"index, follow, max-snippet:-1, max-image-preview:large, max-video-preview:-1\" \/>\n<link rel=\"canonical\" href=\"https:\/\/www.elalmanaque.com\/wp\/almanaques\/el-almanaque-no-7560-sabado-1-de-agosto-de-2020\/\" \/>\n<meta property=\"og:locale\" content=\"es_ES\" \/>\n<meta property=\"og:type\" content=\"article\" \/>\n<meta property=\"og:title\" content=\"El Almanaque N\u00ba 7560 S\u00e1bado 1 de Agosto de 2020 - El Almanaque\" \/>\n<meta property=\"og:description\" content=\"SANTORAL&nbsp; &#8211;&nbsp;L\u00c9XICO &#8211; EFEM\u00c9RIDES &#8211; DIAS MUNDIALES &#8211;&nbsp;CALENDARIOS &#8211;&nbsp;&nbsp;HUMOR &#8211; GASTRONOMIA &#8211; TURISMO &#8211; DESTINOS &#8211; REPORTAJES El Almanaque N\u00ba 7560 S\u00e1bado 1 de Agosto&hellip;\" \/>\n<meta property=\"og:url\" content=\"https:\/\/www.elalmanaque.com\/wp\/almanaques\/el-almanaque-no-7560-sabado-1-de-agosto-de-2020\/\" \/>\n<meta property=\"og:site_name\" content=\"El Almanaque\" \/>\n<meta property=\"article:published_time\" content=\"2020-08-01T08:18:25+00:00\" \/>\n<meta property=\"article:modified_time\" content=\"2020-08-01T08:24:32+00:00\" \/>\n<meta property=\"og:image\" content=\"https:\/\/www.elalmanaque.com\/wp\/wp-content\/uploads\/2020\/05\/24811_113126318710411_5770706_n-1.jpg\" \/>\n\t<meta property=\"og:image:width\" content=\"200\" \/>\n\t<meta property=\"og:image:height\" content=\"24\" \/>\n\t<meta property=\"og:image:type\" content=\"image\/jpeg\" \/>\n<meta name=\"author\" content=\"Redactor\" \/>\n<meta name=\"twitter:card\" content=\"summary_large_image\" \/>\n<meta name=\"twitter:label1\" content=\"Escrito por\" \/>\n\t<meta name=\"twitter:data1\" content=\"Redactor\" \/>\n\t<meta name=\"twitter:label2\" content=\"Tiempo de lectura\" \/>\n\t<meta name=\"twitter:data2\" content=\"9 minutos\" \/>\n<script type=\"application\/ld+json\" class=\"yoast-schema-graph\">{\"@context\":\"https:\/\/schema.org\",\"@graph\":[{\"@type\":\"Article\",\"@id\":\"https:\/\/www.elalmanaque.com\/wp\/almanaques\/el-almanaque-no-7560-sabado-1-de-agosto-de-2020\/#article\",\"isPartOf\":{\"@id\":\"https:\/\/www.elalmanaque.com\/wp\/almanaques\/el-almanaque-no-7560-sabado-1-de-agosto-de-2020\/\"},\"author\":{\"name\":\"Redactor\",\"@id\":\"https:\/\/www.elalmanaque.com\/wp\/#\/schema\/person\/61ab31c67167988fe2679d590ca85afe\"},\"headline\":\"El Almanaque N\u00ba 7560 S\u00e1bado 1 de Agosto de 2020\",\"datePublished\":\"2020-08-01T08:18:25+00:00\",\"dateModified\":\"2020-08-01T08:24:32+00:00\",\"mainEntityOfPage\":{\"@id\":\"https:\/\/www.elalmanaque.com\/wp\/almanaques\/el-almanaque-no-7560-sabado-1-de-agosto-de-2020\/\"},\"wordCount\":1751,\"publisher\":{\"@id\":\"https:\/\/www.elalmanaque.com\/wp\/#organization\"},\"image\":{\"@id\":\"https:\/\/www.elalmanaque.com\/wp\/almanaques\/el-almanaque-no-7560-sabado-1-de-agosto-de-2020\/#primaryimage\"},\"thumbnailUrl\":\"https:\/\/www.elalmanaque.com\/wp\/wp-content\/uploads\/2020\/05\/24811_113126318710411_5770706_n-1.jpg\",\"articleSection\":[\"Almanaques\",\"Autoayuda\",\"Divulgativo\",\"Efem\u00e9rides\",\"Relaciones\",\"Santoral\",\"Turismo\"],\"inLanguage\":\"es\"},{\"@type\":\"WebPage\",\"@id\":\"https:\/\/www.elalmanaque.com\/wp\/almanaques\/el-almanaque-no-7560-sabado-1-de-agosto-de-2020\/\",\"url\":\"https:\/\/www.elalmanaque.com\/wp\/almanaques\/el-almanaque-no-7560-sabado-1-de-agosto-de-2020\/\",\"name\":\"El Almanaque N\u00ba 7560 S\u00e1bado 1 de Agosto de 2020 - El Almanaque\",\"isPartOf\":{\"@id\":\"https:\/\/www.elalmanaque.com\/wp\/#website\"},\"primaryImageOfPage\":{\"@id\":\"https:\/\/www.elalmanaque.com\/wp\/almanaques\/el-almanaque-no-7560-sabado-1-de-agosto-de-2020\/#primaryimage\"},\"image\":{\"@id\":\"https:\/\/www.elalmanaque.com\/wp\/almanaques\/el-almanaque-no-7560-sabado-1-de-agosto-de-2020\/#primaryimage\"},\"thumbnailUrl\":\"https:\/\/www.elalmanaque.com\/wp\/wp-content\/uploads\/2020\/05\/24811_113126318710411_5770706_n-1.jpg\",\"datePublished\":\"2020-08-01T08:18:25+00:00\",\"dateModified\":\"2020-08-01T08:24:32+00:00\",\"breadcrumb\":{\"@id\":\"https:\/\/www.elalmanaque.com\/wp\/almanaques\/el-almanaque-no-7560-sabado-1-de-agosto-de-2020\/#breadcrumb\"},\"inLanguage\":\"es\",\"potentialAction\":[{\"@type\":\"ReadAction\",\"target\":[\"https:\/\/www.elalmanaque.com\/wp\/almanaques\/el-almanaque-no-7560-sabado-1-de-agosto-de-2020\/\"]}]},{\"@type\":\"ImageObject\",\"inLanguage\":\"es\",\"@id\":\"https:\/\/www.elalmanaque.com\/wp\/almanaques\/el-almanaque-no-7560-sabado-1-de-agosto-de-2020\/#primaryimage\",\"url\":\"https:\/\/www.elalmanaque.com\/wp\/wp-content\/uploads\/2020\/05\/24811_113126318710411_5770706_n-1.jpg\",\"contentUrl\":\"https:\/\/www.elalmanaque.com\/wp\/wp-content\/uploads\/2020\/05\/24811_113126318710411_5770706_n-1.jpg\",\"width\":200,\"height\":24},{\"@type\":\"BreadcrumbList\",\"@id\":\"https:\/\/www.elalmanaque.com\/wp\/almanaques\/el-almanaque-no-7560-sabado-1-de-agosto-de-2020\/#breadcrumb\",\"itemListElement\":[{\"@type\":\"ListItem\",\"position\":1,\"name\":\"Portada\",\"item\":\"https:\/\/www.elalmanaque.com\/wp\/\"},{\"@type\":\"ListItem\",\"position\":2,\"name\":\"El Almanaque N\u00ba 7560 S\u00e1bado 1 de Agosto de 2020\"}]},{\"@type\":\"WebSite\",\"@id\":\"https:\/\/www.elalmanaque.com\/wp\/#website\",\"url\":\"https:\/\/www.elalmanaque.com\/wp\/\",\"name\":\"El Almanaque\",\"description\":\"Revista de Cultura y Ocio\",\"publisher\":{\"@id\":\"https:\/\/www.elalmanaque.com\/wp\/#organization\"},\"potentialAction\":[{\"@type\":\"SearchAction\",\"target\":{\"@type\":\"EntryPoint\",\"urlTemplate\":\"https:\/\/www.elalmanaque.com\/wp\/?s={search_term_string}\"},\"query-input\":{\"@type\":\"PropertyValueSpecification\",\"valueRequired\":true,\"valueName\":\"search_term_string\"}}],\"inLanguage\":\"es\"},{\"@type\":\"Organization\",\"@id\":\"https:\/\/www.elalmanaque.com\/wp\/#organization\",\"name\":\"El Almanaque\",\"url\":\"https:\/\/www.elalmanaque.com\/wp\/\",\"logo\":{\"@type\":\"ImageObject\",\"inLanguage\":\"es\",\"@id\":\"https:\/\/www.elalmanaque.com\/wp\/#\/schema\/logo\/image\/\",\"url\":\"https:\/\/www.elalmanaque.com\/wp\/wp-content\/uploads\/2020\/03\/cropped-elalmanaque.jpg\",\"contentUrl\":\"https:\/\/www.elalmanaque.com\/wp\/wp-content\/uploads\/2020\/03\/cropped-elalmanaque.jpg\",\"width\":900,\"height\":164,\"caption\":\"El Almanaque\"},\"image\":{\"@id\":\"https:\/\/www.elalmanaque.com\/wp\/#\/schema\/logo\/image\/\"}},{\"@type\":\"Person\",\"@id\":\"https:\/\/www.elalmanaque.com\/wp\/#\/schema\/person\/61ab31c67167988fe2679d590ca85afe\",\"name\":\"Redactor\",\"image\":{\"@type\":\"ImageObject\",\"inLanguage\":\"es\",\"@id\":\"https:\/\/www.elalmanaque.com\/wp\/#\/schema\/person\/image\/\",\"url\":\"https:\/\/secure.gravatar.com\/avatar\/a1cd6ad4f449e45fea5ebd57548cb588?s=96&d=mm&r=g\",\"contentUrl\":\"https:\/\/secure.gravatar.com\/avatar\/a1cd6ad4f449e45fea5ebd57548cb588?s=96&d=mm&r=g\",\"caption\":\"Redactor\"},\"url\":\"https:\/\/www.elalmanaque.com\/wp\/author\/useralmanaque\/\"}]}<\/script>\n<!-- \/ Yoast SEO plugin. -->","yoast_head_json":{"title":"El Almanaque N\u00ba 7560 S\u00e1bado 1 de Agosto de 2020 - El Almanaque","robots":{"index":"index","follow":"follow","max-snippet":"max-snippet:-1","max-image-preview":"max-image-preview:large","max-video-preview":"max-video-preview:-1"},"canonical":"https:\/\/www.elalmanaque.com\/wp\/almanaques\/el-almanaque-no-7560-sabado-1-de-agosto-de-2020\/","og_locale":"es_ES","og_type":"article","og_title":"El Almanaque N\u00ba 7560 S\u00e1bado 1 de Agosto de 2020 - El Almanaque","og_description":"SANTORAL&nbsp; &#8211;&nbsp;L\u00c9XICO &#8211; EFEM\u00c9RIDES &#8211; DIAS MUNDIALES &#8211;&nbsp;CALENDARIOS &#8211;&nbsp;&nbsp;HUMOR &#8211; GASTRONOMIA &#8211; TURISMO &#8211; DESTINOS &#8211; REPORTAJES El Almanaque N\u00ba 7560 S\u00e1bado 1 de Agosto&hellip;","og_url":"https:\/\/www.elalmanaque.com\/wp\/almanaques\/el-almanaque-no-7560-sabado-1-de-agosto-de-2020\/","og_site_name":"El Almanaque","article_published_time":"2020-08-01T08:18:25+00:00","article_modified_time":"2020-08-01T08:24:32+00:00","og_image":[{"width":200,"height":24,"url":"https:\/\/www.elalmanaque.com\/wp\/wp-content\/uploads\/2020\/05\/24811_113126318710411_5770706_n-1.jpg","type":"image\/jpeg"}],"author":"Redactor","twitter_card":"summary_large_image","twitter_misc":{"Escrito por":"Redactor","Tiempo de lectura":"9 minutos"},"schema":{"@context":"https:\/\/schema.org","@graph":[{"@type":"Article","@id":"https:\/\/www.elalmanaque.com\/wp\/almanaques\/el-almanaque-no-7560-sabado-1-de-agosto-de-2020\/#article","isPartOf":{"@id":"https:\/\/www.elalmanaque.com\/wp\/almanaques\/el-almanaque-no-7560-sabado-1-de-agosto-de-2020\/"},"author":{"name":"Redactor","@id":"https:\/\/www.elalmanaque.com\/wp\/#\/schema\/person\/61ab31c67167988fe2679d590ca85afe"},"headline":"El Almanaque N\u00ba 7560 S\u00e1bado 1 de Agosto de 2020","datePublished":"2020-08-01T08:18:25+00:00","dateModified":"2020-08-01T08:24:32+00:00","mainEntityOfPage":{"@id":"https:\/\/www.elalmanaque.com\/wp\/almanaques\/el-almanaque-no-7560-sabado-1-de-agosto-de-2020\/"},"wordCount":1751,"publisher":{"@id":"https:\/\/www.elalmanaque.com\/wp\/#organization"},"image":{"@id":"https:\/\/www.elalmanaque.com\/wp\/almanaques\/el-almanaque-no-7560-sabado-1-de-agosto-de-2020\/#primaryimage"},"thumbnailUrl":"https:\/\/www.elalmanaque.com\/wp\/wp-content\/uploads\/2020\/05\/24811_113126318710411_5770706_n-1.jpg","articleSection":["Almanaques","Autoayuda","Divulgativo","Efem\u00e9rides","Relaciones","Santoral","Turismo"],"inLanguage":"es"},{"@type":"WebPage","@id":"https:\/\/www.elalmanaque.com\/wp\/almanaques\/el-almanaque-no-7560-sabado-1-de-agosto-de-2020\/","url":"https:\/\/www.elalmanaque.com\/wp\/almanaques\/el-almanaque-no-7560-sabado-1-de-agosto-de-2020\/","name":"El Almanaque N\u00ba 7560 S\u00e1bado 1 de Agosto de 2020 - El Almanaque","isPartOf":{"@id":"https:\/\/www.elalmanaque.com\/wp\/#website"},"primaryImageOfPage":{"@id":"https:\/\/www.elalmanaque.com\/wp\/almanaques\/el-almanaque-no-7560-sabado-1-de-agosto-de-2020\/#primaryimage"},"image":{"@id":"https:\/\/www.elalmanaque.com\/wp\/almanaques\/el-almanaque-no-7560-sabado-1-de-agosto-de-2020\/#primaryimage"},"thumbnailUrl":"https:\/\/www.elalmanaque.com\/wp\/wp-content\/uploads\/2020\/05\/24811_113126318710411_5770706_n-1.jpg","datePublished":"2020-08-01T08:18:25+00:00","dateModified":"2020-08-01T08:24:32+00:00","breadcrumb":{"@id":"https:\/\/www.elalmanaque.com\/wp\/almanaques\/el-almanaque-no-7560-sabado-1-de-agosto-de-2020\/#breadcrumb"},"inLanguage":"es","potentialAction":[{"@type":"ReadAction","target":["https:\/\/www.elalmanaque.com\/wp\/almanaques\/el-almanaque-no-7560-sabado-1-de-agosto-de-2020\/"]}]},{"@type":"ImageObject","inLanguage":"es","@id":"https:\/\/www.elalmanaque.com\/wp\/almanaques\/el-almanaque-no-7560-sabado-1-de-agosto-de-2020\/#primaryimage","url":"https:\/\/www.elalmanaque.com\/wp\/wp-content\/uploads\/2020\/05\/24811_113126318710411_5770706_n-1.jpg","contentUrl":"https:\/\/www.elalmanaque.com\/wp\/wp-content\/uploads\/2020\/05\/24811_113126318710411_5770706_n-1.jpg","width":200,"height":24},{"@type":"BreadcrumbList","@id":"https:\/\/www.elalmanaque.com\/wp\/almanaques\/el-almanaque-no-7560-sabado-1-de-agosto-de-2020\/#breadcrumb","itemListElement":[{"@type":"ListItem","position":1,"name":"Portada","item":"https:\/\/www.elalmanaque.com\/wp\/"},{"@type":"ListItem","position":2,"name":"El Almanaque N\u00ba 7560 S\u00e1bado 1 de Agosto de 2020"}]},{"@type":"WebSite","@id":"https:\/\/www.elalmanaque.com\/wp\/#website","url":"https:\/\/www.elalmanaque.com\/wp\/","name":"El Almanaque","description":"Revista de Cultura y Ocio","publisher":{"@id":"https:\/\/www.elalmanaque.com\/wp\/#organization"},"potentialAction":[{"@type":"SearchAction","target":{"@type":"EntryPoint","urlTemplate":"https:\/\/www.elalmanaque.com\/wp\/?s={search_term_string}"},"query-input":{"@type":"PropertyValueSpecification","valueRequired":true,"valueName":"search_term_string"}}],"inLanguage":"es"},{"@type":"Organization","@id":"https:\/\/www.elalmanaque.com\/wp\/#organization","name":"El Almanaque","url":"https:\/\/www.elalmanaque.com\/wp\/","logo":{"@type":"ImageObject","inLanguage":"es","@id":"https:\/\/www.elalmanaque.com\/wp\/#\/schema\/logo\/image\/","url":"https:\/\/www.elalmanaque.com\/wp\/wp-content\/uploads\/2020\/03\/cropped-elalmanaque.jpg","contentUrl":"https:\/\/www.elalmanaque.com\/wp\/wp-content\/uploads\/2020\/03\/cropped-elalmanaque.jpg","width":900,"height":164,"caption":"El Almanaque"},"image":{"@id":"https:\/\/www.elalmanaque.com\/wp\/#\/schema\/logo\/image\/"}},{"@type":"Person","@id":"https:\/\/www.elalmanaque.com\/wp\/#\/schema\/person\/61ab31c67167988fe2679d590ca85afe","name":"Redactor","image":{"@type":"ImageObject","inLanguage":"es","@id":"https:\/\/www.elalmanaque.com\/wp\/#\/schema\/person\/image\/","url":"https:\/\/secure.gravatar.com\/avatar\/a1cd6ad4f449e45fea5ebd57548cb588?s=96&d=mm&r=g","contentUrl":"https:\/\/secure.gravatar.com\/avatar\/a1cd6ad4f449e45fea5ebd57548cb588?s=96&d=mm&r=g","caption":"Redactor"},"url":"https:\/\/www.elalmanaque.com\/wp\/author\/useralmanaque\/"}]}},"_links":{"self":[{"href":"https:\/\/www.elalmanaque.com\/wp\/wp-json\/wp\/v2\/posts\/32165","targetHints":{"allow":["GET"]}}],"collection":[{"href":"https:\/\/www.elalmanaque.com\/wp\/wp-json\/wp\/v2\/posts"}],"about":[{"href":"https:\/\/www.elalmanaque.com\/wp\/wp-json\/wp\/v2\/types\/post"}],"author":[{"embeddable":true,"href":"https:\/\/www.elalmanaque.com\/wp\/wp-json\/wp\/v2\/users\/1"}],"replies":[{"embeddable":true,"href":"https:\/\/www.elalmanaque.com\/wp\/wp-json\/wp\/v2\/comments?post=32165"}],"version-history":[{"count":2,"href":"https:\/\/www.elalmanaque.com\/wp\/wp-json\/wp\/v2\/posts\/32165\/revisions"}],"predecessor-version":[{"id":32167,"href":"https:\/\/www.elalmanaque.com\/wp\/wp-json\/wp\/v2\/posts\/32165\/revisions\/32167"}],"wp:featuredmedia":[{"embeddable":true,"href":"https:\/\/www.elalmanaque.com\/wp\/wp-json\/wp\/v2\/media\/31321"}],"wp:attachment":[{"href":"https:\/\/www.elalmanaque.com\/wp\/wp-json\/wp\/v2\/media?parent=32165"}],"wp:term":[{"taxonomy":"category","embeddable":true,"href":"https:\/\/www.elalmanaque.com\/wp\/wp-json\/wp\/v2\/categories?post=32165"},{"taxonomy":"post_tag","embeddable":true,"href":"https:\/\/www.elalmanaque.com\/wp\/wp-json\/wp\/v2\/tags?post=32165"}],"curies":[{"name":"wp","href":"https:\/\/api.w.org\/{rel}","templated":true}]}}