{"id":32104,"date":"2020-07-23T16:29:23","date_gmt":"2020-07-23T15:29:23","guid":{"rendered":"https:\/\/www.elalmanaque.com\/wp\/?p=32104"},"modified":"2020-07-23T16:30:20","modified_gmt":"2020-07-23T15:30:20","slug":"iconos-de-madrid-en-el-cine-ix-epilogo-del-cine-a-la-fama","status":"publish","type":"post","link":"https:\/\/www.elalmanaque.com\/wp\/cine\/iconos-de-madrid-en-el-cine-ix-epilogo-del-cine-a-la-fama\/","title":{"rendered":"Iconos de Madrid en el cine IX &#8211; EP\u00cdLOGO: del cine a la fama"},"content":{"rendered":"\n<h1 class=\"wp-block-heading\"><\/h1>\n\n\n\n<p><\/p>\n\n\n\n<figure class=\"wp-block-image\"><img decoding=\"async\" src=\"https:\/\/elalmanaque.com\/Julio20\/fotos\/mujeres-al-borde-carmen-maura3.jpg\" alt=\"\"\/><\/figure>\n\n\n\n<p>El Edificio Telef\u00f3nica preside las vistas en la terraza de&nbsp;<em>Mujeres al borde de un ataque de nervios<\/em>&nbsp;(Foto: El Deseo).<\/p>\n\n\n\n<p>El&nbsp;<a target=\"_blank\" href=\"https:\/\/www.esmadrid.com\/informacion-turistica\/edificio-de-telefonica\" rel=\"noreferrer noopener\"><strong>edificio Telef\u00f3nica<\/strong><\/a>&nbsp;se ve\u00eda desde la terraza de Pepa (<strong>Carmen Maura<\/strong>) en&nbsp;<em><strong>Mujeres al borde de una ataque de nervios<\/strong>&nbsp;<\/em>(1988), de&nbsp;<strong>Pedro Almod\u00f3var<\/strong>, y&nbsp;<a target=\"_blank\" href=\"https:\/\/www.esmadrid.com\/informacion-turistica\/torrespana-el-piruli\" rel=\"noreferrer noopener\"><strong>El Pirul\u00ed<\/strong><\/a>&nbsp;<strong>(Torrespa\u00f1a)<\/strong>&nbsp;desde la azotea donde Israel y Jorge (<strong>Ra\u00fal Ar\u00e9valo<\/strong>&nbsp;y&nbsp;<strong>Quim Guti\u00e9rrez<\/strong>) charlaban en&nbsp;<em><strong>AzulOscuroCasiNegro<\/strong><\/em>&nbsp;(2006), de&nbsp;<strong>Daniel S\u00e1nchez Ar\u00e9valo<\/strong>. El palacete del marqu\u00e9s de Leguineche (<strong>Luis Escobar<\/strong>) de&nbsp;<em><strong>Patrimonio Nacional<\/strong>&nbsp;<\/em>(1981), de Luis Garc\u00eda Berlanga, es el&nbsp;<a target=\"_blank\" href=\"https:\/\/www.esmadrid.com\/informacion-turistica\/palacio-del-marques-de-linares\" rel=\"noreferrer noopener\"><strong>Palacio de Linares<\/strong><\/a>, frente a la&nbsp;<a target=\"_blank\" href=\"\/\/\" rel=\"noreferrer noopener\"><strong>fuente de Cibeles<\/strong><\/a>, donde trabaja el personaje principal de&nbsp;<em><strong>Manolo, guarda urbano<\/strong><\/em>&nbsp;(1956), de&nbsp;<strong>Rafael J. Salvia<\/strong>. En el&nbsp;<a target=\"_blank\" href=\"https:\/\/www.esmadrid.com\/informacion-turistica\/parque-de-atracciones\" rel=\"noreferrer noopener\"><strong>Parque de Atracciones&nbsp;<\/strong><\/a>se olvida de su drama particular el chaval de&nbsp;<em><strong>El Bola<\/strong><\/em>&nbsp;(2000), de Achero Ma\u00f1as, mientras los chicos de&nbsp;<em><strong>Barrio&nbsp;<\/strong><\/em>(1998), de Fernando Le\u00f3n de Aranoa, descubren otros mundos en una antigua&nbsp;<strong>estaci\u00f3n fantasma de<\/strong>&nbsp;<strong>Metro<\/strong>&nbsp;hoy reconvertida en el museo&nbsp;<a target=\"_blank\" href=\"https:\/\/www.esmadrid.com\/informacion-turistica\/anden-0-estacion-chamberi\" rel=\"noreferrer noopener\"><strong>And\u00e9n Cero<\/strong><\/a>.<\/p>\n\n\n\n<figure class=\"wp-block-image\"><img decoding=\"async\" src=\"https:\/\/elalmanaque.com\/Julio20\/fotos\/kio1.jpg\" alt=\"\"\/><\/figure>\n\n\n\n<p>Las Torres Kio, siempre asociadas a&nbsp;<em>El d\u00eda de la bestia<\/em>&nbsp;(Foto: Madrid Film Office).<\/p>\n\n\n\n<p><strong>Todos estos son tambi\u00e9n iconos de Madrid, pero \u00bfpuede ocurrir al rev\u00e9s?&nbsp;\u00bfQue un edificio o lugar se transforme en icono por haber salido en la gran pantalla?<\/strong>&nbsp;La respuesta es s\u00ed. En Madrid sucedi\u00f3 con las conocidas por todos como&nbsp;<a target=\"_blank\" href=\"https:\/\/www.esmadrid.com\/informacion-turistica\/torres-kio-puerta-europa\" rel=\"noreferrer noopener\"><strong>Torres Kio<\/strong><\/a>, de nombre oficial&nbsp;<strong>Puerta de Europa<\/strong>, convertidas en&nbsp;<em><strong>El d\u00eda de la bestia<\/strong><\/em>&nbsp;en un s\u00edmbolo del mal. Las que pasan por ser&nbsp;<strong>las primeras torres inclinadas del mundo<\/strong>&nbsp;fueron dise\u00f1adas por los arquitectos estadounidenses Philip Johnson y John Burgee y construidas entre 1989 y 1996.&nbsp;<\/p>\n\n\n\n<iframe loading=\"lazy\" width=\"683\" height=\"390\" src=\"https:\/\/www.youtube.com\/embed\/pigFQ30veWI\" frameborder=\"0\" allow=\"accelerometer; autoplay; encrypted-media; gyroscope; picture-in-picture\" allowfullscreen><\/iframe>\n\n\n\n<p>Otros ejemplos son las&nbsp;<strong>cuadrigas<\/strong>&nbsp;que coronan la&nbsp;<strong>antigua sede del Banco Bilbao<\/strong>, en la calle de Alcal\u00e1, famosas por&nbsp;<em><strong>La Comunidad<\/strong>&nbsp;<\/em>(2000), tambi\u00e9n de<strong>&nbsp;\u00c1lex de la Iglesia<\/strong>, el<strong>&nbsp;puente de Eduardo Dato<\/strong>&nbsp;sobre el que cuelgan&nbsp;<strong>Eduardo Noriega<\/strong>&nbsp;y<strong>&nbsp;Aitor Merino<\/strong>&nbsp;en&nbsp;<em><strong>Historias del Kronen<\/strong><\/em>&nbsp;(1995), de&nbsp;<strong>Montxo Armendariz<\/strong>, o la&nbsp;<strong>Facultad de Ciencias de la Informaci\u00f3n<\/strong>, en la que de todo pasa en&nbsp;<em><strong>Tesis<\/strong><\/em>&nbsp;(1996), de Alejandro Amen\u00e1bar. Si alguien busca la cabina roja de la que&nbsp;<strong>Jos\u00e9 Luis V\u00e1zquez<\/strong>&nbsp;no pod\u00eda salir en&nbsp;<em><strong>La Cabina<\/strong><\/em>&nbsp;(1972), de&nbsp;<strong>Antonio Mercero<\/strong>, no la encontrar\u00e1, porque nunca existi\u00f3, aunque ya ha sido solicitada su instalaci\u00f3n como homenaje. El rodaje se llev\u00f3 a cabo en un patio privado entre las calles Rodr\u00edguez San Pedro y Arapiles, en el mismo barrio de donde era el boxeador que interpretaba&nbsp;<strong>Jos\u00e9 Luis Ozores<\/strong>&nbsp;en&nbsp;<strong><em>El tigre de&nbsp;<\/em><em><a target=\"_blank\" href=\"https:\/\/www.esmadrid.com\/barrios-de-madrid\/chamberi\" rel=\"noreferrer noopener\">Chamber\u00ed<\/a><\/em><\/strong><em>&nbsp;<\/em>(1958), de Pedro Luis Ram\u00edrez.&nbsp;<\/p>\n\n\n\n<p>Si quieres seguir recorriendo Madrid a trav\u00e9s de la gran pantalla, puedes consultar tambi\u00e9n las gu\u00edas&nbsp;<em><a target=\"_blank\" href=\"https:\/\/cityofmadridfilmoffice.com\/paseo-cine-atocha-espana\/\" rel=\"noreferrer noopener\"><strong>Un paseo de cine. De Atocha a Plaza de Espa\u00f1a<\/strong><\/a><\/em>&nbsp;y&nbsp;<em><a target=\"_blank\" href=\"https:\/\/cityofmadridfilmoffice.com\/21-peliculas-para-21-distritos\/\" rel=\"noreferrer noopener\"><strong>21 pel\u00edculas para 21 distritos<\/strong><\/a><\/em>. \u00a1Seguro que te gustan!<\/p>\n","protected":false},"excerpt":{"rendered":"<p>El Edificio Telef\u00f3nica preside las vistas en la terraza de&nbsp;Mujeres al borde de un ataque de nervios&nbsp;(Foto: El Deseo). El&nbsp;edificio Telef\u00f3nica&nbsp;se ve\u00eda desde la terraza&hellip; <\/p>\n","protected":false},"author":1,"featured_media":32105,"comment_status":"closed","ping_status":"closed","sticky":false,"template":"","format":"standard","meta":{"footnotes":""},"categories":[46,8,3],"tags":[],"class_list":["post-32104","post","type-post","status-publish","format-standard","has-post-thumbnail","hentry","category-cine","category-cultura","category-turismo"],"yoast_head":"<!-- This site is optimized with the Yoast SEO plugin v24.8.1 - https:\/\/yoast.com\/wordpress\/plugins\/seo\/ -->\n<title>Iconos de Madrid en el cine IX - EP\u00cdLOGO: del cine a la fama - El Almanaque<\/title>\n<meta name=\"robots\" content=\"index, follow, max-snippet:-1, max-image-preview:large, max-video-preview:-1\" \/>\n<link rel=\"canonical\" href=\"https:\/\/www.elalmanaque.com\/wp\/cine\/iconos-de-madrid-en-el-cine-ix-epilogo-del-cine-a-la-fama\/\" \/>\n<meta property=\"og:locale\" content=\"es_ES\" \/>\n<meta property=\"og:type\" content=\"article\" \/>\n<meta property=\"og:title\" content=\"Iconos de Madrid en el cine IX - EP\u00cdLOGO: del cine a la fama - El Almanaque\" \/>\n<meta property=\"og:description\" content=\"El Edificio Telef\u00f3nica preside las vistas en la terraza de&nbsp;Mujeres al borde de un ataque de nervios&nbsp;(Foto: El Deseo). El&nbsp;edificio Telef\u00f3nica&nbsp;se ve\u00eda desde la terraza&hellip;\" \/>\n<meta property=\"og:url\" content=\"https:\/\/www.elalmanaque.com\/wp\/cine\/iconos-de-madrid-en-el-cine-ix-epilogo-del-cine-a-la-fama\/\" \/>\n<meta property=\"og:site_name\" content=\"El Almanaque\" \/>\n<meta property=\"article:published_time\" content=\"2020-07-23T15:29:23+00:00\" \/>\n<meta property=\"article:modified_time\" content=\"2020-07-23T15:30:20+00:00\" \/>\n<meta property=\"og:image\" content=\"https:\/\/www.elalmanaque.com\/wp\/wp-content\/uploads\/2020\/07\/mujeres-al-borde-carmen-maura3-m.jpg\" \/>\n\t<meta property=\"og:image:width\" content=\"193\" \/>\n\t<meta property=\"og:image:height\" content=\"109\" \/>\n\t<meta property=\"og:image:type\" content=\"image\/jpeg\" \/>\n<meta name=\"author\" content=\"Redactor\" \/>\n<meta name=\"twitter:card\" content=\"summary_large_image\" \/>\n<meta name=\"twitter:label1\" content=\"Escrito por\" \/>\n\t<meta name=\"twitter:data1\" content=\"Redactor\" \/>\n\t<meta name=\"twitter:label2\" content=\"Tiempo de lectura\" \/>\n\t<meta name=\"twitter:data2\" content=\"3 minutos\" \/>\n<script type=\"application\/ld+json\" class=\"yoast-schema-graph\">{\"@context\":\"https:\/\/schema.org\",\"@graph\":[{\"@type\":\"Article\",\"@id\":\"https:\/\/www.elalmanaque.com\/wp\/cine\/iconos-de-madrid-en-el-cine-ix-epilogo-del-cine-a-la-fama\/#article\",\"isPartOf\":{\"@id\":\"https:\/\/www.elalmanaque.com\/wp\/cine\/iconos-de-madrid-en-el-cine-ix-epilogo-del-cine-a-la-fama\/\"},\"author\":{\"name\":\"Redactor\",\"@id\":\"https:\/\/www.elalmanaque.com\/wp\/#\/schema\/person\/61ab31c67167988fe2679d590ca85afe\"},\"headline\":\"Iconos de Madrid en el cine IX &#8211; EP\u00cdLOGO: del cine a la fama\",\"datePublished\":\"2020-07-23T15:29:23+00:00\",\"dateModified\":\"2020-07-23T15:30:20+00:00\",\"mainEntityOfPage\":{\"@id\":\"https:\/\/www.elalmanaque.com\/wp\/cine\/iconos-de-madrid-en-el-cine-ix-epilogo-del-cine-a-la-fama\/\"},\"wordCount\":559,\"publisher\":{\"@id\":\"https:\/\/www.elalmanaque.com\/wp\/#organization\"},\"image\":{\"@id\":\"https:\/\/www.elalmanaque.com\/wp\/cine\/iconos-de-madrid-en-el-cine-ix-epilogo-del-cine-a-la-fama\/#primaryimage\"},\"thumbnailUrl\":\"https:\/\/www.elalmanaque.com\/wp\/wp-content\/uploads\/2020\/07\/mujeres-al-borde-carmen-maura3-m.jpg\",\"articleSection\":[\"Cine\",\"Cultura\",\"Turismo\"],\"inLanguage\":\"es\"},{\"@type\":\"WebPage\",\"@id\":\"https:\/\/www.elalmanaque.com\/wp\/cine\/iconos-de-madrid-en-el-cine-ix-epilogo-del-cine-a-la-fama\/\",\"url\":\"https:\/\/www.elalmanaque.com\/wp\/cine\/iconos-de-madrid-en-el-cine-ix-epilogo-del-cine-a-la-fama\/\",\"name\":\"Iconos de Madrid en el cine IX - EP\u00cdLOGO: del cine a la fama - El Almanaque\",\"isPartOf\":{\"@id\":\"https:\/\/www.elalmanaque.com\/wp\/#website\"},\"primaryImageOfPage\":{\"@id\":\"https:\/\/www.elalmanaque.com\/wp\/cine\/iconos-de-madrid-en-el-cine-ix-epilogo-del-cine-a-la-fama\/#primaryimage\"},\"image\":{\"@id\":\"https:\/\/www.elalmanaque.com\/wp\/cine\/iconos-de-madrid-en-el-cine-ix-epilogo-del-cine-a-la-fama\/#primaryimage\"},\"thumbnailUrl\":\"https:\/\/www.elalmanaque.com\/wp\/wp-content\/uploads\/2020\/07\/mujeres-al-borde-carmen-maura3-m.jpg\",\"datePublished\":\"2020-07-23T15:29:23+00:00\",\"dateModified\":\"2020-07-23T15:30:20+00:00\",\"breadcrumb\":{\"@id\":\"https:\/\/www.elalmanaque.com\/wp\/cine\/iconos-de-madrid-en-el-cine-ix-epilogo-del-cine-a-la-fama\/#breadcrumb\"},\"inLanguage\":\"es\",\"potentialAction\":[{\"@type\":\"ReadAction\",\"target\":[\"https:\/\/www.elalmanaque.com\/wp\/cine\/iconos-de-madrid-en-el-cine-ix-epilogo-del-cine-a-la-fama\/\"]}]},{\"@type\":\"ImageObject\",\"inLanguage\":\"es\",\"@id\":\"https:\/\/www.elalmanaque.com\/wp\/cine\/iconos-de-madrid-en-el-cine-ix-epilogo-del-cine-a-la-fama\/#primaryimage\",\"url\":\"https:\/\/www.elalmanaque.com\/wp\/wp-content\/uploads\/2020\/07\/mujeres-al-borde-carmen-maura3-m.jpg\",\"contentUrl\":\"https:\/\/www.elalmanaque.com\/wp\/wp-content\/uploads\/2020\/07\/mujeres-al-borde-carmen-maura3-m.jpg\",\"width\":193,\"height\":109},{\"@type\":\"BreadcrumbList\",\"@id\":\"https:\/\/www.elalmanaque.com\/wp\/cine\/iconos-de-madrid-en-el-cine-ix-epilogo-del-cine-a-la-fama\/#breadcrumb\",\"itemListElement\":[{\"@type\":\"ListItem\",\"position\":1,\"name\":\"Portada\",\"item\":\"https:\/\/www.elalmanaque.com\/wp\/\"},{\"@type\":\"ListItem\",\"position\":2,\"name\":\"Iconos de Madrid en el cine IX &#8211; EP\u00cdLOGO: del cine a la fama\"}]},{\"@type\":\"WebSite\",\"@id\":\"https:\/\/www.elalmanaque.com\/wp\/#website\",\"url\":\"https:\/\/www.elalmanaque.com\/wp\/\",\"name\":\"El Almanaque\",\"description\":\"Revista de Cultura y Ocio\",\"publisher\":{\"@id\":\"https:\/\/www.elalmanaque.com\/wp\/#organization\"},\"potentialAction\":[{\"@type\":\"SearchAction\",\"target\":{\"@type\":\"EntryPoint\",\"urlTemplate\":\"https:\/\/www.elalmanaque.com\/wp\/?s={search_term_string}\"},\"query-input\":{\"@type\":\"PropertyValueSpecification\",\"valueRequired\":true,\"valueName\":\"search_term_string\"}}],\"inLanguage\":\"es\"},{\"@type\":\"Organization\",\"@id\":\"https:\/\/www.elalmanaque.com\/wp\/#organization\",\"name\":\"El Almanaque\",\"url\":\"https:\/\/www.elalmanaque.com\/wp\/\",\"logo\":{\"@type\":\"ImageObject\",\"inLanguage\":\"es\",\"@id\":\"https:\/\/www.elalmanaque.com\/wp\/#\/schema\/logo\/image\/\",\"url\":\"https:\/\/www.elalmanaque.com\/wp\/wp-content\/uploads\/2020\/03\/cropped-elalmanaque.jpg\",\"contentUrl\":\"https:\/\/www.elalmanaque.com\/wp\/wp-content\/uploads\/2020\/03\/cropped-elalmanaque.jpg\",\"width\":900,\"height\":164,\"caption\":\"El Almanaque\"},\"image\":{\"@id\":\"https:\/\/www.elalmanaque.com\/wp\/#\/schema\/logo\/image\/\"}},{\"@type\":\"Person\",\"@id\":\"https:\/\/www.elalmanaque.com\/wp\/#\/schema\/person\/61ab31c67167988fe2679d590ca85afe\",\"name\":\"Redactor\",\"image\":{\"@type\":\"ImageObject\",\"inLanguage\":\"es\",\"@id\":\"https:\/\/www.elalmanaque.com\/wp\/#\/schema\/person\/image\/\",\"url\":\"https:\/\/secure.gravatar.com\/avatar\/a1cd6ad4f449e45fea5ebd57548cb588?s=96&d=mm&r=g\",\"contentUrl\":\"https:\/\/secure.gravatar.com\/avatar\/a1cd6ad4f449e45fea5ebd57548cb588?s=96&d=mm&r=g\",\"caption\":\"Redactor\"},\"url\":\"https:\/\/www.elalmanaque.com\/wp\/author\/useralmanaque\/\"}]}<\/script>\n<!-- \/ Yoast SEO plugin. -->","yoast_head_json":{"title":"Iconos de Madrid en el cine IX - EP\u00cdLOGO: del cine a la fama - El Almanaque","robots":{"index":"index","follow":"follow","max-snippet":"max-snippet:-1","max-image-preview":"max-image-preview:large","max-video-preview":"max-video-preview:-1"},"canonical":"https:\/\/www.elalmanaque.com\/wp\/cine\/iconos-de-madrid-en-el-cine-ix-epilogo-del-cine-a-la-fama\/","og_locale":"es_ES","og_type":"article","og_title":"Iconos de Madrid en el cine IX - EP\u00cdLOGO: del cine a la fama - El Almanaque","og_description":"El Edificio Telef\u00f3nica preside las vistas en la terraza de&nbsp;Mujeres al borde de un ataque de nervios&nbsp;(Foto: El Deseo). El&nbsp;edificio Telef\u00f3nica&nbsp;se ve\u00eda desde la terraza&hellip;","og_url":"https:\/\/www.elalmanaque.com\/wp\/cine\/iconos-de-madrid-en-el-cine-ix-epilogo-del-cine-a-la-fama\/","og_site_name":"El Almanaque","article_published_time":"2020-07-23T15:29:23+00:00","article_modified_time":"2020-07-23T15:30:20+00:00","og_image":[{"width":193,"height":109,"url":"https:\/\/www.elalmanaque.com\/wp\/wp-content\/uploads\/2020\/07\/mujeres-al-borde-carmen-maura3-m.jpg","type":"image\/jpeg"}],"author":"Redactor","twitter_card":"summary_large_image","twitter_misc":{"Escrito por":"Redactor","Tiempo de lectura":"3 minutos"},"schema":{"@context":"https:\/\/schema.org","@graph":[{"@type":"Article","@id":"https:\/\/www.elalmanaque.com\/wp\/cine\/iconos-de-madrid-en-el-cine-ix-epilogo-del-cine-a-la-fama\/#article","isPartOf":{"@id":"https:\/\/www.elalmanaque.com\/wp\/cine\/iconos-de-madrid-en-el-cine-ix-epilogo-del-cine-a-la-fama\/"},"author":{"name":"Redactor","@id":"https:\/\/www.elalmanaque.com\/wp\/#\/schema\/person\/61ab31c67167988fe2679d590ca85afe"},"headline":"Iconos de Madrid en el cine IX &#8211; EP\u00cdLOGO: del cine a la fama","datePublished":"2020-07-23T15:29:23+00:00","dateModified":"2020-07-23T15:30:20+00:00","mainEntityOfPage":{"@id":"https:\/\/www.elalmanaque.com\/wp\/cine\/iconos-de-madrid-en-el-cine-ix-epilogo-del-cine-a-la-fama\/"},"wordCount":559,"publisher":{"@id":"https:\/\/www.elalmanaque.com\/wp\/#organization"},"image":{"@id":"https:\/\/www.elalmanaque.com\/wp\/cine\/iconos-de-madrid-en-el-cine-ix-epilogo-del-cine-a-la-fama\/#primaryimage"},"thumbnailUrl":"https:\/\/www.elalmanaque.com\/wp\/wp-content\/uploads\/2020\/07\/mujeres-al-borde-carmen-maura3-m.jpg","articleSection":["Cine","Cultura","Turismo"],"inLanguage":"es"},{"@type":"WebPage","@id":"https:\/\/www.elalmanaque.com\/wp\/cine\/iconos-de-madrid-en-el-cine-ix-epilogo-del-cine-a-la-fama\/","url":"https:\/\/www.elalmanaque.com\/wp\/cine\/iconos-de-madrid-en-el-cine-ix-epilogo-del-cine-a-la-fama\/","name":"Iconos de Madrid en el cine IX - EP\u00cdLOGO: del cine a la fama - El Almanaque","isPartOf":{"@id":"https:\/\/www.elalmanaque.com\/wp\/#website"},"primaryImageOfPage":{"@id":"https:\/\/www.elalmanaque.com\/wp\/cine\/iconos-de-madrid-en-el-cine-ix-epilogo-del-cine-a-la-fama\/#primaryimage"},"image":{"@id":"https:\/\/www.elalmanaque.com\/wp\/cine\/iconos-de-madrid-en-el-cine-ix-epilogo-del-cine-a-la-fama\/#primaryimage"},"thumbnailUrl":"https:\/\/www.elalmanaque.com\/wp\/wp-content\/uploads\/2020\/07\/mujeres-al-borde-carmen-maura3-m.jpg","datePublished":"2020-07-23T15:29:23+00:00","dateModified":"2020-07-23T15:30:20+00:00","breadcrumb":{"@id":"https:\/\/www.elalmanaque.com\/wp\/cine\/iconos-de-madrid-en-el-cine-ix-epilogo-del-cine-a-la-fama\/#breadcrumb"},"inLanguage":"es","potentialAction":[{"@type":"ReadAction","target":["https:\/\/www.elalmanaque.com\/wp\/cine\/iconos-de-madrid-en-el-cine-ix-epilogo-del-cine-a-la-fama\/"]}]},{"@type":"ImageObject","inLanguage":"es","@id":"https:\/\/www.elalmanaque.com\/wp\/cine\/iconos-de-madrid-en-el-cine-ix-epilogo-del-cine-a-la-fama\/#primaryimage","url":"https:\/\/www.elalmanaque.com\/wp\/wp-content\/uploads\/2020\/07\/mujeres-al-borde-carmen-maura3-m.jpg","contentUrl":"https:\/\/www.elalmanaque.com\/wp\/wp-content\/uploads\/2020\/07\/mujeres-al-borde-carmen-maura3-m.jpg","width":193,"height":109},{"@type":"BreadcrumbList","@id":"https:\/\/www.elalmanaque.com\/wp\/cine\/iconos-de-madrid-en-el-cine-ix-epilogo-del-cine-a-la-fama\/#breadcrumb","itemListElement":[{"@type":"ListItem","position":1,"name":"Portada","item":"https:\/\/www.elalmanaque.com\/wp\/"},{"@type":"ListItem","position":2,"name":"Iconos de Madrid en el cine IX &#8211; EP\u00cdLOGO: del cine a la fama"}]},{"@type":"WebSite","@id":"https:\/\/www.elalmanaque.com\/wp\/#website","url":"https:\/\/www.elalmanaque.com\/wp\/","name":"El Almanaque","description":"Revista de Cultura y Ocio","publisher":{"@id":"https:\/\/www.elalmanaque.com\/wp\/#organization"},"potentialAction":[{"@type":"SearchAction","target":{"@type":"EntryPoint","urlTemplate":"https:\/\/www.elalmanaque.com\/wp\/?s={search_term_string}"},"query-input":{"@type":"PropertyValueSpecification","valueRequired":true,"valueName":"search_term_string"}}],"inLanguage":"es"},{"@type":"Organization","@id":"https:\/\/www.elalmanaque.com\/wp\/#organization","name":"El Almanaque","url":"https:\/\/www.elalmanaque.com\/wp\/","logo":{"@type":"ImageObject","inLanguage":"es","@id":"https:\/\/www.elalmanaque.com\/wp\/#\/schema\/logo\/image\/","url":"https:\/\/www.elalmanaque.com\/wp\/wp-content\/uploads\/2020\/03\/cropped-elalmanaque.jpg","contentUrl":"https:\/\/www.elalmanaque.com\/wp\/wp-content\/uploads\/2020\/03\/cropped-elalmanaque.jpg","width":900,"height":164,"caption":"El Almanaque"},"image":{"@id":"https:\/\/www.elalmanaque.com\/wp\/#\/schema\/logo\/image\/"}},{"@type":"Person","@id":"https:\/\/www.elalmanaque.com\/wp\/#\/schema\/person\/61ab31c67167988fe2679d590ca85afe","name":"Redactor","image":{"@type":"ImageObject","inLanguage":"es","@id":"https:\/\/www.elalmanaque.com\/wp\/#\/schema\/person\/image\/","url":"https:\/\/secure.gravatar.com\/avatar\/a1cd6ad4f449e45fea5ebd57548cb588?s=96&d=mm&r=g","contentUrl":"https:\/\/secure.gravatar.com\/avatar\/a1cd6ad4f449e45fea5ebd57548cb588?s=96&d=mm&r=g","caption":"Redactor"},"url":"https:\/\/www.elalmanaque.com\/wp\/author\/useralmanaque\/"}]}},"_links":{"self":[{"href":"https:\/\/www.elalmanaque.com\/wp\/wp-json\/wp\/v2\/posts\/32104","targetHints":{"allow":["GET"]}}],"collection":[{"href":"https:\/\/www.elalmanaque.com\/wp\/wp-json\/wp\/v2\/posts"}],"about":[{"href":"https:\/\/www.elalmanaque.com\/wp\/wp-json\/wp\/v2\/types\/post"}],"author":[{"embeddable":true,"href":"https:\/\/www.elalmanaque.com\/wp\/wp-json\/wp\/v2\/users\/1"}],"replies":[{"embeddable":true,"href":"https:\/\/www.elalmanaque.com\/wp\/wp-json\/wp\/v2\/comments?post=32104"}],"version-history":[{"count":2,"href":"https:\/\/www.elalmanaque.com\/wp\/wp-json\/wp\/v2\/posts\/32104\/revisions"}],"predecessor-version":[{"id":32107,"href":"https:\/\/www.elalmanaque.com\/wp\/wp-json\/wp\/v2\/posts\/32104\/revisions\/32107"}],"wp:featuredmedia":[{"embeddable":true,"href":"https:\/\/www.elalmanaque.com\/wp\/wp-json\/wp\/v2\/media\/32105"}],"wp:attachment":[{"href":"https:\/\/www.elalmanaque.com\/wp\/wp-json\/wp\/v2\/media?parent=32104"}],"wp:term":[{"taxonomy":"category","embeddable":true,"href":"https:\/\/www.elalmanaque.com\/wp\/wp-json\/wp\/v2\/categories?post=32104"},{"taxonomy":"post_tag","embeddable":true,"href":"https:\/\/www.elalmanaque.com\/wp\/wp-json\/wp\/v2\/tags?post=32104"}],"curies":[{"name":"wp","href":"https:\/\/api.w.org\/{rel}","templated":true}]}}