{"id":32088,"date":"2020-07-21T16:19:24","date_gmt":"2020-07-21T15:19:24","guid":{"rendered":"https:\/\/www.elalmanaque.com\/wp\/?p=32088"},"modified":"2020-07-21T16:19:26","modified_gmt":"2020-07-21T15:19:26","slug":"dia-mundial-del-perro","status":"publish","type":"post","link":"https:\/\/www.elalmanaque.com\/wp\/dias-mundiales\/dia-mundial-del-perro\/","title":{"rendered":"D\u00eda Mundial del Perro"},"content":{"rendered":"\n<p><\/p>\n\n\n\n<p class=\"has-text-align-left\">El 21 de julio se considera el D\u00eda Mundial del Perro en la mayor\u00eda de los pa\u00edses de Europa y Am\u00e9rica (en M\u00e9xico se celebra el 3er domingo del mismo mes).<\/p>\n\n\n\n<div class=\"wp-block-image\"><figure class=\"alignleft\"><img decoding=\"async\" src=\"https:\/\/elalmanaque.com\/Julio20\/fotos\/perro30b-m.jpg\" alt=\"\"\/><\/figure><\/div>\n\n\n\n<p>Esta efem\u00e9ride anual, busca rendir homenaje al mundo canino, fieles mascotas, perros gu\u00eda, canes que ayudan a personas con discapacidades ps\u00edquicas, perros de rescate. Los perros nos dan todo sin pedir nada a cambio.<\/p>\n\n\n\n<p>Promover una fecha al a\u00f1o como \u2018D\u00eda del Internacional del perro\u2019, ayuda a tomar conciencia de problemas relacionados con el mundo canino. Los malos tratos, el abandono, criaderos ilegales.<\/p>\n\n\n\n<figure><iframe loading=\"lazy\" width=\"654\" height=\"360\" src=\"https:\/\/www.youtube.com\/embed\/QhStelcjbM8\" allowfullscreen=\"\"><\/iframe><\/figure>\n","protected":false},"excerpt":{"rendered":"<p>El 21 de julio se considera el D\u00eda Mundial del Perro en la mayor\u00eda de los pa\u00edses de Europa y Am\u00e9rica (en M\u00e9xico se celebra&hellip; <\/p>\n","protected":false},"author":1,"featured_media":32089,"comment_status":"closed","ping_status":"closed","sticky":false,"template":"","format":"standard","meta":{"footnotes":""},"categories":[125,74,87,50],"tags":[],"class_list":["post-32088","post","type-post","status-publish","format-standard","has-post-thumbnail","hentry","category-dias-mundiales","category-divulgativo","category-documentales","category-veterinaria"],"yoast_head":"<!-- This site is optimized with the Yoast SEO plugin v24.8.1 - https:\/\/yoast.com\/wordpress\/plugins\/seo\/ -->\n<title>D\u00eda Mundial del Perro - El Almanaque<\/title>\n<meta name=\"robots\" content=\"index, follow, max-snippet:-1, max-image-preview:large, max-video-preview:-1\" \/>\n<link rel=\"canonical\" href=\"https:\/\/www.elalmanaque.com\/wp\/dias-mundiales\/dia-mundial-del-perro\/\" \/>\n<meta property=\"og:locale\" content=\"es_ES\" \/>\n<meta property=\"og:type\" content=\"article\" \/>\n<meta property=\"og:title\" content=\"D\u00eda Mundial del Perro - El Almanaque\" \/>\n<meta property=\"og:description\" content=\"El 21 de julio se considera el D\u00eda Mundial del Perro en la mayor\u00eda de los pa\u00edses de Europa y Am\u00e9rica (en M\u00e9xico se celebra&hellip;\" \/>\n<meta property=\"og:url\" content=\"https:\/\/www.elalmanaque.com\/wp\/dias-mundiales\/dia-mundial-del-perro\/\" \/>\n<meta property=\"og:site_name\" content=\"El Almanaque\" \/>\n<meta property=\"article:published_time\" content=\"2020-07-21T15:19:24+00:00\" \/>\n<meta property=\"article:modified_time\" content=\"2020-07-21T15:19:26+00:00\" \/>\n<meta property=\"og:image\" content=\"https:\/\/www.elalmanaque.com\/wp\/wp-content\/uploads\/2020\/07\/perro30b3.jpg\" \/>\n\t<meta property=\"og:image:width\" content=\"550\" \/>\n\t<meta property=\"og:image:height\" content=\"306\" \/>\n\t<meta property=\"og:image:type\" content=\"image\/jpeg\" \/>\n<meta name=\"author\" content=\"Redactor\" \/>\n<meta name=\"twitter:card\" content=\"summary_large_image\" \/>\n<meta name=\"twitter:label1\" content=\"Escrito por\" \/>\n\t<meta name=\"twitter:data1\" content=\"Redactor\" \/>\n\t<meta name=\"twitter:label2\" content=\"Tiempo de lectura\" \/>\n\t<meta name=\"twitter:data2\" content=\"1 minuto\" \/>\n<script type=\"application\/ld+json\" class=\"yoast-schema-graph\">{\"@context\":\"https:\/\/schema.org\",\"@graph\":[{\"@type\":\"Article\",\"@id\":\"https:\/\/www.elalmanaque.com\/wp\/dias-mundiales\/dia-mundial-del-perro\/#article\",\"isPartOf\":{\"@id\":\"https:\/\/www.elalmanaque.com\/wp\/dias-mundiales\/dia-mundial-del-perro\/\"},\"author\":{\"name\":\"Redactor\",\"@id\":\"https:\/\/www.elalmanaque.com\/wp\/#\/schema\/person\/61ab31c67167988fe2679d590ca85afe\"},\"headline\":\"D\u00eda Mundial del Perro\",\"datePublished\":\"2020-07-21T15:19:24+00:00\",\"dateModified\":\"2020-07-21T15:19:26+00:00\",\"mainEntityOfPage\":{\"@id\":\"https:\/\/www.elalmanaque.com\/wp\/dias-mundiales\/dia-mundial-del-perro\/\"},\"wordCount\":108,\"publisher\":{\"@id\":\"https:\/\/www.elalmanaque.com\/wp\/#organization\"},\"image\":{\"@id\":\"https:\/\/www.elalmanaque.com\/wp\/dias-mundiales\/dia-mundial-del-perro\/#primaryimage\"},\"thumbnailUrl\":\"https:\/\/www.elalmanaque.com\/wp\/wp-content\/uploads\/2020\/07\/perro30b3.jpg\",\"articleSection\":[\"Dias Mundiales\",\"Divulgativo\",\"Documentales\",\"Veterinaria\"],\"inLanguage\":\"es\"},{\"@type\":\"WebPage\",\"@id\":\"https:\/\/www.elalmanaque.com\/wp\/dias-mundiales\/dia-mundial-del-perro\/\",\"url\":\"https:\/\/www.elalmanaque.com\/wp\/dias-mundiales\/dia-mundial-del-perro\/\",\"name\":\"D\u00eda Mundial del Perro - El Almanaque\",\"isPartOf\":{\"@id\":\"https:\/\/www.elalmanaque.com\/wp\/#website\"},\"primaryImageOfPage\":{\"@id\":\"https:\/\/www.elalmanaque.com\/wp\/dias-mundiales\/dia-mundial-del-perro\/#primaryimage\"},\"image\":{\"@id\":\"https:\/\/www.elalmanaque.com\/wp\/dias-mundiales\/dia-mundial-del-perro\/#primaryimage\"},\"thumbnailUrl\":\"https:\/\/www.elalmanaque.com\/wp\/wp-content\/uploads\/2020\/07\/perro30b3.jpg\",\"datePublished\":\"2020-07-21T15:19:24+00:00\",\"dateModified\":\"2020-07-21T15:19:26+00:00\",\"breadcrumb\":{\"@id\":\"https:\/\/www.elalmanaque.com\/wp\/dias-mundiales\/dia-mundial-del-perro\/#breadcrumb\"},\"inLanguage\":\"es\",\"potentialAction\":[{\"@type\":\"ReadAction\",\"target\":[\"https:\/\/www.elalmanaque.com\/wp\/dias-mundiales\/dia-mundial-del-perro\/\"]}]},{\"@type\":\"ImageObject\",\"inLanguage\":\"es\",\"@id\":\"https:\/\/www.elalmanaque.com\/wp\/dias-mundiales\/dia-mundial-del-perro\/#primaryimage\",\"url\":\"https:\/\/www.elalmanaque.com\/wp\/wp-content\/uploads\/2020\/07\/perro30b3.jpg\",\"contentUrl\":\"https:\/\/www.elalmanaque.com\/wp\/wp-content\/uploads\/2020\/07\/perro30b3.jpg\",\"width\":550,\"height\":306},{\"@type\":\"BreadcrumbList\",\"@id\":\"https:\/\/www.elalmanaque.com\/wp\/dias-mundiales\/dia-mundial-del-perro\/#breadcrumb\",\"itemListElement\":[{\"@type\":\"ListItem\",\"position\":1,\"name\":\"Portada\",\"item\":\"https:\/\/www.elalmanaque.com\/wp\/\"},{\"@type\":\"ListItem\",\"position\":2,\"name\":\"D\u00eda Mundial del Perro\"}]},{\"@type\":\"WebSite\",\"@id\":\"https:\/\/www.elalmanaque.com\/wp\/#website\",\"url\":\"https:\/\/www.elalmanaque.com\/wp\/\",\"name\":\"El Almanaque\",\"description\":\"Revista de Cultura y Ocio\",\"publisher\":{\"@id\":\"https:\/\/www.elalmanaque.com\/wp\/#organization\"},\"potentialAction\":[{\"@type\":\"SearchAction\",\"target\":{\"@type\":\"EntryPoint\",\"urlTemplate\":\"https:\/\/www.elalmanaque.com\/wp\/?s={search_term_string}\"},\"query-input\":{\"@type\":\"PropertyValueSpecification\",\"valueRequired\":true,\"valueName\":\"search_term_string\"}}],\"inLanguage\":\"es\"},{\"@type\":\"Organization\",\"@id\":\"https:\/\/www.elalmanaque.com\/wp\/#organization\",\"name\":\"El Almanaque\",\"url\":\"https:\/\/www.elalmanaque.com\/wp\/\",\"logo\":{\"@type\":\"ImageObject\",\"inLanguage\":\"es\",\"@id\":\"https:\/\/www.elalmanaque.com\/wp\/#\/schema\/logo\/image\/\",\"url\":\"https:\/\/www.elalmanaque.com\/wp\/wp-content\/uploads\/2020\/03\/cropped-elalmanaque.jpg\",\"contentUrl\":\"https:\/\/www.elalmanaque.com\/wp\/wp-content\/uploads\/2020\/03\/cropped-elalmanaque.jpg\",\"width\":900,\"height\":164,\"caption\":\"El Almanaque\"},\"image\":{\"@id\":\"https:\/\/www.elalmanaque.com\/wp\/#\/schema\/logo\/image\/\"}},{\"@type\":\"Person\",\"@id\":\"https:\/\/www.elalmanaque.com\/wp\/#\/schema\/person\/61ab31c67167988fe2679d590ca85afe\",\"name\":\"Redactor\",\"image\":{\"@type\":\"ImageObject\",\"inLanguage\":\"es\",\"@id\":\"https:\/\/www.elalmanaque.com\/wp\/#\/schema\/person\/image\/\",\"url\":\"https:\/\/secure.gravatar.com\/avatar\/a1cd6ad4f449e45fea5ebd57548cb588?s=96&d=mm&r=g\",\"contentUrl\":\"https:\/\/secure.gravatar.com\/avatar\/a1cd6ad4f449e45fea5ebd57548cb588?s=96&d=mm&r=g\",\"caption\":\"Redactor\"},\"url\":\"https:\/\/www.elalmanaque.com\/wp\/author\/useralmanaque\/\"}]}<\/script>\n<!-- \/ Yoast SEO plugin. -->","yoast_head_json":{"title":"D\u00eda Mundial del Perro - El Almanaque","robots":{"index":"index","follow":"follow","max-snippet":"max-snippet:-1","max-image-preview":"max-image-preview:large","max-video-preview":"max-video-preview:-1"},"canonical":"https:\/\/www.elalmanaque.com\/wp\/dias-mundiales\/dia-mundial-del-perro\/","og_locale":"es_ES","og_type":"article","og_title":"D\u00eda Mundial del Perro - El Almanaque","og_description":"El 21 de julio se considera el D\u00eda Mundial del Perro en la mayor\u00eda de los pa\u00edses de Europa y Am\u00e9rica (en M\u00e9xico se celebra&hellip;","og_url":"https:\/\/www.elalmanaque.com\/wp\/dias-mundiales\/dia-mundial-del-perro\/","og_site_name":"El Almanaque","article_published_time":"2020-07-21T15:19:24+00:00","article_modified_time":"2020-07-21T15:19:26+00:00","og_image":[{"width":550,"height":306,"url":"https:\/\/www.elalmanaque.com\/wp\/wp-content\/uploads\/2020\/07\/perro30b3.jpg","type":"image\/jpeg"}],"author":"Redactor","twitter_card":"summary_large_image","twitter_misc":{"Escrito por":"Redactor","Tiempo de lectura":"1 minuto"},"schema":{"@context":"https:\/\/schema.org","@graph":[{"@type":"Article","@id":"https:\/\/www.elalmanaque.com\/wp\/dias-mundiales\/dia-mundial-del-perro\/#article","isPartOf":{"@id":"https:\/\/www.elalmanaque.com\/wp\/dias-mundiales\/dia-mundial-del-perro\/"},"author":{"name":"Redactor","@id":"https:\/\/www.elalmanaque.com\/wp\/#\/schema\/person\/61ab31c67167988fe2679d590ca85afe"},"headline":"D\u00eda Mundial del Perro","datePublished":"2020-07-21T15:19:24+00:00","dateModified":"2020-07-21T15:19:26+00:00","mainEntityOfPage":{"@id":"https:\/\/www.elalmanaque.com\/wp\/dias-mundiales\/dia-mundial-del-perro\/"},"wordCount":108,"publisher":{"@id":"https:\/\/www.elalmanaque.com\/wp\/#organization"},"image":{"@id":"https:\/\/www.elalmanaque.com\/wp\/dias-mundiales\/dia-mundial-del-perro\/#primaryimage"},"thumbnailUrl":"https:\/\/www.elalmanaque.com\/wp\/wp-content\/uploads\/2020\/07\/perro30b3.jpg","articleSection":["Dias Mundiales","Divulgativo","Documentales","Veterinaria"],"inLanguage":"es"},{"@type":"WebPage","@id":"https:\/\/www.elalmanaque.com\/wp\/dias-mundiales\/dia-mundial-del-perro\/","url":"https:\/\/www.elalmanaque.com\/wp\/dias-mundiales\/dia-mundial-del-perro\/","name":"D\u00eda Mundial del Perro - El Almanaque","isPartOf":{"@id":"https:\/\/www.elalmanaque.com\/wp\/#website"},"primaryImageOfPage":{"@id":"https:\/\/www.elalmanaque.com\/wp\/dias-mundiales\/dia-mundial-del-perro\/#primaryimage"},"image":{"@id":"https:\/\/www.elalmanaque.com\/wp\/dias-mundiales\/dia-mundial-del-perro\/#primaryimage"},"thumbnailUrl":"https:\/\/www.elalmanaque.com\/wp\/wp-content\/uploads\/2020\/07\/perro30b3.jpg","datePublished":"2020-07-21T15:19:24+00:00","dateModified":"2020-07-21T15:19:26+00:00","breadcrumb":{"@id":"https:\/\/www.elalmanaque.com\/wp\/dias-mundiales\/dia-mundial-del-perro\/#breadcrumb"},"inLanguage":"es","potentialAction":[{"@type":"ReadAction","target":["https:\/\/www.elalmanaque.com\/wp\/dias-mundiales\/dia-mundial-del-perro\/"]}]},{"@type":"ImageObject","inLanguage":"es","@id":"https:\/\/www.elalmanaque.com\/wp\/dias-mundiales\/dia-mundial-del-perro\/#primaryimage","url":"https:\/\/www.elalmanaque.com\/wp\/wp-content\/uploads\/2020\/07\/perro30b3.jpg","contentUrl":"https:\/\/www.elalmanaque.com\/wp\/wp-content\/uploads\/2020\/07\/perro30b3.jpg","width":550,"height":306},{"@type":"BreadcrumbList","@id":"https:\/\/www.elalmanaque.com\/wp\/dias-mundiales\/dia-mundial-del-perro\/#breadcrumb","itemListElement":[{"@type":"ListItem","position":1,"name":"Portada","item":"https:\/\/www.elalmanaque.com\/wp\/"},{"@type":"ListItem","position":2,"name":"D\u00eda Mundial del Perro"}]},{"@type":"WebSite","@id":"https:\/\/www.elalmanaque.com\/wp\/#website","url":"https:\/\/www.elalmanaque.com\/wp\/","name":"El Almanaque","description":"Revista de Cultura y Ocio","publisher":{"@id":"https:\/\/www.elalmanaque.com\/wp\/#organization"},"potentialAction":[{"@type":"SearchAction","target":{"@type":"EntryPoint","urlTemplate":"https:\/\/www.elalmanaque.com\/wp\/?s={search_term_string}"},"query-input":{"@type":"PropertyValueSpecification","valueRequired":true,"valueName":"search_term_string"}}],"inLanguage":"es"},{"@type":"Organization","@id":"https:\/\/www.elalmanaque.com\/wp\/#organization","name":"El Almanaque","url":"https:\/\/www.elalmanaque.com\/wp\/","logo":{"@type":"ImageObject","inLanguage":"es","@id":"https:\/\/www.elalmanaque.com\/wp\/#\/schema\/logo\/image\/","url":"https:\/\/www.elalmanaque.com\/wp\/wp-content\/uploads\/2020\/03\/cropped-elalmanaque.jpg","contentUrl":"https:\/\/www.elalmanaque.com\/wp\/wp-content\/uploads\/2020\/03\/cropped-elalmanaque.jpg","width":900,"height":164,"caption":"El Almanaque"},"image":{"@id":"https:\/\/www.elalmanaque.com\/wp\/#\/schema\/logo\/image\/"}},{"@type":"Person","@id":"https:\/\/www.elalmanaque.com\/wp\/#\/schema\/person\/61ab31c67167988fe2679d590ca85afe","name":"Redactor","image":{"@type":"ImageObject","inLanguage":"es","@id":"https:\/\/www.elalmanaque.com\/wp\/#\/schema\/person\/image\/","url":"https:\/\/secure.gravatar.com\/avatar\/a1cd6ad4f449e45fea5ebd57548cb588?s=96&d=mm&r=g","contentUrl":"https:\/\/secure.gravatar.com\/avatar\/a1cd6ad4f449e45fea5ebd57548cb588?s=96&d=mm&r=g","caption":"Redactor"},"url":"https:\/\/www.elalmanaque.com\/wp\/author\/useralmanaque\/"}]}},"_links":{"self":[{"href":"https:\/\/www.elalmanaque.com\/wp\/wp-json\/wp\/v2\/posts\/32088","targetHints":{"allow":["GET"]}}],"collection":[{"href":"https:\/\/www.elalmanaque.com\/wp\/wp-json\/wp\/v2\/posts"}],"about":[{"href":"https:\/\/www.elalmanaque.com\/wp\/wp-json\/wp\/v2\/types\/post"}],"author":[{"embeddable":true,"href":"https:\/\/www.elalmanaque.com\/wp\/wp-json\/wp\/v2\/users\/1"}],"replies":[{"embeddable":true,"href":"https:\/\/www.elalmanaque.com\/wp\/wp-json\/wp\/v2\/comments?post=32088"}],"version-history":[{"count":1,"href":"https:\/\/www.elalmanaque.com\/wp\/wp-json\/wp\/v2\/posts\/32088\/revisions"}],"predecessor-version":[{"id":32090,"href":"https:\/\/www.elalmanaque.com\/wp\/wp-json\/wp\/v2\/posts\/32088\/revisions\/32090"}],"wp:featuredmedia":[{"embeddable":true,"href":"https:\/\/www.elalmanaque.com\/wp\/wp-json\/wp\/v2\/media\/32089"}],"wp:attachment":[{"href":"https:\/\/www.elalmanaque.com\/wp\/wp-json\/wp\/v2\/media?parent=32088"}],"wp:term":[{"taxonomy":"category","embeddable":true,"href":"https:\/\/www.elalmanaque.com\/wp\/wp-json\/wp\/v2\/categories?post=32088"},{"taxonomy":"post_tag","embeddable":true,"href":"https:\/\/www.elalmanaque.com\/wp\/wp-json\/wp\/v2\/tags?post=32088"}],"curies":[{"name":"wp","href":"https:\/\/api.w.org\/{rel}","templated":true}]}}