{"id":32069,"date":"2020-07-18T16:30:32","date_gmt":"2020-07-18T15:30:32","guid":{"rendered":"https:\/\/www.elalmanaque.com\/wp\/?p=32069"},"modified":"2020-07-18T16:31:49","modified_gmt":"2020-07-18T15:31:49","slug":"dia-internacional-de-nelson-mandela","status":"publish","type":"post","link":"https:\/\/www.elalmanaque.com\/wp\/dias-mundiales\/dia-internacional-de-nelson-mandela\/","title":{"rendered":"D\u00eda Internacional de Nelson Mandela"},"content":{"rendered":"\n<p>El 10 de noviembre de 2009 la Asamblea General de las Naciones Unidas en la Resoluci\u00f3n 64\/13 estableci\u00f3 el 18 de julio como el D\u00eda Internacional de Nelson Mandela.<\/p>\n\n\n\n<p><\/p>\n\n\n\n<div class=\"wp-block-image\"><figure class=\"alignleft\"><img decoding=\"async\" src=\"https:\/\/www.elalmanaque.com\/Jul09\/fotos\/mandela.jpg\" alt=\"\"\/><\/figure><\/div>\n\n\n\n<p>El 18 de julio de cada a\u00f1o, d\u00eda de nacimiento de Nelson Mandela, la ONU pide a las personas de todo el mundo celebrar el D\u00eda Internacional Nelson Mandela (18 de julio) haciendo la diferencia en sus comunidades. Cada uno tiene la capacidad y la responsabilidad de forjar un mundo mejor, y el D\u00eda de Mandela es una ocasi\u00f3n para que cada uno act\u00fae e inspire el cambio\u00a0.<\/p>\n\n\n\n<p>Durante 67 a\u00f1os Nelson Mandela dedic\u00f3 su vida al servicio de la humanidad, como abogado defensor de los derechos humanos, como preso de conciencia, trabajando por la paz y como primer presidente elegido democr\u00e1ticamente de una Sud\u00e1frica libre.<br><br>Nelson Rolihlahla Mandela&nbsp;(Mvezo, Uni\u00f3n Sudafricana, 18 de julio de 1918-Johannesburgo, Gauteng, Sud\u00e1frica, 5 de diciembre de 2013) conocido en su pa\u00eds, Sud\u00e1frica, como Madiba, (t\u00edtulo honor\u00edfico otorgado por los ancianos del clan de Mandela; tambi\u00e9n era llamado Tata); abogado y pol\u00edtico, fue el primer presidente de Sud\u00e1frica elegido democr\u00e1ticamente mediante sufragio universal as\u00ed como el l\u00edder del Umkhonto we Sizwe, el brazo armado del Congreso Nacional Africano (CNA).<br><br>En 1962 fue arrestado y condenado por sabotaje, adem\u00e1s de otros cargos, a cadena perpetua. Estuvo 27 a\u00f1os en la c\u00e1rcel, la mayor\u00eda de los cuales estuvo confinado en la prisi\u00f3n de Robben Island. Tras su liberaci\u00f3n el 11 de febrero de 1990, Mandela lider\u00f3 a su partido en las negociaciones para conseguir una democracia multirracial en Sud\u00e1frica, cosa que se consigui\u00f3 en 1994 con las primeras elecciones democr\u00e1ticas por sufragio universal. Mandela gan\u00f3 las elecciones y fue presidente desde 1994 hasta 1999, dando frecuentemente prioridad a su reconciliaci\u00f3n.<br><br>Recibi\u00f3 m\u00e1s de 250 premios y reconocimientos internacionales durante cuatro d\u00e9cadas, incluido en 1993 el Premio Nobel de la Paz.<\/p>\n\n\n\n<p><strong>EL D\u00cdA DE NELSON MANDELA<br>&nbsp;<\/strong>La Fundaci\u00f3n Nelson Mandela y la organizaci\u00f3n 46664, las dos organizaciones humanitarias creadas por el Sr. Mandela, ha lanzado una campa\u00f1a a favor de convertir el d\u00eda 18 de julio, la fecha de cumplea\u00f1os de Nelson Mandela, en un d\u00eda internacional de acci\u00f3n humanitaria como una forma de conmemorar la vida y el legado del gran l\u00edder africano.<\/p>\n\n\n\n<p>El objetivo de celebrar un D\u00eda de Mandela es tratar de utilizar la inspiraci\u00f3n que suscita la vida de Mandela para crear un movimiento mundial a favor del bien. Ser\u00e1 un d\u00eda en que ciudadanos se comprometer\u00e1n en ayudar y hacer el bien a otros, en honor a la figura de Nelson Mandela.<\/p>\n\n\n\n<p>Se espera que este D\u00eda tambi\u00e9n servir\u00e1 como inspiraci\u00f3n para aquellos individuos y comunidades que quieren emprender acciones a favor de la cohesi\u00f3n social, la unidad, la reconciliaci\u00f3n y el respeto mutuo.<\/p>\n\n\n\n<p>El D\u00eda de Mandela no ser\u00e1 solamente una conmemoraci\u00f3n anual de la vida de Mandela, sino que recordar\u00e1 a cada persona que tiene el poder para cambiar el mundo alrededor de ellos, creando un movimiento constante y universal a favor del bien.<\/p>\n\n\n\n<p>Mandela di\u00f3 67 a\u00f1os de su vida en servicio a otros. El dijo que se pod\u00eda crear un mundo mejor pero que esto estaba \u201cen nuestro manos\u201d .<\/p>\n\n\n\n<p>Tenia 24 a\u00f1os cuando entr\u00f3 en la pol\u00edtica para defender a los m\u00e1s d\u00e9biles.<br>Ten\u00eda 45 a\u00f1os cuando fue condenado a cadena perpetua.<br>Ten\u00eda 71 a\u00f1os cuando fue liberado<br>Ten\u00eda 75 a\u00f1os cuando recibi\u00f3 el Premio Nobel de la Paz.<br>Ten\u00eda 76 a\u00f1os cuando se convirti\u00f3 en el Primer Presidente Negro elegido democr\u00e1ticamente en Sud\u00e1frica.<br>Ten\u00eda 77 a\u00f1os cuando cre\u00f3 el Fondo para Ni\u00f1os de Nelson Mandela<br>Ten\u00eda 81 a\u00f1os cuando cre\u00f3 la Fundaci\u00f3n Nelson Mandela.<br>Ten\u00eda 85 a\u00f1os cuando lanz\u00f3 su campa\u00f1a sobre el VIH\/SIDA usando su n\u00famero de preso \u201846664\u2019.<br><br>En resumen, Nelson Mandela ha dedicado 67 a\u00f1os de su vida a favor de la lucha por derecho humanos en asuntos relacionados con la raza, el genero, la pobreza, la enfermedad y la educaci\u00f3n. Nos inspiramos en \u00e9l para tomar una responsabilidad mayor sobre nuestras vidas y sobre las vidas de otros.&nbsp;<br><br>Para millones de personas alrededor del mundo, Mandela simboliza, como ninguna otra persona, el triunfo de la dignidad y de la esperanza sobre la desesperaci\u00f3n y el odio, el triunfo de la disciplina y el amor sobre la persecuci\u00f3n y la maldad. Aunque ya tiene 91 a\u00f1os, su fuerza y autoridad moral, no ha menguado.<br>El d\u00eda 18 de julio, D\u00eda de Mandela, se convertir\u00e1 en una celebraci\u00f3n anual de su vida de compromiso a favor de otros. Tambi\u00e9n representar\u00e1 una llamada a la acci\u00f3n para que todos nosotros podemos dejar nuestra marca en este mundo. Es un d\u00eda para comprometerse con los dem\u00e1s y hacer una diferencia, aunque sea peque\u00f1a.<br><br>El D\u00eda de Mandela es un d\u00eda para compartir y entender los valores que su vida representa: la lucha por los derechos b\u00e1sicos, la ayuda a los desamparados y la pr\u00e1ctica de la reconciliaci\u00f3n. Estos valores no solo son las caracter\u00edsticas de un buen l\u00edder, pero tambi\u00e9n de un ciudadano ejemplar.<\/p>\n\n\n\n<p>Frases de Nelson Mandela<\/p>\n\n\n\n<p>\u00abLo m\u00e1s f\u00e1cil es romper y destruir. Los h\u00e9roes son los que firman la paz y construyen.\u00bb<br><br>\u00abLa eliminaci\u00f3n de la pobreza no es un gesto de caridad. Es un acto de justicia. Es la protecci\u00f3n de un derecho humano fundamental, el derecho a la dignidad y a una vida decente.\u00bb<br><br>\u00abLa libertad no se puede lograr a menos que las mujeres hayan sido emancipadas de toda forma de opresi\u00f3n.\u00bb<br>&nbsp;<\/p>\n\n\n\n<figure><iframe loading=\"lazy\" width=\"640\" height=\"360\" allowfullscreen=\"\" src=\"https:\/\/www.youtube.com\/embed\/B5FQCQPTGME\"><\/iframe><\/figure>\n","protected":false},"excerpt":{"rendered":"<p>El 10 de noviembre de 2009 la Asamblea General de las Naciones Unidas en la Resoluci\u00f3n 64\/13 estableci\u00f3 el 18 de julio como el D\u00eda&hellip; <\/p>\n","protected":false},"author":1,"featured_media":32070,"comment_status":"closed","ping_status":"closed","sticky":false,"template":"","format":"standard","meta":{"footnotes":""},"categories":[125,74,87,105,38],"tags":[],"class_list":["post-32069","post","type-post","status-publish","format-standard","has-post-thumbnail","hentry","category-dias-mundiales","category-divulgativo","category-documentales","category-historia","category-solidaridad"],"yoast_head":"<!-- This site is optimized with the Yoast SEO plugin v24.8.1 - https:\/\/yoast.com\/wordpress\/plugins\/seo\/ -->\n<title>D\u00eda Internacional de Nelson Mandela - El Almanaque<\/title>\n<meta name=\"robots\" content=\"index, follow, max-snippet:-1, max-image-preview:large, max-video-preview:-1\" \/>\n<link rel=\"canonical\" href=\"https:\/\/www.elalmanaque.com\/wp\/dias-mundiales\/dia-internacional-de-nelson-mandela\/\" \/>\n<meta property=\"og:locale\" content=\"es_ES\" \/>\n<meta property=\"og:type\" content=\"article\" \/>\n<meta property=\"og:title\" content=\"D\u00eda Internacional de Nelson Mandela - El Almanaque\" \/>\n<meta property=\"og:description\" content=\"El 10 de noviembre de 2009 la Asamblea General de las Naciones Unidas en la Resoluci\u00f3n 64\/13 estableci\u00f3 el 18 de julio como el D\u00eda&hellip;\" \/>\n<meta property=\"og:url\" content=\"https:\/\/www.elalmanaque.com\/wp\/dias-mundiales\/dia-internacional-de-nelson-mandela\/\" \/>\n<meta property=\"og:site_name\" content=\"El Almanaque\" \/>\n<meta property=\"article:published_time\" content=\"2020-07-18T15:30:32+00:00\" \/>\n<meta property=\"article:modified_time\" content=\"2020-07-18T15:31:49+00:00\" \/>\n<meta property=\"og:image\" content=\"https:\/\/www.elalmanaque.com\/wp\/wp-content\/uploads\/2020\/07\/Dia-Internacional-de-Nelson-Mandela.jpg\" \/>\n\t<meta property=\"og:image:width\" content=\"333\" \/>\n\t<meta property=\"og:image:height\" content=\"250\" \/>\n\t<meta property=\"og:image:type\" content=\"image\/jpeg\" \/>\n<meta name=\"author\" content=\"Redactor\" \/>\n<meta name=\"twitter:card\" content=\"summary_large_image\" \/>\n<meta name=\"twitter:label1\" content=\"Escrito por\" \/>\n\t<meta name=\"twitter:data1\" content=\"Redactor\" \/>\n\t<meta name=\"twitter:label2\" content=\"Tiempo de lectura\" \/>\n\t<meta name=\"twitter:data2\" content=\"5 minutos\" \/>\n<script type=\"application\/ld+json\" class=\"yoast-schema-graph\">{\"@context\":\"https:\/\/schema.org\",\"@graph\":[{\"@type\":\"Article\",\"@id\":\"https:\/\/www.elalmanaque.com\/wp\/dias-mundiales\/dia-internacional-de-nelson-mandela\/#article\",\"isPartOf\":{\"@id\":\"https:\/\/www.elalmanaque.com\/wp\/dias-mundiales\/dia-internacional-de-nelson-mandela\/\"},\"author\":{\"name\":\"Redactor\",\"@id\":\"https:\/\/www.elalmanaque.com\/wp\/#\/schema\/person\/61ab31c67167988fe2679d590ca85afe\"},\"headline\":\"D\u00eda Internacional de Nelson Mandela\",\"datePublished\":\"2020-07-18T15:30:32+00:00\",\"dateModified\":\"2020-07-18T15:31:49+00:00\",\"mainEntityOfPage\":{\"@id\":\"https:\/\/www.elalmanaque.com\/wp\/dias-mundiales\/dia-internacional-de-nelson-mandela\/\"},\"wordCount\":991,\"publisher\":{\"@id\":\"https:\/\/www.elalmanaque.com\/wp\/#organization\"},\"image\":{\"@id\":\"https:\/\/www.elalmanaque.com\/wp\/dias-mundiales\/dia-internacional-de-nelson-mandela\/#primaryimage\"},\"thumbnailUrl\":\"https:\/\/www.elalmanaque.com\/wp\/wp-content\/uploads\/2020\/07\/Dia-Internacional-de-Nelson-Mandela.jpg\",\"articleSection\":[\"Dias Mundiales\",\"Divulgativo\",\"Documentales\",\"Historia\",\"Solidaridad\"],\"inLanguage\":\"es\"},{\"@type\":\"WebPage\",\"@id\":\"https:\/\/www.elalmanaque.com\/wp\/dias-mundiales\/dia-internacional-de-nelson-mandela\/\",\"url\":\"https:\/\/www.elalmanaque.com\/wp\/dias-mundiales\/dia-internacional-de-nelson-mandela\/\",\"name\":\"D\u00eda Internacional de Nelson Mandela - El Almanaque\",\"isPartOf\":{\"@id\":\"https:\/\/www.elalmanaque.com\/wp\/#website\"},\"primaryImageOfPage\":{\"@id\":\"https:\/\/www.elalmanaque.com\/wp\/dias-mundiales\/dia-internacional-de-nelson-mandela\/#primaryimage\"},\"image\":{\"@id\":\"https:\/\/www.elalmanaque.com\/wp\/dias-mundiales\/dia-internacional-de-nelson-mandela\/#primaryimage\"},\"thumbnailUrl\":\"https:\/\/www.elalmanaque.com\/wp\/wp-content\/uploads\/2020\/07\/Dia-Internacional-de-Nelson-Mandela.jpg\",\"datePublished\":\"2020-07-18T15:30:32+00:00\",\"dateModified\":\"2020-07-18T15:31:49+00:00\",\"breadcrumb\":{\"@id\":\"https:\/\/www.elalmanaque.com\/wp\/dias-mundiales\/dia-internacional-de-nelson-mandela\/#breadcrumb\"},\"inLanguage\":\"es\",\"potentialAction\":[{\"@type\":\"ReadAction\",\"target\":[\"https:\/\/www.elalmanaque.com\/wp\/dias-mundiales\/dia-internacional-de-nelson-mandela\/\"]}]},{\"@type\":\"ImageObject\",\"inLanguage\":\"es\",\"@id\":\"https:\/\/www.elalmanaque.com\/wp\/dias-mundiales\/dia-internacional-de-nelson-mandela\/#primaryimage\",\"url\":\"https:\/\/www.elalmanaque.com\/wp\/wp-content\/uploads\/2020\/07\/Dia-Internacional-de-Nelson-Mandela.jpg\",\"contentUrl\":\"https:\/\/www.elalmanaque.com\/wp\/wp-content\/uploads\/2020\/07\/Dia-Internacional-de-Nelson-Mandela.jpg\",\"width\":333,\"height\":250},{\"@type\":\"BreadcrumbList\",\"@id\":\"https:\/\/www.elalmanaque.com\/wp\/dias-mundiales\/dia-internacional-de-nelson-mandela\/#breadcrumb\",\"itemListElement\":[{\"@type\":\"ListItem\",\"position\":1,\"name\":\"Portada\",\"item\":\"https:\/\/www.elalmanaque.com\/wp\/\"},{\"@type\":\"ListItem\",\"position\":2,\"name\":\"D\u00eda Internacional de Nelson Mandela\"}]},{\"@type\":\"WebSite\",\"@id\":\"https:\/\/www.elalmanaque.com\/wp\/#website\",\"url\":\"https:\/\/www.elalmanaque.com\/wp\/\",\"name\":\"El Almanaque\",\"description\":\"Revista de Cultura y Ocio\",\"publisher\":{\"@id\":\"https:\/\/www.elalmanaque.com\/wp\/#organization\"},\"potentialAction\":[{\"@type\":\"SearchAction\",\"target\":{\"@type\":\"EntryPoint\",\"urlTemplate\":\"https:\/\/www.elalmanaque.com\/wp\/?s={search_term_string}\"},\"query-input\":{\"@type\":\"PropertyValueSpecification\",\"valueRequired\":true,\"valueName\":\"search_term_string\"}}],\"inLanguage\":\"es\"},{\"@type\":\"Organization\",\"@id\":\"https:\/\/www.elalmanaque.com\/wp\/#organization\",\"name\":\"El Almanaque\",\"url\":\"https:\/\/www.elalmanaque.com\/wp\/\",\"logo\":{\"@type\":\"ImageObject\",\"inLanguage\":\"es\",\"@id\":\"https:\/\/www.elalmanaque.com\/wp\/#\/schema\/logo\/image\/\",\"url\":\"https:\/\/www.elalmanaque.com\/wp\/wp-content\/uploads\/2020\/03\/cropped-elalmanaque.jpg\",\"contentUrl\":\"https:\/\/www.elalmanaque.com\/wp\/wp-content\/uploads\/2020\/03\/cropped-elalmanaque.jpg\",\"width\":900,\"height\":164,\"caption\":\"El Almanaque\"},\"image\":{\"@id\":\"https:\/\/www.elalmanaque.com\/wp\/#\/schema\/logo\/image\/\"}},{\"@type\":\"Person\",\"@id\":\"https:\/\/www.elalmanaque.com\/wp\/#\/schema\/person\/61ab31c67167988fe2679d590ca85afe\",\"name\":\"Redactor\",\"image\":{\"@type\":\"ImageObject\",\"inLanguage\":\"es\",\"@id\":\"https:\/\/www.elalmanaque.com\/wp\/#\/schema\/person\/image\/\",\"url\":\"https:\/\/secure.gravatar.com\/avatar\/a1cd6ad4f449e45fea5ebd57548cb588?s=96&d=mm&r=g\",\"contentUrl\":\"https:\/\/secure.gravatar.com\/avatar\/a1cd6ad4f449e45fea5ebd57548cb588?s=96&d=mm&r=g\",\"caption\":\"Redactor\"},\"url\":\"https:\/\/www.elalmanaque.com\/wp\/author\/useralmanaque\/\"}]}<\/script>\n<!-- \/ Yoast SEO plugin. -->","yoast_head_json":{"title":"D\u00eda Internacional de Nelson Mandela - El Almanaque","robots":{"index":"index","follow":"follow","max-snippet":"max-snippet:-1","max-image-preview":"max-image-preview:large","max-video-preview":"max-video-preview:-1"},"canonical":"https:\/\/www.elalmanaque.com\/wp\/dias-mundiales\/dia-internacional-de-nelson-mandela\/","og_locale":"es_ES","og_type":"article","og_title":"D\u00eda Internacional de Nelson Mandela - El Almanaque","og_description":"El 10 de noviembre de 2009 la Asamblea General de las Naciones Unidas en la Resoluci\u00f3n 64\/13 estableci\u00f3 el 18 de julio como el D\u00eda&hellip;","og_url":"https:\/\/www.elalmanaque.com\/wp\/dias-mundiales\/dia-internacional-de-nelson-mandela\/","og_site_name":"El Almanaque","article_published_time":"2020-07-18T15:30:32+00:00","article_modified_time":"2020-07-18T15:31:49+00:00","og_image":[{"width":333,"height":250,"url":"https:\/\/www.elalmanaque.com\/wp\/wp-content\/uploads\/2020\/07\/Dia-Internacional-de-Nelson-Mandela.jpg","type":"image\/jpeg"}],"author":"Redactor","twitter_card":"summary_large_image","twitter_misc":{"Escrito por":"Redactor","Tiempo de lectura":"5 minutos"},"schema":{"@context":"https:\/\/schema.org","@graph":[{"@type":"Article","@id":"https:\/\/www.elalmanaque.com\/wp\/dias-mundiales\/dia-internacional-de-nelson-mandela\/#article","isPartOf":{"@id":"https:\/\/www.elalmanaque.com\/wp\/dias-mundiales\/dia-internacional-de-nelson-mandela\/"},"author":{"name":"Redactor","@id":"https:\/\/www.elalmanaque.com\/wp\/#\/schema\/person\/61ab31c67167988fe2679d590ca85afe"},"headline":"D\u00eda Internacional de Nelson Mandela","datePublished":"2020-07-18T15:30:32+00:00","dateModified":"2020-07-18T15:31:49+00:00","mainEntityOfPage":{"@id":"https:\/\/www.elalmanaque.com\/wp\/dias-mundiales\/dia-internacional-de-nelson-mandela\/"},"wordCount":991,"publisher":{"@id":"https:\/\/www.elalmanaque.com\/wp\/#organization"},"image":{"@id":"https:\/\/www.elalmanaque.com\/wp\/dias-mundiales\/dia-internacional-de-nelson-mandela\/#primaryimage"},"thumbnailUrl":"https:\/\/www.elalmanaque.com\/wp\/wp-content\/uploads\/2020\/07\/Dia-Internacional-de-Nelson-Mandela.jpg","articleSection":["Dias Mundiales","Divulgativo","Documentales","Historia","Solidaridad"],"inLanguage":"es"},{"@type":"WebPage","@id":"https:\/\/www.elalmanaque.com\/wp\/dias-mundiales\/dia-internacional-de-nelson-mandela\/","url":"https:\/\/www.elalmanaque.com\/wp\/dias-mundiales\/dia-internacional-de-nelson-mandela\/","name":"D\u00eda Internacional de Nelson Mandela - El Almanaque","isPartOf":{"@id":"https:\/\/www.elalmanaque.com\/wp\/#website"},"primaryImageOfPage":{"@id":"https:\/\/www.elalmanaque.com\/wp\/dias-mundiales\/dia-internacional-de-nelson-mandela\/#primaryimage"},"image":{"@id":"https:\/\/www.elalmanaque.com\/wp\/dias-mundiales\/dia-internacional-de-nelson-mandela\/#primaryimage"},"thumbnailUrl":"https:\/\/www.elalmanaque.com\/wp\/wp-content\/uploads\/2020\/07\/Dia-Internacional-de-Nelson-Mandela.jpg","datePublished":"2020-07-18T15:30:32+00:00","dateModified":"2020-07-18T15:31:49+00:00","breadcrumb":{"@id":"https:\/\/www.elalmanaque.com\/wp\/dias-mundiales\/dia-internacional-de-nelson-mandela\/#breadcrumb"},"inLanguage":"es","potentialAction":[{"@type":"ReadAction","target":["https:\/\/www.elalmanaque.com\/wp\/dias-mundiales\/dia-internacional-de-nelson-mandela\/"]}]},{"@type":"ImageObject","inLanguage":"es","@id":"https:\/\/www.elalmanaque.com\/wp\/dias-mundiales\/dia-internacional-de-nelson-mandela\/#primaryimage","url":"https:\/\/www.elalmanaque.com\/wp\/wp-content\/uploads\/2020\/07\/Dia-Internacional-de-Nelson-Mandela.jpg","contentUrl":"https:\/\/www.elalmanaque.com\/wp\/wp-content\/uploads\/2020\/07\/Dia-Internacional-de-Nelson-Mandela.jpg","width":333,"height":250},{"@type":"BreadcrumbList","@id":"https:\/\/www.elalmanaque.com\/wp\/dias-mundiales\/dia-internacional-de-nelson-mandela\/#breadcrumb","itemListElement":[{"@type":"ListItem","position":1,"name":"Portada","item":"https:\/\/www.elalmanaque.com\/wp\/"},{"@type":"ListItem","position":2,"name":"D\u00eda Internacional de Nelson Mandela"}]},{"@type":"WebSite","@id":"https:\/\/www.elalmanaque.com\/wp\/#website","url":"https:\/\/www.elalmanaque.com\/wp\/","name":"El Almanaque","description":"Revista de Cultura y Ocio","publisher":{"@id":"https:\/\/www.elalmanaque.com\/wp\/#organization"},"potentialAction":[{"@type":"SearchAction","target":{"@type":"EntryPoint","urlTemplate":"https:\/\/www.elalmanaque.com\/wp\/?s={search_term_string}"},"query-input":{"@type":"PropertyValueSpecification","valueRequired":true,"valueName":"search_term_string"}}],"inLanguage":"es"},{"@type":"Organization","@id":"https:\/\/www.elalmanaque.com\/wp\/#organization","name":"El Almanaque","url":"https:\/\/www.elalmanaque.com\/wp\/","logo":{"@type":"ImageObject","inLanguage":"es","@id":"https:\/\/www.elalmanaque.com\/wp\/#\/schema\/logo\/image\/","url":"https:\/\/www.elalmanaque.com\/wp\/wp-content\/uploads\/2020\/03\/cropped-elalmanaque.jpg","contentUrl":"https:\/\/www.elalmanaque.com\/wp\/wp-content\/uploads\/2020\/03\/cropped-elalmanaque.jpg","width":900,"height":164,"caption":"El Almanaque"},"image":{"@id":"https:\/\/www.elalmanaque.com\/wp\/#\/schema\/logo\/image\/"}},{"@type":"Person","@id":"https:\/\/www.elalmanaque.com\/wp\/#\/schema\/person\/61ab31c67167988fe2679d590ca85afe","name":"Redactor","image":{"@type":"ImageObject","inLanguage":"es","@id":"https:\/\/www.elalmanaque.com\/wp\/#\/schema\/person\/image\/","url":"https:\/\/secure.gravatar.com\/avatar\/a1cd6ad4f449e45fea5ebd57548cb588?s=96&d=mm&r=g","contentUrl":"https:\/\/secure.gravatar.com\/avatar\/a1cd6ad4f449e45fea5ebd57548cb588?s=96&d=mm&r=g","caption":"Redactor"},"url":"https:\/\/www.elalmanaque.com\/wp\/author\/useralmanaque\/"}]}},"_links":{"self":[{"href":"https:\/\/www.elalmanaque.com\/wp\/wp-json\/wp\/v2\/posts\/32069","targetHints":{"allow":["GET"]}}],"collection":[{"href":"https:\/\/www.elalmanaque.com\/wp\/wp-json\/wp\/v2\/posts"}],"about":[{"href":"https:\/\/www.elalmanaque.com\/wp\/wp-json\/wp\/v2\/types\/post"}],"author":[{"embeddable":true,"href":"https:\/\/www.elalmanaque.com\/wp\/wp-json\/wp\/v2\/users\/1"}],"replies":[{"embeddable":true,"href":"https:\/\/www.elalmanaque.com\/wp\/wp-json\/wp\/v2\/comments?post=32069"}],"version-history":[{"count":2,"href":"https:\/\/www.elalmanaque.com\/wp\/wp-json\/wp\/v2\/posts\/32069\/revisions"}],"predecessor-version":[{"id":32072,"href":"https:\/\/www.elalmanaque.com\/wp\/wp-json\/wp\/v2\/posts\/32069\/revisions\/32072"}],"wp:featuredmedia":[{"embeddable":true,"href":"https:\/\/www.elalmanaque.com\/wp\/wp-json\/wp\/v2\/media\/32070"}],"wp:attachment":[{"href":"https:\/\/www.elalmanaque.com\/wp\/wp-json\/wp\/v2\/media?parent=32069"}],"wp:term":[{"taxonomy":"category","embeddable":true,"href":"https:\/\/www.elalmanaque.com\/wp\/wp-json\/wp\/v2\/categories?post=32069"},{"taxonomy":"post_tag","embeddable":true,"href":"https:\/\/www.elalmanaque.com\/wp\/wp-json\/wp\/v2\/tags?post=32069"}],"curies":[{"name":"wp","href":"https:\/\/api.w.org\/{rel}","templated":true}]}}