{"id":31925,"date":"2020-07-02T15:30:53","date_gmt":"2020-07-02T14:30:53","guid":{"rendered":"https:\/\/www.elalmanaque.com\/wp\/?p=31925"},"modified":"2020-07-02T15:55:11","modified_gmt":"2020-07-02T14:55:11","slug":"el-almanaque-no-7530-jueves-2-de-julio-de-2020","status":"publish","type":"post","link":"https:\/\/www.elalmanaque.com\/wp\/almanaques\/el-almanaque-no-7530-jueves-2-de-julio-de-2020\/","title":{"rendered":"El Almanaque N\u00ba 7530 Jueves 2 de Julio de 2020"},"content":{"rendered":"\n<p><a href=\"https:\/\/www.elalmanaque.com\/santoral\/index.htm\">SANTORAL<\/a>&nbsp;&nbsp;&#8211;&nbsp;<a href=\"https:\/\/www.elalmanaque.com\/El_Origen_de_las_Palabras\/index.html\">L\u00c9XICO<\/a>&nbsp;&#8211;&nbsp;<a href=\"https:\/\/www.elalmanaque.com\/Efemerides\/index.htm\">EFEM\u00c9RIDES<\/a>&nbsp;&#8211;&nbsp;&nbsp;<a href=\"https:\/\/www.elalmanaque.com\/Calendarios\">CALENDARIOS &#8211;<\/a>&nbsp;&nbsp;<a href=\"https:\/\/www.elalmanaque.com\/Humor_II\/index.html\">HUMOR<\/a><strong>&nbsp;<\/strong>&#8211;&nbsp;<a href=\"https:\/\/www.elalmanaque.com\/turismo\/gastronomia\/index.htm\">G<\/a><a href=\"https:\/\/www.elalmanaque.com\/turismo\/gastronomia\/index.htm\">ASTRONOMIA<\/a>&nbsp;&#8211;&nbsp;<a href=\"https:\/\/www.elalmanaque.com\/turismo\/index.htm\">TURISMO<\/a><strong>&nbsp;&#8211;&nbsp;<\/strong><a href=\"https:\/\/www.elalmanaque.com\/turismo\/destinos\">DESTINOS<strong>&#8211;<\/strong><\/a><strong>&nbsp;<\/strong><a href=\"https:\/\/www.elalmanaque.com\/reportajes\/index.htm\">REPORTAJES<\/a><\/p>\n\n\n\n<p><a href=\"https:\/\/elalmanaque.com\/Julio20\/2-7-20.htm\">El Almanaque N\u00ba 7530 Jueves 2 de Julio de 2020<\/a>&nbsp;<\/p>\n\n\n\n<p><strong>Efem\u00e9rides 2 de Julio&nbsp;<\/strong>&nbsp;<\/p>\n\n\n\n<p>1566 Muere el matem\u00e1tico y astr\u00f3logo franc\u00e9s Nostradamus.&nbsp;<\/p>\n\n\n\n<p><strong><a href=\"https:\/\/www.elalmanaque.com\/Julio20\/2-7-20.htm\">LEA COMPLETO EL ALMANAQUE DE HOY<\/a><\/strong><\/p>\n\n\n\n<figure><iframe loading=\"lazy\" width=\"728\" height=\"90\" src=\"https:\/\/rcm-eu.amazon-adsystem.com\/e\/cm?o=30&amp;p=48&amp;l=ur1&amp;category=electronica&amp;banner=1ZFFFVGD3JXYV7FSVA02&amp;f=ifr&amp;linkID=c21785b2eede7444a87cf67d73ae21c8&amp;t=wwwelalmanaqu-21&amp;tracking_id=wwwelalmanaqu-21\"><\/iframe><\/figure>\n\n\n\n<p><a target=\"_blank\" href=\"https:\/\/amzn.to\/2AZdc4x\" rel=\"noreferrer noopener\">\u00daltimas novedades de Amazon<\/a>&nbsp;&#8211;&nbsp;<a target=\"_blank\" href=\"https:\/\/www.amazon.es\/b?node=2454136031&amp;_encoding=UTF8&amp;tag=wwwelalmanaqu-21\" rel=\"noreferrer noopener\">Deportes y aire libre<\/a>&nbsp;&#8211;&nbsp;<a href=\"https:\/\/amzn.to\/3cNHRyQ\">Tienda de Electr\u00f3nica<\/a>&nbsp;&#8211;&nbsp;<a target=\"_blank\" href=\"https:\/\/amzn.to\/37njl6M\" rel=\"noreferrer noopener\">BELLEZA<\/a><\/p>\n\n\n\n<div class=\"wp-block-group\"><div class=\"wp-block-group__inner-container is-layout-flow wp-block-group-is-layout-flow\">\n<figure class=\"wp-block-table\"><table><tbody><tr><td><strong>EFEM\u00c9RIDES<\/strong><\/td><td><strong>SANTORAL<\/strong><\/td><\/tr><tr><td><img loading=\"lazy\" decoding=\"async\" src=\"https:\/\/www.elalmanaque.com\/Oct15\/lexico.jpg\" width=\"64\" height=\"59\"><strong>EFEM\u00c9RIDES<\/strong><strong>&nbsp;<\/strong><strong>2<\/strong><strong>&nbsp;de Julio<br><\/strong>1522 Zwinglio firma un escrito reformador dirigido al obispo de Constanza.&nbsp;1566 Muere el matem\u00e1tico y astr\u00f3logo Nostradamus.&nbsp;1644 Inglaterra: victoria de los partidarios del Parlamento sobre los de Carlos I en Marston Moor.&nbsp;1751 Decreto contra la Masoner\u00eda de Fernando VI de Espa\u00f1a.&nbsp;1778 Muere el escritor y fil\u00f3sofo Jean Jacques Rousseau.&nbsp;1858 Rusia: emancipaci\u00f3n de los siervos de la gleba<strong>&nbsp;<\/strong><strong>&nbsp;<\/strong><a href=\"https:\/\/www.elalmanaque.com\/Julio20\/2-7-20.htm#LEXICO\"><\/a><\/td><td><strong><\/strong><strong>SANTORAL 2 de Julio<\/strong><strong>&nbsp;:<\/strong>&nbsp;<br>Santos Vidal, Ot\u00f3n de Bamberg, Urbano, Martiniano, F\u00e9lix y Justo.&nbsp;<br>&nbsp;<a><strong>ONOM\u00c1STICA<\/strong><\/a><strong>&nbsp;<\/strong><strong>:&nbsp;<\/strong><strong>HUMBERTO&nbsp;<\/strong>De origen germ\u00e1nico, su forma original fue probablemente&nbsp;&nbsp;<em>Hunberet<\/em>. Teniendo en cuenta que&nbsp;<em>Hunn&nbsp;&nbsp;<\/em>significa \u00abgran oso\u00bb, y&nbsp;<em>berht<\/em><em>&nbsp;<\/em>\u00abbrillante\u00bb, \u00abrenombrado\u00bb, \u00abfamoso\u00bb, \u00abextraordinario\u00bb, Humberto significar\u00eda \u00abextraordinario gran oso\u00bb&nbsp;<strong>&nbsp;<\/strong>&nbsp;<a href=\"https:\/\/www.elalmanaque.com\/Julio20\/2-7-20.htm#LEXICO\"><\/a><\/td><\/tr><tr><td><strong>L\u00c9XICO<\/strong><\/td><td><strong>BIOGRAFIAS<\/strong><\/td><\/tr><tr><td><strong>LA PALABRA DEL D\u00cdA&nbsp;&#8211;&nbsp;<\/strong><strong>TRIBUNAL<\/strong><br>Lo m\u00e1s normal es que los nombres no sean arbitrarios, como pretende Saussure, sino que tengan una raz\u00f3n de ser. Cuando pronunciamos la palabra tribunal es dif\u00edcil desechar la idea de que alguna relaci\u00f3n ha de tener con tribuno, con tributo, con tribu y con tres. Lo complicado es seguir todos los pasos de esa relaci\u00f3n.<a href=\"https:\/\/www.elalmanaque.com\/Julio20\/2-7-20.htm#LEXICO\"><\/a><\/td><td><img loading=\"lazy\" decoding=\"async\" width=\"150\" height=\"183\" src=\"https:\/\/www.elalmanaque.com\/santoral\/nostradamus2-p.jpg\"><br><strong>Michel de Nostradamus&nbsp;<\/strong>:&nbsp;(Saint-Rem\u00fd-de-Provence, Francia, 14 de diciembre de 1503 &#8211; Sal\u00f3n de Provenza, Francia, 2 de julio de 1566). M\u00e9dico, astr\u00f3logo y adivino franc\u00e9s, su nombre verdadero era Michel de Notredame, y naci\u00f3 en el seno de una familia de jud\u00edos convertidos al cristianismo en la que hab\u00eda habido varios m\u00e9dicos de gran celebridad.&nbsp;<a href=\"https:\/\/www.elalmanaque.com\/Julio20\/2-7-20.htm#LEXICO\"><\/a>&nbsp;<br>&nbsp;<\/td><\/tr><tr><td><strong>DIAS INTERNACIONALES<\/strong><\/td><td>&nbsp;<\/td><\/tr><tr><td><img loading=\"lazy\" decoding=\"async\" src=\"https:\/\/www.elalmanaque.com\/Junio18\/fotos\/cooperat1.jpg\" width=\"214\" height=\"113\"><strong>D\u00eda Internacional de las Cooperativas, 1 de julio<\/strong><br>El d\u00eda internacional del cooperativismo es el d\u00eda de la hermandad, de la igualdad y de la equidad. El cooperativismo es una ideolog\u00eda, una forma de vida, no una manera de obtener ganancias especulativamente (esta es la diferencia fundamental con otro tipo de sociedades).&nbsp;<a href=\"https:\/\/www.elalmanaque.com\/Julio20\/2-7-20.htm#TECNOLOGIA%20E%20INTERNET\"><\/a><\/td><td><img decoding=\"async\" src=\"https:\/\/www.elalmanaque.com\/Junio18\/fotos\/UN_AsteroidDay1-m.jpg\"><strong>D\u00eda Internacional de los Asteroides.<\/strong><br>La Asamblea General de las Naciones Unidas&nbsp; declara el 30 de junio el D\u00eda Internacional de los asteroides \u00abpara celebrar cada a\u00f1o a nivel internacional el aniversario del impacto de Tunguska, en Siberia (Federaci\u00f3n de Rusia), ocurrido el 30 de junio de 1908, y para aumentar la conciencia p\u00fablica sobre el peligro de impacto de los asteroides\u00bb.\u200b&nbsp;<a href=\"https:\/\/www.elalmanaque.com\/Julio20\/2-7-20.htm#TECNOLOGIA%20E%20INTERNET\"><\/a><\/td><\/tr><tr><td><strong>EMPRESAS&nbsp;<\/strong><\/td><td><strong>INTERNET<\/strong><\/td><\/tr><tr><td><strong>Las personas que viven solas no compran los mismos electrodom\u00e9sticos que quienes viven en pareja<\/strong><em><br><\/em><strong>Las viviendas unipersonales superan casi en un mill\u00f3n a aquellas en las que reside una pareja<\/strong>. De las primeras hay en Espa\u00f1a casi cinco millones y de las segundas un poco menos de cuatro. Una persona que vive sola normalmente necesita tener lo mismo que todo el mundo: una nevera, una lavadora, un televisor&#8230;&nbsp;<a href=\"https:\/\/www.elalmanaque.com\/Julio20\/2-7-20.htm#TECNOLOGIA%20E%20INTERNET\"><\/a><br>&nbsp;<\/td><td><img loading=\"lazy\" decoding=\"async\" src=\"https:\/\/www.elalmanaque.com\/Junio16\/fotos\/safe-kids-time-tip-featured.jpg\" width=\"203\" height=\"133\"><strong>El verano, el sexting y sus peligros. \u00bfC\u00f3mo evitarlos?&nbsp;<\/strong><br>&nbsp;Cerca de la mitad de los padres cree que las amenazas online hacia los m\u00e1s peque\u00f1os de la casa siguen aumentando y cerca de un 35% piensa que no tiene control sobre lo que sus hijos hacen en Internet&nbsp;<br><br>Qu\u00e9 hacer para evitar las graves consecuencias del \u201csexting\u201d si los contenidos se hacen p\u00fablicos, seg\u00fan Kaspersky Lab&nbsp;&nbsp;&nbsp;<a href=\"https:\/\/www.elalmanaque.com\/Julio20\/2-7-20.htm#TECNOLOGIA%20E%20INTERNET\"><\/a><\/td><\/tr><tr><td><strong>CURIOSIDADES &nbsp;&#8211; HUMOR &#8211;<\/strong><\/td><td><strong>VETERINARIA<\/strong><\/td><\/tr><tr><td><img decoding=\"async\" src=\"https:\/\/www.magixl.com\/caricaturedujour.gif\" alt=\"Caricature Zone\">VOCABULARIO. Verdadero significado de algunas palabras&nbsp;<br>Alianza:&nbsp;En pol\u00edtica internacional, pacto entre dos ladrones, cada uno ha metido tanto la mano en el bolsillo del otro que deciden juntarse para robarle a un tercero.<br>Cr\u00edtico: una persona que finge ser tan dif\u00edcil de satisfacer que nadie lo intenta.<br>Duelo: Ceremonia de reconciliaci\u00f3n entre dos enemigos.&nbsp;&nbsp;&nbsp;Pluma gay &#8211; Los Morancos&nbsp;&nbsp;&nbsp;<a href=\"https:\/\/www.elalmanaque.com\/Julio20\/2-7-20.htm#TECNOLOGIA%20E%20INTERNET\"><\/a><\/td><td><img loading=\"lazy\" decoding=\"async\" src=\"https:\/\/www.elalmanaque.com\/aficiones\/perros.jpg\" width=\"139\" height=\"119\"><strong>LA LEISHMANIOSIS CANINA<\/strong>&nbsp;<br>La Leishmaniosis canina conocida vulgarmente como \u201cla enfermedad del mosquito\u201des&nbsp;&nbsp;producida por un protozoo del g\u00e9nero Leishmania que es transmitido por un mosquito llamado Phlebotumus.&nbsp;No existe ninguna vacuna en el mercado para proteger a nuestros perros.&nbsp;Esta enfermedad est\u00e1 muy extendida en nuestro pais.&nbsp;<a href=\"https:\/\/www.elalmanaque.com\/Julio20\/2-7-20.htm#TECNOLOGIA%20E%20INTERNET\"><\/a><br>&nbsp;<\/td><\/tr><tr><td><strong>M\u00daSICA &#8211; TEATRO &#8211; CINE<\/strong><\/td><td><strong>EFEM\u00c9RIDES<a href=\"https:\/\/www.elalmanaque.com\/Feb16\/26-2-16.htm#ACTUALIDAD%20CULTURAL\">&nbsp;<\/a><a href=\"https:\/\/www.elalmanaque.com\/Feb16\/26-2-16.htm#ACTUALIDAD%20CULTURAL\">ART\u00cdSTICAS<\/a><a href=\"https:\/\/www.elalmanaque.com\/Feb16\/26-2-16.htm#ACTUALIDAD%20CULTURAL\">&nbsp;MUSICALES<\/a>&nbsp;&#8211;&nbsp;ARTE &#8211;<\/strong><\/td><\/tr><tr><td><strong>El Grec 2020 ser\u00e1 un festival de proximidad, espiritual, comprometido con los y las artistas, lleno de magia y con una mirada sutil hacia las conexiones entre Barcelona y Am\u00e9rica Latina.&nbsp;<\/strong><img loading=\"lazy\" decoding=\"async\" src=\"https:\/\/www.elalmanaque.com\/Junio16\/fotos\/546746427_1280x720.jpg\" width=\"154\" height=\"98\"><strong>\u00bfQu\u00e9 es la experiencia Starlite ?<\/strong><br>&nbsp;Cada a\u00f1o se re\u00fanen en la cantera de Marbella m\u00e1s de 200 celebrities, entre cantantes, actores, deportistas, modelos, empresarios, pol\u00edticos y socialit\u00e9s de renombre internacional.<img decoding=\"async\" src=\"https:\/\/elalmanaque.com\/Jun20\/fotos\/aaelviscostelo-m.jpg\"><strong>M\u00daSICA PARA LA MEMORIA &#8211;&nbsp;<\/strong>VERANO 2019 &#8211; MUSICA LOS MAS ESCUCHADOS &#8211; La Mejor M\u00fasica Electr\u00f3nica 2019 &#8211;&nbsp;<strong>La vuelta al mundo en 80 inmortales canciones&nbsp;<\/strong><strong>V&nbsp;<\/strong><strong>20&nbsp;#&nbsp;LONDRES-<\/strong>London calling&nbsp;.&nbsp;The Clash.&nbsp;Joe Strummer y sus compa\u00f1eros cantan a la capital en t\u00e9rminos insurreccionales y apocal\u00edpticos.&nbsp;<strong>&nbsp;<\/strong>&nbsp;<a href=\"https:\/\/www.elalmanaque.com\/Julio20\/2-7-20.htm#ACTUALIDAD%20CULTURAL\"><\/a><\/td><td><img decoding=\"async\" src=\"https:\/\/www.elalmanaque.com\/Oct15\/efemeridesp.jpg\">&nbsp;Jos\u00e9 Monge Cruz (San Fernando, 5 de diciembre de 1950 &#8211; Badalona, 2 de julio de 1992), conocido art\u00edsticamente como&nbsp;<strong>Camar\u00f3n de la Isla<\/strong>, fue un cantaor flamenco andaluz. Fue un renovador del cante.<strong><br>James Stewart&nbsp;<\/strong>(20 de mayo de 1908 \u2013 2 de julio de 1997), fue un actor de cine, teatro y televisi\u00f3n .&nbsp;<br>Durante el transcurso de su carrera actu\u00f3 en varias pel\u00edculas consideradas cl\u00e1sicos y fue nominado cinco veces al Premio \u00d3scar, ganando una vez en competencia y recibiendo uno por su trayectoria.<br><br><strong>App Second Canvas Thyssen<\/strong><em>Second Canvas Thyssen<\/em>&nbsp;es la herramienta perfecta para acercarte a los secretos del museo y descubrir sus magn\u00edficas obras maestras en s\u00faper-alta resoluci\u00f3n (Gigap\u00edxel).&nbsp;<em>econd Canvas Thyssen<\/em>&nbsp;te permite explorar las grandes obras del museo a trav\u00e9s de una gran variedad de recorridos tem\u00e1ticos&nbsp;<a href=\"https:\/\/www.elalmanaque.com\/Julio20\/2-7-20.htm#ACTUALIDAD%20CULTURAL\"><\/a><\/td><\/tr><tr><td><strong><a>GASTRONOMIA&nbsp;<\/a><\/strong><\/td><td><strong>HOSTELERIA<\/strong><\/td><\/tr><tr><td><img loading=\"lazy\" decoding=\"async\" src=\"https:\/\/www.elalmanaque.com\/Junio16\/fotos\/Salmorejo.jpg\" width=\"74\" height=\"96\"><strong><a href=\"https:\/\/www.elalmanaque.com\/Junio17\/25-6-17.htm#RECETAS%20DE%20C\">Salmorejo Cordob\u00e9s &#8211;&nbsp;<\/a><\/strong><strong><a href=\"https:\/\/www.elalmanaque.com\/Junio17\/25-6-17.htm#RECETAS%20DE%20C\">Receta para hacer con batidora o con Thermomix<\/a>&nbsp;<br><br><\/strong>El salmorejo es una sopa fr\u00eda perteneciente a la gastronom\u00eda espa\u00f1ola. Muy apropiado como entrante bien fresquito.<br><br><img loading=\"lazy\" decoding=\"async\" src=\"https:\/\/elalmanaque.com\/Jun20\/29-6-21.gif\" width=\"110\" height=\"82\"><strong>Alvear, tres siglos escribiendo historia del vino I<br>&nbsp;<\/strong>Alvear, fundada en 1729, es la bodega m\u00e1s antigua no solo de Montilla, sino de toda Andaluc\u00eda.&nbsp;<a href=\"https:\/\/www.elalmanaque.com\/Julio20\/2-7-20.htm#GASTRONOMIA-HOSTELERIA\"><\/a><\/td><td><strong>TARRAGONA TIENTA AL PALADAR CON SUS JORNADAS GASTRON\u00d3MICAS \u2018EL ARROZ MARINERO\u2019<\/strong><br>Del 1 al 19 de julio, la capital catalana pone en valor su sabrosa gastronom\u00eda con este evento culinario basado en uno de los platos estrella de su cocina. \u2018Arroz de sepia con almejas y cigalas\u2019, \u2018Arroz caldoso de gamba roja de Tarragona\u2019, \u2018Arroz a la masqueta de azafr\u00e1n de La Conca y trufa de verano\u2019, \u2018Arroz de erizo de mar del senyoret\u2019\u2026&nbsp;<a href=\"https:\/\/www.elalmanaque.com\/Julio20\/2-7-20.htm#GASTRONOMIA-HOSTELERIA\"><\/a><\/td><\/tr><tr><td><strong>VIAJES &#8211; &nbsp;TURISMO<\/strong><\/td><td><strong>FIESTAS &#8211; HOTELERIA<\/strong><\/td><\/tr><tr><td><strong>Algunos destinos est\u00e1n dispuestos a pagar parte de los gastos para atraer turistas&nbsp;<\/strong>El final del estado de alerta en Espa\u00f1a y en varios otros pa\u00edses coincide con el comienzo del verano y la temporada m\u00e1s alta de viajes, aunque previsiblemente este a\u00f1o no ser\u00e1n tan alta.<br>&nbsp;<strong>Suiza dar\u00e1 cheques a sus ciudadanos para hacer turismo<br><\/strong>Un programa potencial de recuperaci\u00f3n del turismo por coronavirus incluye una propuesta para dar a cada ciudadano un vale por valor del equivalente a m\u00e1s de 200 d\u00f3lares para gastar en los sectores de turismo y hoteler\u00eda de la naci\u00f3n. Aunque es un pa\u00eds peque\u00f1o Suiza ofrece turismo natural, historia, cultura propia e importada&#8230;&nbsp;<a href=\"https:\/\/www.elalmanaque.com\/Julio20\/2-7-20.htm#TURISMO\"><\/a><\/td><td><img loading=\"lazy\" decoding=\"async\" width=\"94\" height=\"133\" src=\"https:\/\/elalmanaque.com\/Julio20\/fotos\/YOGA42-M.jpg\"><br><strong>CASTELL\u00d3 ACOGE UN A\u00d1O M\u00c1S SU GRAN FESTIVAL DE YOGA <\/strong>EN LA PLAYA<br>Del 10 al 12 de julio, las inmediaciones del Planetario, en la playa del Pinar, ser\u00e1n escenario de actividades gratuitas relacionadas con la meditaci\u00f3n y la relajaci\u00f3n&nbsp;<strong>\u2018VISIT RIOJA ALAVESA\u2019: LOS \u2018PACKS EXPERIENCIA\u2019 LLEGAN A LA RUTA DEL VINO DE RIOJA ALAVESA&nbsp;<\/strong>La presentaci\u00f3n de su plan de acci\u00f3n 2020 para incentivar el turismo, en donde el lanzamiento de la web de comercializaci\u00f3n de experiencias se convierte en la protagonista&nbsp;<a href=\"https:\/\/www.elalmanaque.com\/Julio20\/2-7-20.htm#TURISMO\"><\/a><\/td><\/tr><tr><td><img loading=\"lazy\" decoding=\"async\" src=\"https:\/\/www.elalmanaque.com\/turismo\/destinos\/toulousse\/space14.jpg\" width=\"132\" height=\"100\"><strong>TOULOUSSE&nbsp;:&nbsp;LA CIUDAD DEL ESPACIO &#8211; La Ciudad del Espacio, el primer parque tem\u00e1tico de Europa sobre el espacio&nbsp;<\/strong>En los a\u00f1os 60, cuando Francia entr\u00f3 en la aventura espacial, la ciudad fue escogida para&nbsp; instalar el centro t\u00e9cnico y operacional del CNES (Centro Nacional de Estudios Espaciales).&nbsp;<strong>&nbsp;<\/strong>&nbsp;<a href=\"https:\/\/www.elalmanaque.com\/Julio20\/2-7-20.htm#TURISMO\"><\/a><\/td><td><strong>Madeira, nominada a Mejor Destino Insular Europeo en los World Travel Awards<\/strong><strong><br>Madeira compite por s\u00e9ptima por s\u00e9ptima vez en la categor\u00eda Mejor Destino Insular Europeo en los World Travel Awards.<\/strong>&nbsp;<a href=\"https:\/\/www.elalmanaque.com\/Julio20\/2-7-20.htm#TURISMO\"><\/a><\/td><\/tr><\/tbody><\/table><\/figure>\n<\/div><\/div>\n\n\n\n<p><a href=\"https:\/\/www.elalmanaque.com\/almanaques_2020.htm\">ARCHIVO<\/a><a href=\"https:\/\/www.elalmanaque.com\/almanaques_2019.htm\">&nbsp;&#8211;&nbsp;<\/a><strong><a href=\"https:\/\/elalmanaque.com\/portada\/index.htm\">PORTADA<\/a><\/strong><strong>S &#8211;&nbsp;<\/strong><a href=\"https:\/\/www.elalmanaque.com\/almanaques_2019.htm\">EDICIONES DE ALMANAQUES&nbsp;<\/a><a href=\"https:\/\/www.elalmanaque.com\/almanaques_2020.htm\">JULIO<\/a><a href=\"https:\/\/www.elalmanaque.com\/almanaques_2020.htm\"><strong>&nbsp;20<\/strong>20&nbsp;<\/a>:&nbsp;<a href=\"https:\/\/elalmanaque.com\/Julio20\/1-7-20.htm\">1<\/a><\/p>\n\n\n\n<p>SUSCRIPCIONES AL MAGAZINE :&nbsp; El Almanaque se env\u00eda \u00fanicamente a los suscriptores.&nbsp;Suscripciones gratis&nbsp;&nbsp;<\/p>\n\n\n\n<p>Para informaci\u00f3n, consultas y\/o sugerencias , contactar con Editor y Webmaster :&nbsp;<a href=\"mailto:webmaster@elalmanaque.com\">webmaster<\/a><a href=\"mailto:webmaster@elalmanaque.com\">@elalmanaque.com<\/a>&nbsp;<\/p>\n","protected":false},"excerpt":{"rendered":"<p>SANTORAL&nbsp;&nbsp;&#8211;&nbsp;L\u00c9XICO&nbsp;&#8211;&nbsp;EFEM\u00c9RIDES&nbsp;&#8211;&nbsp;&nbsp;CALENDARIOS &#8211;&nbsp;&nbsp;HUMOR&nbsp;&#8211;&nbsp;GASTRONOMIA&nbsp;&#8211;&nbsp;TURISMO&nbsp;&#8211;&nbsp;DESTINOS&#8211;&nbsp;REPORTAJES El Almanaque N\u00ba 7530 Jueves 2 de Julio de 2020&nbsp; Efem\u00e9rides 2 de Julio&nbsp;&nbsp; 1566 Muere el matem\u00e1tico y astr\u00f3logo franc\u00e9s Nostradamus.&nbsp; LEA&hellip; <\/p>\n","protected":false},"author":1,"featured_media":31355,"comment_status":"closed","ping_status":"closed","sticky":false,"template":"","format":"standard","meta":{"footnotes":""},"categories":[106,75,16,121,120,3],"tags":[],"class_list":["post-31925","post","type-post","status-publish","format-standard","has-post-thumbnail","hentry","category-almanaques","category-astrologia","category-efemerides","category-lexico","category-santoral","category-turismo"],"yoast_head":"<!-- This site is optimized with the Yoast SEO plugin v24.8.1 - https:\/\/yoast.com\/wordpress\/plugins\/seo\/ -->\n<title>El Almanaque N\u00ba 7530 Jueves 2 de Julio de 2020 - El Almanaque<\/title>\n<meta name=\"robots\" content=\"index, follow, max-snippet:-1, max-image-preview:large, max-video-preview:-1\" \/>\n<link rel=\"canonical\" href=\"https:\/\/www.elalmanaque.com\/wp\/almanaques\/el-almanaque-no-7530-jueves-2-de-julio-de-2020\/\" \/>\n<meta property=\"og:locale\" content=\"es_ES\" \/>\n<meta property=\"og:type\" content=\"article\" \/>\n<meta property=\"og:title\" content=\"El Almanaque N\u00ba 7530 Jueves 2 de Julio de 2020 - El Almanaque\" \/>\n<meta property=\"og:description\" content=\"SANTORAL&nbsp;&nbsp;&#8211;&nbsp;L\u00c9XICO&nbsp;&#8211;&nbsp;EFEM\u00c9RIDES&nbsp;&#8211;&nbsp;&nbsp;CALENDARIOS &#8211;&nbsp;&nbsp;HUMOR&nbsp;&#8211;&nbsp;GASTRONOMIA&nbsp;&#8211;&nbsp;TURISMO&nbsp;&#8211;&nbsp;DESTINOS&#8211;&nbsp;REPORTAJES El Almanaque N\u00ba 7530 Jueves 2 de Julio de 2020&nbsp; Efem\u00e9rides 2 de Julio&nbsp;&nbsp; 1566 Muere el matem\u00e1tico y astr\u00f3logo franc\u00e9s Nostradamus.&nbsp; LEA&hellip;\" \/>\n<meta property=\"og:url\" content=\"https:\/\/www.elalmanaque.com\/wp\/almanaques\/el-almanaque-no-7530-jueves-2-de-julio-de-2020\/\" \/>\n<meta property=\"og:site_name\" content=\"El Almanaque\" \/>\n<meta property=\"article:published_time\" content=\"2020-07-02T14:30:53+00:00\" \/>\n<meta property=\"article:modified_time\" content=\"2020-07-02T14:55:11+00:00\" \/>\n<meta property=\"og:image\" content=\"https:\/\/www.elalmanaque.com\/wp\/wp-content\/uploads\/2020\/05\/1919134_113832331973143_7344793_n.jpg\" \/>\n\t<meta property=\"og:image:width\" content=\"130\" \/>\n\t<meta property=\"og:image:height\" content=\"126\" \/>\n\t<meta property=\"og:image:type\" content=\"image\/jpeg\" \/>\n<meta name=\"author\" content=\"Redactor\" \/>\n<meta name=\"twitter:card\" content=\"summary_large_image\" \/>\n<meta name=\"twitter:label1\" content=\"Escrito por\" \/>\n\t<meta name=\"twitter:data1\" content=\"Redactor\" \/>\n\t<meta name=\"twitter:label2\" content=\"Tiempo de lectura\" \/>\n\t<meta name=\"twitter:data2\" content=\"8 minutos\" \/>\n<script type=\"application\/ld+json\" class=\"yoast-schema-graph\">{\"@context\":\"https:\/\/schema.org\",\"@graph\":[{\"@type\":\"Article\",\"@id\":\"https:\/\/www.elalmanaque.com\/wp\/almanaques\/el-almanaque-no-7530-jueves-2-de-julio-de-2020\/#article\",\"isPartOf\":{\"@id\":\"https:\/\/www.elalmanaque.com\/wp\/almanaques\/el-almanaque-no-7530-jueves-2-de-julio-de-2020\/\"},\"author\":{\"name\":\"Redactor\",\"@id\":\"https:\/\/www.elalmanaque.com\/wp\/#\/schema\/person\/61ab31c67167988fe2679d590ca85afe\"},\"headline\":\"El Almanaque N\u00ba 7530 Jueves 2 de Julio de 2020\",\"datePublished\":\"2020-07-02T14:30:53+00:00\",\"dateModified\":\"2020-07-02T14:55:11+00:00\",\"mainEntityOfPage\":{\"@id\":\"https:\/\/www.elalmanaque.com\/wp\/almanaques\/el-almanaque-no-7530-jueves-2-de-julio-de-2020\/\"},\"wordCount\":1585,\"publisher\":{\"@id\":\"https:\/\/www.elalmanaque.com\/wp\/#organization\"},\"image\":{\"@id\":\"https:\/\/www.elalmanaque.com\/wp\/almanaques\/el-almanaque-no-7530-jueves-2-de-julio-de-2020\/#primaryimage\"},\"thumbnailUrl\":\"https:\/\/www.elalmanaque.com\/wp\/wp-content\/uploads\/2020\/05\/1919134_113832331973143_7344793_n.jpg\",\"articleSection\":[\"Almanaques\",\"Astrologia\",\"Efem\u00e9rides\",\"Lexico\",\"Santoral\",\"Turismo\"],\"inLanguage\":\"es\"},{\"@type\":\"WebPage\",\"@id\":\"https:\/\/www.elalmanaque.com\/wp\/almanaques\/el-almanaque-no-7530-jueves-2-de-julio-de-2020\/\",\"url\":\"https:\/\/www.elalmanaque.com\/wp\/almanaques\/el-almanaque-no-7530-jueves-2-de-julio-de-2020\/\",\"name\":\"El Almanaque N\u00ba 7530 Jueves 2 de Julio de 2020 - El Almanaque\",\"isPartOf\":{\"@id\":\"https:\/\/www.elalmanaque.com\/wp\/#website\"},\"primaryImageOfPage\":{\"@id\":\"https:\/\/www.elalmanaque.com\/wp\/almanaques\/el-almanaque-no-7530-jueves-2-de-julio-de-2020\/#primaryimage\"},\"image\":{\"@id\":\"https:\/\/www.elalmanaque.com\/wp\/almanaques\/el-almanaque-no-7530-jueves-2-de-julio-de-2020\/#primaryimage\"},\"thumbnailUrl\":\"https:\/\/www.elalmanaque.com\/wp\/wp-content\/uploads\/2020\/05\/1919134_113832331973143_7344793_n.jpg\",\"datePublished\":\"2020-07-02T14:30:53+00:00\",\"dateModified\":\"2020-07-02T14:55:11+00:00\",\"breadcrumb\":{\"@id\":\"https:\/\/www.elalmanaque.com\/wp\/almanaques\/el-almanaque-no-7530-jueves-2-de-julio-de-2020\/#breadcrumb\"},\"inLanguage\":\"es\",\"potentialAction\":[{\"@type\":\"ReadAction\",\"target\":[\"https:\/\/www.elalmanaque.com\/wp\/almanaques\/el-almanaque-no-7530-jueves-2-de-julio-de-2020\/\"]}]},{\"@type\":\"ImageObject\",\"inLanguage\":\"es\",\"@id\":\"https:\/\/www.elalmanaque.com\/wp\/almanaques\/el-almanaque-no-7530-jueves-2-de-julio-de-2020\/#primaryimage\",\"url\":\"https:\/\/www.elalmanaque.com\/wp\/wp-content\/uploads\/2020\/05\/1919134_113832331973143_7344793_n.jpg\",\"contentUrl\":\"https:\/\/www.elalmanaque.com\/wp\/wp-content\/uploads\/2020\/05\/1919134_113832331973143_7344793_n.jpg\",\"width\":130,\"height\":126},{\"@type\":\"BreadcrumbList\",\"@id\":\"https:\/\/www.elalmanaque.com\/wp\/almanaques\/el-almanaque-no-7530-jueves-2-de-julio-de-2020\/#breadcrumb\",\"itemListElement\":[{\"@type\":\"ListItem\",\"position\":1,\"name\":\"Portada\",\"item\":\"https:\/\/www.elalmanaque.com\/wp\/\"},{\"@type\":\"ListItem\",\"position\":2,\"name\":\"El Almanaque N\u00ba 7530 Jueves 2 de Julio de 2020\"}]},{\"@type\":\"WebSite\",\"@id\":\"https:\/\/www.elalmanaque.com\/wp\/#website\",\"url\":\"https:\/\/www.elalmanaque.com\/wp\/\",\"name\":\"El Almanaque\",\"description\":\"Revista de Cultura y Ocio\",\"publisher\":{\"@id\":\"https:\/\/www.elalmanaque.com\/wp\/#organization\"},\"potentialAction\":[{\"@type\":\"SearchAction\",\"target\":{\"@type\":\"EntryPoint\",\"urlTemplate\":\"https:\/\/www.elalmanaque.com\/wp\/?s={search_term_string}\"},\"query-input\":{\"@type\":\"PropertyValueSpecification\",\"valueRequired\":true,\"valueName\":\"search_term_string\"}}],\"inLanguage\":\"es\"},{\"@type\":\"Organization\",\"@id\":\"https:\/\/www.elalmanaque.com\/wp\/#organization\",\"name\":\"El Almanaque\",\"url\":\"https:\/\/www.elalmanaque.com\/wp\/\",\"logo\":{\"@type\":\"ImageObject\",\"inLanguage\":\"es\",\"@id\":\"https:\/\/www.elalmanaque.com\/wp\/#\/schema\/logo\/image\/\",\"url\":\"https:\/\/www.elalmanaque.com\/wp\/wp-content\/uploads\/2020\/03\/cropped-elalmanaque.jpg\",\"contentUrl\":\"https:\/\/www.elalmanaque.com\/wp\/wp-content\/uploads\/2020\/03\/cropped-elalmanaque.jpg\",\"width\":900,\"height\":164,\"caption\":\"El Almanaque\"},\"image\":{\"@id\":\"https:\/\/www.elalmanaque.com\/wp\/#\/schema\/logo\/image\/\"}},{\"@type\":\"Person\",\"@id\":\"https:\/\/www.elalmanaque.com\/wp\/#\/schema\/person\/61ab31c67167988fe2679d590ca85afe\",\"name\":\"Redactor\",\"image\":{\"@type\":\"ImageObject\",\"inLanguage\":\"es\",\"@id\":\"https:\/\/www.elalmanaque.com\/wp\/#\/schema\/person\/image\/\",\"url\":\"https:\/\/secure.gravatar.com\/avatar\/a1cd6ad4f449e45fea5ebd57548cb588?s=96&d=mm&r=g\",\"contentUrl\":\"https:\/\/secure.gravatar.com\/avatar\/a1cd6ad4f449e45fea5ebd57548cb588?s=96&d=mm&r=g\",\"caption\":\"Redactor\"},\"url\":\"https:\/\/www.elalmanaque.com\/wp\/author\/useralmanaque\/\"}]}<\/script>\n<!-- \/ Yoast SEO plugin. -->","yoast_head_json":{"title":"El Almanaque N\u00ba 7530 Jueves 2 de Julio de 2020 - El Almanaque","robots":{"index":"index","follow":"follow","max-snippet":"max-snippet:-1","max-image-preview":"max-image-preview:large","max-video-preview":"max-video-preview:-1"},"canonical":"https:\/\/www.elalmanaque.com\/wp\/almanaques\/el-almanaque-no-7530-jueves-2-de-julio-de-2020\/","og_locale":"es_ES","og_type":"article","og_title":"El Almanaque N\u00ba 7530 Jueves 2 de Julio de 2020 - El Almanaque","og_description":"SANTORAL&nbsp;&nbsp;&#8211;&nbsp;L\u00c9XICO&nbsp;&#8211;&nbsp;EFEM\u00c9RIDES&nbsp;&#8211;&nbsp;&nbsp;CALENDARIOS &#8211;&nbsp;&nbsp;HUMOR&nbsp;&#8211;&nbsp;GASTRONOMIA&nbsp;&#8211;&nbsp;TURISMO&nbsp;&#8211;&nbsp;DESTINOS&#8211;&nbsp;REPORTAJES El Almanaque N\u00ba 7530 Jueves 2 de Julio de 2020&nbsp; Efem\u00e9rides 2 de Julio&nbsp;&nbsp; 1566 Muere el matem\u00e1tico y astr\u00f3logo franc\u00e9s Nostradamus.&nbsp; LEA&hellip;","og_url":"https:\/\/www.elalmanaque.com\/wp\/almanaques\/el-almanaque-no-7530-jueves-2-de-julio-de-2020\/","og_site_name":"El Almanaque","article_published_time":"2020-07-02T14:30:53+00:00","article_modified_time":"2020-07-02T14:55:11+00:00","og_image":[{"width":130,"height":126,"url":"https:\/\/www.elalmanaque.com\/wp\/wp-content\/uploads\/2020\/05\/1919134_113832331973143_7344793_n.jpg","type":"image\/jpeg"}],"author":"Redactor","twitter_card":"summary_large_image","twitter_misc":{"Escrito por":"Redactor","Tiempo de lectura":"8 minutos"},"schema":{"@context":"https:\/\/schema.org","@graph":[{"@type":"Article","@id":"https:\/\/www.elalmanaque.com\/wp\/almanaques\/el-almanaque-no-7530-jueves-2-de-julio-de-2020\/#article","isPartOf":{"@id":"https:\/\/www.elalmanaque.com\/wp\/almanaques\/el-almanaque-no-7530-jueves-2-de-julio-de-2020\/"},"author":{"name":"Redactor","@id":"https:\/\/www.elalmanaque.com\/wp\/#\/schema\/person\/61ab31c67167988fe2679d590ca85afe"},"headline":"El Almanaque N\u00ba 7530 Jueves 2 de Julio de 2020","datePublished":"2020-07-02T14:30:53+00:00","dateModified":"2020-07-02T14:55:11+00:00","mainEntityOfPage":{"@id":"https:\/\/www.elalmanaque.com\/wp\/almanaques\/el-almanaque-no-7530-jueves-2-de-julio-de-2020\/"},"wordCount":1585,"publisher":{"@id":"https:\/\/www.elalmanaque.com\/wp\/#organization"},"image":{"@id":"https:\/\/www.elalmanaque.com\/wp\/almanaques\/el-almanaque-no-7530-jueves-2-de-julio-de-2020\/#primaryimage"},"thumbnailUrl":"https:\/\/www.elalmanaque.com\/wp\/wp-content\/uploads\/2020\/05\/1919134_113832331973143_7344793_n.jpg","articleSection":["Almanaques","Astrologia","Efem\u00e9rides","Lexico","Santoral","Turismo"],"inLanguage":"es"},{"@type":"WebPage","@id":"https:\/\/www.elalmanaque.com\/wp\/almanaques\/el-almanaque-no-7530-jueves-2-de-julio-de-2020\/","url":"https:\/\/www.elalmanaque.com\/wp\/almanaques\/el-almanaque-no-7530-jueves-2-de-julio-de-2020\/","name":"El Almanaque N\u00ba 7530 Jueves 2 de Julio de 2020 - El Almanaque","isPartOf":{"@id":"https:\/\/www.elalmanaque.com\/wp\/#website"},"primaryImageOfPage":{"@id":"https:\/\/www.elalmanaque.com\/wp\/almanaques\/el-almanaque-no-7530-jueves-2-de-julio-de-2020\/#primaryimage"},"image":{"@id":"https:\/\/www.elalmanaque.com\/wp\/almanaques\/el-almanaque-no-7530-jueves-2-de-julio-de-2020\/#primaryimage"},"thumbnailUrl":"https:\/\/www.elalmanaque.com\/wp\/wp-content\/uploads\/2020\/05\/1919134_113832331973143_7344793_n.jpg","datePublished":"2020-07-02T14:30:53+00:00","dateModified":"2020-07-02T14:55:11+00:00","breadcrumb":{"@id":"https:\/\/www.elalmanaque.com\/wp\/almanaques\/el-almanaque-no-7530-jueves-2-de-julio-de-2020\/#breadcrumb"},"inLanguage":"es","potentialAction":[{"@type":"ReadAction","target":["https:\/\/www.elalmanaque.com\/wp\/almanaques\/el-almanaque-no-7530-jueves-2-de-julio-de-2020\/"]}]},{"@type":"ImageObject","inLanguage":"es","@id":"https:\/\/www.elalmanaque.com\/wp\/almanaques\/el-almanaque-no-7530-jueves-2-de-julio-de-2020\/#primaryimage","url":"https:\/\/www.elalmanaque.com\/wp\/wp-content\/uploads\/2020\/05\/1919134_113832331973143_7344793_n.jpg","contentUrl":"https:\/\/www.elalmanaque.com\/wp\/wp-content\/uploads\/2020\/05\/1919134_113832331973143_7344793_n.jpg","width":130,"height":126},{"@type":"BreadcrumbList","@id":"https:\/\/www.elalmanaque.com\/wp\/almanaques\/el-almanaque-no-7530-jueves-2-de-julio-de-2020\/#breadcrumb","itemListElement":[{"@type":"ListItem","position":1,"name":"Portada","item":"https:\/\/www.elalmanaque.com\/wp\/"},{"@type":"ListItem","position":2,"name":"El Almanaque N\u00ba 7530 Jueves 2 de Julio de 2020"}]},{"@type":"WebSite","@id":"https:\/\/www.elalmanaque.com\/wp\/#website","url":"https:\/\/www.elalmanaque.com\/wp\/","name":"El Almanaque","description":"Revista de Cultura y Ocio","publisher":{"@id":"https:\/\/www.elalmanaque.com\/wp\/#organization"},"potentialAction":[{"@type":"SearchAction","target":{"@type":"EntryPoint","urlTemplate":"https:\/\/www.elalmanaque.com\/wp\/?s={search_term_string}"},"query-input":{"@type":"PropertyValueSpecification","valueRequired":true,"valueName":"search_term_string"}}],"inLanguage":"es"},{"@type":"Organization","@id":"https:\/\/www.elalmanaque.com\/wp\/#organization","name":"El Almanaque","url":"https:\/\/www.elalmanaque.com\/wp\/","logo":{"@type":"ImageObject","inLanguage":"es","@id":"https:\/\/www.elalmanaque.com\/wp\/#\/schema\/logo\/image\/","url":"https:\/\/www.elalmanaque.com\/wp\/wp-content\/uploads\/2020\/03\/cropped-elalmanaque.jpg","contentUrl":"https:\/\/www.elalmanaque.com\/wp\/wp-content\/uploads\/2020\/03\/cropped-elalmanaque.jpg","width":900,"height":164,"caption":"El Almanaque"},"image":{"@id":"https:\/\/www.elalmanaque.com\/wp\/#\/schema\/logo\/image\/"}},{"@type":"Person","@id":"https:\/\/www.elalmanaque.com\/wp\/#\/schema\/person\/61ab31c67167988fe2679d590ca85afe","name":"Redactor","image":{"@type":"ImageObject","inLanguage":"es","@id":"https:\/\/www.elalmanaque.com\/wp\/#\/schema\/person\/image\/","url":"https:\/\/secure.gravatar.com\/avatar\/a1cd6ad4f449e45fea5ebd57548cb588?s=96&d=mm&r=g","contentUrl":"https:\/\/secure.gravatar.com\/avatar\/a1cd6ad4f449e45fea5ebd57548cb588?s=96&d=mm&r=g","caption":"Redactor"},"url":"https:\/\/www.elalmanaque.com\/wp\/author\/useralmanaque\/"}]}},"_links":{"self":[{"href":"https:\/\/www.elalmanaque.com\/wp\/wp-json\/wp\/v2\/posts\/31925","targetHints":{"allow":["GET"]}}],"collection":[{"href":"https:\/\/www.elalmanaque.com\/wp\/wp-json\/wp\/v2\/posts"}],"about":[{"href":"https:\/\/www.elalmanaque.com\/wp\/wp-json\/wp\/v2\/types\/post"}],"author":[{"embeddable":true,"href":"https:\/\/www.elalmanaque.com\/wp\/wp-json\/wp\/v2\/users\/1"}],"replies":[{"embeddable":true,"href":"https:\/\/www.elalmanaque.com\/wp\/wp-json\/wp\/v2\/comments?post=31925"}],"version-history":[{"count":3,"href":"https:\/\/www.elalmanaque.com\/wp\/wp-json\/wp\/v2\/posts\/31925\/revisions"}],"predecessor-version":[{"id":31932,"href":"https:\/\/www.elalmanaque.com\/wp\/wp-json\/wp\/v2\/posts\/31925\/revisions\/31932"}],"wp:featuredmedia":[{"embeddable":true,"href":"https:\/\/www.elalmanaque.com\/wp\/wp-json\/wp\/v2\/media\/31355"}],"wp:attachment":[{"href":"https:\/\/www.elalmanaque.com\/wp\/wp-json\/wp\/v2\/media?parent=31925"}],"wp:term":[{"taxonomy":"category","embeddable":true,"href":"https:\/\/www.elalmanaque.com\/wp\/wp-json\/wp\/v2\/categories?post=31925"},{"taxonomy":"post_tag","embeddable":true,"href":"https:\/\/www.elalmanaque.com\/wp\/wp-json\/wp\/v2\/tags?post=31925"}],"curies":[{"name":"wp","href":"https:\/\/api.w.org\/{rel}","templated":true}]}}