{"id":31817,"date":"2020-06-25T16:51:07","date_gmt":"2020-06-25T15:51:07","guid":{"rendered":"https:\/\/www.elalmanaque.com\/wp\/?p=31817"},"modified":"2020-06-25T16:51:09","modified_gmt":"2020-06-25T15:51:09","slug":"el-almanaque-no-7523-jueves-25-de-junio-de-2020","status":"publish","type":"post","link":"https:\/\/www.elalmanaque.com\/wp\/almanaques\/el-almanaque-no-7523-jueves-25-de-junio-de-2020\/","title":{"rendered":"El Almanaque N\u00ba 7523 Jueves 25 de Junio de 2020"},"content":{"rendered":"\n<p><a href=\"https:\/\/www.elalmanaque.com\/santoral\/index.htm\">SANTORAL<\/a>&nbsp;&nbsp;&#8211;&nbsp;<a href=\"https:\/\/www.elalmanaque.com\/El_Origen_de_las_Palabras\/index.html\">L\u00c9XICO<\/a>&nbsp;&#8211;&nbsp;<a href=\"https:\/\/www.elalmanaque.com\/Efemerides\/index.htm\">EFEM\u00c9RIDES<\/a>&nbsp;&#8211;&nbsp;&nbsp;<a href=\"https:\/\/www.elalmanaque.com\/Calendarios\">CALENDARIOS &#8211;<\/a>&nbsp;&nbsp;<a href=\"https:\/\/www.elalmanaque.com\/Humor_II\/index.html\">HUMOR<\/a><strong>&nbsp;<\/strong>&#8211;&nbsp;<a href=\"https:\/\/www.elalmanaque.com\/turismo\/gastronomia\/index.htm\">G<\/a><a href=\"https:\/\/www.elalmanaque.com\/turismo\/gastronomia\/index.htm\">ASTRONOMIA<\/a>&nbsp;&#8211;&nbsp;<a href=\"https:\/\/www.elalmanaque.com\/turismo\/index.htm\">TURISMO<\/a><strong>&nbsp;&#8211;&nbsp;<\/strong><a href=\"https:\/\/www.elalmanaque.com\/turismo\/destinos\">DESTINOS<strong>&#8211;<\/strong><\/a><strong>&nbsp;<\/strong><a href=\"https:\/\/www.elalmanaque.com\/reportajes\/index.htm\">REPORTAJES<\/a><\/p>\n\n\n\n<p><a href=\"https:\/\/elalmanaque.com\/Jun20\/25-6-20.htm\">El Almanaque N\u00ba 7523 Jueves 25 de Junio de 2020<\/a>\u00a0<\/p>\n\n\n\n<p>D\u00eda de la Gente de Mar<br><br><img decoding=\"async\" src=\"https:\/\/www.elalmanaque.com\/Junio15\/fotos\/dia-mar.jpg\"><br>&nbsp;<\/p>\n\n\n\n<blockquote class=\"wp-block-quote is-layout-flow wp-block-quote-is-layout-flow\"><p>El D\u00eda de la Gente de Mar es un d\u00eda oficial de observancia internacional de la\u200b\u200bs Naciones Unidas que se celebra cada a\u00f1o el 25 de junio,&nbsp;tiene como objetivo aumentar la conciencia entre el p\u00fablico en general sobre los 1,5 millones de marinos del mundo<\/p><\/blockquote>\n\n\n\n<p><strong><a href=\"https:\/\/www.elalmanaque.com\/Jun20\/25-6-20.htm\">LEA COMPLETO EL ALMANAQUE DE HOY<\/a><\/strong><\/p>\n\n\n\n<figure><iframe loading=\"lazy\" width=\"728\" height=\"90\" src=\"https:\/\/rcm-eu.amazon-adsystem.com\/e\/cm?o=30&amp;p=48&amp;l=ur1&amp;category=electronica&amp;banner=1ZFFFVGD3JXYV7FSVA02&amp;f=ifr&amp;linkID=c21785b2eede7444a87cf67d73ae21c8&amp;t=wwwelalmanaqu-21&amp;tracking_id=wwwelalmanaqu-21\"><\/iframe><\/figure>\n\n\n\n<p><a target=\"_blank\" href=\"https:\/\/amzn.to\/2AZdc4x\" rel=\"noreferrer noopener\">\u00daltimas novedades de Amazon<\/a>&nbsp;&#8211;&nbsp;<a target=\"_blank\" href=\"https:\/\/www.amazon.es\/b?node=2454136031&amp;_encoding=UTF8&amp;tag=wwwelalmanaqu-21\" rel=\"noreferrer noopener\">Deportes y aire libre<\/a>&nbsp;&#8211;&nbsp;<a href=\"https:\/\/amzn.to\/3cNHRyQ\">Tienda de Electr\u00f3nica<\/a>&nbsp;&#8211;&nbsp;<a target=\"_blank\" href=\"https:\/\/amzn.to\/37njl6M\" rel=\"noreferrer noopener\">BELLEZA<\/a><\/p>\n\n\n\n<div class=\"wp-block-group\"><div class=\"wp-block-group__inner-container is-layout-flow wp-block-group-is-layout-flow\">\n<figure class=\"wp-block-table\"><table><tbody><tr><td><strong>EFEM\u00c9RIDES<\/strong><\/td><td><strong>SANTORAL<\/strong><\/td><\/tr><tr><td><img loading=\"lazy\" decoding=\"async\" src=\"https:\/\/www.elalmanaque.com\/Oct15\/lexico.jpg\" width=\"64\" height=\"59\"><strong>EFEM\u00c9RIDES&nbsp;<\/strong><strong>25 de&nbsp;Junio<br><\/strong>1549 San Francisco Javier embarca en la pen\u00ednsula malaya en direcci\u00f3n hacia Jap\u00f3n.&nbsp;<br>1706 Guerra de Sucesi\u00f3n Espa\u00f1ola: Madrid es ocupada por el Archiduque Carlos.&nbsp;<br>1767 Muere el compositor Georg Phillipp Telemann.&nbsp;<br>1822 Muere el compositor, dibujante y pintor Ernst Theodor Amadeus Hoffmann.&nbsp;<br>1852 Nace el arquitecto Antoni Gaud\u00ed.<strong>&nbsp;<\/strong><a href=\"https:\/\/www.elalmanaque.com\/Jun20\/25-6-20.htm#LEXICO\"><\/a><br>&nbsp;<\/td><td><strong>SANTORAL&nbsp;25<\/strong><strong>&nbsp;de&nbsp;Junio<br><\/strong>Guillermo&nbsp;<em>abad<\/em>; Orosia, Luc\u00eda y Febronia&nbsp;&nbsp;<em>v\u00edrgenes<\/em>; galiciano, M\u00e1ximo y pr\u00f3spero&nbsp;<em>obispos<\/em>; Sos\u00edpatro, Amando, Adalberto y Emiliano&nbsp;&nbsp;<em>confesores<\/em>; Agat\u00f3n, Luc\u00eda y Di\u00f3genes&nbsp;&nbsp;<em>m\u00e1rtires<\/em>; Godoaldo&nbsp;&nbsp;<em>monje<\/em>; F\u00e9lix&nbsp;<em>ermita\u00f1o<\/em>;Eva, Salom\u00f3n&nbsp;<em>rey de Breta\u00f1a.&nbsp;<br><\/em><a><strong>ONOM\u00c1STICA<\/strong><\/a><strong>&nbsp;<\/strong><strong>:&nbsp;EVA&nbsp;<\/strong>Como dice el G\u00e9nesis, en que aparece el nombre de Eva con su interpretaci\u00f3n,&nbsp;&nbsp;<em>Eva<\/em>&nbsp;significa \u00abMadre de todos los mortales\u00bb.&nbsp;<strong>&nbsp;&nbsp;<\/strong>&nbsp;<a href=\"https:\/\/www.elalmanaque.com\/Jun20\/25-6-20.htm#LEXICO\"><\/a><br>&nbsp;<\/td><\/tr><tr><td><strong>L\u00c9XICO<\/strong><\/td><td><strong>BIOGRAFIAS<\/strong><\/td><\/tr><tr><td><strong>LA PALABRA DEL D\u00cdA&nbsp;&#8211;&nbsp;<\/strong><strong>TALASOTERAPIA<\/strong><br>Como consecuencia de haberse puesto de moda el concepto de terapia, ha crecido de forma espectacular el listado de nuevas palabras terminadas en terapia, una de ellas es la hidroterapia, de la que es una rama importante la talasoterapia. Es \u00e9ste uno de los efectos del crecimiento de la medicina alternativa, que opta siempre por las curas no agresivas.&nbsp;<strong>&nbsp;<\/strong>&nbsp;<a href=\"https:\/\/www.elalmanaque.com\/Jun20\/25-6-20.htm#LEXICO\"><\/a><\/td><td><img loading=\"lazy\" decoding=\"async\" src=\"https:\/\/elalmanaque.com\/Jun20\/fotos\/Cousteau2.jpg\" width=\"117\" height=\"120\"><strong>Jacques-Yves Cousteau&nbsp;<\/strong>(Saint-Andr\u00e9-de-Cubzac, 11 de junio de 1910 &#8211; Par\u00eds, 25 de junio de 1997) fue un oficial naval franc\u00e9s, explorador e investigador que estudi\u00f3 el mar y varias formas de vida conocidas en el agua. Se recuerda sobre todo a Cousteau por haber sido en 1943 y junto a \u00c9mile Gagnan el coinventor de los reguladores utilizados todav\u00eda actualmente en el buceo aut\u00f3nomo (tanto profesional como recreativo) con independencia de cables y tubos de suministro de aire desde la superficie.&nbsp;&nbsp;<a href=\"https:\/\/www.elalmanaque.com\/Jun20\/25-6-20.htm#LEXICO\"><\/a><br>&nbsp;<\/td><\/tr><tr><td><strong>DIAS MUNDIALES &#8211;<\/strong><\/td><td>&nbsp;<\/td><\/tr><tr><td><img decoding=\"async\" src=\"http:\/\/www.elalmanaque.com\/Junio16\/fotos\/dia-mar-p.jpg\"><strong><a href=\"http:\/\/www.elalmanaque.com\/Junio17\/25-6-17.htm#SOLIDARIDAD%20-%20AUTOAYUDA%20-%20DIAS%20MUNDIALES\">D\u00eda de la Gente de Mar&nbsp;<\/a><\/strong>El D\u00eda de la Gente de Mar es un d\u00eda oficial de observancia internacional de la\u200b\u200bs Naciones Unidas que se celebra cada a\u00f1o el 25 de junio. Est\u00e1 organizado por la Organizaci\u00f3n Mar\u00edtima Internacional y tiene como objetivo aumentar la conciencia entre el p\u00fablico en general sobre los 1,5 millones de marinos del mundo por su singular, y con demasiada frecuencia pasada por alto, contribuci\u00f3n que hacen al bienestar de todos nosotros&nbsp;<a href=\"https:\/\/www.elalmanaque.com\/Jun20\/25-6-20.htm#TECNOLOGIA%20E%20INTERNET\"><\/a><br>&nbsp;<\/td><td><img loading=\"lazy\" decoding=\"async\" src=\"http:\/\/www.elalmanaque.com\/Junio13\/fotos\/widowsday.jpg\" width=\"118\" height=\"99\"><strong>D\u00eda Internacional de las Viudas.<\/strong>El 21 de diciembre de 2010 la Asamblea General de las Naciones Unidas en la Resoluci\u00f3n 65\/189 decidi\u00f3 observar el 23 de junio D\u00eda Internacional de las Viudas.&nbsp;para dar un reconocimiento especial a la dif\u00edcil situaci\u00f3n de las viudas y sus hijos, a fin de restituir sus derechos y mitigar la pobreza&nbsp;&#8211;<br><strong><br>Viudas de la India, la pira o el olvido&nbsp;<\/strong>&nbsp;<a href=\"https:\/\/www.elalmanaque.com\/Jun20\/25-6-20.htm#LEXICO\"><\/a><\/td><\/tr><tr><td><strong>MEDICINA Y SALUD<\/strong><\/td><td>&nbsp;<\/td><\/tr><tr><td><img loading=\"lazy\" decoding=\"async\" src=\"http:\/\/www.elalmanaque.com\/Junio15\/fotos\/Vitiligo03.jpg\" width=\"89\" height=\"112\"><strong>D\u00eda mundial del vitiligo<\/strong><br>El vitiligo es una enfermedad de la piel de car\u00e1cter autoinmune, en la que los melanocitos (las c\u00e9lulas responsables de la pigmentaci\u00f3n de la piel) son destruidos por el sistema inmunol\u00f3gico, dej\u00e1ndose as\u00ed de producir melanina , y por tanto dando lugar a zonas de la piel con p\u00e9rdida de pigmento.&nbsp;VITILIGO: \u00bfHabr\u00e1 cura?, Mitos y Verdades sobre el Vitiligo, Tratamientos y m\u00e1s en Dr. TV<a href=\"https:\/\/www.elalmanaque.com\/Jun20\/25-6-20.htm#TECNOLOGIA%20E%20INTERNET\"><\/a><\/td><td><img loading=\"lazy\" decoding=\"async\" src=\"https:\/\/www.elalmanaque.com\/Junio13\/fotos\/250px-Milk_thistle_flowerhead.jpg\" width=\"108\" height=\"82\"><strong>El cardo mariano<\/strong><br><strong><\/strong>Silybum marianum, com\u00fanmente llamado cardo mariano, es una planta herb\u00e1cea anual o bienal, originaria de Europa y f\u00e1cilmente distinguible por sus hojas, recorridas en su haz por franjas de color blanco lechoso.&nbsp;Es una planta medicinal muy reconocida por sus cualidades curativas. Las semillas del cardo mariano se han venido usando desde hace siglos con fines medicinales.&nbsp;<a href=\"https:\/\/www.elalmanaque.com\/Jun20\/25-6-20.htm#TECNOLOGIA%20E%20INTERNET\"><\/a><\/td><\/tr><tr><td><strong>EMPRESAS&nbsp;<\/strong><\/td><td><strong>INTERNET<\/strong><\/td><\/tr><tr><td><strong>Diez claves para contratar personal tras el coronavirus&nbsp;<\/strong><em>PA DIGITAL aconseja c\u00f3mo hacer un buen proceso de selecci\u00f3n. La entrada en la \u201cnueva normalidad\u201d est\u00e1 animando el consumo en Espa\u00f1a y ya se ha recuperado uno de cada cinco empleos perdidos durante el confinamiento.&nbsp;<\/em>Tras los peores momentos de la crisis sanitaria del coronavirus, Espa\u00f1a ya est\u00e1 en la \u201cnueva normalidad\u201d.&nbsp;<a href=\"https:\/\/www.elalmanaque.com\/Jun20\/25-6-20.htm#TECNOLOGIA%20E%20INTERNET\"><\/a><\/td><td><strong>Las apps m\u00e1s descargadas de 2020 &#8211; Meyo<br>&nbsp;<\/strong>\u2018Meyo\u2019, la app que revolucionar\u00e1 la salud f\u00edsica y psicol\u00f3gica. De nueva creaci\u00f3n. Este proyecto surgi\u00f3 en 2020 y ya est\u00e1 en los tel\u00e9fonos de m\u00e1s de medio mill\u00f3n de personas. La nueva aplicaci\u00f3n Meyo es un asistente inteligente que nos servir\u00e1 para hacer un seguimiento de nuestra salud tanto f\u00edsica como emocional y mejorar todas aquellas \u00e1reas que nos interesen, mediante divertidos retos&nbsp;&nbsp;<a href=\"https:\/\/www.elalmanaque.com\/Jun20\/25-6-20.htm#TECNOLOGIA%20E%20INTERNET\"><\/a><\/td><\/tr><tr><td><strong>CURIOSIDADES &nbsp;&#8211; HUMOR &#8211;<\/strong><\/td><td><strong>VETERINARIA<\/strong><\/td><\/tr><tr><td><img decoding=\"async\" src=\"http:\/\/www.magixl.com\/caricaturedujour.gif\" alt=\"Caricature Zone\">&nbsp;&nbsp;<strong><a href=\"http:\/\/www.elalmanaque.com\/Junio17\/25-6-17.htm#ALMANAQUE%20DEL%20HUMOR\">LOCUCIONES ADVERBIALES<\/a>&nbsp;<\/strong><strong><br><\/strong><strong>No conocer ni por el forro<\/strong><strong>&nbsp;<\/strong><br>Alude al forro de los libros cuya materia se desconoce totalmente.&nbsp;<strong><br>Estar hecho fosfatina&nbsp;<br><\/strong>La fosfatina es un reconstituyente de origen franc\u00e9s que se presentaba en un polvo muy fino.&nbsp;&nbsp;<a href=\"https:\/\/www.elalmanaque.com\/Jun20\/25-6-20.htm#TECNOLOGIA%20E%20INTERNET\"><\/a><\/td><td><img loading=\"lazy\" decoding=\"async\" src=\"http:\/\/www.elalmanaque.com\/aficiones\/perros.jpg\" width=\"139\" height=\"119\"><strong>LA LEISHMANIOSIS CANINA<\/strong>&nbsp;<br>La Leishmaniosis canina conocida vulgarmente como \u201cla enfermedad del mosquito\u201des&nbsp;&nbsp;producida por un protozoo del g\u00e9nero Leishmania que es transmitido por un mosquito llamado Phlebotumus.&nbsp;Esta enfermedad est\u00e1 muy extendida en nuestro pais.&nbsp;<a href=\"https:\/\/www.elalmanaque.com\/Jun20\/25-6-20.htm#TECNOLOGIA%20E%20INTERNET\"><\/a><\/td><\/tr><tr><td><strong>M\u00daSICA &#8211; TEATRO &#8211; ARTE &#8211; CINE<\/strong><\/td><td><strong>EFEM\u00c9RIDES<a href=\"https:\/\/www.elalmanaque.com\/Feb16\/26-2-16.htm#ACTUALIDAD%20CULTURAL\">&nbsp;<\/a><a href=\"https:\/\/www.elalmanaque.com\/Feb16\/26-2-16.htm#ACTUALIDAD%20CULTURAL\">ART\u00cdSTICAS<\/a><a href=\"https:\/\/www.elalmanaque.com\/Feb16\/26-2-16.htm#ACTUALIDAD%20CULTURAL\">&nbsp;MUSICALES<\/a><\/strong><\/td><\/tr><tr><td><strong><\/strong><strong>Madrid en el cine&nbsp;<\/strong>Te proponemos un magn\u00edfico&nbsp;<strong>&nbsp;recorrido cinematogr\u00e1fico por la capital.<\/strong>&nbsp;&#8211;&nbsp;<strong>Estaciones de tren:&nbsp;<a target=\"_blank\" href=\"https:\/\/www.esmadrid.com\/informacion-turistica\/estacion-de-atocha\" rel=\"noreferrer noopener\">ATOCHA<\/a>&nbsp;y&nbsp;<a target=\"_blank\" href=\"https:\/\/blog.esmadrid.com\/blog\/es\/2018\/12\/03\/delicias-de-cine\/\" rel=\"noreferrer noopener\">DELICIAS<\/a><\/strong>Por la estaci\u00f3n de Atocha pasan viajeros\u2026 \u00a1y actores y actrices!&nbsp;<strong>La vuelta al mundo en 80 inmortales canciones&nbsp;<\/strong><a href=\"https:\/\/www.elalmanaque.com\/Jun20\/25-6-20.htm#ACTUALIDAD%20CULTURAL\"><\/a><br>20 # LONDRES-London calling . The Clash. Joe Strummer y sus compa\u00f1eros cantan a la capital en t\u00e9rminos insurreccionales y apocal\u00edpticos. 21 # CHELSEA-(I don\u2019t want go to) Chelsea. Elvis Costello &amp; The Attractions.<\/td><td><img decoding=\"async\" src=\"http:\/\/www.elalmanaque.com\/Oct15\/efemeridesp.jpg\">&nbsp;<strong>Chenoa<\/strong>&nbsp;(nacida el 25 de junio de 1975 en Argentina), es una cantante solista con nacionalidad espa\u00f1ola.<strong><br><br>&nbsp;<\/strong><strong>Farrah Fawcett-Majors<\/strong>(Corpus Christi, Texas, 2 de febrero de 1947 &#8211; Santa M\u00f3nica, 25 de junio de 2009) fue una actriz estadounidense. Fue muy popular en los a\u00f1os 70&nbsp; y 80 gracias a la serie de televisi\u00f3n Los \u00e1ngeles de Charliel.&nbsp;<strong><br>Michael Jackson<\/strong>&nbsp;(Gary, Indiana, 29 de agosto de 1958 \u2013 Los \u00c1ngeles,&nbsp; 25 de junio de 2009), fue un cantante, compositor y bailar\u00edn de m\u00fasica pop y sus variantes. Conocido como el \u00abRey del Pop\u00bb, el artista musical m\u00e1s premiado de la historia, con cientos de galardones, entre ellos 15 premios Grammy;<a href=\"https:\/\/www.elalmanaque.com\/Jun20\/25-6-20.htm#ACTUALIDAD%20CULTURAL\"><\/a><\/td><\/tr><tr><td><strong><a>GASTRONOMIA&nbsp;<\/a><\/strong><\/td><td><strong>HOSTELERIA<\/strong><\/td><\/tr><tr><td><img decoding=\"async\" src=\"http:\/\/www.elalmanaque.com\/Junio16\/fotos\/Salmorejo.jpg\"><strong><a href=\"http:\/\/www.elalmanaque.com\/Junio17\/25-6-17.htm#RECETAS%20DE%20C\">Salmorejo Cordob\u00e9s &#8211; Receta para hacer con batidora o con Thermomix<\/a>&nbsp;<\/strong><br>El salmorejo es una sopa fr\u00eda perteneciente a la gastronom\u00eda espa\u00f1ola. Muy apropiado como entrante bien fresquito. No puede faltar el pan ni unos trocitos de jam\u00f3n serrano a la hora de acompa\u00f1ar este plato.&nbsp;<a href=\"https:\/\/www.elalmanaque.com\/Jun20\/25-6-20.htm#GASTRONOMIA-HOSTELERIA\"><\/a><\/td><td><strong>Protos&nbsp;reabre sus puertas al enoturismo e invita a descubrir su Jard\u00edn de variedades&nbsp;<\/strong>Valladolid, junio 2020. Bodegas Protos reabre sus actividades enotur\u00edsticas el pr\u00f3ximo s\u00e1bado 27 de junio con una novedad muy especial:&nbsp;<strong>Su jard\u00edn de variedades.&nbsp;<\/strong><a href=\"https:\/\/www.elalmanaque.com\/Jun20\/25-6-20.htm#GASTRONOMIA-HOSTELERIA\"><\/a><\/td><\/tr><tr><td><strong>VIAJES &#8211; &nbsp;TURISMO<\/strong><\/td><td><strong>FIESTAS &#8211; HOTELERIA<\/strong><\/td><\/tr><tr><td><strong>Algunos destinos est\u00e1n dispuestos a pagar parte de los gastos para atraer turistas I&nbsp;<\/strong>El final del estado de alerta en Espa\u00f1a y en varios otros pa\u00edses coincide con el comienzo del verano y la temporada m\u00e1s alta de viajes, aunque previsiblemente este a\u00f1o no ser\u00e1n tan alta. Dos de cada tres espa\u00f1oles, seg\u00fan una encuesta reciente, no tienen previsto salir de vacaciones este verano..<strong>Buscando la ola perfecta: surfeando en Centroam\u00e9rica y Rep\u00fablica Dominicana<\/strong><strong><br>El Salvador, con playas de El Sunzal y La Paz; Roca Bruja en Costa Rica; Santa Catalina en Panam\u00e1 o Popoyo Beach en Nicaragua son lugares espectaculares para los amantes del surf.<\/strong>&nbsp;<a href=\"https:\/\/www.elalmanaque.com\/Jun20\/25-6-20.htm#TURISMO\"><\/a><\/td><td><strong>La calle Laurel (Logro\u00f1o) reabre sus establecimientos como la primera zona gastron\u00f3mica de Espa\u00f1a con el sello \u2018Hosteler\u00eda Segura\u2019&nbsp;<\/strong>Hoy jueves, 25 de junio, a las 10:00 horas en Calle Laurel N\u00ba1 (Logro\u00f1o). El Alcalde de Logro\u00f1o, Pablo Hermoso de Mendoza, y el presidente de HOSTELER\u00cdA DE ESPA\u00d1A, Jos\u00e9 Luis Yzuel, junto con otros representantes del sector en la regi\u00f3n, ofrecer\u00e1n declaraciones a los medios explicando esta reapertura y distinci\u00f3n<br><br><strong>EL TALENTO COMO MOTOR DE LA RECUPERACI\u00d3N DEL SECTOR TUR\u00cdSTICO<\/strong>&nbsp;La crisis del Coronavirus ha provocado que el talento se haya convertido en una de las grandes claves para que los negocios del sector se adapten a las nuevas necesidades&nbsp;&nbsp;<a href=\"https:\/\/www.elalmanaque.com\/Jun20\/25-6-20.htm#TURISMO\"><\/a><\/td><\/tr><tr><td><strong>Naturaleza, ocio y cultura se dan cita en el parque multiaventura Valterria, que ma\u00f1ana abre sus puertas en la provincia de Burgos<\/strong><strong><br>Ubicado en la Merindad de Valdeporres, en la zona norte de la provincia de Burgos, Valterria es un destino ideal para toda la familia.&nbsp;<\/strong>.<a href=\"https:\/\/www.elalmanaque.com\/Jun20\/25-6-20.htm#TURISMO\"><\/a><\/td><td><strong>UN VERANO NATURAL Y FAMILIAR EN TARRAGONA CON 7 CAMPINGS&nbsp;Tarragona, referente de la Costa Dorada, tiene junto a sus 15 kil\u00f3metros de playas 7 campings de diversas tipolog\u00edas donde gozar en tiendas de campa\u00f1a, bungalows, mobil-homes o autocaravanas protegidos de las masificaciones.&nbsp;&nbsp;<a href=\"https:\/\/www.elalmanaque.com\/Jun20\/25-6-20.htm#TURISMO\"><\/a><\/strong><\/td><\/tr><\/tbody><\/table><\/figure>\n<\/div><\/div>\n\n\n\n<p><a href=\"https:\/\/www.elalmanaque.com\/almanaques_2020.htm\">ARCHIVO<\/a><a href=\"https:\/\/www.elalmanaque.com\/almanaques_2019.htm\">\u00a0&#8211;\u00a0<\/a><strong><a href=\"https:\/\/elalmanaque.com\/portada\/index.htm\">PORTADA<\/a>S &#8211;\u00a0<\/strong><a href=\"https:\/\/www.elalmanaque.com\/almanaques_2019.htm\">EDICIONES DE ALMANAQUES\u00a0<\/a><a href=\"https:\/\/www.elalmanaque.com\/almanaques_2020.htm\">JUNIO<strong>\u00a020<\/strong>20\u00a0<\/a>:<br><a href=\"https:\/\/elalmanaque.com\/Jun20\/1-6-20.htm\">1\u00a0<\/a>&#8211;\u00a0<a href=\"https:\/\/elalmanaque.com\/Jun20\/2-6-20.htm\">2<\/a>\u00a0&#8211;\u00a0<a href=\"https:\/\/elalmanaque.com\/Jun20\/3-6-20.htm\">3<\/a>\u00a0&#8211;\u00a0<a href=\"https:\/\/elalmanaque.com\/Jun20\/4-6-20.htm\">4<\/a>\u00a0&#8211;\u00a0<a href=\"https:\/\/elalmanaque.com\/Jun20\/5-6-20.htm\">5<\/a>\u00a0&#8211;\u00a0<a href=\"https:\/\/elalmanaque.com\/Jun20\/6-6-20.htm\">6<\/a>\u00a0&#8211;\u00a0<a href=\"https:\/\/elalmanaque.com\/Jun20\/7-6-20.htm\">7<\/a>\u00a0&#8211;\u00a0<a href=\"https:\/\/elalmanaque.com\/Jun20\/8-6-20.htm\">8<\/a>\u00a0&#8211;\u00a0<a href=\"https:\/\/elalmanaque.com\/Jun20\/9-6-20.htm\">9<\/a>\u00a0&#8211;\u00a0<a href=\"https:\/\/elalmanaque.com\/Jun20\/10-6-20.htm\">10<\/a>\u00a0&#8211;\u00a0<a href=\"https:\/\/elalmanaque.com\/Jun20\/11-6-20.htm\">11<\/a>\u00a0&#8211;\u00a0<a href=\"https:\/\/elalmanaque.com\/Jun20\/12-6-20.htm\">12<\/a>\u00a0&#8211;\u00a0<a href=\"https:\/\/elalmanaque.com\/Jun20\/13-6-20.htm\">13<\/a>\u00a0&#8211;\u00a0<a href=\"https:\/\/elalmanaque.com\/Jun20\/14-6-20.htm\">14<\/a>\u00a0&#8211;\u00a0<a href=\"https:\/\/elalmanaque.com\/Jun20\/15-6-20.htm\">15<\/a>\u00a0&#8211;\u00a0<a href=\"https:\/\/elalmanaque.com\/Jun20\/16-6-20.htm\">16<\/a>\u00a0&#8211;\u00a0<a href=\"https:\/\/elalmanaque.com\/Jun20\/17-6-20.htm\">17<\/a>\u00a0&#8211;\u00a0<a href=\"https:\/\/elalmanaque.com\/Jun20\/18-6-20.htm\">18<\/a>\u00a0&#8211;\u00a0<a href=\"https:\/\/elalmanaque.com\/Jun20\/19-6-20.htm\">19<\/a>\u00a0&#8211;\u00a0<a href=\"https:\/\/elalmanaque.com\/Jun20\/20-6-20.htm\">20<\/a>\u00a0&#8211;\u00a0<a href=\"https:\/\/elalmanaque.com\/Jun20\/21-6-20.htm\">21<\/a>\u00a0&#8211;\u00a0<a href=\"https:\/\/elalmanaque.com\/Jun20\/22-6-20.htm\">22<\/a>\u00a0&#8211;\u00a0<a href=\"https:\/\/elalmanaque.com\/Jun20\/23-6-20.htm\">23<\/a>\u00a0&#8211;\u00a0<a href=\"https:\/\/elalmanaque.com\/Jun20\/24-6-20.htm\">24<\/a><\/p>\n\n\n\n<p>SUSCRIPCIONES AL MAGAZINE :&nbsp; El Almanaque se env\u00eda \u00fanicamente a los suscriptores.&nbsp;Suscripciones gratis&nbsp;&nbsp;<\/p>\n\n\n\n<p>Para informaci\u00f3n, consultas y\/o sugerencias , contactar con Editor y Webmaster :&nbsp;<a href=\"mailto:webmaster@elalmanaque.com\">webmaster<\/a><a href=\"mailto:webmaster@elalmanaque.com\">@elalmanaque.com<\/a>&nbsp;<\/p>\n","protected":false},"excerpt":{"rendered":"<p>SANTORAL&nbsp;&nbsp;&#8211;&nbsp;L\u00c9XICO&nbsp;&#8211;&nbsp;EFEM\u00c9RIDES&nbsp;&#8211;&nbsp;&nbsp;CALENDARIOS &#8211;&nbsp;&nbsp;HUMOR&nbsp;&#8211;&nbsp;GASTRONOMIA&nbsp;&#8211;&nbsp;TURISMO&nbsp;&#8211;&nbsp;DESTINOS&#8211;&nbsp;REPORTAJES El Almanaque N\u00ba 7523 Jueves 25 de Junio de 2020\u00a0 D\u00eda de la Gente de Mar &nbsp; El D\u00eda de la Gente de&hellip; <\/p>\n","protected":false},"author":1,"featured_media":31308,"comment_status":"closed","ping_status":"closed","sticky":false,"template":"","format":"standard","meta":{"footnotes":""},"categories":[106,32,74,16,69,121,120,3],"tags":[],"class_list":["post-31817","post","type-post","status-publish","format-standard","has-post-thumbnail","hentry","category-almanaques","category-biografias","category-divulgativo","category-efemerides","category-gastronomia","category-lexico","category-santoral","category-turismo"],"yoast_head":"<!-- This site is optimized with the Yoast SEO plugin v24.8.1 - https:\/\/yoast.com\/wordpress\/plugins\/seo\/ -->\n<title>El Almanaque N\u00ba 7523 Jueves 25 de Junio de 2020 - El Almanaque<\/title>\n<meta name=\"robots\" content=\"index, follow, max-snippet:-1, max-image-preview:large, max-video-preview:-1\" \/>\n<link rel=\"canonical\" href=\"https:\/\/www.elalmanaque.com\/wp\/almanaques\/el-almanaque-no-7523-jueves-25-de-junio-de-2020\/\" \/>\n<meta property=\"og:locale\" content=\"es_ES\" \/>\n<meta property=\"og:type\" content=\"article\" \/>\n<meta property=\"og:title\" content=\"El Almanaque N\u00ba 7523 Jueves 25 de Junio de 2020 - El Almanaque\" \/>\n<meta property=\"og:description\" content=\"SANTORAL&nbsp;&nbsp;&#8211;&nbsp;L\u00c9XICO&nbsp;&#8211;&nbsp;EFEM\u00c9RIDES&nbsp;&#8211;&nbsp;&nbsp;CALENDARIOS &#8211;&nbsp;&nbsp;HUMOR&nbsp;&#8211;&nbsp;GASTRONOMIA&nbsp;&#8211;&nbsp;TURISMO&nbsp;&#8211;&nbsp;DESTINOS&#8211;&nbsp;REPORTAJES El Almanaque N\u00ba 7523 Jueves 25 de Junio de 2020\u00a0 D\u00eda de la Gente de Mar &nbsp; El D\u00eda de la Gente de&hellip;\" \/>\n<meta property=\"og:url\" content=\"https:\/\/www.elalmanaque.com\/wp\/almanaques\/el-almanaque-no-7523-jueves-25-de-junio-de-2020\/\" \/>\n<meta property=\"og:site_name\" content=\"El Almanaque\" \/>\n<meta property=\"article:published_time\" content=\"2020-06-25T15:51:07+00:00\" \/>\n<meta property=\"article:modified_time\" content=\"2020-06-25T15:51:09+00:00\" \/>\n<meta property=\"og:image\" content=\"https:\/\/www.elalmanaque.com\/wp\/wp-content\/uploads\/2020\/05\/24811_113126318710411_5770706_n.jpg\" \/>\n\t<meta property=\"og:image:width\" content=\"200\" \/>\n\t<meta property=\"og:image:height\" content=\"24\" \/>\n\t<meta property=\"og:image:type\" content=\"image\/jpeg\" \/>\n<meta name=\"author\" content=\"Redactor\" \/>\n<meta name=\"twitter:card\" content=\"summary_large_image\" \/>\n<meta name=\"twitter:label1\" content=\"Escrito por\" \/>\n\t<meta name=\"twitter:data1\" content=\"Redactor\" \/>\n\t<meta name=\"twitter:label2\" content=\"Tiempo de lectura\" \/>\n\t<meta name=\"twitter:data2\" content=\"9 minutos\" \/>\n<script type=\"application\/ld+json\" class=\"yoast-schema-graph\">{\"@context\":\"https:\/\/schema.org\",\"@graph\":[{\"@type\":\"Article\",\"@id\":\"https:\/\/www.elalmanaque.com\/wp\/almanaques\/el-almanaque-no-7523-jueves-25-de-junio-de-2020\/#article\",\"isPartOf\":{\"@id\":\"https:\/\/www.elalmanaque.com\/wp\/almanaques\/el-almanaque-no-7523-jueves-25-de-junio-de-2020\/\"},\"author\":{\"name\":\"Redactor\",\"@id\":\"https:\/\/www.elalmanaque.com\/wp\/#\/schema\/person\/61ab31c67167988fe2679d590ca85afe\"},\"headline\":\"El Almanaque N\u00ba 7523 Jueves 25 de Junio de 2020\",\"datePublished\":\"2020-06-25T15:51:07+00:00\",\"dateModified\":\"2020-06-25T15:51:09+00:00\",\"mainEntityOfPage\":{\"@id\":\"https:\/\/www.elalmanaque.com\/wp\/almanaques\/el-almanaque-no-7523-jueves-25-de-junio-de-2020\/\"},\"wordCount\":1744,\"publisher\":{\"@id\":\"https:\/\/www.elalmanaque.com\/wp\/#organization\"},\"image\":{\"@id\":\"https:\/\/www.elalmanaque.com\/wp\/almanaques\/el-almanaque-no-7523-jueves-25-de-junio-de-2020\/#primaryimage\"},\"thumbnailUrl\":\"https:\/\/www.elalmanaque.com\/wp\/wp-content\/uploads\/2020\/05\/24811_113126318710411_5770706_n.jpg\",\"articleSection\":[\"Almanaques\",\"Biografias\",\"Divulgativo\",\"Efem\u00e9rides\",\"Gastronomia\",\"Lexico\",\"Santoral\",\"Turismo\"],\"inLanguage\":\"es\"},{\"@type\":\"WebPage\",\"@id\":\"https:\/\/www.elalmanaque.com\/wp\/almanaques\/el-almanaque-no-7523-jueves-25-de-junio-de-2020\/\",\"url\":\"https:\/\/www.elalmanaque.com\/wp\/almanaques\/el-almanaque-no-7523-jueves-25-de-junio-de-2020\/\",\"name\":\"El Almanaque N\u00ba 7523 Jueves 25 de Junio de 2020 - El Almanaque\",\"isPartOf\":{\"@id\":\"https:\/\/www.elalmanaque.com\/wp\/#website\"},\"primaryImageOfPage\":{\"@id\":\"https:\/\/www.elalmanaque.com\/wp\/almanaques\/el-almanaque-no-7523-jueves-25-de-junio-de-2020\/#primaryimage\"},\"image\":{\"@id\":\"https:\/\/www.elalmanaque.com\/wp\/almanaques\/el-almanaque-no-7523-jueves-25-de-junio-de-2020\/#primaryimage\"},\"thumbnailUrl\":\"https:\/\/www.elalmanaque.com\/wp\/wp-content\/uploads\/2020\/05\/24811_113126318710411_5770706_n.jpg\",\"datePublished\":\"2020-06-25T15:51:07+00:00\",\"dateModified\":\"2020-06-25T15:51:09+00:00\",\"breadcrumb\":{\"@id\":\"https:\/\/www.elalmanaque.com\/wp\/almanaques\/el-almanaque-no-7523-jueves-25-de-junio-de-2020\/#breadcrumb\"},\"inLanguage\":\"es\",\"potentialAction\":[{\"@type\":\"ReadAction\",\"target\":[\"https:\/\/www.elalmanaque.com\/wp\/almanaques\/el-almanaque-no-7523-jueves-25-de-junio-de-2020\/\"]}]},{\"@type\":\"ImageObject\",\"inLanguage\":\"es\",\"@id\":\"https:\/\/www.elalmanaque.com\/wp\/almanaques\/el-almanaque-no-7523-jueves-25-de-junio-de-2020\/#primaryimage\",\"url\":\"https:\/\/www.elalmanaque.com\/wp\/wp-content\/uploads\/2020\/05\/24811_113126318710411_5770706_n.jpg\",\"contentUrl\":\"https:\/\/www.elalmanaque.com\/wp\/wp-content\/uploads\/2020\/05\/24811_113126318710411_5770706_n.jpg\",\"width\":200,\"height\":24},{\"@type\":\"BreadcrumbList\",\"@id\":\"https:\/\/www.elalmanaque.com\/wp\/almanaques\/el-almanaque-no-7523-jueves-25-de-junio-de-2020\/#breadcrumb\",\"itemListElement\":[{\"@type\":\"ListItem\",\"position\":1,\"name\":\"Portada\",\"item\":\"https:\/\/www.elalmanaque.com\/wp\/\"},{\"@type\":\"ListItem\",\"position\":2,\"name\":\"El Almanaque N\u00ba 7523 Jueves 25 de Junio de 2020\"}]},{\"@type\":\"WebSite\",\"@id\":\"https:\/\/www.elalmanaque.com\/wp\/#website\",\"url\":\"https:\/\/www.elalmanaque.com\/wp\/\",\"name\":\"El Almanaque\",\"description\":\"Revista de Cultura y Ocio\",\"publisher\":{\"@id\":\"https:\/\/www.elalmanaque.com\/wp\/#organization\"},\"potentialAction\":[{\"@type\":\"SearchAction\",\"target\":{\"@type\":\"EntryPoint\",\"urlTemplate\":\"https:\/\/www.elalmanaque.com\/wp\/?s={search_term_string}\"},\"query-input\":{\"@type\":\"PropertyValueSpecification\",\"valueRequired\":true,\"valueName\":\"search_term_string\"}}],\"inLanguage\":\"es\"},{\"@type\":\"Organization\",\"@id\":\"https:\/\/www.elalmanaque.com\/wp\/#organization\",\"name\":\"El Almanaque\",\"url\":\"https:\/\/www.elalmanaque.com\/wp\/\",\"logo\":{\"@type\":\"ImageObject\",\"inLanguage\":\"es\",\"@id\":\"https:\/\/www.elalmanaque.com\/wp\/#\/schema\/logo\/image\/\",\"url\":\"https:\/\/www.elalmanaque.com\/wp\/wp-content\/uploads\/2020\/03\/cropped-elalmanaque.jpg\",\"contentUrl\":\"https:\/\/www.elalmanaque.com\/wp\/wp-content\/uploads\/2020\/03\/cropped-elalmanaque.jpg\",\"width\":900,\"height\":164,\"caption\":\"El Almanaque\"},\"image\":{\"@id\":\"https:\/\/www.elalmanaque.com\/wp\/#\/schema\/logo\/image\/\"}},{\"@type\":\"Person\",\"@id\":\"https:\/\/www.elalmanaque.com\/wp\/#\/schema\/person\/61ab31c67167988fe2679d590ca85afe\",\"name\":\"Redactor\",\"image\":{\"@type\":\"ImageObject\",\"inLanguage\":\"es\",\"@id\":\"https:\/\/www.elalmanaque.com\/wp\/#\/schema\/person\/image\/\",\"url\":\"https:\/\/secure.gravatar.com\/avatar\/a1cd6ad4f449e45fea5ebd57548cb588?s=96&d=mm&r=g\",\"contentUrl\":\"https:\/\/secure.gravatar.com\/avatar\/a1cd6ad4f449e45fea5ebd57548cb588?s=96&d=mm&r=g\",\"caption\":\"Redactor\"},\"url\":\"https:\/\/www.elalmanaque.com\/wp\/author\/useralmanaque\/\"}]}<\/script>\n<!-- \/ Yoast SEO plugin. -->","yoast_head_json":{"title":"El Almanaque N\u00ba 7523 Jueves 25 de Junio de 2020 - El Almanaque","robots":{"index":"index","follow":"follow","max-snippet":"max-snippet:-1","max-image-preview":"max-image-preview:large","max-video-preview":"max-video-preview:-1"},"canonical":"https:\/\/www.elalmanaque.com\/wp\/almanaques\/el-almanaque-no-7523-jueves-25-de-junio-de-2020\/","og_locale":"es_ES","og_type":"article","og_title":"El Almanaque N\u00ba 7523 Jueves 25 de Junio de 2020 - El Almanaque","og_description":"SANTORAL&nbsp;&nbsp;&#8211;&nbsp;L\u00c9XICO&nbsp;&#8211;&nbsp;EFEM\u00c9RIDES&nbsp;&#8211;&nbsp;&nbsp;CALENDARIOS &#8211;&nbsp;&nbsp;HUMOR&nbsp;&#8211;&nbsp;GASTRONOMIA&nbsp;&#8211;&nbsp;TURISMO&nbsp;&#8211;&nbsp;DESTINOS&#8211;&nbsp;REPORTAJES El Almanaque N\u00ba 7523 Jueves 25 de Junio de 2020\u00a0 D\u00eda de la Gente de Mar &nbsp; El D\u00eda de la Gente de&hellip;","og_url":"https:\/\/www.elalmanaque.com\/wp\/almanaques\/el-almanaque-no-7523-jueves-25-de-junio-de-2020\/","og_site_name":"El Almanaque","article_published_time":"2020-06-25T15:51:07+00:00","article_modified_time":"2020-06-25T15:51:09+00:00","og_image":[{"width":200,"height":24,"url":"https:\/\/www.elalmanaque.com\/wp\/wp-content\/uploads\/2020\/05\/24811_113126318710411_5770706_n.jpg","type":"image\/jpeg"}],"author":"Redactor","twitter_card":"summary_large_image","twitter_misc":{"Escrito por":"Redactor","Tiempo de lectura":"9 minutos"},"schema":{"@context":"https:\/\/schema.org","@graph":[{"@type":"Article","@id":"https:\/\/www.elalmanaque.com\/wp\/almanaques\/el-almanaque-no-7523-jueves-25-de-junio-de-2020\/#article","isPartOf":{"@id":"https:\/\/www.elalmanaque.com\/wp\/almanaques\/el-almanaque-no-7523-jueves-25-de-junio-de-2020\/"},"author":{"name":"Redactor","@id":"https:\/\/www.elalmanaque.com\/wp\/#\/schema\/person\/61ab31c67167988fe2679d590ca85afe"},"headline":"El Almanaque N\u00ba 7523 Jueves 25 de Junio de 2020","datePublished":"2020-06-25T15:51:07+00:00","dateModified":"2020-06-25T15:51:09+00:00","mainEntityOfPage":{"@id":"https:\/\/www.elalmanaque.com\/wp\/almanaques\/el-almanaque-no-7523-jueves-25-de-junio-de-2020\/"},"wordCount":1744,"publisher":{"@id":"https:\/\/www.elalmanaque.com\/wp\/#organization"},"image":{"@id":"https:\/\/www.elalmanaque.com\/wp\/almanaques\/el-almanaque-no-7523-jueves-25-de-junio-de-2020\/#primaryimage"},"thumbnailUrl":"https:\/\/www.elalmanaque.com\/wp\/wp-content\/uploads\/2020\/05\/24811_113126318710411_5770706_n.jpg","articleSection":["Almanaques","Biografias","Divulgativo","Efem\u00e9rides","Gastronomia","Lexico","Santoral","Turismo"],"inLanguage":"es"},{"@type":"WebPage","@id":"https:\/\/www.elalmanaque.com\/wp\/almanaques\/el-almanaque-no-7523-jueves-25-de-junio-de-2020\/","url":"https:\/\/www.elalmanaque.com\/wp\/almanaques\/el-almanaque-no-7523-jueves-25-de-junio-de-2020\/","name":"El Almanaque N\u00ba 7523 Jueves 25 de Junio de 2020 - El Almanaque","isPartOf":{"@id":"https:\/\/www.elalmanaque.com\/wp\/#website"},"primaryImageOfPage":{"@id":"https:\/\/www.elalmanaque.com\/wp\/almanaques\/el-almanaque-no-7523-jueves-25-de-junio-de-2020\/#primaryimage"},"image":{"@id":"https:\/\/www.elalmanaque.com\/wp\/almanaques\/el-almanaque-no-7523-jueves-25-de-junio-de-2020\/#primaryimage"},"thumbnailUrl":"https:\/\/www.elalmanaque.com\/wp\/wp-content\/uploads\/2020\/05\/24811_113126318710411_5770706_n.jpg","datePublished":"2020-06-25T15:51:07+00:00","dateModified":"2020-06-25T15:51:09+00:00","breadcrumb":{"@id":"https:\/\/www.elalmanaque.com\/wp\/almanaques\/el-almanaque-no-7523-jueves-25-de-junio-de-2020\/#breadcrumb"},"inLanguage":"es","potentialAction":[{"@type":"ReadAction","target":["https:\/\/www.elalmanaque.com\/wp\/almanaques\/el-almanaque-no-7523-jueves-25-de-junio-de-2020\/"]}]},{"@type":"ImageObject","inLanguage":"es","@id":"https:\/\/www.elalmanaque.com\/wp\/almanaques\/el-almanaque-no-7523-jueves-25-de-junio-de-2020\/#primaryimage","url":"https:\/\/www.elalmanaque.com\/wp\/wp-content\/uploads\/2020\/05\/24811_113126318710411_5770706_n.jpg","contentUrl":"https:\/\/www.elalmanaque.com\/wp\/wp-content\/uploads\/2020\/05\/24811_113126318710411_5770706_n.jpg","width":200,"height":24},{"@type":"BreadcrumbList","@id":"https:\/\/www.elalmanaque.com\/wp\/almanaques\/el-almanaque-no-7523-jueves-25-de-junio-de-2020\/#breadcrumb","itemListElement":[{"@type":"ListItem","position":1,"name":"Portada","item":"https:\/\/www.elalmanaque.com\/wp\/"},{"@type":"ListItem","position":2,"name":"El Almanaque N\u00ba 7523 Jueves 25 de Junio de 2020"}]},{"@type":"WebSite","@id":"https:\/\/www.elalmanaque.com\/wp\/#website","url":"https:\/\/www.elalmanaque.com\/wp\/","name":"El Almanaque","description":"Revista de Cultura y Ocio","publisher":{"@id":"https:\/\/www.elalmanaque.com\/wp\/#organization"},"potentialAction":[{"@type":"SearchAction","target":{"@type":"EntryPoint","urlTemplate":"https:\/\/www.elalmanaque.com\/wp\/?s={search_term_string}"},"query-input":{"@type":"PropertyValueSpecification","valueRequired":true,"valueName":"search_term_string"}}],"inLanguage":"es"},{"@type":"Organization","@id":"https:\/\/www.elalmanaque.com\/wp\/#organization","name":"El Almanaque","url":"https:\/\/www.elalmanaque.com\/wp\/","logo":{"@type":"ImageObject","inLanguage":"es","@id":"https:\/\/www.elalmanaque.com\/wp\/#\/schema\/logo\/image\/","url":"https:\/\/www.elalmanaque.com\/wp\/wp-content\/uploads\/2020\/03\/cropped-elalmanaque.jpg","contentUrl":"https:\/\/www.elalmanaque.com\/wp\/wp-content\/uploads\/2020\/03\/cropped-elalmanaque.jpg","width":900,"height":164,"caption":"El Almanaque"},"image":{"@id":"https:\/\/www.elalmanaque.com\/wp\/#\/schema\/logo\/image\/"}},{"@type":"Person","@id":"https:\/\/www.elalmanaque.com\/wp\/#\/schema\/person\/61ab31c67167988fe2679d590ca85afe","name":"Redactor","image":{"@type":"ImageObject","inLanguage":"es","@id":"https:\/\/www.elalmanaque.com\/wp\/#\/schema\/person\/image\/","url":"https:\/\/secure.gravatar.com\/avatar\/a1cd6ad4f449e45fea5ebd57548cb588?s=96&d=mm&r=g","contentUrl":"https:\/\/secure.gravatar.com\/avatar\/a1cd6ad4f449e45fea5ebd57548cb588?s=96&d=mm&r=g","caption":"Redactor"},"url":"https:\/\/www.elalmanaque.com\/wp\/author\/useralmanaque\/"}]}},"_links":{"self":[{"href":"https:\/\/www.elalmanaque.com\/wp\/wp-json\/wp\/v2\/posts\/31817","targetHints":{"allow":["GET"]}}],"collection":[{"href":"https:\/\/www.elalmanaque.com\/wp\/wp-json\/wp\/v2\/posts"}],"about":[{"href":"https:\/\/www.elalmanaque.com\/wp\/wp-json\/wp\/v2\/types\/post"}],"author":[{"embeddable":true,"href":"https:\/\/www.elalmanaque.com\/wp\/wp-json\/wp\/v2\/users\/1"}],"replies":[{"embeddable":true,"href":"https:\/\/www.elalmanaque.com\/wp\/wp-json\/wp\/v2\/comments?post=31817"}],"version-history":[{"count":1,"href":"https:\/\/www.elalmanaque.com\/wp\/wp-json\/wp\/v2\/posts\/31817\/revisions"}],"predecessor-version":[{"id":31818,"href":"https:\/\/www.elalmanaque.com\/wp\/wp-json\/wp\/v2\/posts\/31817\/revisions\/31818"}],"wp:featuredmedia":[{"embeddable":true,"href":"https:\/\/www.elalmanaque.com\/wp\/wp-json\/wp\/v2\/media\/31308"}],"wp:attachment":[{"href":"https:\/\/www.elalmanaque.com\/wp\/wp-json\/wp\/v2\/media?parent=31817"}],"wp:term":[{"taxonomy":"category","embeddable":true,"href":"https:\/\/www.elalmanaque.com\/wp\/wp-json\/wp\/v2\/categories?post=31817"},{"taxonomy":"post_tag","embeddable":true,"href":"https:\/\/www.elalmanaque.com\/wp\/wp-json\/wp\/v2\/tags?post=31817"}],"curies":[{"name":"wp","href":"https:\/\/api.w.org\/{rel}","templated":true}]}}