{"id":31566,"date":"2020-06-04T16:32:17","date_gmt":"2020-06-04T15:32:17","guid":{"rendered":"https:\/\/www.elalmanaque.com\/wp\/?p=31566"},"modified":"2020-06-04T16:33:15","modified_gmt":"2020-06-04T15:33:15","slug":"dia-internacional-de-los-ninos-victimas-inocentes-de-agresion","status":"publish","type":"post","link":"https:\/\/www.elalmanaque.com\/wp\/solidaridad\/dia-internacional-de-los-ninos-victimas-inocentes-de-agresion\/","title":{"rendered":"D\u00eda Internacional de los Ni\u00f1os V\u00edctimas Inocentes de Agresi\u00f3n"},"content":{"rendered":"\n<p>El prop\u00f3sito del d\u00eda es reconocer el dolor que sufren los ni\u00f1os en todo el mundo que son v\u00edctimas de maltratos f\u00edsicos, mentales y emocionales. Este d\u00eda afirma el compromiso de las Naciones Unidas de proteger los derechos del ni\u00f1o.<\/p>\n\n\n\n<div class=\"wp-block-image\"><figure class=\"alignleft\"><img decoding=\"async\" src=\"https:\/\/www.elalmanaque.com\/Junio12\/fotos\/twogirls.jpg\" alt=\"\"\/><\/figure><\/div>\n\n\n\n<p>El 19 de agosto de 1982, en su per\u00edodo extraordinario de sesiones de emergencia sobre la cuesti\u00f3n de Palestina, la Asamblea General, \u00abconsternada ante el gran n\u00famero de ni\u00f1os palestinos y libaneses que han sido v\u00edctimas inocentes de los actos de agresi\u00f3n de Israel\u00bb, decidi\u00f3 conmemorar, el 4 de junio de cada a\u00f1o, el D\u00eda Internacional de los ni\u00f1os v\u00edctimas inocentes de la agresi\u00f3n (resoluci\u00f3n ES-7\/8 ).\u00a0<strong>El prop\u00f3sito del d\u00eda es reconocer el dolor que sufren los ni\u00f1os en todo el mundo que son v\u00edctimas de maltratos f\u00edsicos, mentales y emocionales.<\/strong>\u00a0Este d\u00eda afirma el compromiso de las Naciones Unidas de proteger los derechos del ni\u00f1o.\u00a0<\/p>\n\n\n\n<p>Una cantidad nada despreciable de 200.000 menores se ven obligados a ir a las guerras, las cuales dejan un reguero de muertes, hu\u00e9rfanos y mutilados. Estos ven c\u00f3mo sus redes sociales, su desarrollo f\u00edsico, psicol\u00f3gico y social se rompen al participar en la guerra. Gra\u00e7a Machel, primera dama de Sud\u00e1frica y redactora del informe para la ONU sobre las repercusiones que tiene la guerra en los ni\u00f1os se\u00f1ala que \u00abalcanzar la paz en el mundo implica encarar una serie de aspectos sobre la justicia social y econ\u00f3mica, establecer una legislaci\u00f3n creciente sobre el comercio de armas de guerra y prevenir los conflictos\u00bb.&nbsp;<br><br>Sin embargo los ni\u00f1os y adolescentes tambi\u00e9n son v\u00edctimas de la violencia que se ejerce dentro del hogar, causadas estas por las relaciones de poder y posesi\u00f3n que se adjudican los padres con respecto a sus hijos. Existen m\u00faltiples maneras de maltratar a un ni\u00f1o dentro del hogar. No solamente a trav\u00e9s del da\u00f1o f\u00edsico se puede infligir un castigo a un ni\u00f1o, es a trav\u00e9s de la falta de atenci\u00f3n, del maltrato psicol\u00f3gico como las m\u00e1s de las veces los ni\u00f1os reciben formas de violencia de parte de sus padres. Ello viene dado por la convivencia entre personas de edades y sexos diferentes que parten de un prejuicio basado en la idea de la legitimidad del desigual trato hacia sus semejantes por la simple raz\u00f3n de que tienen menos a\u00f1os de edad.<br><br>No hay que olvidar, sin embargo, que no s\u00f3lo se ejerce violencia desde los adultos hacia los ni\u00f1os, tambi\u00e9n se ejercen maltratos f\u00edsicos y psicol\u00f3gicos de manera horizontal: en las aulas se est\u00e1 demostrando en los \u00faltimos tiempos un aumento de la violencia de los propios ni\u00f1os y adolescentes hacia sus iguales, y hacia sus profesores, que ser\u00eda necesario paliar desde su inicio por parte de la sociedad y las autoridades educativas.<\/p>\n\n\n\n<p>D\u00eda internacional de los ni\u00f1os inocentes victimas de agresi\u00f3n<br>&nbsp;<\/p>\n\n\n\n<figure><iframe loading=\"lazy\" width=\"640\" height=\"360\" allowfullscreen=\"\" src=\"https:\/\/www.youtube.com\/embed\/LYNYOXiJalA\"><\/iframe><\/figure>\n","protected":false},"excerpt":{"rendered":"<p>El prop\u00f3sito del d\u00eda es reconocer el dolor que sufren los ni\u00f1os en todo el mundo que son v\u00edctimas de maltratos f\u00edsicos, mentales y emocionales.&hellip; <\/p>\n","protected":false},"author":1,"featured_media":31567,"comment_status":"closed","ping_status":"closed","sticky":false,"template":"","format":"standard","meta":{"footnotes":""},"categories":[125,74,87,38],"tags":[],"class_list":["post-31566","post","type-post","status-publish","format-standard","has-post-thumbnail","hentry","category-dias-mundiales","category-divulgativo","category-documentales","category-solidaridad"],"yoast_head":"<!-- This site is optimized with the Yoast SEO plugin v24.8.1 - https:\/\/yoast.com\/wordpress\/plugins\/seo\/ -->\n<title>D\u00eda Internacional de los Ni\u00f1os V\u00edctimas Inocentes de Agresi\u00f3n - El Almanaque<\/title>\n<meta name=\"robots\" content=\"index, follow, max-snippet:-1, max-image-preview:large, max-video-preview:-1\" \/>\n<link rel=\"canonical\" href=\"https:\/\/www.elalmanaque.com\/wp\/solidaridad\/dia-internacional-de-los-ninos-victimas-inocentes-de-agresion\/\" \/>\n<meta property=\"og:locale\" content=\"es_ES\" \/>\n<meta property=\"og:type\" content=\"article\" \/>\n<meta property=\"og:title\" content=\"D\u00eda Internacional de los Ni\u00f1os V\u00edctimas Inocentes de Agresi\u00f3n - El Almanaque\" \/>\n<meta property=\"og:description\" content=\"El prop\u00f3sito del d\u00eda es reconocer el dolor que sufren los ni\u00f1os en todo el mundo que son v\u00edctimas de maltratos f\u00edsicos, mentales y emocionales.&hellip;\" \/>\n<meta property=\"og:url\" content=\"https:\/\/www.elalmanaque.com\/wp\/solidaridad\/dia-internacional-de-los-ninos-victimas-inocentes-de-agresion\/\" \/>\n<meta property=\"og:site_name\" content=\"El Almanaque\" \/>\n<meta property=\"article:published_time\" content=\"2020-06-04T15:32:17+00:00\" \/>\n<meta property=\"article:modified_time\" content=\"2020-06-04T15:33:15+00:00\" \/>\n<meta property=\"og:image\" content=\"https:\/\/www.elalmanaque.com\/wp\/wp-content\/uploads\/2020\/06\/hqdefault.jpg\" \/>\n\t<meta property=\"og:image:width\" content=\"480\" \/>\n\t<meta property=\"og:image:height\" content=\"360\" \/>\n\t<meta property=\"og:image:type\" content=\"image\/jpeg\" \/>\n<meta name=\"author\" content=\"Redactor\" \/>\n<meta name=\"twitter:card\" content=\"summary_large_image\" \/>\n<meta name=\"twitter:label1\" content=\"Escrito por\" \/>\n\t<meta name=\"twitter:data1\" content=\"Redactor\" \/>\n\t<meta name=\"twitter:label2\" content=\"Tiempo de lectura\" \/>\n\t<meta name=\"twitter:data2\" content=\"3 minutos\" \/>\n<script type=\"application\/ld+json\" class=\"yoast-schema-graph\">{\"@context\":\"https:\/\/schema.org\",\"@graph\":[{\"@type\":\"Article\",\"@id\":\"https:\/\/www.elalmanaque.com\/wp\/solidaridad\/dia-internacional-de-los-ninos-victimas-inocentes-de-agresion\/#article\",\"isPartOf\":{\"@id\":\"https:\/\/www.elalmanaque.com\/wp\/solidaridad\/dia-internacional-de-los-ninos-victimas-inocentes-de-agresion\/\"},\"author\":{\"name\":\"Redactor\",\"@id\":\"https:\/\/www.elalmanaque.com\/wp\/#\/schema\/person\/61ab31c67167988fe2679d590ca85afe\"},\"headline\":\"D\u00eda Internacional de los Ni\u00f1os V\u00edctimas Inocentes de Agresi\u00f3n\",\"datePublished\":\"2020-06-04T15:32:17+00:00\",\"dateModified\":\"2020-06-04T15:33:15+00:00\",\"mainEntityOfPage\":{\"@id\":\"https:\/\/www.elalmanaque.com\/wp\/solidaridad\/dia-internacional-de-los-ninos-victimas-inocentes-de-agresion\/\"},\"wordCount\":536,\"publisher\":{\"@id\":\"https:\/\/www.elalmanaque.com\/wp\/#organization\"},\"image\":{\"@id\":\"https:\/\/www.elalmanaque.com\/wp\/solidaridad\/dia-internacional-de-los-ninos-victimas-inocentes-de-agresion\/#primaryimage\"},\"thumbnailUrl\":\"https:\/\/www.elalmanaque.com\/wp\/wp-content\/uploads\/2020\/06\/hqdefault.jpg\",\"articleSection\":[\"Dias Mundiales\",\"Divulgativo\",\"Documentales\",\"Solidaridad\"],\"inLanguage\":\"es\"},{\"@type\":\"WebPage\",\"@id\":\"https:\/\/www.elalmanaque.com\/wp\/solidaridad\/dia-internacional-de-los-ninos-victimas-inocentes-de-agresion\/\",\"url\":\"https:\/\/www.elalmanaque.com\/wp\/solidaridad\/dia-internacional-de-los-ninos-victimas-inocentes-de-agresion\/\",\"name\":\"D\u00eda Internacional de los Ni\u00f1os V\u00edctimas Inocentes de Agresi\u00f3n - El Almanaque\",\"isPartOf\":{\"@id\":\"https:\/\/www.elalmanaque.com\/wp\/#website\"},\"primaryImageOfPage\":{\"@id\":\"https:\/\/www.elalmanaque.com\/wp\/solidaridad\/dia-internacional-de-los-ninos-victimas-inocentes-de-agresion\/#primaryimage\"},\"image\":{\"@id\":\"https:\/\/www.elalmanaque.com\/wp\/solidaridad\/dia-internacional-de-los-ninos-victimas-inocentes-de-agresion\/#primaryimage\"},\"thumbnailUrl\":\"https:\/\/www.elalmanaque.com\/wp\/wp-content\/uploads\/2020\/06\/hqdefault.jpg\",\"datePublished\":\"2020-06-04T15:32:17+00:00\",\"dateModified\":\"2020-06-04T15:33:15+00:00\",\"breadcrumb\":{\"@id\":\"https:\/\/www.elalmanaque.com\/wp\/solidaridad\/dia-internacional-de-los-ninos-victimas-inocentes-de-agresion\/#breadcrumb\"},\"inLanguage\":\"es\",\"potentialAction\":[{\"@type\":\"ReadAction\",\"target\":[\"https:\/\/www.elalmanaque.com\/wp\/solidaridad\/dia-internacional-de-los-ninos-victimas-inocentes-de-agresion\/\"]}]},{\"@type\":\"ImageObject\",\"inLanguage\":\"es\",\"@id\":\"https:\/\/www.elalmanaque.com\/wp\/solidaridad\/dia-internacional-de-los-ninos-victimas-inocentes-de-agresion\/#primaryimage\",\"url\":\"https:\/\/www.elalmanaque.com\/wp\/wp-content\/uploads\/2020\/06\/hqdefault.jpg\",\"contentUrl\":\"https:\/\/www.elalmanaque.com\/wp\/wp-content\/uploads\/2020\/06\/hqdefault.jpg\",\"width\":480,\"height\":360},{\"@type\":\"BreadcrumbList\",\"@id\":\"https:\/\/www.elalmanaque.com\/wp\/solidaridad\/dia-internacional-de-los-ninos-victimas-inocentes-de-agresion\/#breadcrumb\",\"itemListElement\":[{\"@type\":\"ListItem\",\"position\":1,\"name\":\"Portada\",\"item\":\"https:\/\/www.elalmanaque.com\/wp\/\"},{\"@type\":\"ListItem\",\"position\":2,\"name\":\"D\u00eda Internacional de los Ni\u00f1os V\u00edctimas Inocentes de Agresi\u00f3n\"}]},{\"@type\":\"WebSite\",\"@id\":\"https:\/\/www.elalmanaque.com\/wp\/#website\",\"url\":\"https:\/\/www.elalmanaque.com\/wp\/\",\"name\":\"El Almanaque\",\"description\":\"Revista de Cultura y Ocio\",\"publisher\":{\"@id\":\"https:\/\/www.elalmanaque.com\/wp\/#organization\"},\"potentialAction\":[{\"@type\":\"SearchAction\",\"target\":{\"@type\":\"EntryPoint\",\"urlTemplate\":\"https:\/\/www.elalmanaque.com\/wp\/?s={search_term_string}\"},\"query-input\":{\"@type\":\"PropertyValueSpecification\",\"valueRequired\":true,\"valueName\":\"search_term_string\"}}],\"inLanguage\":\"es\"},{\"@type\":\"Organization\",\"@id\":\"https:\/\/www.elalmanaque.com\/wp\/#organization\",\"name\":\"El Almanaque\",\"url\":\"https:\/\/www.elalmanaque.com\/wp\/\",\"logo\":{\"@type\":\"ImageObject\",\"inLanguage\":\"es\",\"@id\":\"https:\/\/www.elalmanaque.com\/wp\/#\/schema\/logo\/image\/\",\"url\":\"https:\/\/www.elalmanaque.com\/wp\/wp-content\/uploads\/2020\/03\/cropped-elalmanaque.jpg\",\"contentUrl\":\"https:\/\/www.elalmanaque.com\/wp\/wp-content\/uploads\/2020\/03\/cropped-elalmanaque.jpg\",\"width\":900,\"height\":164,\"caption\":\"El Almanaque\"},\"image\":{\"@id\":\"https:\/\/www.elalmanaque.com\/wp\/#\/schema\/logo\/image\/\"}},{\"@type\":\"Person\",\"@id\":\"https:\/\/www.elalmanaque.com\/wp\/#\/schema\/person\/61ab31c67167988fe2679d590ca85afe\",\"name\":\"Redactor\",\"image\":{\"@type\":\"ImageObject\",\"inLanguage\":\"es\",\"@id\":\"https:\/\/www.elalmanaque.com\/wp\/#\/schema\/person\/image\/\",\"url\":\"https:\/\/secure.gravatar.com\/avatar\/a1cd6ad4f449e45fea5ebd57548cb588?s=96&d=mm&r=g\",\"contentUrl\":\"https:\/\/secure.gravatar.com\/avatar\/a1cd6ad4f449e45fea5ebd57548cb588?s=96&d=mm&r=g\",\"caption\":\"Redactor\"},\"url\":\"https:\/\/www.elalmanaque.com\/wp\/author\/useralmanaque\/\"}]}<\/script>\n<!-- \/ Yoast SEO plugin. -->","yoast_head_json":{"title":"D\u00eda Internacional de los Ni\u00f1os V\u00edctimas Inocentes de Agresi\u00f3n - El Almanaque","robots":{"index":"index","follow":"follow","max-snippet":"max-snippet:-1","max-image-preview":"max-image-preview:large","max-video-preview":"max-video-preview:-1"},"canonical":"https:\/\/www.elalmanaque.com\/wp\/solidaridad\/dia-internacional-de-los-ninos-victimas-inocentes-de-agresion\/","og_locale":"es_ES","og_type":"article","og_title":"D\u00eda Internacional de los Ni\u00f1os V\u00edctimas Inocentes de Agresi\u00f3n - El Almanaque","og_description":"El prop\u00f3sito del d\u00eda es reconocer el dolor que sufren los ni\u00f1os en todo el mundo que son v\u00edctimas de maltratos f\u00edsicos, mentales y emocionales.&hellip;","og_url":"https:\/\/www.elalmanaque.com\/wp\/solidaridad\/dia-internacional-de-los-ninos-victimas-inocentes-de-agresion\/","og_site_name":"El Almanaque","article_published_time":"2020-06-04T15:32:17+00:00","article_modified_time":"2020-06-04T15:33:15+00:00","og_image":[{"width":480,"height":360,"url":"https:\/\/www.elalmanaque.com\/wp\/wp-content\/uploads\/2020\/06\/hqdefault.jpg","type":"image\/jpeg"}],"author":"Redactor","twitter_card":"summary_large_image","twitter_misc":{"Escrito por":"Redactor","Tiempo de lectura":"3 minutos"},"schema":{"@context":"https:\/\/schema.org","@graph":[{"@type":"Article","@id":"https:\/\/www.elalmanaque.com\/wp\/solidaridad\/dia-internacional-de-los-ninos-victimas-inocentes-de-agresion\/#article","isPartOf":{"@id":"https:\/\/www.elalmanaque.com\/wp\/solidaridad\/dia-internacional-de-los-ninos-victimas-inocentes-de-agresion\/"},"author":{"name":"Redactor","@id":"https:\/\/www.elalmanaque.com\/wp\/#\/schema\/person\/61ab31c67167988fe2679d590ca85afe"},"headline":"D\u00eda Internacional de los Ni\u00f1os V\u00edctimas Inocentes de Agresi\u00f3n","datePublished":"2020-06-04T15:32:17+00:00","dateModified":"2020-06-04T15:33:15+00:00","mainEntityOfPage":{"@id":"https:\/\/www.elalmanaque.com\/wp\/solidaridad\/dia-internacional-de-los-ninos-victimas-inocentes-de-agresion\/"},"wordCount":536,"publisher":{"@id":"https:\/\/www.elalmanaque.com\/wp\/#organization"},"image":{"@id":"https:\/\/www.elalmanaque.com\/wp\/solidaridad\/dia-internacional-de-los-ninos-victimas-inocentes-de-agresion\/#primaryimage"},"thumbnailUrl":"https:\/\/www.elalmanaque.com\/wp\/wp-content\/uploads\/2020\/06\/hqdefault.jpg","articleSection":["Dias Mundiales","Divulgativo","Documentales","Solidaridad"],"inLanguage":"es"},{"@type":"WebPage","@id":"https:\/\/www.elalmanaque.com\/wp\/solidaridad\/dia-internacional-de-los-ninos-victimas-inocentes-de-agresion\/","url":"https:\/\/www.elalmanaque.com\/wp\/solidaridad\/dia-internacional-de-los-ninos-victimas-inocentes-de-agresion\/","name":"D\u00eda Internacional de los Ni\u00f1os V\u00edctimas Inocentes de Agresi\u00f3n - El Almanaque","isPartOf":{"@id":"https:\/\/www.elalmanaque.com\/wp\/#website"},"primaryImageOfPage":{"@id":"https:\/\/www.elalmanaque.com\/wp\/solidaridad\/dia-internacional-de-los-ninos-victimas-inocentes-de-agresion\/#primaryimage"},"image":{"@id":"https:\/\/www.elalmanaque.com\/wp\/solidaridad\/dia-internacional-de-los-ninos-victimas-inocentes-de-agresion\/#primaryimage"},"thumbnailUrl":"https:\/\/www.elalmanaque.com\/wp\/wp-content\/uploads\/2020\/06\/hqdefault.jpg","datePublished":"2020-06-04T15:32:17+00:00","dateModified":"2020-06-04T15:33:15+00:00","breadcrumb":{"@id":"https:\/\/www.elalmanaque.com\/wp\/solidaridad\/dia-internacional-de-los-ninos-victimas-inocentes-de-agresion\/#breadcrumb"},"inLanguage":"es","potentialAction":[{"@type":"ReadAction","target":["https:\/\/www.elalmanaque.com\/wp\/solidaridad\/dia-internacional-de-los-ninos-victimas-inocentes-de-agresion\/"]}]},{"@type":"ImageObject","inLanguage":"es","@id":"https:\/\/www.elalmanaque.com\/wp\/solidaridad\/dia-internacional-de-los-ninos-victimas-inocentes-de-agresion\/#primaryimage","url":"https:\/\/www.elalmanaque.com\/wp\/wp-content\/uploads\/2020\/06\/hqdefault.jpg","contentUrl":"https:\/\/www.elalmanaque.com\/wp\/wp-content\/uploads\/2020\/06\/hqdefault.jpg","width":480,"height":360},{"@type":"BreadcrumbList","@id":"https:\/\/www.elalmanaque.com\/wp\/solidaridad\/dia-internacional-de-los-ninos-victimas-inocentes-de-agresion\/#breadcrumb","itemListElement":[{"@type":"ListItem","position":1,"name":"Portada","item":"https:\/\/www.elalmanaque.com\/wp\/"},{"@type":"ListItem","position":2,"name":"D\u00eda Internacional de los Ni\u00f1os V\u00edctimas Inocentes de Agresi\u00f3n"}]},{"@type":"WebSite","@id":"https:\/\/www.elalmanaque.com\/wp\/#website","url":"https:\/\/www.elalmanaque.com\/wp\/","name":"El Almanaque","description":"Revista de Cultura y Ocio","publisher":{"@id":"https:\/\/www.elalmanaque.com\/wp\/#organization"},"potentialAction":[{"@type":"SearchAction","target":{"@type":"EntryPoint","urlTemplate":"https:\/\/www.elalmanaque.com\/wp\/?s={search_term_string}"},"query-input":{"@type":"PropertyValueSpecification","valueRequired":true,"valueName":"search_term_string"}}],"inLanguage":"es"},{"@type":"Organization","@id":"https:\/\/www.elalmanaque.com\/wp\/#organization","name":"El Almanaque","url":"https:\/\/www.elalmanaque.com\/wp\/","logo":{"@type":"ImageObject","inLanguage":"es","@id":"https:\/\/www.elalmanaque.com\/wp\/#\/schema\/logo\/image\/","url":"https:\/\/www.elalmanaque.com\/wp\/wp-content\/uploads\/2020\/03\/cropped-elalmanaque.jpg","contentUrl":"https:\/\/www.elalmanaque.com\/wp\/wp-content\/uploads\/2020\/03\/cropped-elalmanaque.jpg","width":900,"height":164,"caption":"El Almanaque"},"image":{"@id":"https:\/\/www.elalmanaque.com\/wp\/#\/schema\/logo\/image\/"}},{"@type":"Person","@id":"https:\/\/www.elalmanaque.com\/wp\/#\/schema\/person\/61ab31c67167988fe2679d590ca85afe","name":"Redactor","image":{"@type":"ImageObject","inLanguage":"es","@id":"https:\/\/www.elalmanaque.com\/wp\/#\/schema\/person\/image\/","url":"https:\/\/secure.gravatar.com\/avatar\/a1cd6ad4f449e45fea5ebd57548cb588?s=96&d=mm&r=g","contentUrl":"https:\/\/secure.gravatar.com\/avatar\/a1cd6ad4f449e45fea5ebd57548cb588?s=96&d=mm&r=g","caption":"Redactor"},"url":"https:\/\/www.elalmanaque.com\/wp\/author\/useralmanaque\/"}]}},"_links":{"self":[{"href":"https:\/\/www.elalmanaque.com\/wp\/wp-json\/wp\/v2\/posts\/31566","targetHints":{"allow":["GET"]}}],"collection":[{"href":"https:\/\/www.elalmanaque.com\/wp\/wp-json\/wp\/v2\/posts"}],"about":[{"href":"https:\/\/www.elalmanaque.com\/wp\/wp-json\/wp\/v2\/types\/post"}],"author":[{"embeddable":true,"href":"https:\/\/www.elalmanaque.com\/wp\/wp-json\/wp\/v2\/users\/1"}],"replies":[{"embeddable":true,"href":"https:\/\/www.elalmanaque.com\/wp\/wp-json\/wp\/v2\/comments?post=31566"}],"version-history":[{"count":2,"href":"https:\/\/www.elalmanaque.com\/wp\/wp-json\/wp\/v2\/posts\/31566\/revisions"}],"predecessor-version":[{"id":31569,"href":"https:\/\/www.elalmanaque.com\/wp\/wp-json\/wp\/v2\/posts\/31566\/revisions\/31569"}],"wp:featuredmedia":[{"embeddable":true,"href":"https:\/\/www.elalmanaque.com\/wp\/wp-json\/wp\/v2\/media\/31567"}],"wp:attachment":[{"href":"https:\/\/www.elalmanaque.com\/wp\/wp-json\/wp\/v2\/media?parent=31566"}],"wp:term":[{"taxonomy":"category","embeddable":true,"href":"https:\/\/www.elalmanaque.com\/wp\/wp-json\/wp\/v2\/categories?post=31566"},{"taxonomy":"post_tag","embeddable":true,"href":"https:\/\/www.elalmanaque.com\/wp\/wp-json\/wp\/v2\/tags?post=31566"}],"curies":[{"name":"wp","href":"https:\/\/api.w.org\/{rel}","templated":true}]}}