{"id":31210,"date":"2020-05-09T16:51:55","date_gmt":"2020-05-09T15:51:55","guid":{"rendered":"https:\/\/www.elalmanaque.com\/wp\/?p=31210"},"modified":"2020-05-09T16:51:55","modified_gmt":"2020-05-09T15:51:55","slug":"el-almanaque-no-7476-sabado-9-de-mayo-de-2020","status":"publish","type":"post","link":"https:\/\/www.elalmanaque.com\/wp\/turismo\/el-almanaque-no-7476-sabado-9-de-mayo-de-2020\/","title":{"rendered":"El Almanaque N\u00ba 7476 S\u00e1bado 9 de Mayo de 2020"},"content":{"rendered":"\n<p><strong><a target=\"_blank\" href=\"https:\/\/www.elalmanaque.com\/wp\" rel=\"noreferrer noopener\">REVISTA<\/a>&nbsp;&#8211; VERSI\u00d3N&nbsp;<\/strong><strong>&nbsp;<a href=\"https:\/\/www.elalmanaque.com\/wp\">M\u00d3VIL<\/a><a href=\"https:\/\/www.elalmanaque.com\/wp\">&nbsp;&#8211; CELULARES<\/a><\/strong>&nbsp; &nbsp;<a href=\"mailto:webmaster@elalmanaque.com\"><\/a>&nbsp;&nbsp;&nbsp;<strong><a target=\"_blank\" href=\"https:\/\/www.facebook.com\/pages\/elalmanaque\/112290935460616\" rel=\"noreferrer noopener\"><\/a><\/strong>&nbsp;&nbsp;<\/p>\n\n\n\n<p><a href=\"https:\/\/www.elalmanaque.com\/santoral\/index.htm\">SANTORAL<\/a>\u00a0\u00a0&#8211;\u00a0<a href=\"https:\/\/www.elalmanaque.com\/El_Origen_de_las_Palabras\/index.html\">L\u00c9XICO<\/a>\u00a0&#8211;\u00a0<a href=\"https:\/\/www.elalmanaque.com\/Efemerides\/index.htm\">EFEM\u00c9RIDES<\/a>\u00a0&#8211;\u00a0\u00a0<a href=\"https:\/\/www.elalmanaque.com\/Calendarios\">CALENDARIOS &#8211;<\/a>\u00a0\u00a0<a href=\"https:\/\/www.elalmanaque.com\/Humor_II\/index.html\">HUMOR<\/a><strong>\u00a0<\/strong>&#8211;\u00a0<a href=\"https:\/\/www.elalmanaque.com\/turismo\/gastronomia\/index.htm\">GASTRONOMIA<\/a>\u00a0&#8211;\u00a0<a href=\"https:\/\/www.elalmanaque.com\/turismo\/index.htm\">TURISMO<\/a><strong>\u00a0&#8211;\u00a0<\/strong><a href=\"https:\/\/www.elalmanaque.com\/turismo\/destinos\">DESTINOS<strong>&#8211;<\/strong><\/a><strong>\u00a0<\/strong><a href=\"https:\/\/www.elalmanaque.com\/reportajes\/index.htm\">REPORTAJES<\/a><br><br><a href=\"https:\/\/elalmanaque.com\/Mayo20\/9-5-20.htm\">El Almanaque N\u00ba 7476 S\u00e1bado 9 de Mayo de 2020<\/a>\u00a0<\/p>\n\n\n\n<p><strong>D\u00eda de Europa<\/strong>\u00a0<\/p>\n\n\n\n<p>El D\u00eda de Europa es una celebraci\u00f3n que tiene lugar cada 9 de mayo en la Uni\u00f3n Europea, en recuerdo de la denominada Declaraci\u00f3n Schuman, en la que el ministro franc\u00e9s de exteriores, Robert Schuman, dio el primer paso para la&nbsp;integraci\u00f3n de los estados europeos.<\/p>\n\n\n\n<p><strong><a href=\"http:\/\/www.elalmanaque.com\/Mayo20\/9-5-20.htm\">LEA COMPLETO EL ALMANAQUE DE HOY<\/a><\/strong><\/p>\n\n\n\n<figure class=\"wp-block-table\"><table><tbody><tr><td><strong>EFEM\u00c9RIDES<\/strong><\/td><td><strong>SANTORAL<\/strong><\/td><\/tr><tr><td><img loading=\"lazy\" decoding=\"async\" src=\"https:\/\/www.elalmanaque.com\/Oct15\/lexico.jpg\" width=\"64\" height=\"59\"><strong>EFEM\u00c9RIDES 9&nbsp;de&nbsp;Mayo<br><\/strong>1386 Tratado de Windsor entre Portugal e Inglaterra.&nbsp;1502 Inicio del cuarto y \u00faltimo viaje de Crist\u00f3bal Col\u00f3n a Am\u00e9rica.&nbsp;<br>1688 Los Habsburgo se apoderan de Transilvania, expulsando a los turcos.&nbsp;1805 Muere el poeta Friedrich von Schiller.&nbsp;<br>1837 Nace el industrial Adam Opel.&nbsp;1883 Nace el fil\u00f3sofo y escritor Jos\u00e9 Ortega y Gasset.&nbsp;1936 Etiop\u00eda es formalmente anexionada a Italia.<strong>&nbsp;<\/strong><a href=\"http:\/\/www.elalmanaque.com\/Mayo20\/9-5-20.htm#LEXICO\"><\/a><\/td><td><strong>SANTORAL 9&nbsp;de&nbsp;Mayo<br><\/strong>Nuestra Se\u00f1ora de los Desamparados; Nuestra Se\u00f1ora de Alharilla; Geroncio, Prisco, Mainardo y Gregorio obispos; Hermas confesor; Beato, Benito, Dub\u00e1n, Tom\u00e1s, Esteban, Egidiano y Pacomio abades; Nicol\u00e1s Albergato di\u00e1cono; Crist\u00f3bal m\u00e1rtir; Luminosa virgen.<br><strong>ONOM\u00c1STICA : PACOMIO&nbsp;<br><\/strong>Del copto Pa-ahom, que significa \u00abel del \u00e1guila. \u00c9sta es la etimolog\u00eda m\u00e1s s\u00f3lida.&nbsp;<a href=\"http:\/\/www.elalmanaque.com\/Mayo20\/9-5-20.htm#LEXICO\"><\/a><\/td><\/tr><tr><td><strong>L\u00c9XICO<\/strong><\/td><td><strong>ONGS<\/strong><\/td><\/tr><tr><td><strong>LA PALABRA DEL D\u00cdA&nbsp;&#8211;&nbsp;<\/strong><strong>EUROPA<a href=\"http:\/\/www.elalmanaque.com\/Mayo17\/9-5-17.htm#L%C3%89XICO\">&nbsp;<\/a><br><\/strong>Entre las tierras que tienen en la mitolog\u00eda griega su origen en alguna divinidad, est\u00e1 Europa. Es la hija de F\u00e9nix (el legendario h\u00e9roe de quien toman el nombre los fenicios). Fue raptada por Zeus, metamorfoseado en toro, que se la llev\u00f3 a Creta y engendr\u00f3 en ella a Minos, que a su vez engendrar\u00eda el Minotauro. Con esta leyenda quisieron los reyes cretenses dejar asentado el origen divino de su dinast\u00eda. En el momento en que nace este mito, Europa era Grecia y poco m\u00e1s; las tierras septentrionales, en oposici\u00f3n a las tierras orientale&nbsp; &nbsp;<a href=\"http:\/\/www.elalmanaque.com\/Mayo20\/9-5-20.htm#LEXICO\"><\/a><\/td><td><img loading=\"lazy\" decoding=\"async\" src=\"http:\/\/www.elalmanaque.com\/Mayo20\/fotos\/2019050816372876232.jpg\" width=\"172\" height=\"100\"><strong><a href=\"http:\/\/www.elalmanaque.com\/Mayo17\/8-5-17.htm#DOCUMENTALES\">Nace el Movimiento Internacional de la Cruz Roja y de la Media Luna Roja&nbsp;<\/a><\/strong><br>El Movimiento Internacional de la Cruz Roja y de la Media Luna Roja est\u00e1 presente en el mundo entero, al servicio de todos. Mediante una red que cuenta con la colaboraci\u00f3n de casi un mill\u00f3n de miembros del personal y diecisiete millones de voluntarios, las organizaciones de la Cruz Roja y de la Media Luna Roja constituyen una fuerza de cambio constructivo en beneficio de las personas m\u00e1s vulnerables&nbsp;<a href=\"http:\/\/www.elalmanaque.com\/Mayo20\/9-5-20.htm#LEXICO\"><\/a>&nbsp;&nbsp;<\/td><\/tr><tr><td><strong>DIAS MUNDIALES &#8211;<\/strong><\/td><td><strong>DIAS INTERNACIONALES<\/strong><\/td><\/tr><tr><td><img decoding=\"async\" src=\"http:\/\/www.elalmanaque.com\/Mayo16\/fotos\/dia_de_europa-p.jpg\"><strong>9 de MAYO: D\u00cdA DE EUROPA&nbsp;<br><\/strong>El D\u00eda de Europa es una celebraci\u00f3n que tiene lugar cada 9 de mayo en la Uni\u00f3n Europea, en recuerdo de la denominada Declaraci\u00f3n Schuman, en la que el ministro franc\u00e9s de exteriores, Robert Schuman, dio el primer paso para la integraci\u00f3n de los estados europeos.&nbsp;<a href=\"http:\/\/www.elalmanaque.com\/Mayo20\/9-5-20.htm#LEXICO\"><\/a><\/td><td><img loading=\"lazy\" decoding=\"async\" src=\"http:\/\/www.elalmanaque.com\/Mayo12\/fotos\/UN_art_1p.jpg\" width=\"120\" height=\"91\"><strong>D\u00edas del Recuerdo y la Reconciliaci\u00f3n Conmemoraci\u00f3n de la Segunda Guerra Mundial<\/strong>&nbsp;El 8 y 9 de mayo fueron designados por las Naciones Unidas como los D\u00edas del Recuerdo y la Reconciliaci\u00f3n Conmemoraci\u00f3n de la Segunda Guerra Mundial.&nbsp;&nbsp;En estas fechas se produce la rendici\u00f3n incondicional de la Alemania Nazi ante las fuerzas aliadas.&nbsp;En Europa,&nbsp;esta conmemoraci\u00f3n lleva por nombre D\u00eda de la Victoria.<a href=\"http:\/\/www.elalmanaque.com\/Mayo20\/9-5-20.htm#LEXICO\"><\/a><\/td><\/tr><tr><td><strong>EDUCACI\u00d3N &#8211; INTERNET<\/strong><\/td><td><strong>TECNOLOGIA<\/strong><\/td><\/tr><tr><td><strong>Curricular Practical Training (CPT): Visado estudiantil para trabajar en Estados Unidos<\/strong><br>Los estudiantes que buscan trabajo en Estados Unidos y est\u00e1n provistos de una visa de estudiante F-1, necesitan un visado: CURRICULAR PRACTICAL TRAINING (CPT), un programa temporal que les permitir\u00e1 obtener experiencia laboral directamente ligada a su carrera.<strong>&nbsp;<\/strong><strong>Cajeros autom\u00e1ticos con mala conexi\u00f3n a Internet, ahora protegidos frente a ciberataques<\/strong>&nbsp;<a href=\"http:\/\/www.elalmanaque.com\/Mayo20\/9-5-20.htm#TECNOLOGIA%20E%20INTERNET\"><\/a><\/td><td><img loading=\"lazy\" decoding=\"async\" src=\"https:\/\/elalmanaque.com\/Mayo20\/fotos\/aaperrosy-gatos-M.jpg\" width=\"200\" height=\"133\">Cuando perros y gatos no se libran del \u201ctiranovirus\u201dLas personas podr\u00edan transmitir el TIRANOVIRUS a los perros, gatos y hurones, si bien todav\u00eda no est\u00e1 confirmado que la transmisi\u00f3n se produzca a la inversa, seg\u00fan se\u00f1ala el Ministerio de Sanidad en un nuevo documento cient\u00edfico-t\u00e9cnico sobre el virus. A esta conclusi\u00f3n se ha llegado tras detectarse dos casos de perros con s\u00edntomas respiratorios y digestivos en Hong-Kong (China) y de un gato en B\u00e9lgica que viv\u00edan con una persona infectada por el virus.<br>&nbsp;<a href=\"http:\/\/www.elalmanaque.com\/Mayo20\/9-5-20.htm#TECNOLOGIA%20E%20INTERNET\"><\/a><\/td><\/tr><tr><td><strong>MEDICINA &#8211;&nbsp;SALUD &#8211;<\/strong><\/td><td><strong>COVID19<\/strong><\/td><\/tr><tr><td><strong>5 de mayo: D\u00eda Mundial de la Higiene de Manos&nbsp;<\/strong>La Organizaci\u00f3n Mundial de la Salud (OMS) declar\u00f3 el d\u00eda 5 de mayo como el \u00abD\u00eda Mundial del Lavado de Manos\u00bb.<br>El \u00e9xito de esta iniciativa depende de todos, contamos con tus manos para hacer nuestra salud m\u00e1s segura. &nbsp;&nbsp;<a href=\"http:\/\/www.elalmanaque.com\/Mayo20\/9-5-20.htm#CONSUMIDORES\"><\/a><\/td><td><img loading=\"lazy\" decoding=\"async\" src=\"http:\/\/www.elalmanaque.com\/Mayo20\/fotos\/coronavirus2.jpg\" width=\"150\" height=\"88\">Coronavirus: el enigma<br>de su origen| #MilenioLive |<br>Programa T2x34 (2\/05\/2020)<strong>Historias del confinamiento VII &#8211; SALUD<\/strong>&nbsp;<a href=\"https:\/\/youtu.be\/ntlkCY10Lkg\">https:\/\/youtu.be\/ntlkCY10Lkg<\/a>&nbsp;<a href=\"http:\/\/www.elalmanaque.com\/Mayo20\/9-5-20.htm#TECNOLOGIA%20E%20INTERNET\"><\/a><\/td><\/tr><tr><td><strong>HUMOR &#8211; CURIOSIDADES &nbsp;&#8211; IDIOMAS<\/strong><\/td><td><strong>DOCUMENTOS<\/strong><\/td><\/tr><tr><td><strong>CHISTES SOBRE LA MILI<br><\/strong>Usted, \u00bfqu\u00e9 alega para no hacer la mili?<br>Que cuando como jam\u00f3n, me pongo verde.<br>Traigan una fuente de jam\u00f3n para el joven.<br>\u00d1am, \u00f1am, \u00f1am, &#8230;<br>\u00bfNo ser\u00e1 que se pone Vd. morado?<br>Eso es, mi sargento, es que no me acordaba del color.<br><a href=\"http:\/\/www.elalmanaque.com\/Mayo20\/9-5-20.htm#TECNOLOGIA%20E%20INTERNET\">&nbsp;<\/a><\/td><td><img loading=\"lazy\" decoding=\"async\" src=\"https:\/\/elalmanaque.com\/Mayo20\/fotos\/Ramsay.jpg\" width=\"132\" height=\"100\"><strong>LA HISTORIA DE IZA<br><\/strong>&nbsp;Y la gente se quedaba en casa. Y le\u00eda libros y escuchaba. Y descans\u00f3 e hizo ejercicios. E hizo arte y jug\u00f3&#8230; El poema est\u00e1 tomado del libro \u201cLa historia de Iza\u201d, de Grace Ramsay.&nbsp;<strong>Historias del confinamiento VI &#8211; Una cuarentena con arte<\/strong>&nbsp;&nbsp;&nbsp;<a href=\"http:\/\/www.elalmanaque.com\/Mayo20\/9-5-20.htm#TECNOLOGIA%20E%20INTERNET\"><\/a><\/td><\/tr><tr><td><strong>M\u00daSICA &#8211; TEATRO &#8211; ARTE &#8211; CINE<\/strong><\/td><td><strong>EFEM\u00c9RIDES<a href=\"https:\/\/www.elalmanaque.com\/Feb16\/26-2-16.htm#ACTUALIDAD%20CULTURAL\">&nbsp;<\/a><a href=\"https:\/\/www.elalmanaque.com\/Feb16\/26-2-16.htm#ACTUALIDAD%20CULTURAL\">ART\u00cdSTICAS<\/a><a href=\"https:\/\/www.elalmanaque.com\/Feb16\/26-2-16.htm#ACTUALIDAD%20CULTURAL\">&nbsp;MUSICALES<\/a><\/strong><\/td><\/tr><tr><td><img loading=\"lazy\" decoding=\"async\" src=\"https:\/\/elalmanaque.com\/Mayo20\/fotos\/Becas_Superarte-m.jpg\" width=\"70\" height=\"91\">Formaci\u00f3n para m\u00fasicos y bailarines con discapacidad&nbsp;<strong>Fundaci\u00f3n Grupo SIFU convoca una nueva edici\u00f3n de las \u201cBecas Superarte\u201d para danza y m\u00fasica&nbsp;<\/strong>La presente convocatoria conceder\u00e1 8 becas art\u00edsticas de hasta 2.000\u20ac de aportaci\u00f3n. Las becas van destinadas a artistas con diversidad funcional para cursar estudios de profesionalizaci\u00f3n en el \u00e1mbito de la danza y la m\u00fasica a nivel estatal.&nbsp;&nbsp;&nbsp;<a href=\"http:\/\/www.elalmanaque.com\/Mayo20\/9-5-20.htm#ACTUALIDAD%20CULTURAL\"><\/a><\/td><td><img loading=\"lazy\" decoding=\"async\" src=\"http:\/\/www.elalmanaque.com\/Oct15\/efemeridesp.jpg\" width=\"82\" height=\"84\"><strong>Dolores Abril&nbsp;<\/strong>(Hell\u00edn, Albacete, 9 de mayo de 1939) es una actriz y cantante espa\u00f1ola.<br><strong>Billy Joel<\/strong>&nbsp;(nacido el 9 de mayo de 1949 en Bronx) es un cantante, compositor y pianista. Ganador del Premio Grammy en seis ocasiones.<br><strong>Glenda Jackson<\/strong>&nbsp;(Birkhenhead, 9 de mayo de 1936) es una actriz y pol\u00edtica del Reino Unido. Gan\u00f3 dos \u00d3scar.&nbsp;<br><strong>Candice Bergen&nbsp;<\/strong>(n. 9 de mayo de 1946; Los \u00c1ngeles, Estados Unidos) es una actriz y productora de cine y televisi\u00f3n . Ganadora de dos Globos de Oro y de cinco Premios Emmy&nbsp;&nbsp;<a href=\"http:\/\/www.elalmanaque.com\/Mayo20\/9-5-20.htm#ACTUALIDAD%20CULTURAL\"><\/a><\/td><\/tr><tr><td><strong><a>GASTRONOMIA&nbsp;<\/a><\/strong><\/td><td><strong>HOSTELERIA<\/strong><\/td><\/tr><tr><td><img loading=\"lazy\" decoding=\"async\" src=\"https:\/\/elalmanaque.com\/Mayo20\/fotos\/9-5-202.jpg\" width=\"136\" height=\"106\"><strong>Hoteler\u00eda&nbsp;&nbsp;GRANDES MAESTROS del siglo XX para los del XXI<\/strong><strong><em>VICENTE ROMERO&nbsp;<\/em><\/strong>Vicente Romero, nacido en Archidona (M\u00e1laga), inici\u00f3 su carrera de Turismo en Catalu\u00f1a pero el amor por su tierra malague\u00f1a, le llev\u00f3 a establecerse en Marbella en 1993. Fue Director de varios hoteles en la Costa del Sol como Guitart Hotels&nbsp;.<a href=\"http:\/\/www.elalmanaque.com\/Mayo20\/9-5-20.htm#GASTRONOMIA-HOSTELERIA\"><\/a><\/td><td><img loading=\"lazy\" decoding=\"async\" src=\"https:\/\/elalmanaque.com\/Mayo20\/fotos\/bares1-m.jpg\" width=\"183\" height=\"103\">La cadena de valor de la hosteler\u00eda presenta al Gobierno su \u201cpaquete de medidas\u201d para minimizar el impacto econ\u00f3mico del COVID-19<br>La propuesta, integrada en el Plan de Desescalada Inteligente, se complementa con un \u2018Sistema Integral de medidas para la reapertura segura del sector\u201d&nbsp;<a href=\"http:\/\/www.elalmanaque.com\/Mayo20\/9-5-20.htm#GASTRONOMIA-HOSTELERIA\"><\/a><\/td><\/tr><tr><td><strong>VIAJES &#8211; &nbsp;TURISMO<\/strong><\/td><td><strong>FIESTAS &#8211; HOTELERIA<\/strong><\/td><\/tr><tr><td><strong>CELESTYAL CRUISES SALE EN AYUDA DE LA COMUNIDAD GRIEGA DURANTE LA PANDEMIA DEL COVID-19&nbsp;<\/strong>La naviera colabora en Grecia en la lucha contra el COVID-19 donando alimentos, suministrando material sanitario y obsequiando a los trabajadores sanitarios de primera l\u00ednea con cruceros por las islas griegas &#8211;&nbsp;<strong><a href=\"http:\/\/www.elalmanaque.com\/Mayo17\/9-5-17.htm#TURISMO\">FERIA DEL CABALLO DE JEREZ DE LA FRONTERA<\/a>&nbsp;<\/strong>&nbsp;<a href=\"http:\/\/www.elalmanaque.com\/Mayo20\/9-5-20.htm#TURISMO\"><\/a>&nbsp;<\/td><td><strong>Palma se prepara para la&nbsp;<em>\u00abnueva normalidad\u00bb<\/em>&nbsp;con el deseo de seguir siendo un lugar muy especial<br><\/strong><strong><em>\u00a1Palma te estar\u00e1 esperando!<\/em><\/strong><br>Comercios, restaurantes, hoteles, museos, parques, playas, espacios tem\u00e1ticos, establecimientos emblem\u00e1ticos,&nbsp;<em>rooftop bars<\/em>, mercados con producto t\u00edpico local, bares con las mejores sugerencias de tapeo y terraceo, locales para el ocio nocturno con todo el glamour y el Mar Mediterr\u00e1neo.<strong>&nbsp;<\/strong>&nbsp;<a href=\"http:\/\/www.elalmanaque.com\/Mayo20\/9-5-20.htm#TURISMO\"><\/a><\/td><\/tr><\/tbody><\/table><\/figure>\n\n\n\n<p><a href=\"https:\/\/www.elalmanaque.com\/almanaques_2020.htm\">ARCHIVO<\/a><a href=\"https:\/\/www.elalmanaque.com\/almanaques_2019.htm\">&nbsp;&#8211;&nbsp;<\/a><strong><a href=\"https:\/\/elalmanaque.com\/portada\/index.htm\">PORTADA<\/a><\/strong><strong>S &#8211;&nbsp;<\/strong><a href=\"https:\/\/www.elalmanaque.com\/almanaques_2019.htm\">EDICIONES DE ALMANAQUES&nbsp;<\/a><a href=\"https:\/\/www.elalmanaque.com\/almanaques_2020.htm\">MAYO<\/a><a href=\"https:\/\/www.elalmanaque.com\/almanaques_2020.htm\"><strong>&nbsp;20<\/strong>20&nbsp;<\/a>:&nbsp;<a href=\"https:\/\/elalmanaque.com\/Mayo20\/1-5-20.htm\">1&nbsp;<\/a>&#8211;&nbsp;<a href=\"https:\/\/elalmanaque.com\/Mayo20\/2-5-20.htm\">2<\/a>&nbsp;&#8211;&nbsp;<a href=\"https:\/\/elalmanaque.com\/Mayo20\/3-5-20.htm\">3<\/a>&nbsp;&#8211;&nbsp;<a href=\"https:\/\/elalmanaque.com\/Mayo20\/4-5-20.htm\">4<\/a>&nbsp;&#8211;&nbsp;<a href=\"https:\/\/elalmanaque.com\/Mayo20\/5-5-20.htm\">5<\/a>&nbsp;&#8211;&nbsp;<a href=\"https:\/\/elalmanaque.com\/Mayo20\/6-5-20.htm\">6<\/a>&nbsp;&#8211;&nbsp;<a href=\"https:\/\/elalmanaque.com\/Mayo20\/7-5-20.htm\">7<\/a>&nbsp;&#8211;&nbsp;<a href=\"https:\/\/elalmanaque.com\/Mayo20\/8-5-20.htm\">8<\/a><\/p>\n\n\n\n<p>SUSCRIPCIONES AL MAGAZINE :&nbsp; El Almanaque se env\u00eda \u00fanicamente a los suscriptores.&nbsp;Suscripciones gratis&nbsp;&nbsp;<\/p>\n\n\n\n<p>Para informaci\u00f3n, consultas y\/o sugerencias , contactar con Editor y Webmaster :&nbsp;<a href=\"mailto:webmaster@elalmanaque.com\">webmaster<\/a><a href=\"mailto:webmaster@elalmanaque.com\">@elalmanaque.com<\/a>&nbsp;<ins><\/ins><\/p>\n","protected":false},"excerpt":{"rendered":"<p>REVISTA&nbsp;&#8211; VERSI\u00d3N&nbsp;&nbsp;M\u00d3VIL&nbsp;&#8211; CELULARES&nbsp; &nbsp;&nbsp;&nbsp;&nbsp;&nbsp;&nbsp; SANTORAL\u00a0\u00a0&#8211;\u00a0L\u00c9XICO\u00a0&#8211;\u00a0EFEM\u00c9RIDES\u00a0&#8211;\u00a0\u00a0CALENDARIOS &#8211;\u00a0\u00a0HUMOR\u00a0&#8211;\u00a0GASTRONOMIA\u00a0&#8211;\u00a0TURISMO\u00a0&#8211;\u00a0DESTINOS&#8211;\u00a0REPORTAJES El Almanaque N\u00ba 7476 S\u00e1bado 9 de Mayo de 2020\u00a0 D\u00eda de Europa\u00a0 El D\u00eda de Europa es una&hellip; <\/p>\n","protected":false},"author":1,"featured_media":31211,"comment_status":"closed","ping_status":"closed","sticky":false,"template":"","format":"standard","meta":{"footnotes":""},"categories":[106,74,16,43,121,120,3],"tags":[],"class_list":["post-31210","post","type-post","status-publish","format-standard","has-post-thumbnail","hentry","category-almanaques","category-divulgativo","category-efemerides","category-entretenimiento","category-lexico","category-santoral","category-turismo"],"yoast_head":"<!-- This site is optimized with the Yoast SEO plugin v24.8.1 - https:\/\/yoast.com\/wordpress\/plugins\/seo\/ -->\n<title>El Almanaque N\u00ba 7476 S\u00e1bado 9 de Mayo de 2020 - El Almanaque<\/title>\n<meta name=\"robots\" content=\"index, follow, max-snippet:-1, max-image-preview:large, max-video-preview:-1\" \/>\n<link rel=\"canonical\" href=\"https:\/\/www.elalmanaque.com\/wp\/turismo\/el-almanaque-no-7476-sabado-9-de-mayo-de-2020\/\" \/>\n<meta property=\"og:locale\" content=\"es_ES\" \/>\n<meta property=\"og:type\" content=\"article\" \/>\n<meta property=\"og:title\" content=\"El Almanaque N\u00ba 7476 S\u00e1bado 9 de Mayo de 2020 - El Almanaque\" \/>\n<meta property=\"og:description\" content=\"REVISTA&nbsp;&#8211; VERSI\u00d3N&nbsp;&nbsp;M\u00d3VIL&nbsp;&#8211; CELULARES&nbsp; &nbsp;&nbsp;&nbsp;&nbsp;&nbsp;&nbsp; SANTORAL\u00a0\u00a0&#8211;\u00a0L\u00c9XICO\u00a0&#8211;\u00a0EFEM\u00c9RIDES\u00a0&#8211;\u00a0\u00a0CALENDARIOS &#8211;\u00a0\u00a0HUMOR\u00a0&#8211;\u00a0GASTRONOMIA\u00a0&#8211;\u00a0TURISMO\u00a0&#8211;\u00a0DESTINOS&#8211;\u00a0REPORTAJES El Almanaque N\u00ba 7476 S\u00e1bado 9 de Mayo de 2020\u00a0 D\u00eda de Europa\u00a0 El D\u00eda de Europa es una&hellip;\" \/>\n<meta property=\"og:url\" content=\"https:\/\/www.elalmanaque.com\/wp\/turismo\/el-almanaque-no-7476-sabado-9-de-mayo-de-2020\/\" \/>\n<meta property=\"og:site_name\" content=\"El Almanaque\" \/>\n<meta property=\"article:published_time\" content=\"2020-05-09T15:51:55+00:00\" \/>\n<meta property=\"og:image\" content=\"https:\/\/www.elalmanaque.com\/wp\/wp-content\/uploads\/2020\/05\/Dia-de-Europa.jpg\" \/>\n\t<meta property=\"og:image:width\" content=\"465\" \/>\n\t<meta property=\"og:image:height\" content=\"260\" \/>\n\t<meta property=\"og:image:type\" content=\"image\/jpeg\" \/>\n<meta name=\"author\" content=\"Redactor\" \/>\n<meta name=\"twitter:card\" content=\"summary_large_image\" \/>\n<meta name=\"twitter:label1\" content=\"Escrito por\" \/>\n\t<meta name=\"twitter:data1\" content=\"Redactor\" \/>\n\t<meta name=\"twitter:label2\" content=\"Tiempo de lectura\" \/>\n\t<meta name=\"twitter:data2\" content=\"7 minutos\" \/>\n<script type=\"application\/ld+json\" class=\"yoast-schema-graph\">{\"@context\":\"https:\/\/schema.org\",\"@graph\":[{\"@type\":\"Article\",\"@id\":\"https:\/\/www.elalmanaque.com\/wp\/turismo\/el-almanaque-no-7476-sabado-9-de-mayo-de-2020\/#article\",\"isPartOf\":{\"@id\":\"https:\/\/www.elalmanaque.com\/wp\/turismo\/el-almanaque-no-7476-sabado-9-de-mayo-de-2020\/\"},\"author\":{\"name\":\"Redactor\",\"@id\":\"https:\/\/www.elalmanaque.com\/wp\/#\/schema\/person\/61ab31c67167988fe2679d590ca85afe\"},\"headline\":\"El Almanaque N\u00ba 7476 S\u00e1bado 9 de Mayo de 2020\",\"datePublished\":\"2020-05-09T15:51:55+00:00\",\"mainEntityOfPage\":{\"@id\":\"https:\/\/www.elalmanaque.com\/wp\/turismo\/el-almanaque-no-7476-sabado-9-de-mayo-de-2020\/\"},\"wordCount\":1466,\"publisher\":{\"@id\":\"https:\/\/www.elalmanaque.com\/wp\/#organization\"},\"image\":{\"@id\":\"https:\/\/www.elalmanaque.com\/wp\/turismo\/el-almanaque-no-7476-sabado-9-de-mayo-de-2020\/#primaryimage\"},\"thumbnailUrl\":\"https:\/\/www.elalmanaque.com\/wp\/wp-content\/uploads\/2020\/05\/Dia-de-Europa.jpg\",\"articleSection\":[\"Almanaques\",\"Divulgativo\",\"Efem\u00e9rides\",\"Entretenimiento\",\"Lexico\",\"Santoral\",\"Turismo\"],\"inLanguage\":\"es\"},{\"@type\":\"WebPage\",\"@id\":\"https:\/\/www.elalmanaque.com\/wp\/turismo\/el-almanaque-no-7476-sabado-9-de-mayo-de-2020\/\",\"url\":\"https:\/\/www.elalmanaque.com\/wp\/turismo\/el-almanaque-no-7476-sabado-9-de-mayo-de-2020\/\",\"name\":\"El Almanaque N\u00ba 7476 S\u00e1bado 9 de Mayo de 2020 - El Almanaque\",\"isPartOf\":{\"@id\":\"https:\/\/www.elalmanaque.com\/wp\/#website\"},\"primaryImageOfPage\":{\"@id\":\"https:\/\/www.elalmanaque.com\/wp\/turismo\/el-almanaque-no-7476-sabado-9-de-mayo-de-2020\/#primaryimage\"},\"image\":{\"@id\":\"https:\/\/www.elalmanaque.com\/wp\/turismo\/el-almanaque-no-7476-sabado-9-de-mayo-de-2020\/#primaryimage\"},\"thumbnailUrl\":\"https:\/\/www.elalmanaque.com\/wp\/wp-content\/uploads\/2020\/05\/Dia-de-Europa.jpg\",\"datePublished\":\"2020-05-09T15:51:55+00:00\",\"breadcrumb\":{\"@id\":\"https:\/\/www.elalmanaque.com\/wp\/turismo\/el-almanaque-no-7476-sabado-9-de-mayo-de-2020\/#breadcrumb\"},\"inLanguage\":\"es\",\"potentialAction\":[{\"@type\":\"ReadAction\",\"target\":[\"https:\/\/www.elalmanaque.com\/wp\/turismo\/el-almanaque-no-7476-sabado-9-de-mayo-de-2020\/\"]}]},{\"@type\":\"ImageObject\",\"inLanguage\":\"es\",\"@id\":\"https:\/\/www.elalmanaque.com\/wp\/turismo\/el-almanaque-no-7476-sabado-9-de-mayo-de-2020\/#primaryimage\",\"url\":\"https:\/\/www.elalmanaque.com\/wp\/wp-content\/uploads\/2020\/05\/Dia-de-Europa.jpg\",\"contentUrl\":\"https:\/\/www.elalmanaque.com\/wp\/wp-content\/uploads\/2020\/05\/Dia-de-Europa.jpg\",\"width\":465,\"height\":260},{\"@type\":\"BreadcrumbList\",\"@id\":\"https:\/\/www.elalmanaque.com\/wp\/turismo\/el-almanaque-no-7476-sabado-9-de-mayo-de-2020\/#breadcrumb\",\"itemListElement\":[{\"@type\":\"ListItem\",\"position\":1,\"name\":\"Portada\",\"item\":\"https:\/\/www.elalmanaque.com\/wp\/\"},{\"@type\":\"ListItem\",\"position\":2,\"name\":\"El Almanaque N\u00ba 7476 S\u00e1bado 9 de Mayo de 2020\"}]},{\"@type\":\"WebSite\",\"@id\":\"https:\/\/www.elalmanaque.com\/wp\/#website\",\"url\":\"https:\/\/www.elalmanaque.com\/wp\/\",\"name\":\"El Almanaque\",\"description\":\"Revista de Cultura y Ocio\",\"publisher\":{\"@id\":\"https:\/\/www.elalmanaque.com\/wp\/#organization\"},\"potentialAction\":[{\"@type\":\"SearchAction\",\"target\":{\"@type\":\"EntryPoint\",\"urlTemplate\":\"https:\/\/www.elalmanaque.com\/wp\/?s={search_term_string}\"},\"query-input\":{\"@type\":\"PropertyValueSpecification\",\"valueRequired\":true,\"valueName\":\"search_term_string\"}}],\"inLanguage\":\"es\"},{\"@type\":\"Organization\",\"@id\":\"https:\/\/www.elalmanaque.com\/wp\/#organization\",\"name\":\"El Almanaque\",\"url\":\"https:\/\/www.elalmanaque.com\/wp\/\",\"logo\":{\"@type\":\"ImageObject\",\"inLanguage\":\"es\",\"@id\":\"https:\/\/www.elalmanaque.com\/wp\/#\/schema\/logo\/image\/\",\"url\":\"https:\/\/www.elalmanaque.com\/wp\/wp-content\/uploads\/2020\/03\/cropped-elalmanaque.jpg\",\"contentUrl\":\"https:\/\/www.elalmanaque.com\/wp\/wp-content\/uploads\/2020\/03\/cropped-elalmanaque.jpg\",\"width\":900,\"height\":164,\"caption\":\"El Almanaque\"},\"image\":{\"@id\":\"https:\/\/www.elalmanaque.com\/wp\/#\/schema\/logo\/image\/\"}},{\"@type\":\"Person\",\"@id\":\"https:\/\/www.elalmanaque.com\/wp\/#\/schema\/person\/61ab31c67167988fe2679d590ca85afe\",\"name\":\"Redactor\",\"image\":{\"@type\":\"ImageObject\",\"inLanguage\":\"es\",\"@id\":\"https:\/\/www.elalmanaque.com\/wp\/#\/schema\/person\/image\/\",\"url\":\"https:\/\/secure.gravatar.com\/avatar\/a1cd6ad4f449e45fea5ebd57548cb588?s=96&d=mm&r=g\",\"contentUrl\":\"https:\/\/secure.gravatar.com\/avatar\/a1cd6ad4f449e45fea5ebd57548cb588?s=96&d=mm&r=g\",\"caption\":\"Redactor\"},\"url\":\"https:\/\/www.elalmanaque.com\/wp\/author\/useralmanaque\/\"}]}<\/script>\n<!-- \/ Yoast SEO plugin. -->","yoast_head_json":{"title":"El Almanaque N\u00ba 7476 S\u00e1bado 9 de Mayo de 2020 - El Almanaque","robots":{"index":"index","follow":"follow","max-snippet":"max-snippet:-1","max-image-preview":"max-image-preview:large","max-video-preview":"max-video-preview:-1"},"canonical":"https:\/\/www.elalmanaque.com\/wp\/turismo\/el-almanaque-no-7476-sabado-9-de-mayo-de-2020\/","og_locale":"es_ES","og_type":"article","og_title":"El Almanaque N\u00ba 7476 S\u00e1bado 9 de Mayo de 2020 - El Almanaque","og_description":"REVISTA&nbsp;&#8211; VERSI\u00d3N&nbsp;&nbsp;M\u00d3VIL&nbsp;&#8211; CELULARES&nbsp; &nbsp;&nbsp;&nbsp;&nbsp;&nbsp;&nbsp; SANTORAL\u00a0\u00a0&#8211;\u00a0L\u00c9XICO\u00a0&#8211;\u00a0EFEM\u00c9RIDES\u00a0&#8211;\u00a0\u00a0CALENDARIOS &#8211;\u00a0\u00a0HUMOR\u00a0&#8211;\u00a0GASTRONOMIA\u00a0&#8211;\u00a0TURISMO\u00a0&#8211;\u00a0DESTINOS&#8211;\u00a0REPORTAJES El Almanaque N\u00ba 7476 S\u00e1bado 9 de Mayo de 2020\u00a0 D\u00eda de Europa\u00a0 El D\u00eda de Europa es una&hellip;","og_url":"https:\/\/www.elalmanaque.com\/wp\/turismo\/el-almanaque-no-7476-sabado-9-de-mayo-de-2020\/","og_site_name":"El Almanaque","article_published_time":"2020-05-09T15:51:55+00:00","og_image":[{"width":465,"height":260,"url":"https:\/\/www.elalmanaque.com\/wp\/wp-content\/uploads\/2020\/05\/Dia-de-Europa.jpg","type":"image\/jpeg"}],"author":"Redactor","twitter_card":"summary_large_image","twitter_misc":{"Escrito por":"Redactor","Tiempo de lectura":"7 minutos"},"schema":{"@context":"https:\/\/schema.org","@graph":[{"@type":"Article","@id":"https:\/\/www.elalmanaque.com\/wp\/turismo\/el-almanaque-no-7476-sabado-9-de-mayo-de-2020\/#article","isPartOf":{"@id":"https:\/\/www.elalmanaque.com\/wp\/turismo\/el-almanaque-no-7476-sabado-9-de-mayo-de-2020\/"},"author":{"name":"Redactor","@id":"https:\/\/www.elalmanaque.com\/wp\/#\/schema\/person\/61ab31c67167988fe2679d590ca85afe"},"headline":"El Almanaque N\u00ba 7476 S\u00e1bado 9 de Mayo de 2020","datePublished":"2020-05-09T15:51:55+00:00","mainEntityOfPage":{"@id":"https:\/\/www.elalmanaque.com\/wp\/turismo\/el-almanaque-no-7476-sabado-9-de-mayo-de-2020\/"},"wordCount":1466,"publisher":{"@id":"https:\/\/www.elalmanaque.com\/wp\/#organization"},"image":{"@id":"https:\/\/www.elalmanaque.com\/wp\/turismo\/el-almanaque-no-7476-sabado-9-de-mayo-de-2020\/#primaryimage"},"thumbnailUrl":"https:\/\/www.elalmanaque.com\/wp\/wp-content\/uploads\/2020\/05\/Dia-de-Europa.jpg","articleSection":["Almanaques","Divulgativo","Efem\u00e9rides","Entretenimiento","Lexico","Santoral","Turismo"],"inLanguage":"es"},{"@type":"WebPage","@id":"https:\/\/www.elalmanaque.com\/wp\/turismo\/el-almanaque-no-7476-sabado-9-de-mayo-de-2020\/","url":"https:\/\/www.elalmanaque.com\/wp\/turismo\/el-almanaque-no-7476-sabado-9-de-mayo-de-2020\/","name":"El Almanaque N\u00ba 7476 S\u00e1bado 9 de Mayo de 2020 - El Almanaque","isPartOf":{"@id":"https:\/\/www.elalmanaque.com\/wp\/#website"},"primaryImageOfPage":{"@id":"https:\/\/www.elalmanaque.com\/wp\/turismo\/el-almanaque-no-7476-sabado-9-de-mayo-de-2020\/#primaryimage"},"image":{"@id":"https:\/\/www.elalmanaque.com\/wp\/turismo\/el-almanaque-no-7476-sabado-9-de-mayo-de-2020\/#primaryimage"},"thumbnailUrl":"https:\/\/www.elalmanaque.com\/wp\/wp-content\/uploads\/2020\/05\/Dia-de-Europa.jpg","datePublished":"2020-05-09T15:51:55+00:00","breadcrumb":{"@id":"https:\/\/www.elalmanaque.com\/wp\/turismo\/el-almanaque-no-7476-sabado-9-de-mayo-de-2020\/#breadcrumb"},"inLanguage":"es","potentialAction":[{"@type":"ReadAction","target":["https:\/\/www.elalmanaque.com\/wp\/turismo\/el-almanaque-no-7476-sabado-9-de-mayo-de-2020\/"]}]},{"@type":"ImageObject","inLanguage":"es","@id":"https:\/\/www.elalmanaque.com\/wp\/turismo\/el-almanaque-no-7476-sabado-9-de-mayo-de-2020\/#primaryimage","url":"https:\/\/www.elalmanaque.com\/wp\/wp-content\/uploads\/2020\/05\/Dia-de-Europa.jpg","contentUrl":"https:\/\/www.elalmanaque.com\/wp\/wp-content\/uploads\/2020\/05\/Dia-de-Europa.jpg","width":465,"height":260},{"@type":"BreadcrumbList","@id":"https:\/\/www.elalmanaque.com\/wp\/turismo\/el-almanaque-no-7476-sabado-9-de-mayo-de-2020\/#breadcrumb","itemListElement":[{"@type":"ListItem","position":1,"name":"Portada","item":"https:\/\/www.elalmanaque.com\/wp\/"},{"@type":"ListItem","position":2,"name":"El Almanaque N\u00ba 7476 S\u00e1bado 9 de Mayo de 2020"}]},{"@type":"WebSite","@id":"https:\/\/www.elalmanaque.com\/wp\/#website","url":"https:\/\/www.elalmanaque.com\/wp\/","name":"El Almanaque","description":"Revista de Cultura y Ocio","publisher":{"@id":"https:\/\/www.elalmanaque.com\/wp\/#organization"},"potentialAction":[{"@type":"SearchAction","target":{"@type":"EntryPoint","urlTemplate":"https:\/\/www.elalmanaque.com\/wp\/?s={search_term_string}"},"query-input":{"@type":"PropertyValueSpecification","valueRequired":true,"valueName":"search_term_string"}}],"inLanguage":"es"},{"@type":"Organization","@id":"https:\/\/www.elalmanaque.com\/wp\/#organization","name":"El Almanaque","url":"https:\/\/www.elalmanaque.com\/wp\/","logo":{"@type":"ImageObject","inLanguage":"es","@id":"https:\/\/www.elalmanaque.com\/wp\/#\/schema\/logo\/image\/","url":"https:\/\/www.elalmanaque.com\/wp\/wp-content\/uploads\/2020\/03\/cropped-elalmanaque.jpg","contentUrl":"https:\/\/www.elalmanaque.com\/wp\/wp-content\/uploads\/2020\/03\/cropped-elalmanaque.jpg","width":900,"height":164,"caption":"El Almanaque"},"image":{"@id":"https:\/\/www.elalmanaque.com\/wp\/#\/schema\/logo\/image\/"}},{"@type":"Person","@id":"https:\/\/www.elalmanaque.com\/wp\/#\/schema\/person\/61ab31c67167988fe2679d590ca85afe","name":"Redactor","image":{"@type":"ImageObject","inLanguage":"es","@id":"https:\/\/www.elalmanaque.com\/wp\/#\/schema\/person\/image\/","url":"https:\/\/secure.gravatar.com\/avatar\/a1cd6ad4f449e45fea5ebd57548cb588?s=96&d=mm&r=g","contentUrl":"https:\/\/secure.gravatar.com\/avatar\/a1cd6ad4f449e45fea5ebd57548cb588?s=96&d=mm&r=g","caption":"Redactor"},"url":"https:\/\/www.elalmanaque.com\/wp\/author\/useralmanaque\/"}]}},"_links":{"self":[{"href":"https:\/\/www.elalmanaque.com\/wp\/wp-json\/wp\/v2\/posts\/31210","targetHints":{"allow":["GET"]}}],"collection":[{"href":"https:\/\/www.elalmanaque.com\/wp\/wp-json\/wp\/v2\/posts"}],"about":[{"href":"https:\/\/www.elalmanaque.com\/wp\/wp-json\/wp\/v2\/types\/post"}],"author":[{"embeddable":true,"href":"https:\/\/www.elalmanaque.com\/wp\/wp-json\/wp\/v2\/users\/1"}],"replies":[{"embeddable":true,"href":"https:\/\/www.elalmanaque.com\/wp\/wp-json\/wp\/v2\/comments?post=31210"}],"version-history":[{"count":1,"href":"https:\/\/www.elalmanaque.com\/wp\/wp-json\/wp\/v2\/posts\/31210\/revisions"}],"predecessor-version":[{"id":31212,"href":"https:\/\/www.elalmanaque.com\/wp\/wp-json\/wp\/v2\/posts\/31210\/revisions\/31212"}],"wp:featuredmedia":[{"embeddable":true,"href":"https:\/\/www.elalmanaque.com\/wp\/wp-json\/wp\/v2\/media\/31211"}],"wp:attachment":[{"href":"https:\/\/www.elalmanaque.com\/wp\/wp-json\/wp\/v2\/media?parent=31210"}],"wp:term":[{"taxonomy":"category","embeddable":true,"href":"https:\/\/www.elalmanaque.com\/wp\/wp-json\/wp\/v2\/categories?post=31210"},{"taxonomy":"post_tag","embeddable":true,"href":"https:\/\/www.elalmanaque.com\/wp\/wp-json\/wp\/v2\/tags?post=31210"}],"curies":[{"name":"wp","href":"https:\/\/api.w.org\/{rel}","templated":true}]}}