{"id":30912,"date":"2020-04-21T17:59:17","date_gmt":"2020-04-21T16:59:17","guid":{"rendered":"https:\/\/www.elalmanaque.com\/wp\/?p=30912"},"modified":"2020-04-21T17:59:17","modified_gmt":"2020-04-21T16:59:17","slug":"ordenados-frente-a-desordenados-como-convivir","status":"publish","type":"post","link":"https:\/\/www.elalmanaque.com\/wp\/autoayuda\/ordenados-frente-a-desordenados-como-convivir\/","title":{"rendered":"Ordenados frente a desordenados: c\u00f3mo convivir"},"content":{"rendered":"\n<p><\/p>\n\n\n\n<figure class=\"wp-block-image\"><img decoding=\"async\" src=\"https:\/\/elalmanaque.com\/Abril20\/fotos\/orden-desorden1.jpg\" alt=\"\"\/><\/figure>\n\n\n\n<p><em>Thyssenkrupp Home Solutions aconseja c\u00f3mo establecer unos m\u00ednimos de convivencia entre ellos en tiempo de cuarentena y despu\u00e9s tambi\u00e9n.<\/em><\/p>\n\n\n\n<p>El orden (o el desorden) nos traen a todos de cabeza. Seg\u00fan un estudio realizado por la compa\u00f1\u00eda l\u00edder en salvaescaleras para el hogar&nbsp;<a target=\"_blank\" rel=\"noreferrer noopener\" href=\"https:\/\/www.thyssenkrupp-homesolutions.es\/\">www.thyssenkrupp-homesolutions.es<\/a>, entre sus clientes y sus familias, se comprob\u00f3 que&nbsp;<strong>para un 36 % de ellos una de las causas m\u00e1s comunes de ri\u00f1a durante la convivencia era el orden de la casa<\/strong>, sobre todo, cuando se juntan personas extremadamente ordenadas con personas que tienen tendencia al caos. Pero si para los j\u00f3venes es un motivo de discusi\u00f3n, para los mayores puede convertirse en una cuesti\u00f3n de seguridad que hay que cuidar. El porcentaje de las personas que se consideran ordenadas var\u00eda seg\u00fan la edad y el sexo. En la franja que iba&nbsp;<strong>de 50 a\u00f1os en adelante, los<\/strong>&nbsp;<strong>que se identificaban dentro del \u00edtem \u201corganizados\u201d constitu\u00edan el 68,7 % y de ellos, el 79,3 % eran mujeres<\/strong>. De los&nbsp;<strong>26 a los 49 a\u00f1os<\/strong>&nbsp;el n\u00famero de ordenados disminu\u00eda a un&nbsp;<strong>52,3 % siendo las mujeres tambi\u00e9n mayor\u00eda con un 64,5 %<\/strong>.<br><br>Cuando comparamos estos resultados con los de la&nbsp;<strong>franja de edad de menores de 25<\/strong>, nos encontramos un cambio muy significativo, ya que, entre los m\u00e1s j\u00f3venes,&nbsp;<strong>los ordenados representaban solo el 31 % y el porcentaje de mujeres hab\u00eda descendido al 55,6 %<\/strong>. Esta diferencia entre hombres y mujeres tiene una explicaci\u00f3n simple por el cambio social de los roles asociados al cuidado del hogar y de la familia, que tradicionalmente han sido femeninos.<br><br>El estudio relativo al orden de los hogares arrojaba tambi\u00e9n un curioso dato: mientras las personas m\u00e1s organizadas&nbsp;<strong>colocaban sus libros por orden alfab\u00e9tico (65 %) o por autor (73 %)<\/strong>&nbsp;y dentro del autor, la mayor\u00eda por orden alfab\u00e9tico (68 %), las personas con las que conviv\u00edan y a las que consideraban desordenadas,&nbsp;<strong>directamente no los ordenaban (78 %)<\/strong>, pero los que \u201crelativamente\u201d s\u00ed lo hac\u00edan era atendiendo a razones m\u00e1s emocionales, creando categor\u00edas como \u201cmis libros favoritos\u201d, \u201clos libros que le\u00eda con mis hijos\u201d, \u201clibros que me han regalado y no me gustan\u201d, \u201clibros para decorar\u201d o \u201clibros por leer\u201d.<br><br>Para los ordenados y para los desordenados,&nbsp;<a target=\"_blank\" rel=\"noreferrer noopener\" href=\"https:\/\/www.thyssenkrupp-homesolutions.es\/\">thyssenkrupp Home Solutions<\/a>&nbsp;aconseja c\u00f3mo establecer unos m\u00ednimos de convivencia para poder llevar el confinamiento de la mejor manera posible:<strong>1. Negociar unos m\u00ednimos<br><\/strong>Debemos entender que&nbsp;<strong>una buena negociaci\u00f3n es en la que todo el mundo gana.&nbsp;<\/strong>En marketing, a este tipo de negociaci\u00f3n se le llama t\u00e9cnica \u201cwin to win<em>\u201d<\/em>&nbsp;y<strong>&nbsp;se trata de que ambas partes salgan beneficiadas y ambas hagan concesiones.<\/strong>&nbsp;Para que la convivencia sea positiva, ambos tendr\u00e1n que poner de su parte y negociar unos m\u00ednimos; los organizados tendr\u00e1n que ceder en lo que realmente no sea imprescindible y los desorganizados aceptar que no todo puede estar manga por hombro.<br><br>Negociar con empat\u00eda y respeto siempre ser\u00e1 mejor que imponer nuestro criterio sin m\u00e1s. Ya que vamos a pasar una temporada encerrados en casa con nuestros seres queridos, mejor que hagamos las cosas bien para que sigan siendo \u201cseres queridos\u201d cuando todo esto acabe.<br><strong>2. Ceder y mantener prioridades<\/strong>Socialmente, est\u00e1 mejor visto ser ordenado que no serlo y, por lo tanto, el desordenado suele estar m\u00e1s predispuesto a cambiar sus h\u00e1bitos (o a intentarlo al menos) que el ordenado, pero hay una diferencia entre ser ordenado o tener una neurosis obsesiva. En este caso,&nbsp;<strong>si somos un tanto neur\u00f3ticos,&nbsp;<\/strong>habr\u00e1 que hacer por relajarseporque&nbsp;<strong>obligar a los dem\u00e1s miembros de nuestra familia a vivir seg\u00fan nuestras normas es injusto e intrusivo,&nbsp;<\/strong>adem\u00e1s de, probablemente, in\u00fatil.<br><br><strong>3. Centrarse en lo importante<br><\/strong><strong>Las zonas comunes son el caballo de batalla en el que debemos centrarnos.<\/strong>&nbsp;Intentar que todos los miembros de nuestra familia tengan sus habitaciones como a nosotros nos gustar\u00eda es una imposici\u00f3n que no es justa. Tampoco debemos sobrecargarnos de trabajo ordenando y limpiando las habitaciones de los dem\u00e1s para dejarlas a nuestro gusto, porque adem\u00e1s de ser injusto, genera que esas personas descuiden sus quehaceres y se impliquen menos en la responsabilidad colectiva de atender un hogar.<br>Lo ideal es que&nbsp;<strong>cada uno se haga cargo de limpiar su cuarto<\/strong>&nbsp;y establecer&nbsp;<strong>un d\u00eda semanal para hacerlo<\/strong>. En cambio,&nbsp;<strong>las zonas comunes deben recogerse a diario para que todo el mundo est\u00e9 c\u00f3modo y no haya que lamentar accidentes ni discusiones evitables<\/strong>. Adem\u00e1s, se debe hacer entre todos y se podr\u00e1n&nbsp;<strong>establecer rotaciones para que no tengamos que ocuparnos siempre de lo mismo.<br><br><\/strong><strong>4. Tener en cuenta a los m\u00e1s vulnerables<br><\/strong>En toda negociaci\u00f3n hay que poner por delante las necesidades de las personas que lo tengan m\u00e1s dif\u00edcil. Es sencillo hacer que todos los miembros de la familia lo entiendan cuando lo expresamos con l\u00f3gica y no como una imposici\u00f3n. Por ejemplo,&nbsp;<strong>si tenemos un familiar que sufre alg\u00fan tipo de deterioro cognitivo relacionado con la capacidad de recordar<\/strong>. En estos casos,&nbsp;<strong>el orden debe ser estricto<\/strong>&nbsp;para ayudar a que la persona afectada pueda desenvolverse con normalidad y eficiencia y no olvide cosas esenciales, como tomar su medicaci\u00f3n.<br><br>Otro ejemplo son los&nbsp;<strong>problemas respiratorios<\/strong>, que suelen aumentar cuando se alcanza la tercera edad, y que actualmente suponen un riesgo extra, por lo que&nbsp;<strong>una casa con mucho polvo o sin buena ventilaci\u00f3n puede agravar el problema<\/strong>.<br><br>Tambi\u00e9n est\u00e1 la cuesti\u00f3n de que un objeto fuera de lugar puede suponer un grave problema si, por ejemplo, alguien se levanta por la noche para ir al ba\u00f1o y tropieza con \u00e9l. Una ca\u00edda con 80 a\u00f1os no es igual de leve que una ca\u00edda con 8 y, por eso, debemos explicar a los implicados por qu\u00e9 este tipo de orden es importante.<br><br><strong>5.<\/strong>&nbsp;<strong>No es orden todo lo que reluce<\/strong><br><strong>No hay que confundir el orden con la limpieza<\/strong>. Una creencia extendida es que&nbsp;<strong>las personas desordenadas limpian menos, pero no siempre es as\u00ed<\/strong>, las hay que no aguantan la suciedad y que, aunque tras usar cualquier objeto no sean capaces de devolverlo a su sitio, luego no toleren una mota de polvo entre sus libros amontonados por el suelo.<br><br>Por otra parte,&nbsp;<strong>un orden estricto tampoco es sin\u00f3nimo de limpieza<\/strong>. Aunque la tarea de limpiar sea m\u00e1s sencilla cuantos menos objetos haya por en medio, puede que la persona ordenada no sea amiga de coger el plumero a menudo, por lo que podemos encontrar viviendas organizadas y las camas hechas desde primera hora, pero con una capa de polvo de cuatro cent\u00edmetros y unas alfombras r\u00edgidas como planchas de uralita. Llegar a un consenso en \u201corden vs limpieza\u201d es fundamental para una convivencia saludable.<br><br><strong>6. Seguridad y tiempo<br><\/strong><strong>Mantener una casa ordenada puede ser esencial para la seguridad<\/strong>, porque no importa tanto la apariencia de la casa como el hecho de que<strong>&nbsp;el orden exterior produce tambi\u00e9n cierto orden mental,&nbsp;<\/strong>que ser\u00e1 imprescindible para saber d\u00f3nde hemos puesto, por ejemplo, la medicaci\u00f3n y si nos la hemos tomado. Adem\u00e1s, el&nbsp;<strong>tener la casa desordenada har\u00e1 nos llevar\u00e1 a<\/strong>&nbsp;<strong>perder mucho tiempo<\/strong>&nbsp;tratando de encontrar objetos o ropa. Un tiempo valioso que podr\u00edamos estar usando para hacer algo m\u00e1s gratificante que rebuscar por todos lados porque no recordamos d\u00f3nde hemos puesto algo.<br><br><strong>7. Establecer unas normas b\u00e1sicas que negociar:<br><\/strong>&#8211; El que cocina, no friega despu\u00e9s ni pone y quita la mesa.<br>&#8211; El ba\u00f1o se limpia 2 veces a la semana y nadie debe dejar cosas por en medio (como la ropa sucia despu\u00e9s de ducharse, las zapatillas o los cosm\u00e9ticos que haya usado sobre el lavabo).<br>&#8211; Los pasillos y las zonas de tr\u00e1nsito deben estar despejados para la seguridad de los mayores.<br>&#8211; Las personas con m\u00e1s dificultades de movilidad o de salud hacen menos tareas que las que est\u00e1n j\u00f3venes y fuertes.<br>&#8211; Si hay un rol establecido que genera una injusticia (por ejemplo, que la abuela se encargue siempre de todo), se debe cambiar. No importa lo acostumbrados que estemos a eso. Una familia comparte las cargas y las abuelas tambi\u00e9n tienen derecho a un descanso.<br><br><strong>Bel\u00e9n Gal\u00e1n, directora de Marketing y Comunicaci\u00f3n de&nbsp;thyssenkrupp Home Solutions ha dicho:&nbsp;<\/strong><em>\u201cSeamos organizados o desorganizados, lo importante es establecer una buena comunicaci\u00f3n, negociar con comprensi\u00f3n y empat\u00eda y que todos los miembros de la familia aportemos nuestro grano de arena. El coronavirus nos est\u00e1 haciendo vivir una situaci\u00f3n \u00fanica en la historia y la mejor manera de afrontarla es junto a nuestros seres queridos. Por eso, es el momento de que seamos solidarios y hagamos este trance m\u00e1s llevadero para todos, especialmente para nuestros mayores, que merecen todo el cuidado, respeto y atenci\u00f3n con el que nos cuidaron a nosotros durante nuestra infancia o incluso m\u00e1s\u201d.<\/em><\/p>\n","protected":false},"excerpt":{"rendered":"<p>Thyssenkrupp Home Solutions aconseja c\u00f3mo establecer unos m\u00ednimos de convivencia entre ellos en tiempo de cuarentena y despu\u00e9s tambi\u00e9n. El orden (o el desorden) nos&hellip; <\/p>\n","protected":false},"author":1,"featured_media":30915,"comment_status":"closed","ping_status":"closed","sticky":false,"template":"","format":"standard","meta":{"footnotes":""},"categories":[10,39,118],"tags":[],"class_list":["post-30912","post","type-post","status-publish","format-standard","has-post-thumbnail","hentry","category-autoayuda","category-relaciones","category-vivienda"],"yoast_head":"<!-- This site is optimized with the Yoast SEO plugin v24.8.1 - https:\/\/yoast.com\/wordpress\/plugins\/seo\/ -->\n<title>Ordenados frente a desordenados: c\u00f3mo convivir - El Almanaque<\/title>\n<meta name=\"robots\" content=\"index, follow, max-snippet:-1, max-image-preview:large, max-video-preview:-1\" \/>\n<link rel=\"canonical\" href=\"https:\/\/www.elalmanaque.com\/wp\/autoayuda\/ordenados-frente-a-desordenados-como-convivir\/\" \/>\n<meta property=\"og:locale\" content=\"es_ES\" \/>\n<meta property=\"og:type\" content=\"article\" \/>\n<meta property=\"og:title\" content=\"Ordenados frente a desordenados: c\u00f3mo convivir - El Almanaque\" \/>\n<meta property=\"og:description\" content=\"Thyssenkrupp Home Solutions aconseja c\u00f3mo establecer unos m\u00ednimos de convivencia entre ellos en tiempo de cuarentena y despu\u00e9s tambi\u00e9n. El orden (o el desorden) nos&hellip;\" \/>\n<meta property=\"og:url\" content=\"https:\/\/www.elalmanaque.com\/wp\/autoayuda\/ordenados-frente-a-desordenados-como-convivir\/\" \/>\n<meta property=\"og:site_name\" content=\"El Almanaque\" \/>\n<meta property=\"article:published_time\" content=\"2020-04-21T16:59:17+00:00\" \/>\n<meta property=\"og:image\" content=\"https:\/\/www.elalmanaque.com\/wp\/wp-content\/uploads\/2020\/04\/orden-desorden-m.jpg\" \/>\n\t<meta property=\"og:image:width\" content=\"186\" \/>\n\t<meta property=\"og:image:height\" content=\"200\" \/>\n\t<meta property=\"og:image:type\" content=\"image\/jpeg\" \/>\n<meta name=\"author\" content=\"Redactor\" \/>\n<meta name=\"twitter:card\" content=\"summary_large_image\" \/>\n<meta name=\"twitter:label1\" content=\"Escrito por\" \/>\n\t<meta name=\"twitter:data1\" content=\"Redactor\" \/>\n\t<meta name=\"twitter:label2\" content=\"Tiempo de lectura\" \/>\n\t<meta name=\"twitter:data2\" content=\"8 minutos\" \/>\n<script type=\"application\/ld+json\" class=\"yoast-schema-graph\">{\"@context\":\"https:\/\/schema.org\",\"@graph\":[{\"@type\":\"Article\",\"@id\":\"https:\/\/www.elalmanaque.com\/wp\/autoayuda\/ordenados-frente-a-desordenados-como-convivir\/#article\",\"isPartOf\":{\"@id\":\"https:\/\/www.elalmanaque.com\/wp\/autoayuda\/ordenados-frente-a-desordenados-como-convivir\/\"},\"author\":{\"name\":\"Redactor\",\"@id\":\"https:\/\/www.elalmanaque.com\/wp\/#\/schema\/person\/61ab31c67167988fe2679d590ca85afe\"},\"headline\":\"Ordenados frente a desordenados: c\u00f3mo convivir\",\"datePublished\":\"2020-04-21T16:59:17+00:00\",\"mainEntityOfPage\":{\"@id\":\"https:\/\/www.elalmanaque.com\/wp\/autoayuda\/ordenados-frente-a-desordenados-como-convivir\/\"},\"wordCount\":1570,\"publisher\":{\"@id\":\"https:\/\/www.elalmanaque.com\/wp\/#organization\"},\"image\":{\"@id\":\"https:\/\/www.elalmanaque.com\/wp\/autoayuda\/ordenados-frente-a-desordenados-como-convivir\/#primaryimage\"},\"thumbnailUrl\":\"https:\/\/www.elalmanaque.com\/wp\/wp-content\/uploads\/2020\/04\/orden-desorden-m.jpg\",\"articleSection\":[\"Autoayuda\",\"Relaciones\",\"Vivienda\"],\"inLanguage\":\"es\"},{\"@type\":\"WebPage\",\"@id\":\"https:\/\/www.elalmanaque.com\/wp\/autoayuda\/ordenados-frente-a-desordenados-como-convivir\/\",\"url\":\"https:\/\/www.elalmanaque.com\/wp\/autoayuda\/ordenados-frente-a-desordenados-como-convivir\/\",\"name\":\"Ordenados frente a desordenados: c\u00f3mo convivir - El Almanaque\",\"isPartOf\":{\"@id\":\"https:\/\/www.elalmanaque.com\/wp\/#website\"},\"primaryImageOfPage\":{\"@id\":\"https:\/\/www.elalmanaque.com\/wp\/autoayuda\/ordenados-frente-a-desordenados-como-convivir\/#primaryimage\"},\"image\":{\"@id\":\"https:\/\/www.elalmanaque.com\/wp\/autoayuda\/ordenados-frente-a-desordenados-como-convivir\/#primaryimage\"},\"thumbnailUrl\":\"https:\/\/www.elalmanaque.com\/wp\/wp-content\/uploads\/2020\/04\/orden-desorden-m.jpg\",\"datePublished\":\"2020-04-21T16:59:17+00:00\",\"breadcrumb\":{\"@id\":\"https:\/\/www.elalmanaque.com\/wp\/autoayuda\/ordenados-frente-a-desordenados-como-convivir\/#breadcrumb\"},\"inLanguage\":\"es\",\"potentialAction\":[{\"@type\":\"ReadAction\",\"target\":[\"https:\/\/www.elalmanaque.com\/wp\/autoayuda\/ordenados-frente-a-desordenados-como-convivir\/\"]}]},{\"@type\":\"ImageObject\",\"inLanguage\":\"es\",\"@id\":\"https:\/\/www.elalmanaque.com\/wp\/autoayuda\/ordenados-frente-a-desordenados-como-convivir\/#primaryimage\",\"url\":\"https:\/\/www.elalmanaque.com\/wp\/wp-content\/uploads\/2020\/04\/orden-desorden-m.jpg\",\"contentUrl\":\"https:\/\/www.elalmanaque.com\/wp\/wp-content\/uploads\/2020\/04\/orden-desorden-m.jpg\",\"width\":186,\"height\":200},{\"@type\":\"BreadcrumbList\",\"@id\":\"https:\/\/www.elalmanaque.com\/wp\/autoayuda\/ordenados-frente-a-desordenados-como-convivir\/#breadcrumb\",\"itemListElement\":[{\"@type\":\"ListItem\",\"position\":1,\"name\":\"Portada\",\"item\":\"https:\/\/www.elalmanaque.com\/wp\/\"},{\"@type\":\"ListItem\",\"position\":2,\"name\":\"Ordenados frente a desordenados: c\u00f3mo convivir\"}]},{\"@type\":\"WebSite\",\"@id\":\"https:\/\/www.elalmanaque.com\/wp\/#website\",\"url\":\"https:\/\/www.elalmanaque.com\/wp\/\",\"name\":\"El Almanaque\",\"description\":\"Revista de Cultura y Ocio\",\"publisher\":{\"@id\":\"https:\/\/www.elalmanaque.com\/wp\/#organization\"},\"potentialAction\":[{\"@type\":\"SearchAction\",\"target\":{\"@type\":\"EntryPoint\",\"urlTemplate\":\"https:\/\/www.elalmanaque.com\/wp\/?s={search_term_string}\"},\"query-input\":{\"@type\":\"PropertyValueSpecification\",\"valueRequired\":true,\"valueName\":\"search_term_string\"}}],\"inLanguage\":\"es\"},{\"@type\":\"Organization\",\"@id\":\"https:\/\/www.elalmanaque.com\/wp\/#organization\",\"name\":\"El Almanaque\",\"url\":\"https:\/\/www.elalmanaque.com\/wp\/\",\"logo\":{\"@type\":\"ImageObject\",\"inLanguage\":\"es\",\"@id\":\"https:\/\/www.elalmanaque.com\/wp\/#\/schema\/logo\/image\/\",\"url\":\"https:\/\/www.elalmanaque.com\/wp\/wp-content\/uploads\/2020\/03\/cropped-elalmanaque.jpg\",\"contentUrl\":\"https:\/\/www.elalmanaque.com\/wp\/wp-content\/uploads\/2020\/03\/cropped-elalmanaque.jpg\",\"width\":900,\"height\":164,\"caption\":\"El Almanaque\"},\"image\":{\"@id\":\"https:\/\/www.elalmanaque.com\/wp\/#\/schema\/logo\/image\/\"}},{\"@type\":\"Person\",\"@id\":\"https:\/\/www.elalmanaque.com\/wp\/#\/schema\/person\/61ab31c67167988fe2679d590ca85afe\",\"name\":\"Redactor\",\"image\":{\"@type\":\"ImageObject\",\"inLanguage\":\"es\",\"@id\":\"https:\/\/www.elalmanaque.com\/wp\/#\/schema\/person\/image\/\",\"url\":\"https:\/\/secure.gravatar.com\/avatar\/a1cd6ad4f449e45fea5ebd57548cb588?s=96&d=mm&r=g\",\"contentUrl\":\"https:\/\/secure.gravatar.com\/avatar\/a1cd6ad4f449e45fea5ebd57548cb588?s=96&d=mm&r=g\",\"caption\":\"Redactor\"},\"url\":\"https:\/\/www.elalmanaque.com\/wp\/author\/useralmanaque\/\"}]}<\/script>\n<!-- \/ Yoast SEO plugin. -->","yoast_head_json":{"title":"Ordenados frente a desordenados: c\u00f3mo convivir - El Almanaque","robots":{"index":"index","follow":"follow","max-snippet":"max-snippet:-1","max-image-preview":"max-image-preview:large","max-video-preview":"max-video-preview:-1"},"canonical":"https:\/\/www.elalmanaque.com\/wp\/autoayuda\/ordenados-frente-a-desordenados-como-convivir\/","og_locale":"es_ES","og_type":"article","og_title":"Ordenados frente a desordenados: c\u00f3mo convivir - El Almanaque","og_description":"Thyssenkrupp Home Solutions aconseja c\u00f3mo establecer unos m\u00ednimos de convivencia entre ellos en tiempo de cuarentena y despu\u00e9s tambi\u00e9n. El orden (o el desorden) nos&hellip;","og_url":"https:\/\/www.elalmanaque.com\/wp\/autoayuda\/ordenados-frente-a-desordenados-como-convivir\/","og_site_name":"El Almanaque","article_published_time":"2020-04-21T16:59:17+00:00","og_image":[{"width":186,"height":200,"url":"https:\/\/www.elalmanaque.com\/wp\/wp-content\/uploads\/2020\/04\/orden-desorden-m.jpg","type":"image\/jpeg"}],"author":"Redactor","twitter_card":"summary_large_image","twitter_misc":{"Escrito por":"Redactor","Tiempo de lectura":"8 minutos"},"schema":{"@context":"https:\/\/schema.org","@graph":[{"@type":"Article","@id":"https:\/\/www.elalmanaque.com\/wp\/autoayuda\/ordenados-frente-a-desordenados-como-convivir\/#article","isPartOf":{"@id":"https:\/\/www.elalmanaque.com\/wp\/autoayuda\/ordenados-frente-a-desordenados-como-convivir\/"},"author":{"name":"Redactor","@id":"https:\/\/www.elalmanaque.com\/wp\/#\/schema\/person\/61ab31c67167988fe2679d590ca85afe"},"headline":"Ordenados frente a desordenados: c\u00f3mo convivir","datePublished":"2020-04-21T16:59:17+00:00","mainEntityOfPage":{"@id":"https:\/\/www.elalmanaque.com\/wp\/autoayuda\/ordenados-frente-a-desordenados-como-convivir\/"},"wordCount":1570,"publisher":{"@id":"https:\/\/www.elalmanaque.com\/wp\/#organization"},"image":{"@id":"https:\/\/www.elalmanaque.com\/wp\/autoayuda\/ordenados-frente-a-desordenados-como-convivir\/#primaryimage"},"thumbnailUrl":"https:\/\/www.elalmanaque.com\/wp\/wp-content\/uploads\/2020\/04\/orden-desorden-m.jpg","articleSection":["Autoayuda","Relaciones","Vivienda"],"inLanguage":"es"},{"@type":"WebPage","@id":"https:\/\/www.elalmanaque.com\/wp\/autoayuda\/ordenados-frente-a-desordenados-como-convivir\/","url":"https:\/\/www.elalmanaque.com\/wp\/autoayuda\/ordenados-frente-a-desordenados-como-convivir\/","name":"Ordenados frente a desordenados: c\u00f3mo convivir - El Almanaque","isPartOf":{"@id":"https:\/\/www.elalmanaque.com\/wp\/#website"},"primaryImageOfPage":{"@id":"https:\/\/www.elalmanaque.com\/wp\/autoayuda\/ordenados-frente-a-desordenados-como-convivir\/#primaryimage"},"image":{"@id":"https:\/\/www.elalmanaque.com\/wp\/autoayuda\/ordenados-frente-a-desordenados-como-convivir\/#primaryimage"},"thumbnailUrl":"https:\/\/www.elalmanaque.com\/wp\/wp-content\/uploads\/2020\/04\/orden-desorden-m.jpg","datePublished":"2020-04-21T16:59:17+00:00","breadcrumb":{"@id":"https:\/\/www.elalmanaque.com\/wp\/autoayuda\/ordenados-frente-a-desordenados-como-convivir\/#breadcrumb"},"inLanguage":"es","potentialAction":[{"@type":"ReadAction","target":["https:\/\/www.elalmanaque.com\/wp\/autoayuda\/ordenados-frente-a-desordenados-como-convivir\/"]}]},{"@type":"ImageObject","inLanguage":"es","@id":"https:\/\/www.elalmanaque.com\/wp\/autoayuda\/ordenados-frente-a-desordenados-como-convivir\/#primaryimage","url":"https:\/\/www.elalmanaque.com\/wp\/wp-content\/uploads\/2020\/04\/orden-desorden-m.jpg","contentUrl":"https:\/\/www.elalmanaque.com\/wp\/wp-content\/uploads\/2020\/04\/orden-desorden-m.jpg","width":186,"height":200},{"@type":"BreadcrumbList","@id":"https:\/\/www.elalmanaque.com\/wp\/autoayuda\/ordenados-frente-a-desordenados-como-convivir\/#breadcrumb","itemListElement":[{"@type":"ListItem","position":1,"name":"Portada","item":"https:\/\/www.elalmanaque.com\/wp\/"},{"@type":"ListItem","position":2,"name":"Ordenados frente a desordenados: c\u00f3mo convivir"}]},{"@type":"WebSite","@id":"https:\/\/www.elalmanaque.com\/wp\/#website","url":"https:\/\/www.elalmanaque.com\/wp\/","name":"El Almanaque","description":"Revista de Cultura y Ocio","publisher":{"@id":"https:\/\/www.elalmanaque.com\/wp\/#organization"},"potentialAction":[{"@type":"SearchAction","target":{"@type":"EntryPoint","urlTemplate":"https:\/\/www.elalmanaque.com\/wp\/?s={search_term_string}"},"query-input":{"@type":"PropertyValueSpecification","valueRequired":true,"valueName":"search_term_string"}}],"inLanguage":"es"},{"@type":"Organization","@id":"https:\/\/www.elalmanaque.com\/wp\/#organization","name":"El Almanaque","url":"https:\/\/www.elalmanaque.com\/wp\/","logo":{"@type":"ImageObject","inLanguage":"es","@id":"https:\/\/www.elalmanaque.com\/wp\/#\/schema\/logo\/image\/","url":"https:\/\/www.elalmanaque.com\/wp\/wp-content\/uploads\/2020\/03\/cropped-elalmanaque.jpg","contentUrl":"https:\/\/www.elalmanaque.com\/wp\/wp-content\/uploads\/2020\/03\/cropped-elalmanaque.jpg","width":900,"height":164,"caption":"El Almanaque"},"image":{"@id":"https:\/\/www.elalmanaque.com\/wp\/#\/schema\/logo\/image\/"}},{"@type":"Person","@id":"https:\/\/www.elalmanaque.com\/wp\/#\/schema\/person\/61ab31c67167988fe2679d590ca85afe","name":"Redactor","image":{"@type":"ImageObject","inLanguage":"es","@id":"https:\/\/www.elalmanaque.com\/wp\/#\/schema\/person\/image\/","url":"https:\/\/secure.gravatar.com\/avatar\/a1cd6ad4f449e45fea5ebd57548cb588?s=96&d=mm&r=g","contentUrl":"https:\/\/secure.gravatar.com\/avatar\/a1cd6ad4f449e45fea5ebd57548cb588?s=96&d=mm&r=g","caption":"Redactor"},"url":"https:\/\/www.elalmanaque.com\/wp\/author\/useralmanaque\/"}]}},"_links":{"self":[{"href":"https:\/\/www.elalmanaque.com\/wp\/wp-json\/wp\/v2\/posts\/30912","targetHints":{"allow":["GET"]}}],"collection":[{"href":"https:\/\/www.elalmanaque.com\/wp\/wp-json\/wp\/v2\/posts"}],"about":[{"href":"https:\/\/www.elalmanaque.com\/wp\/wp-json\/wp\/v2\/types\/post"}],"author":[{"embeddable":true,"href":"https:\/\/www.elalmanaque.com\/wp\/wp-json\/wp\/v2\/users\/1"}],"replies":[{"embeddable":true,"href":"https:\/\/www.elalmanaque.com\/wp\/wp-json\/wp\/v2\/comments?post=30912"}],"version-history":[{"count":1,"href":"https:\/\/www.elalmanaque.com\/wp\/wp-json\/wp\/v2\/posts\/30912\/revisions"}],"predecessor-version":[{"id":30916,"href":"https:\/\/www.elalmanaque.com\/wp\/wp-json\/wp\/v2\/posts\/30912\/revisions\/30916"}],"wp:featuredmedia":[{"embeddable":true,"href":"https:\/\/www.elalmanaque.com\/wp\/wp-json\/wp\/v2\/media\/30915"}],"wp:attachment":[{"href":"https:\/\/www.elalmanaque.com\/wp\/wp-json\/wp\/v2\/media?parent=30912"}],"wp:term":[{"taxonomy":"category","embeddable":true,"href":"https:\/\/www.elalmanaque.com\/wp\/wp-json\/wp\/v2\/categories?post=30912"},{"taxonomy":"post_tag","embeddable":true,"href":"https:\/\/www.elalmanaque.com\/wp\/wp-json\/wp\/v2\/tags?post=30912"}],"curies":[{"name":"wp","href":"https:\/\/api.w.org\/{rel}","templated":true}]}}