{"id":30673,"date":"2020-04-03T16:20:48","date_gmt":"2020-04-03T15:20:48","guid":{"rendered":"https:\/\/www.elalmanaque.com\/wp\/?p=30673"},"modified":"2020-04-03T16:20:48","modified_gmt":"2020-04-03T15:20:48","slug":"los-simios-chinos-no-han-vuelto-a-contraer-el-covid-19","status":"publish","type":"post","link":"https:\/\/www.elalmanaque.com\/wp\/interesante\/los-simios-chinos-no-han-vuelto-a-contraer-el-covid-19\/","title":{"rendered":"Los simios chinos no han vuelto a contraer el Covid-19"},"content":{"rendered":"\n<p>Los simios chinos no han vuelto a contraer el Covid-19<\/p>\n\n\n\n<figure class=\"wp-block-image\"><img decoding=\"async\" src=\"https:\/\/elalmanaque.com\/Abril20\/fotos\/zhongzhong1.jpg\" alt=\"\"\/><\/figure>\n\n\n\n<p>Por Ferran Mart\u00ednez-Aira<\/p>\n\n\n\n<p>La crisis del coronavirus es \u201cel reto m\u00e1s duro al que se enfrenta la humanidad\u201d desde la Segunda Guerra Mundial, en palabras del secretario general de Naciones Unidas, Ant\u00f3nio Guterres. Lo que empez\u00f3 siendo un quebradero de cabeza para China se ha convertido en una pandemia sin precedentes que pone a prueba los sistemas sanitarios de todo el mundo, especialmente los de Espa\u00f1a e Italia, donde se ha registrado el mayor n\u00famero de muertes.La ventaja de ir por detr\u00e1s del pa\u00eds m\u00e1s poblado del planeta&nbsp;es que ahora se sabe mucho m\u00e1s&nbsp;sobre la transmisi\u00f3n del virus causante del Covid-19 que cuando se notificaron los primeros casos en diciembre. Ello ha permitido, por ejemplo, que el Ministerio de Sanidad espa\u00f1ol publicara el pasado 26 de marzo un informe t\u00e9cnico en el que se detalla la informaci\u00f3n epidemiol\u00f3gica m\u00e1s importante conocida hasta la fecha: desde c\u00f3mo se transmite el virus hasta cu\u00e1ndo se esperan las primeras vacunas.<\/p>\n\n\n\n<p>Seg\u00fan lo observado en los test de diagn\u00f3stico realizados en China, el periodo medio de incubaci\u00f3n del virus es de entre cinco y seis d\u00edas. En pacientes que tienen un curso leve de infecci\u00f3n, el pico de la carga viral llega durante los primeros cinco o seis d\u00edas tras el inicio de s\u00edntomas y, pr\u00e1cticamente, desaparece al d\u00e9cimo d\u00eda. Si bien en algunos pacientes se detecta rastro del genoma despu\u00e9s del d\u00e9cimo d\u00eda, \u201cla carga viral es 100-1.000 veces menor, lo cual sugerir\u00eda una baja capacidad de transmisi\u00f3n en estos d\u00edas\u201d, seg\u00fan Sanidad.<\/p>\n\n\n\n<p>Por tanto, el tiempo medio desde el inicio de los s\u00edntomas hasta la recuperaci\u00f3n es de dos semanas cuando la enfermedad ha sido leve y de entre tres y seis semanascuando se considera grave o cr\u00edtica. El tiempo entre el inicio de los primeros s\u00edntomas hasta la aparici\u00f3n de otros m\u00e1s graves, como la falta de ox\u00edgeno, es de una semana, al tiempo que suelen pasar entre dos y ocho semanas antes de que se produzca el fallecimiento de los m\u00e1s afectados.<\/p>\n\n\n\n<p>La transmisi\u00f3nde la infecci\u00f3n ocurrir\u00eda, fundamentalmente, en la primera semana de la presentaci\u00f3n de los s\u00edntomas, desde uno o dos d\u00edas antes hasta cinco o seis d\u00edas despu\u00e9s, aunque en los casos m\u00e1s graves esta transmisi\u00f3n ser\u00eda m\u00e1s intensa.<\/p>\n\n\n\n<p>Aunque a\u00fan no hay pruebas concluyentes para afirmarlo, varios estudios cient\u00edficos apuntan a la generaci\u00f3n de anticuerpos capaces de neutralizar la enfermedad por parte de las personas que la padecen, lo que abre la posibilidad de poder desarrollar vacunas eficaces. En los momentos de mayor incertidumbre, las autoridades chinas realizaron un estudio con varios monos a los que se les inocul\u00f3 el SARS-CoV-2 y descubrieron que, tras recuperarse de la patolog\u00eda, los animales supervivientes no volv\u00edan a contraerla. Estos hallazgos se han corroborado en otros dos modelos con simios y ratones transg\u00e9nicos.<\/p>\n\n\n\n<p>Tambi\u00e9n hay que tener precauci\u00f3n con las conclusiones de dos trabajos \u2014publicados de forma preliminar antes de pasar el filtro de las revistas cient\u00edficas\u2014 que describen la respuesta inmune en humanos. De acuerdo con el primero de ellos, en una serie de 12 casos confirmados se observ\u00f3 que todos desarrollaron \u201ct\u00edtulos altos de anticuerpos neutralizantes\u201d, mientras que el segundo asegura que el 100% de una muestra de 285 pacientes hab\u00eda desarrollado las defensas necesarias 20 d\u00edas despu\u00e9sde los primeros s\u00edntomas.<\/p>\n","protected":false},"excerpt":{"rendered":"<p>Los simios chinos no han vuelto a contraer el Covid-19 Por Ferran Mart\u00ednez-Aira La crisis del coronavirus es \u201cel reto m\u00e1s duro al que se&hellip; <\/p>\n","protected":false},"author":1,"featured_media":30674,"comment_status":"closed","ping_status":"closed","sticky":false,"template":"","format":"standard","meta":{"footnotes":""},"categories":[74,72,82],"tags":[],"class_list":["post-30673","post","type-post","status-publish","format-standard","has-post-thumbnail","hentry","category-divulgativo","category-interesante","category-medicina"],"yoast_head":"<!-- This site is optimized with the Yoast SEO plugin v24.8.1 - https:\/\/yoast.com\/wordpress\/plugins\/seo\/ -->\n<title>Los simios chinos no han vuelto a contraer el Covid-19 - El Almanaque<\/title>\n<meta name=\"robots\" content=\"index, follow, max-snippet:-1, max-image-preview:large, max-video-preview:-1\" \/>\n<link rel=\"canonical\" href=\"https:\/\/www.elalmanaque.com\/wp\/interesante\/los-simios-chinos-no-han-vuelto-a-contraer-el-covid-19\/\" \/>\n<meta property=\"og:locale\" content=\"es_ES\" \/>\n<meta property=\"og:type\" content=\"article\" \/>\n<meta property=\"og:title\" content=\"Los simios chinos no han vuelto a contraer el Covid-19 - El Almanaque\" \/>\n<meta property=\"og:description\" content=\"Los simios chinos no han vuelto a contraer el Covid-19 Por Ferran Mart\u00ednez-Aira La crisis del coronavirus es \u201cel reto m\u00e1s duro al que se&hellip;\" \/>\n<meta property=\"og:url\" content=\"https:\/\/www.elalmanaque.com\/wp\/interesante\/los-simios-chinos-no-han-vuelto-a-contraer-el-covid-19\/\" \/>\n<meta property=\"og:site_name\" content=\"El Almanaque\" \/>\n<meta property=\"article:published_time\" content=\"2020-04-03T15:20:48+00:00\" \/>\n<meta property=\"og:image\" content=\"https:\/\/www.elalmanaque.com\/wp\/wp-content\/uploads\/2020\/04\/zhongzhong1-m.jpg\" \/>\n\t<meta property=\"og:image:width\" content=\"153\" \/>\n\t<meta property=\"og:image:height\" content=\"117\" \/>\n\t<meta property=\"og:image:type\" content=\"image\/jpeg\" \/>\n<meta name=\"author\" content=\"Redactor\" \/>\n<meta name=\"twitter:card\" content=\"summary_large_image\" \/>\n<meta name=\"twitter:label1\" content=\"Escrito por\" \/>\n\t<meta name=\"twitter:data1\" content=\"Redactor\" \/>\n\t<meta name=\"twitter:label2\" content=\"Tiempo de lectura\" \/>\n\t<meta name=\"twitter:data2\" content=\"3 minutos\" \/>\n<script type=\"application\/ld+json\" class=\"yoast-schema-graph\">{\"@context\":\"https:\/\/schema.org\",\"@graph\":[{\"@type\":\"Article\",\"@id\":\"https:\/\/www.elalmanaque.com\/wp\/interesante\/los-simios-chinos-no-han-vuelto-a-contraer-el-covid-19\/#article\",\"isPartOf\":{\"@id\":\"https:\/\/www.elalmanaque.com\/wp\/interesante\/los-simios-chinos-no-han-vuelto-a-contraer-el-covid-19\/\"},\"author\":{\"name\":\"Redactor\",\"@id\":\"https:\/\/www.elalmanaque.com\/wp\/#\/schema\/person\/61ab31c67167988fe2679d590ca85afe\"},\"headline\":\"Los simios chinos no han vuelto a contraer el Covid-19\",\"datePublished\":\"2020-04-03T15:20:48+00:00\",\"mainEntityOfPage\":{\"@id\":\"https:\/\/www.elalmanaque.com\/wp\/interesante\/los-simios-chinos-no-han-vuelto-a-contraer-el-covid-19\/\"},\"wordCount\":631,\"publisher\":{\"@id\":\"https:\/\/www.elalmanaque.com\/wp\/#organization\"},\"image\":{\"@id\":\"https:\/\/www.elalmanaque.com\/wp\/interesante\/los-simios-chinos-no-han-vuelto-a-contraer-el-covid-19\/#primaryimage\"},\"thumbnailUrl\":\"https:\/\/www.elalmanaque.com\/wp\/wp-content\/uploads\/2020\/04\/zhongzhong1-m.jpg\",\"articleSection\":[\"Divulgativo\",\"Interesante\",\"Medicina\"],\"inLanguage\":\"es\"},{\"@type\":\"WebPage\",\"@id\":\"https:\/\/www.elalmanaque.com\/wp\/interesante\/los-simios-chinos-no-han-vuelto-a-contraer-el-covid-19\/\",\"url\":\"https:\/\/www.elalmanaque.com\/wp\/interesante\/los-simios-chinos-no-han-vuelto-a-contraer-el-covid-19\/\",\"name\":\"Los simios chinos no han vuelto a contraer el Covid-19 - El Almanaque\",\"isPartOf\":{\"@id\":\"https:\/\/www.elalmanaque.com\/wp\/#website\"},\"primaryImageOfPage\":{\"@id\":\"https:\/\/www.elalmanaque.com\/wp\/interesante\/los-simios-chinos-no-han-vuelto-a-contraer-el-covid-19\/#primaryimage\"},\"image\":{\"@id\":\"https:\/\/www.elalmanaque.com\/wp\/interesante\/los-simios-chinos-no-han-vuelto-a-contraer-el-covid-19\/#primaryimage\"},\"thumbnailUrl\":\"https:\/\/www.elalmanaque.com\/wp\/wp-content\/uploads\/2020\/04\/zhongzhong1-m.jpg\",\"datePublished\":\"2020-04-03T15:20:48+00:00\",\"breadcrumb\":{\"@id\":\"https:\/\/www.elalmanaque.com\/wp\/interesante\/los-simios-chinos-no-han-vuelto-a-contraer-el-covid-19\/#breadcrumb\"},\"inLanguage\":\"es\",\"potentialAction\":[{\"@type\":\"ReadAction\",\"target\":[\"https:\/\/www.elalmanaque.com\/wp\/interesante\/los-simios-chinos-no-han-vuelto-a-contraer-el-covid-19\/\"]}]},{\"@type\":\"ImageObject\",\"inLanguage\":\"es\",\"@id\":\"https:\/\/www.elalmanaque.com\/wp\/interesante\/los-simios-chinos-no-han-vuelto-a-contraer-el-covid-19\/#primaryimage\",\"url\":\"https:\/\/www.elalmanaque.com\/wp\/wp-content\/uploads\/2020\/04\/zhongzhong1-m.jpg\",\"contentUrl\":\"https:\/\/www.elalmanaque.com\/wp\/wp-content\/uploads\/2020\/04\/zhongzhong1-m.jpg\",\"width\":153,\"height\":117},{\"@type\":\"BreadcrumbList\",\"@id\":\"https:\/\/www.elalmanaque.com\/wp\/interesante\/los-simios-chinos-no-han-vuelto-a-contraer-el-covid-19\/#breadcrumb\",\"itemListElement\":[{\"@type\":\"ListItem\",\"position\":1,\"name\":\"Portada\",\"item\":\"https:\/\/www.elalmanaque.com\/wp\/\"},{\"@type\":\"ListItem\",\"position\":2,\"name\":\"Los simios chinos no han vuelto a contraer el Covid-19\"}]},{\"@type\":\"WebSite\",\"@id\":\"https:\/\/www.elalmanaque.com\/wp\/#website\",\"url\":\"https:\/\/www.elalmanaque.com\/wp\/\",\"name\":\"El Almanaque\",\"description\":\"Revista de Cultura y Ocio\",\"publisher\":{\"@id\":\"https:\/\/www.elalmanaque.com\/wp\/#organization\"},\"potentialAction\":[{\"@type\":\"SearchAction\",\"target\":{\"@type\":\"EntryPoint\",\"urlTemplate\":\"https:\/\/www.elalmanaque.com\/wp\/?s={search_term_string}\"},\"query-input\":{\"@type\":\"PropertyValueSpecification\",\"valueRequired\":true,\"valueName\":\"search_term_string\"}}],\"inLanguage\":\"es\"},{\"@type\":\"Organization\",\"@id\":\"https:\/\/www.elalmanaque.com\/wp\/#organization\",\"name\":\"El Almanaque\",\"url\":\"https:\/\/www.elalmanaque.com\/wp\/\",\"logo\":{\"@type\":\"ImageObject\",\"inLanguage\":\"es\",\"@id\":\"https:\/\/www.elalmanaque.com\/wp\/#\/schema\/logo\/image\/\",\"url\":\"https:\/\/www.elalmanaque.com\/wp\/wp-content\/uploads\/2020\/03\/cropped-elalmanaque.jpg\",\"contentUrl\":\"https:\/\/www.elalmanaque.com\/wp\/wp-content\/uploads\/2020\/03\/cropped-elalmanaque.jpg\",\"width\":900,\"height\":164,\"caption\":\"El Almanaque\"},\"image\":{\"@id\":\"https:\/\/www.elalmanaque.com\/wp\/#\/schema\/logo\/image\/\"}},{\"@type\":\"Person\",\"@id\":\"https:\/\/www.elalmanaque.com\/wp\/#\/schema\/person\/61ab31c67167988fe2679d590ca85afe\",\"name\":\"Redactor\",\"image\":{\"@type\":\"ImageObject\",\"inLanguage\":\"es\",\"@id\":\"https:\/\/www.elalmanaque.com\/wp\/#\/schema\/person\/image\/\",\"url\":\"https:\/\/secure.gravatar.com\/avatar\/a1cd6ad4f449e45fea5ebd57548cb588?s=96&d=mm&r=g\",\"contentUrl\":\"https:\/\/secure.gravatar.com\/avatar\/a1cd6ad4f449e45fea5ebd57548cb588?s=96&d=mm&r=g\",\"caption\":\"Redactor\"},\"url\":\"https:\/\/www.elalmanaque.com\/wp\/author\/useralmanaque\/\"}]}<\/script>\n<!-- \/ Yoast SEO plugin. -->","yoast_head_json":{"title":"Los simios chinos no han vuelto a contraer el Covid-19 - El Almanaque","robots":{"index":"index","follow":"follow","max-snippet":"max-snippet:-1","max-image-preview":"max-image-preview:large","max-video-preview":"max-video-preview:-1"},"canonical":"https:\/\/www.elalmanaque.com\/wp\/interesante\/los-simios-chinos-no-han-vuelto-a-contraer-el-covid-19\/","og_locale":"es_ES","og_type":"article","og_title":"Los simios chinos no han vuelto a contraer el Covid-19 - El Almanaque","og_description":"Los simios chinos no han vuelto a contraer el Covid-19 Por Ferran Mart\u00ednez-Aira La crisis del coronavirus es \u201cel reto m\u00e1s duro al que se&hellip;","og_url":"https:\/\/www.elalmanaque.com\/wp\/interesante\/los-simios-chinos-no-han-vuelto-a-contraer-el-covid-19\/","og_site_name":"El Almanaque","article_published_time":"2020-04-03T15:20:48+00:00","og_image":[{"width":153,"height":117,"url":"https:\/\/www.elalmanaque.com\/wp\/wp-content\/uploads\/2020\/04\/zhongzhong1-m.jpg","type":"image\/jpeg"}],"author":"Redactor","twitter_card":"summary_large_image","twitter_misc":{"Escrito por":"Redactor","Tiempo de lectura":"3 minutos"},"schema":{"@context":"https:\/\/schema.org","@graph":[{"@type":"Article","@id":"https:\/\/www.elalmanaque.com\/wp\/interesante\/los-simios-chinos-no-han-vuelto-a-contraer-el-covid-19\/#article","isPartOf":{"@id":"https:\/\/www.elalmanaque.com\/wp\/interesante\/los-simios-chinos-no-han-vuelto-a-contraer-el-covid-19\/"},"author":{"name":"Redactor","@id":"https:\/\/www.elalmanaque.com\/wp\/#\/schema\/person\/61ab31c67167988fe2679d590ca85afe"},"headline":"Los simios chinos no han vuelto a contraer el Covid-19","datePublished":"2020-04-03T15:20:48+00:00","mainEntityOfPage":{"@id":"https:\/\/www.elalmanaque.com\/wp\/interesante\/los-simios-chinos-no-han-vuelto-a-contraer-el-covid-19\/"},"wordCount":631,"publisher":{"@id":"https:\/\/www.elalmanaque.com\/wp\/#organization"},"image":{"@id":"https:\/\/www.elalmanaque.com\/wp\/interesante\/los-simios-chinos-no-han-vuelto-a-contraer-el-covid-19\/#primaryimage"},"thumbnailUrl":"https:\/\/www.elalmanaque.com\/wp\/wp-content\/uploads\/2020\/04\/zhongzhong1-m.jpg","articleSection":["Divulgativo","Interesante","Medicina"],"inLanguage":"es"},{"@type":"WebPage","@id":"https:\/\/www.elalmanaque.com\/wp\/interesante\/los-simios-chinos-no-han-vuelto-a-contraer-el-covid-19\/","url":"https:\/\/www.elalmanaque.com\/wp\/interesante\/los-simios-chinos-no-han-vuelto-a-contraer-el-covid-19\/","name":"Los simios chinos no han vuelto a contraer el Covid-19 - El Almanaque","isPartOf":{"@id":"https:\/\/www.elalmanaque.com\/wp\/#website"},"primaryImageOfPage":{"@id":"https:\/\/www.elalmanaque.com\/wp\/interesante\/los-simios-chinos-no-han-vuelto-a-contraer-el-covid-19\/#primaryimage"},"image":{"@id":"https:\/\/www.elalmanaque.com\/wp\/interesante\/los-simios-chinos-no-han-vuelto-a-contraer-el-covid-19\/#primaryimage"},"thumbnailUrl":"https:\/\/www.elalmanaque.com\/wp\/wp-content\/uploads\/2020\/04\/zhongzhong1-m.jpg","datePublished":"2020-04-03T15:20:48+00:00","breadcrumb":{"@id":"https:\/\/www.elalmanaque.com\/wp\/interesante\/los-simios-chinos-no-han-vuelto-a-contraer-el-covid-19\/#breadcrumb"},"inLanguage":"es","potentialAction":[{"@type":"ReadAction","target":["https:\/\/www.elalmanaque.com\/wp\/interesante\/los-simios-chinos-no-han-vuelto-a-contraer-el-covid-19\/"]}]},{"@type":"ImageObject","inLanguage":"es","@id":"https:\/\/www.elalmanaque.com\/wp\/interesante\/los-simios-chinos-no-han-vuelto-a-contraer-el-covid-19\/#primaryimage","url":"https:\/\/www.elalmanaque.com\/wp\/wp-content\/uploads\/2020\/04\/zhongzhong1-m.jpg","contentUrl":"https:\/\/www.elalmanaque.com\/wp\/wp-content\/uploads\/2020\/04\/zhongzhong1-m.jpg","width":153,"height":117},{"@type":"BreadcrumbList","@id":"https:\/\/www.elalmanaque.com\/wp\/interesante\/los-simios-chinos-no-han-vuelto-a-contraer-el-covid-19\/#breadcrumb","itemListElement":[{"@type":"ListItem","position":1,"name":"Portada","item":"https:\/\/www.elalmanaque.com\/wp\/"},{"@type":"ListItem","position":2,"name":"Los simios chinos no han vuelto a contraer el Covid-19"}]},{"@type":"WebSite","@id":"https:\/\/www.elalmanaque.com\/wp\/#website","url":"https:\/\/www.elalmanaque.com\/wp\/","name":"El Almanaque","description":"Revista de Cultura y Ocio","publisher":{"@id":"https:\/\/www.elalmanaque.com\/wp\/#organization"},"potentialAction":[{"@type":"SearchAction","target":{"@type":"EntryPoint","urlTemplate":"https:\/\/www.elalmanaque.com\/wp\/?s={search_term_string}"},"query-input":{"@type":"PropertyValueSpecification","valueRequired":true,"valueName":"search_term_string"}}],"inLanguage":"es"},{"@type":"Organization","@id":"https:\/\/www.elalmanaque.com\/wp\/#organization","name":"El Almanaque","url":"https:\/\/www.elalmanaque.com\/wp\/","logo":{"@type":"ImageObject","inLanguage":"es","@id":"https:\/\/www.elalmanaque.com\/wp\/#\/schema\/logo\/image\/","url":"https:\/\/www.elalmanaque.com\/wp\/wp-content\/uploads\/2020\/03\/cropped-elalmanaque.jpg","contentUrl":"https:\/\/www.elalmanaque.com\/wp\/wp-content\/uploads\/2020\/03\/cropped-elalmanaque.jpg","width":900,"height":164,"caption":"El Almanaque"},"image":{"@id":"https:\/\/www.elalmanaque.com\/wp\/#\/schema\/logo\/image\/"}},{"@type":"Person","@id":"https:\/\/www.elalmanaque.com\/wp\/#\/schema\/person\/61ab31c67167988fe2679d590ca85afe","name":"Redactor","image":{"@type":"ImageObject","inLanguage":"es","@id":"https:\/\/www.elalmanaque.com\/wp\/#\/schema\/person\/image\/","url":"https:\/\/secure.gravatar.com\/avatar\/a1cd6ad4f449e45fea5ebd57548cb588?s=96&d=mm&r=g","contentUrl":"https:\/\/secure.gravatar.com\/avatar\/a1cd6ad4f449e45fea5ebd57548cb588?s=96&d=mm&r=g","caption":"Redactor"},"url":"https:\/\/www.elalmanaque.com\/wp\/author\/useralmanaque\/"}]}},"_links":{"self":[{"href":"https:\/\/www.elalmanaque.com\/wp\/wp-json\/wp\/v2\/posts\/30673","targetHints":{"allow":["GET"]}}],"collection":[{"href":"https:\/\/www.elalmanaque.com\/wp\/wp-json\/wp\/v2\/posts"}],"about":[{"href":"https:\/\/www.elalmanaque.com\/wp\/wp-json\/wp\/v2\/types\/post"}],"author":[{"embeddable":true,"href":"https:\/\/www.elalmanaque.com\/wp\/wp-json\/wp\/v2\/users\/1"}],"replies":[{"embeddable":true,"href":"https:\/\/www.elalmanaque.com\/wp\/wp-json\/wp\/v2\/comments?post=30673"}],"version-history":[{"count":1,"href":"https:\/\/www.elalmanaque.com\/wp\/wp-json\/wp\/v2\/posts\/30673\/revisions"}],"predecessor-version":[{"id":30675,"href":"https:\/\/www.elalmanaque.com\/wp\/wp-json\/wp\/v2\/posts\/30673\/revisions\/30675"}],"wp:featuredmedia":[{"embeddable":true,"href":"https:\/\/www.elalmanaque.com\/wp\/wp-json\/wp\/v2\/media\/30674"}],"wp:attachment":[{"href":"https:\/\/www.elalmanaque.com\/wp\/wp-json\/wp\/v2\/media?parent=30673"}],"wp:term":[{"taxonomy":"category","embeddable":true,"href":"https:\/\/www.elalmanaque.com\/wp\/wp-json\/wp\/v2\/categories?post=30673"},{"taxonomy":"post_tag","embeddable":true,"href":"https:\/\/www.elalmanaque.com\/wp\/wp-json\/wp\/v2\/tags?post=30673"}],"curies":[{"name":"wp","href":"https:\/\/api.w.org\/{rel}","templated":true}]}}