{"id":28969,"date":"2019-06-21T17:38:32","date_gmt":"2019-06-21T16:38:32","guid":{"rendered":"https:\/\/www.elalmanaque.com\/wp\/?p=28969"},"modified":"2019-06-21T17:38:32","modified_gmt":"2019-06-21T16:38:32","slug":"sitges-alfombra-sus-calles-con-flores","status":"publish","type":"post","link":"https:\/\/www.elalmanaque.com\/wp\/turismo\/sitges-alfombra-sus-calles-con-flores\/","title":{"rendered":"SITGES ALFOMBRA SUS CALLES CON FLORES"},"content":{"rendered":"<h3 style=\"font-weight: 400;\"><strong>SITGES ALFOMBRA SUS CALLES CON FLORES<\/strong><\/h3>\n<p style=\"font-weight: 400;\"><img loading=\"lazy\" decoding=\"async\" class=\"\" src=\"https:\/\/www.elalmanaque.com\/Junio19\/fotos\/04-SITGES-flores.jpg\" width=\"523\" height=\"326\" \/><\/p>\n<p style=\"font-weight: 400;\">Del 21 al 30 de junio la localidad se engalana con motivo de las fiestas del Corpus, cuyo momento m\u00e1gico llegar\u00e1 el domingo 23 con el alfombrado floral callejero.<\/p>\n<p style=\"font-weight: 400;\">\u00a0<strong>M\u00e1s de 300.000 claveles decorando 35 alfombras florales repartidas por las principales calles y casco antiguo de Sitges dar\u00e1n un color especial a este municipio barcelon\u00e9s que, en pleno junio, ya respira el aroma floral del Corpus. Estas fiestas, que atraen cada a\u00f1o a miles de visitantes, se complementan con la Procesi\u00f3n del Sant\u00edsimo Sacramento, sobre las flores, el Concurso de Ornamentaci\u00f3n Floral de balcones, ventanas y fachadas, la Exposici\u00f3n Nacional de Claveles y una Muestra de Bonsais y Suiseki. Y como llamativa y original guinda, el tradicional\u00a0<em>Ou com Balla<\/em>, huevo que danza sobre la fuente del Palau de Maricel.\u00a0\u00a0<\/strong><\/p>\n<p style=\"font-weight: 400;\">\u00a0\u00a0\u00a0\u00a0\u00a0<strong>Sitges respira arte por todos sus poros<\/strong>.\u00a0<strong>Y en junio<\/strong>\u00a0lo manifiesta de forma muy especial: al aire libre, con\u00a0<strong>el espectacular \u2018arte ef\u00edmero\u2019 de sus calles engalanadas de flores<\/strong>. La madrugada\u00a0<strong>del s\u00e1bado 22 al domingo 23\u00a0<\/strong>ser\u00e1 muy emotiva para los ciudadanos de Sitges. Hombres, mujeres y ni\u00f1as saldr\u00e1n al amanecer con m\u00e1s de\u00a0<strong>300.000 claveles<\/strong>\u00a0para decorar con paciencia y minuciosidad las principales calles y el casco antiguo.<\/p>\n<p style=\"font-weight: 400;\">\u00a0\u00a0\u00a0\u00a0 Ese mismo domingo, el\u00a0<strong>Palau de Maricel<\/strong>\u00a0acoger\u00e1 de 10.00 a 14.00, en la fuente de su patio, otra de las tradiciones catalanas del Corpus:\u00a0<strong><em>l\u2019Ou com balla<\/em><\/strong>, un huevo vac\u00edo por dentro colocado sobre el surtidor de agua de una fuente, sobre el que va girando sin caerse.<\/p>\n<p style=\"font-weight: 400;\">\u00a0\u00a0\u00a0\u00a0 La jornada festivo-floral tendr\u00e1 como colof\u00f3n la emotiva\u00a0<strong>Procesi\u00f3n del Sant\u00edsimo Sacramento<\/strong>, con salida y llegada en el Baluard, en la que diversos grupos de gigantes, el Drac, l\u2019Aliga, la Moixiganga, los ni\u00f1os y ni\u00f1as que este a\u00f1o han celebrado su Primera Comuni\u00f3n, y los feligreses\u00a0<strong>recorrer\u00e1n las calles alfombradas<\/strong>\u00a0tras la solemne misa en la Parroquia de Sant Bartomeu y Santa Tecla, icono de la localidad.<\/p>\n<table style=\"height: 398px;\" border=\"0\" width=\"654\">\n<tbody>\n<tr>\n<td>\n<p align=\"center\"><img decoding=\"async\" src=\"https:\/\/www.elalmanaque.com\/Junio19\/fotos\/02-SITGES-flores.jpg\" border=\"0\" \/><\/p>\n<\/td>\n<td>\n<p align=\"center\"><img decoding=\"async\" src=\"https:\/\/www.elalmanaque.com\/Junio19\/fotos\/51-SITGES-flores.jpg\" border=\"0\" \/><\/p>\n<\/td>\n<\/tr>\n<\/tbody>\n<\/table>\n<p style=\"font-weight: 400;\">\u00a0\u00a0\u00a0\u00a0 Pero las fiestas del Corpus en Sitges tienen otros interesantes motivos florales dignos de admirar, como la\u00a0<strong>Exposici\u00f3n \u2018Corpus, Flores y Tradici\u00f3n\u2019<\/strong>, en la Sala Vaixells del Palau de Maricel, hasta el 30 de junio; o el\u00a0<strong>61\u00ba Concurso de Ornamentaci\u00f3n Floral de balcones, ventanas y fachadas<\/strong>. Y durante todo el fin de semana del 21 al 23 de junio: la\u00a0<strong>80\u00aa Exposici\u00f3n Nacional de Claveles<\/strong>, en los jardines de El Retiro; y la\u00a0<strong>29\u00aa Muestra de Bonsais y Suiseki<\/strong>, en el Auditori del Centre Cultural Miramar.<\/p>\n<p style=\"font-weight: 400;\">\u00a0\u00a0\u00a0\u00a0 Adem\u00e1s, el\u00a0<strong>Mercat Municipal<\/strong>\u00a0repartir\u00e1 6.000 claveles entre quienes lo visiten hasta las 14.00 horas del s\u00e1bado 22. Ese d\u00eda, a las 12.30 horas,\u00a0<strong>el Rac\u00f3 de la Calma<\/strong>\u00a0acoger\u00e1 un\u00a0<strong>Taller de Decoraci\u00f3n Floral\u00a0<\/strong>para ni\u00f1os y ni\u00f1as. Y como\u00a0<strong>complemento gastron\u00f3mico<\/strong>, diferentes establecimientos ofrecer\u00e1n men\u00fas florales, helados de flores, pasteles y bebidas florales.<\/p>\n<p style=\"font-weight: 400;\">\u00a0\u00a0\u00a0\u00a0 La\u00a0<strong>fiesta del Corpus<\/strong>, vinculada a los inicios de la floraci\u00f3n de Primavera,\u00a0<strong>tiene en Sitges<\/strong>\u00a0<strong>sus or\u00edgenes en 1358<\/strong>, evolucionando a trav\u00e9s de los siglos y siendo ya\u00a0<strong>durante el XIX<\/strong>\u00a0cuando\u00a0<strong>las alfombras florales<\/strong>\u00a0se convirtieron en su elemento popular m\u00e1s participativo y representativo<\/p>\n<p style=\"font-weight: 400;\">\u00a0\u00a0\u00a0\u00a0\u00a0\u00a0<strong>M\u00e1s informaci\u00f3n<\/strong>\u00a0en la web de Turisme de Sitges,\u00a0<a href=\"https:\/\/www.sitgesanytime.com\/\">www.sitgesanytime.com<\/a>\u00a0y en\u00a0<a href=\"https:\/\/www.sitgescorpus.cat\/\">https:\/\/www.sitgescorpus.cat\/<\/a><\/p>\n<p><iframe loading=\"lazy\" title=\"vimeo-player\" src=\"https:\/\/player.vimeo.com\/video\/267559232\" width=\"500\" height=\"360\" frameborder=\"0\" allowfullscreen><\/iframe><\/p>\n","protected":false},"excerpt":{"rendered":"<p>SITGES ALFOMBRA SUS CALLES CON FLORES Del 21 al 30 de junio la localidad se engalana con motivo de las fiestas del Corpus, cuyo momento&hellip; <\/p>\n","protected":false},"author":1,"featured_media":0,"comment_status":"closed","ping_status":"closed","sticky":false,"template":"","format":"standard","meta":{"footnotes":""},"categories":[8,13,3],"tags":[],"class_list":["post-28969","post","type-post","status-publish","format-standard","hentry","category-cultura","category-fiestas","category-turismo"],"yoast_head":"<!-- This site is optimized with the Yoast SEO plugin v24.8.1 - https:\/\/yoast.com\/wordpress\/plugins\/seo\/ -->\n<title>SITGES ALFOMBRA SUS CALLES CON FLORES - El Almanaque<\/title>\n<meta name=\"robots\" content=\"index, follow, max-snippet:-1, max-image-preview:large, max-video-preview:-1\" \/>\n<link rel=\"canonical\" href=\"https:\/\/www.elalmanaque.com\/wp\/turismo\/sitges-alfombra-sus-calles-con-flores\/\" \/>\n<meta property=\"og:locale\" content=\"es_ES\" \/>\n<meta property=\"og:type\" content=\"article\" \/>\n<meta property=\"og:title\" content=\"SITGES ALFOMBRA SUS CALLES CON FLORES - El Almanaque\" \/>\n<meta property=\"og:description\" content=\"SITGES ALFOMBRA SUS CALLES CON FLORES Del 21 al 30 de junio la localidad se engalana con motivo de las fiestas del Corpus, cuyo momento&hellip;\" \/>\n<meta property=\"og:url\" content=\"https:\/\/www.elalmanaque.com\/wp\/turismo\/sitges-alfombra-sus-calles-con-flores\/\" \/>\n<meta property=\"og:site_name\" content=\"El Almanaque\" \/>\n<meta property=\"article:published_time\" content=\"2019-06-21T16:38:32+00:00\" \/>\n<meta property=\"og:image\" content=\"https:\/\/www.elalmanaque.com\/Junio19\/fotos\/04-SITGES-flores.jpg\" \/>\n<meta name=\"author\" content=\"Redactor\" \/>\n<meta name=\"twitter:card\" content=\"summary_large_image\" \/>\n<meta name=\"twitter:label1\" content=\"Escrito por\" \/>\n\t<meta name=\"twitter:data1\" content=\"Redactor\" \/>\n\t<meta name=\"twitter:label2\" content=\"Tiempo de lectura\" \/>\n\t<meta name=\"twitter:data2\" content=\"3 minutos\" \/>\n<script type=\"application\/ld+json\" class=\"yoast-schema-graph\">{\"@context\":\"https:\/\/schema.org\",\"@graph\":[{\"@type\":\"Article\",\"@id\":\"https:\/\/www.elalmanaque.com\/wp\/turismo\/sitges-alfombra-sus-calles-con-flores\/#article\",\"isPartOf\":{\"@id\":\"https:\/\/www.elalmanaque.com\/wp\/turismo\/sitges-alfombra-sus-calles-con-flores\/\"},\"author\":{\"name\":\"Redactor\",\"@id\":\"https:\/\/www.elalmanaque.com\/wp\/#\/schema\/person\/61ab31c67167988fe2679d590ca85afe\"},\"headline\":\"SITGES ALFOMBRA SUS CALLES CON FLORES\",\"datePublished\":\"2019-06-21T16:38:32+00:00\",\"mainEntityOfPage\":{\"@id\":\"https:\/\/www.elalmanaque.com\/wp\/turismo\/sitges-alfombra-sus-calles-con-flores\/\"},\"wordCount\":558,\"publisher\":{\"@id\":\"https:\/\/www.elalmanaque.com\/wp\/#organization\"},\"image\":{\"@id\":\"https:\/\/www.elalmanaque.com\/wp\/turismo\/sitges-alfombra-sus-calles-con-flores\/#primaryimage\"},\"thumbnailUrl\":\"https:\/\/www.elalmanaque.com\/Junio19\/fotos\/04-SITGES-flores.jpg\",\"articleSection\":[\"Cultura\",\"Fiestas\",\"Turismo\"],\"inLanguage\":\"es\"},{\"@type\":\"WebPage\",\"@id\":\"https:\/\/www.elalmanaque.com\/wp\/turismo\/sitges-alfombra-sus-calles-con-flores\/\",\"url\":\"https:\/\/www.elalmanaque.com\/wp\/turismo\/sitges-alfombra-sus-calles-con-flores\/\",\"name\":\"SITGES ALFOMBRA SUS CALLES CON FLORES - El Almanaque\",\"isPartOf\":{\"@id\":\"https:\/\/www.elalmanaque.com\/wp\/#website\"},\"primaryImageOfPage\":{\"@id\":\"https:\/\/www.elalmanaque.com\/wp\/turismo\/sitges-alfombra-sus-calles-con-flores\/#primaryimage\"},\"image\":{\"@id\":\"https:\/\/www.elalmanaque.com\/wp\/turismo\/sitges-alfombra-sus-calles-con-flores\/#primaryimage\"},\"thumbnailUrl\":\"https:\/\/www.elalmanaque.com\/Junio19\/fotos\/04-SITGES-flores.jpg\",\"datePublished\":\"2019-06-21T16:38:32+00:00\",\"breadcrumb\":{\"@id\":\"https:\/\/www.elalmanaque.com\/wp\/turismo\/sitges-alfombra-sus-calles-con-flores\/#breadcrumb\"},\"inLanguage\":\"es\",\"potentialAction\":[{\"@type\":\"ReadAction\",\"target\":[\"https:\/\/www.elalmanaque.com\/wp\/turismo\/sitges-alfombra-sus-calles-con-flores\/\"]}]},{\"@type\":\"ImageObject\",\"inLanguage\":\"es\",\"@id\":\"https:\/\/www.elalmanaque.com\/wp\/turismo\/sitges-alfombra-sus-calles-con-flores\/#primaryimage\",\"url\":\"https:\/\/www.elalmanaque.com\/Junio19\/fotos\/04-SITGES-flores.jpg\",\"contentUrl\":\"https:\/\/www.elalmanaque.com\/Junio19\/fotos\/04-SITGES-flores.jpg\"},{\"@type\":\"BreadcrumbList\",\"@id\":\"https:\/\/www.elalmanaque.com\/wp\/turismo\/sitges-alfombra-sus-calles-con-flores\/#breadcrumb\",\"itemListElement\":[{\"@type\":\"ListItem\",\"position\":1,\"name\":\"Portada\",\"item\":\"https:\/\/www.elalmanaque.com\/wp\/\"},{\"@type\":\"ListItem\",\"position\":2,\"name\":\"SITGES ALFOMBRA SUS CALLES CON FLORES\"}]},{\"@type\":\"WebSite\",\"@id\":\"https:\/\/www.elalmanaque.com\/wp\/#website\",\"url\":\"https:\/\/www.elalmanaque.com\/wp\/\",\"name\":\"El Almanaque\",\"description\":\"Revista de Cultura y Ocio\",\"publisher\":{\"@id\":\"https:\/\/www.elalmanaque.com\/wp\/#organization\"},\"potentialAction\":[{\"@type\":\"SearchAction\",\"target\":{\"@type\":\"EntryPoint\",\"urlTemplate\":\"https:\/\/www.elalmanaque.com\/wp\/?s={search_term_string}\"},\"query-input\":{\"@type\":\"PropertyValueSpecification\",\"valueRequired\":true,\"valueName\":\"search_term_string\"}}],\"inLanguage\":\"es\"},{\"@type\":\"Organization\",\"@id\":\"https:\/\/www.elalmanaque.com\/wp\/#organization\",\"name\":\"El Almanaque\",\"url\":\"https:\/\/www.elalmanaque.com\/wp\/\",\"logo\":{\"@type\":\"ImageObject\",\"inLanguage\":\"es\",\"@id\":\"https:\/\/www.elalmanaque.com\/wp\/#\/schema\/logo\/image\/\",\"url\":\"https:\/\/www.elalmanaque.com\/wp\/wp-content\/uploads\/2020\/03\/cropped-elalmanaque.jpg\",\"contentUrl\":\"https:\/\/www.elalmanaque.com\/wp\/wp-content\/uploads\/2020\/03\/cropped-elalmanaque.jpg\",\"width\":900,\"height\":164,\"caption\":\"El Almanaque\"},\"image\":{\"@id\":\"https:\/\/www.elalmanaque.com\/wp\/#\/schema\/logo\/image\/\"}},{\"@type\":\"Person\",\"@id\":\"https:\/\/www.elalmanaque.com\/wp\/#\/schema\/person\/61ab31c67167988fe2679d590ca85afe\",\"name\":\"Redactor\",\"image\":{\"@type\":\"ImageObject\",\"inLanguage\":\"es\",\"@id\":\"https:\/\/www.elalmanaque.com\/wp\/#\/schema\/person\/image\/\",\"url\":\"https:\/\/secure.gravatar.com\/avatar\/a1cd6ad4f449e45fea5ebd57548cb588?s=96&d=mm&r=g\",\"contentUrl\":\"https:\/\/secure.gravatar.com\/avatar\/a1cd6ad4f449e45fea5ebd57548cb588?s=96&d=mm&r=g\",\"caption\":\"Redactor\"},\"url\":\"https:\/\/www.elalmanaque.com\/wp\/author\/useralmanaque\/\"}]}<\/script>\n<!-- \/ Yoast SEO plugin. -->","yoast_head_json":{"title":"SITGES ALFOMBRA SUS CALLES CON FLORES - El Almanaque","robots":{"index":"index","follow":"follow","max-snippet":"max-snippet:-1","max-image-preview":"max-image-preview:large","max-video-preview":"max-video-preview:-1"},"canonical":"https:\/\/www.elalmanaque.com\/wp\/turismo\/sitges-alfombra-sus-calles-con-flores\/","og_locale":"es_ES","og_type":"article","og_title":"SITGES ALFOMBRA SUS CALLES CON FLORES - El Almanaque","og_description":"SITGES ALFOMBRA SUS CALLES CON FLORES Del 21 al 30 de junio la localidad se engalana con motivo de las fiestas del Corpus, cuyo momento&hellip;","og_url":"https:\/\/www.elalmanaque.com\/wp\/turismo\/sitges-alfombra-sus-calles-con-flores\/","og_site_name":"El Almanaque","article_published_time":"2019-06-21T16:38:32+00:00","og_image":[{"url":"https:\/\/www.elalmanaque.com\/Junio19\/fotos\/04-SITGES-flores.jpg","type":"","width":"","height":""}],"author":"Redactor","twitter_card":"summary_large_image","twitter_misc":{"Escrito por":"Redactor","Tiempo de lectura":"3 minutos"},"schema":{"@context":"https:\/\/schema.org","@graph":[{"@type":"Article","@id":"https:\/\/www.elalmanaque.com\/wp\/turismo\/sitges-alfombra-sus-calles-con-flores\/#article","isPartOf":{"@id":"https:\/\/www.elalmanaque.com\/wp\/turismo\/sitges-alfombra-sus-calles-con-flores\/"},"author":{"name":"Redactor","@id":"https:\/\/www.elalmanaque.com\/wp\/#\/schema\/person\/61ab31c67167988fe2679d590ca85afe"},"headline":"SITGES ALFOMBRA SUS CALLES CON FLORES","datePublished":"2019-06-21T16:38:32+00:00","mainEntityOfPage":{"@id":"https:\/\/www.elalmanaque.com\/wp\/turismo\/sitges-alfombra-sus-calles-con-flores\/"},"wordCount":558,"publisher":{"@id":"https:\/\/www.elalmanaque.com\/wp\/#organization"},"image":{"@id":"https:\/\/www.elalmanaque.com\/wp\/turismo\/sitges-alfombra-sus-calles-con-flores\/#primaryimage"},"thumbnailUrl":"https:\/\/www.elalmanaque.com\/Junio19\/fotos\/04-SITGES-flores.jpg","articleSection":["Cultura","Fiestas","Turismo"],"inLanguage":"es"},{"@type":"WebPage","@id":"https:\/\/www.elalmanaque.com\/wp\/turismo\/sitges-alfombra-sus-calles-con-flores\/","url":"https:\/\/www.elalmanaque.com\/wp\/turismo\/sitges-alfombra-sus-calles-con-flores\/","name":"SITGES ALFOMBRA SUS CALLES CON FLORES - El Almanaque","isPartOf":{"@id":"https:\/\/www.elalmanaque.com\/wp\/#website"},"primaryImageOfPage":{"@id":"https:\/\/www.elalmanaque.com\/wp\/turismo\/sitges-alfombra-sus-calles-con-flores\/#primaryimage"},"image":{"@id":"https:\/\/www.elalmanaque.com\/wp\/turismo\/sitges-alfombra-sus-calles-con-flores\/#primaryimage"},"thumbnailUrl":"https:\/\/www.elalmanaque.com\/Junio19\/fotos\/04-SITGES-flores.jpg","datePublished":"2019-06-21T16:38:32+00:00","breadcrumb":{"@id":"https:\/\/www.elalmanaque.com\/wp\/turismo\/sitges-alfombra-sus-calles-con-flores\/#breadcrumb"},"inLanguage":"es","potentialAction":[{"@type":"ReadAction","target":["https:\/\/www.elalmanaque.com\/wp\/turismo\/sitges-alfombra-sus-calles-con-flores\/"]}]},{"@type":"ImageObject","inLanguage":"es","@id":"https:\/\/www.elalmanaque.com\/wp\/turismo\/sitges-alfombra-sus-calles-con-flores\/#primaryimage","url":"https:\/\/www.elalmanaque.com\/Junio19\/fotos\/04-SITGES-flores.jpg","contentUrl":"https:\/\/www.elalmanaque.com\/Junio19\/fotos\/04-SITGES-flores.jpg"},{"@type":"BreadcrumbList","@id":"https:\/\/www.elalmanaque.com\/wp\/turismo\/sitges-alfombra-sus-calles-con-flores\/#breadcrumb","itemListElement":[{"@type":"ListItem","position":1,"name":"Portada","item":"https:\/\/www.elalmanaque.com\/wp\/"},{"@type":"ListItem","position":2,"name":"SITGES ALFOMBRA SUS CALLES CON FLORES"}]},{"@type":"WebSite","@id":"https:\/\/www.elalmanaque.com\/wp\/#website","url":"https:\/\/www.elalmanaque.com\/wp\/","name":"El Almanaque","description":"Revista de Cultura y Ocio","publisher":{"@id":"https:\/\/www.elalmanaque.com\/wp\/#organization"},"potentialAction":[{"@type":"SearchAction","target":{"@type":"EntryPoint","urlTemplate":"https:\/\/www.elalmanaque.com\/wp\/?s={search_term_string}"},"query-input":{"@type":"PropertyValueSpecification","valueRequired":true,"valueName":"search_term_string"}}],"inLanguage":"es"},{"@type":"Organization","@id":"https:\/\/www.elalmanaque.com\/wp\/#organization","name":"El Almanaque","url":"https:\/\/www.elalmanaque.com\/wp\/","logo":{"@type":"ImageObject","inLanguage":"es","@id":"https:\/\/www.elalmanaque.com\/wp\/#\/schema\/logo\/image\/","url":"https:\/\/www.elalmanaque.com\/wp\/wp-content\/uploads\/2020\/03\/cropped-elalmanaque.jpg","contentUrl":"https:\/\/www.elalmanaque.com\/wp\/wp-content\/uploads\/2020\/03\/cropped-elalmanaque.jpg","width":900,"height":164,"caption":"El Almanaque"},"image":{"@id":"https:\/\/www.elalmanaque.com\/wp\/#\/schema\/logo\/image\/"}},{"@type":"Person","@id":"https:\/\/www.elalmanaque.com\/wp\/#\/schema\/person\/61ab31c67167988fe2679d590ca85afe","name":"Redactor","image":{"@type":"ImageObject","inLanguage":"es","@id":"https:\/\/www.elalmanaque.com\/wp\/#\/schema\/person\/image\/","url":"https:\/\/secure.gravatar.com\/avatar\/a1cd6ad4f449e45fea5ebd57548cb588?s=96&d=mm&r=g","contentUrl":"https:\/\/secure.gravatar.com\/avatar\/a1cd6ad4f449e45fea5ebd57548cb588?s=96&d=mm&r=g","caption":"Redactor"},"url":"https:\/\/www.elalmanaque.com\/wp\/author\/useralmanaque\/"}]}},"_links":{"self":[{"href":"https:\/\/www.elalmanaque.com\/wp\/wp-json\/wp\/v2\/posts\/28969","targetHints":{"allow":["GET"]}}],"collection":[{"href":"https:\/\/www.elalmanaque.com\/wp\/wp-json\/wp\/v2\/posts"}],"about":[{"href":"https:\/\/www.elalmanaque.com\/wp\/wp-json\/wp\/v2\/types\/post"}],"author":[{"embeddable":true,"href":"https:\/\/www.elalmanaque.com\/wp\/wp-json\/wp\/v2\/users\/1"}],"replies":[{"embeddable":true,"href":"https:\/\/www.elalmanaque.com\/wp\/wp-json\/wp\/v2\/comments?post=28969"}],"version-history":[{"count":1,"href":"https:\/\/www.elalmanaque.com\/wp\/wp-json\/wp\/v2\/posts\/28969\/revisions"}],"predecessor-version":[{"id":28970,"href":"https:\/\/www.elalmanaque.com\/wp\/wp-json\/wp\/v2\/posts\/28969\/revisions\/28970"}],"wp:attachment":[{"href":"https:\/\/www.elalmanaque.com\/wp\/wp-json\/wp\/v2\/media?parent=28969"}],"wp:term":[{"taxonomy":"category","embeddable":true,"href":"https:\/\/www.elalmanaque.com\/wp\/wp-json\/wp\/v2\/categories?post=28969"},{"taxonomy":"post_tag","embeddable":true,"href":"https:\/\/www.elalmanaque.com\/wp\/wp-json\/wp\/v2\/tags?post=28969"}],"curies":[{"name":"wp","href":"https:\/\/api.w.org\/{rel}","templated":true}]}}