{"id":28928,"date":"2019-05-29T17:58:40","date_gmt":"2019-05-29T16:58:40","guid":{"rendered":"https:\/\/www.elalmanaque.com\/wp\/?p=28928"},"modified":"2019-05-29T17:58:40","modified_gmt":"2019-05-29T16:58:40","slug":"dia-internacional-del-personal-de-paz-de-las-naciones-unidas","status":"publish","type":"post","link":"https:\/\/www.elalmanaque.com\/wp\/dias-mundiales\/dia-internacional-del-personal-de-paz-de-las-naciones-unidas\/","title":{"rendered":"D\u00eda Internacional del Personal de Paz de las Naciones Unidas"},"content":{"rendered":"<h4><span style=\"color: #000080;\">D\u00eda Internacional del Personal de Paz de las Naciones Unidas<\/span><\/h4>\n<p>El D\u00eda se estableci\u00f3 para:<\/p>\n<ul>\n<li style=\"list-style-type: none\">\n<ul>\n<li>\n<p align=\"left\"><span style=\"font-family: Cambria; font-size: large;\">honrar la memoria del personal de paz de las Naciones Unidas que ha perdido su vida en aras de la paz; y<\/span><\/p>\n<\/li>\n<\/ul>\n<\/li>\n<\/ul>\n<p>&nbsp;<\/p>\n<ul>\n<li>\n<p align=\"left\">rendir homenaje a todos los hombres y mujeres que han prestado y contin\u00faan prestando servicios en las operaciones de Mantenimiento de la Paz de las Naciones Unidas por su alto grado de profesionalidad, dedicaci\u00f3n y valor.<\/p>\n<\/li>\n<\/ul>\n<p>&nbsp;<\/p>\n<p align=\"left\"><span style=\"color: #e20a16;\"><b>Tema 2019 : Protegemos a los civiles, mantenemos la paz<\/b><\/span><\/p>\n<p align=\"center\"><img loading=\"lazy\" decoding=\"async\" src=\"http:\/\/www.elalmanaque.com\/Mayo19\/fotos\/featured-image-index.jpg\" width=\"599\" height=\"249\" border=\"0\" \/><\/p>\n<p><span style=\"font-size: large;\"><span style=\"font-family: Cambria;\">El 29 de mayo, D\u00eda Internacional del Personal de Paz de las Naciones Unidas, tenemos la oportunidad de rendir homenaje a la valiosa contribuci\u00f3n del personal uniformado y civil a la labor de la Organizaci\u00f3n, y honrar a los m\u00e1s de 3800 miembros del personal de mantenimiento de la paz que han perdido la vida al servicio de la bandera ONU desde 1948, incluidos los\u00a0<\/span><a class=\"external text\" href=\"https:\/\/www.un.org\/en\/events\/peacekeepersday\/pdf\/List%20of%20Fallen%20peacekeepers.pdf\" rel=\"nofollow\"><span style=\"font-family: Cambria;\">98 que fallecieron el a\u00f1o pasado<\/span><\/a><span style=\"font-family: Cambria;\">\u00a0en\u00a0<\/span><a class=\"mw-disambig\" title=\"Ingl\u00e9s\" href=\"https:\/\/es.wikipedia.org\/wiki\/Ingl%C3%A9s\"><span style=\"font-family: Cambria;\">ingl\u00e9s<\/span><\/a><span style=\"font-family: Cambria;\">.<\/span><\/span><\/p>\n<p><span style=\"font-size: large;\">\u00abProtegemos a los civiles, mantenemos la paz\u00bb es el lema de este a\u00f1o con el que queremos homenajear el 20\u00ba aniversario de la primera vez que el Consejo de Seguridad orden\u00f3 expl\u00edcitamente una misi\u00f3n de mantenimiento de la paz (UNAMSIL, en Sierra Leona) para proteger a civiles.<\/span><\/p>\n<p><span style=\"font-size: large;\">Durante los \u00faltimos veinte a\u00f1os, la protecci\u00f3n de civiles ha estado cada vez m\u00e1s en el n\u00facleo de las operaciones de mantenimiento de la paz de las Naciones Unidas. En la actualidad, m\u00e1s del 90\u00a0% de nuestro personal de mantenimiento de la paz, desplegados en ocho operaciones distintas (Abyei y Darfur, Rep\u00fablica Centroafricana, Rep\u00fablica Democr\u00e1tica del Congo, Hait\u00ed, L\u00edbano, Mali y Sud\u00e1n del Sur), tiene mandatos de protecci\u00f3n de los civiles. El personal de mantenimiento de la paz arriesga su vida para proteger a civiles de la violencia todos los d\u00edas.<\/span><\/p>\n<p><span style=\"font-size: large;\">La primera misi\u00f3n de mantenimiento de la paz de la ONU se fund\u00f3 el 29 de mayo de 1948, cuando el Consejo de Seguridad autoriz\u00f3 el despliegue de un peque\u00f1o n\u00famero de observadores militares de la ONU en Oriente Medio para formar el Organismo de las Naciones Unidas para la Vigilancia de la Tregua (ONUVT) a fin de vigilar el Acuerdo de Armisticio entre Israel y sus vecinos \u00e1rabes.<\/span><\/p>\n<p><span style=\"font-size: large;\">Desde entonces, m\u00e1s de un mill\u00f3n de hombres y mujeres han servido en 72 operaciones de mantenimiento de la paz de la ONU, influido de manera directa en la vida de millones de personas, protegido a los m\u00e1s vulnerables y salvado innumerables vidas. Desde Camboya hasta El Salvador, Liberia, Sierra Leona y Timor-Leste, entre otros, las operaciones de mantenimiento de la paz de las Naciones Unidas han ayudado a pa\u00edses a pasar de la guerra a la paz<\/span><\/p>\n<p align=\"center\"><iframe loading=\"lazy\" src=\"https:\/\/www.youtube.com\/embed\/C5oDD-JbMMA\" width=\"555\" height=\"312\" frameborder=\"0\" allowfullscreen=\"allowfullscreen\" data-mce-fragment=\"1\"><\/iframe><\/p>\n","protected":false},"excerpt":{"rendered":"<p>D\u00eda Internacional del Personal de Paz de las Naciones Unidas El D\u00eda se estableci\u00f3 para: honrar la memoria del personal de paz de las Naciones&hellip; <\/p>\n","protected":false},"author":1,"featured_media":0,"comment_status":"closed","ping_status":"closed","sticky":false,"template":"","format":"standard","meta":{"footnotes":""},"categories":[125],"tags":[],"class_list":["post-28928","post","type-post","status-publish","format-standard","hentry","category-dias-mundiales"],"yoast_head":"<!-- This site is optimized with the Yoast SEO plugin v24.8.1 - https:\/\/yoast.com\/wordpress\/plugins\/seo\/ -->\n<title>D\u00eda Internacional del Personal de Paz de las Naciones Unidas - El Almanaque<\/title>\n<meta name=\"robots\" content=\"index, follow, max-snippet:-1, max-image-preview:large, max-video-preview:-1\" \/>\n<link rel=\"canonical\" href=\"https:\/\/www.elalmanaque.com\/wp\/dias-mundiales\/dia-internacional-del-personal-de-paz-de-las-naciones-unidas\/\" \/>\n<meta property=\"og:locale\" content=\"es_ES\" \/>\n<meta property=\"og:type\" content=\"article\" \/>\n<meta property=\"og:title\" content=\"D\u00eda Internacional del Personal de Paz de las Naciones Unidas - El Almanaque\" \/>\n<meta property=\"og:description\" content=\"D\u00eda Internacional del Personal de Paz de las Naciones Unidas El D\u00eda se estableci\u00f3 para: honrar la memoria del personal de paz de las Naciones&hellip;\" \/>\n<meta property=\"og:url\" content=\"https:\/\/www.elalmanaque.com\/wp\/dias-mundiales\/dia-internacional-del-personal-de-paz-de-las-naciones-unidas\/\" \/>\n<meta property=\"og:site_name\" content=\"El Almanaque\" \/>\n<meta property=\"article:published_time\" content=\"2019-05-29T16:58:40+00:00\" \/>\n<meta property=\"og:image\" content=\"http:\/\/www.elalmanaque.com\/Mayo19\/fotos\/featured-image-index.jpg\" \/>\n<meta name=\"author\" content=\"Redactor\" \/>\n<meta name=\"twitter:card\" content=\"summary_large_image\" \/>\n<meta name=\"twitter:label1\" content=\"Escrito por\" \/>\n\t<meta name=\"twitter:data1\" content=\"Redactor\" \/>\n\t<meta name=\"twitter:label2\" content=\"Tiempo de lectura\" \/>\n\t<meta name=\"twitter:data2\" content=\"2 minutos\" \/>\n<script type=\"application\/ld+json\" class=\"yoast-schema-graph\">{\"@context\":\"https:\/\/schema.org\",\"@graph\":[{\"@type\":\"Article\",\"@id\":\"https:\/\/www.elalmanaque.com\/wp\/dias-mundiales\/dia-internacional-del-personal-de-paz-de-las-naciones-unidas\/#article\",\"isPartOf\":{\"@id\":\"https:\/\/www.elalmanaque.com\/wp\/dias-mundiales\/dia-internacional-del-personal-de-paz-de-las-naciones-unidas\/\"},\"author\":{\"name\":\"Redactor\",\"@id\":\"https:\/\/www.elalmanaque.com\/wp\/#\/schema\/person\/61ab31c67167988fe2679d590ca85afe\"},\"headline\":\"D\u00eda Internacional del Personal de Paz de las Naciones Unidas\",\"datePublished\":\"2019-05-29T16:58:40+00:00\",\"mainEntityOfPage\":{\"@id\":\"https:\/\/www.elalmanaque.com\/wp\/dias-mundiales\/dia-internacional-del-personal-de-paz-de-las-naciones-unidas\/\"},\"wordCount\":475,\"publisher\":{\"@id\":\"https:\/\/www.elalmanaque.com\/wp\/#organization\"},\"image\":{\"@id\":\"https:\/\/www.elalmanaque.com\/wp\/dias-mundiales\/dia-internacional-del-personal-de-paz-de-las-naciones-unidas\/#primaryimage\"},\"thumbnailUrl\":\"http:\/\/www.elalmanaque.com\/Mayo19\/fotos\/featured-image-index.jpg\",\"articleSection\":[\"Dias Mundiales\"],\"inLanguage\":\"es\"},{\"@type\":\"WebPage\",\"@id\":\"https:\/\/www.elalmanaque.com\/wp\/dias-mundiales\/dia-internacional-del-personal-de-paz-de-las-naciones-unidas\/\",\"url\":\"https:\/\/www.elalmanaque.com\/wp\/dias-mundiales\/dia-internacional-del-personal-de-paz-de-las-naciones-unidas\/\",\"name\":\"D\u00eda Internacional del Personal de Paz de las Naciones Unidas - El Almanaque\",\"isPartOf\":{\"@id\":\"https:\/\/www.elalmanaque.com\/wp\/#website\"},\"primaryImageOfPage\":{\"@id\":\"https:\/\/www.elalmanaque.com\/wp\/dias-mundiales\/dia-internacional-del-personal-de-paz-de-las-naciones-unidas\/#primaryimage\"},\"image\":{\"@id\":\"https:\/\/www.elalmanaque.com\/wp\/dias-mundiales\/dia-internacional-del-personal-de-paz-de-las-naciones-unidas\/#primaryimage\"},\"thumbnailUrl\":\"http:\/\/www.elalmanaque.com\/Mayo19\/fotos\/featured-image-index.jpg\",\"datePublished\":\"2019-05-29T16:58:40+00:00\",\"breadcrumb\":{\"@id\":\"https:\/\/www.elalmanaque.com\/wp\/dias-mundiales\/dia-internacional-del-personal-de-paz-de-las-naciones-unidas\/#breadcrumb\"},\"inLanguage\":\"es\",\"potentialAction\":[{\"@type\":\"ReadAction\",\"target\":[\"https:\/\/www.elalmanaque.com\/wp\/dias-mundiales\/dia-internacional-del-personal-de-paz-de-las-naciones-unidas\/\"]}]},{\"@type\":\"ImageObject\",\"inLanguage\":\"es\",\"@id\":\"https:\/\/www.elalmanaque.com\/wp\/dias-mundiales\/dia-internacional-del-personal-de-paz-de-las-naciones-unidas\/#primaryimage\",\"url\":\"http:\/\/www.elalmanaque.com\/Mayo19\/fotos\/featured-image-index.jpg\",\"contentUrl\":\"http:\/\/www.elalmanaque.com\/Mayo19\/fotos\/featured-image-index.jpg\"},{\"@type\":\"BreadcrumbList\",\"@id\":\"https:\/\/www.elalmanaque.com\/wp\/dias-mundiales\/dia-internacional-del-personal-de-paz-de-las-naciones-unidas\/#breadcrumb\",\"itemListElement\":[{\"@type\":\"ListItem\",\"position\":1,\"name\":\"Portada\",\"item\":\"https:\/\/www.elalmanaque.com\/wp\/\"},{\"@type\":\"ListItem\",\"position\":2,\"name\":\"D\u00eda Internacional del Personal de Paz de las Naciones Unidas\"}]},{\"@type\":\"WebSite\",\"@id\":\"https:\/\/www.elalmanaque.com\/wp\/#website\",\"url\":\"https:\/\/www.elalmanaque.com\/wp\/\",\"name\":\"El Almanaque\",\"description\":\"Revista de Cultura y Ocio\",\"publisher\":{\"@id\":\"https:\/\/www.elalmanaque.com\/wp\/#organization\"},\"potentialAction\":[{\"@type\":\"SearchAction\",\"target\":{\"@type\":\"EntryPoint\",\"urlTemplate\":\"https:\/\/www.elalmanaque.com\/wp\/?s={search_term_string}\"},\"query-input\":{\"@type\":\"PropertyValueSpecification\",\"valueRequired\":true,\"valueName\":\"search_term_string\"}}],\"inLanguage\":\"es\"},{\"@type\":\"Organization\",\"@id\":\"https:\/\/www.elalmanaque.com\/wp\/#organization\",\"name\":\"El Almanaque\",\"url\":\"https:\/\/www.elalmanaque.com\/wp\/\",\"logo\":{\"@type\":\"ImageObject\",\"inLanguage\":\"es\",\"@id\":\"https:\/\/www.elalmanaque.com\/wp\/#\/schema\/logo\/image\/\",\"url\":\"https:\/\/www.elalmanaque.com\/wp\/wp-content\/uploads\/2020\/03\/cropped-elalmanaque.jpg\",\"contentUrl\":\"https:\/\/www.elalmanaque.com\/wp\/wp-content\/uploads\/2020\/03\/cropped-elalmanaque.jpg\",\"width\":900,\"height\":164,\"caption\":\"El Almanaque\"},\"image\":{\"@id\":\"https:\/\/www.elalmanaque.com\/wp\/#\/schema\/logo\/image\/\"}},{\"@type\":\"Person\",\"@id\":\"https:\/\/www.elalmanaque.com\/wp\/#\/schema\/person\/61ab31c67167988fe2679d590ca85afe\",\"name\":\"Redactor\",\"image\":{\"@type\":\"ImageObject\",\"inLanguage\":\"es\",\"@id\":\"https:\/\/www.elalmanaque.com\/wp\/#\/schema\/person\/image\/\",\"url\":\"https:\/\/secure.gravatar.com\/avatar\/a1cd6ad4f449e45fea5ebd57548cb588?s=96&d=mm&r=g\",\"contentUrl\":\"https:\/\/secure.gravatar.com\/avatar\/a1cd6ad4f449e45fea5ebd57548cb588?s=96&d=mm&r=g\",\"caption\":\"Redactor\"},\"url\":\"https:\/\/www.elalmanaque.com\/wp\/author\/useralmanaque\/\"}]}<\/script>\n<!-- \/ Yoast SEO plugin. -->","yoast_head_json":{"title":"D\u00eda Internacional del Personal de Paz de las Naciones Unidas - El Almanaque","robots":{"index":"index","follow":"follow","max-snippet":"max-snippet:-1","max-image-preview":"max-image-preview:large","max-video-preview":"max-video-preview:-1"},"canonical":"https:\/\/www.elalmanaque.com\/wp\/dias-mundiales\/dia-internacional-del-personal-de-paz-de-las-naciones-unidas\/","og_locale":"es_ES","og_type":"article","og_title":"D\u00eda Internacional del Personal de Paz de las Naciones Unidas - El Almanaque","og_description":"D\u00eda Internacional del Personal de Paz de las Naciones Unidas El D\u00eda se estableci\u00f3 para: honrar la memoria del personal de paz de las Naciones&hellip;","og_url":"https:\/\/www.elalmanaque.com\/wp\/dias-mundiales\/dia-internacional-del-personal-de-paz-de-las-naciones-unidas\/","og_site_name":"El Almanaque","article_published_time":"2019-05-29T16:58:40+00:00","og_image":[{"url":"http:\/\/www.elalmanaque.com\/Mayo19\/fotos\/featured-image-index.jpg","type":"","width":"","height":""}],"author":"Redactor","twitter_card":"summary_large_image","twitter_misc":{"Escrito por":"Redactor","Tiempo de lectura":"2 minutos"},"schema":{"@context":"https:\/\/schema.org","@graph":[{"@type":"Article","@id":"https:\/\/www.elalmanaque.com\/wp\/dias-mundiales\/dia-internacional-del-personal-de-paz-de-las-naciones-unidas\/#article","isPartOf":{"@id":"https:\/\/www.elalmanaque.com\/wp\/dias-mundiales\/dia-internacional-del-personal-de-paz-de-las-naciones-unidas\/"},"author":{"name":"Redactor","@id":"https:\/\/www.elalmanaque.com\/wp\/#\/schema\/person\/61ab31c67167988fe2679d590ca85afe"},"headline":"D\u00eda Internacional del Personal de Paz de las Naciones Unidas","datePublished":"2019-05-29T16:58:40+00:00","mainEntityOfPage":{"@id":"https:\/\/www.elalmanaque.com\/wp\/dias-mundiales\/dia-internacional-del-personal-de-paz-de-las-naciones-unidas\/"},"wordCount":475,"publisher":{"@id":"https:\/\/www.elalmanaque.com\/wp\/#organization"},"image":{"@id":"https:\/\/www.elalmanaque.com\/wp\/dias-mundiales\/dia-internacional-del-personal-de-paz-de-las-naciones-unidas\/#primaryimage"},"thumbnailUrl":"http:\/\/www.elalmanaque.com\/Mayo19\/fotos\/featured-image-index.jpg","articleSection":["Dias Mundiales"],"inLanguage":"es"},{"@type":"WebPage","@id":"https:\/\/www.elalmanaque.com\/wp\/dias-mundiales\/dia-internacional-del-personal-de-paz-de-las-naciones-unidas\/","url":"https:\/\/www.elalmanaque.com\/wp\/dias-mundiales\/dia-internacional-del-personal-de-paz-de-las-naciones-unidas\/","name":"D\u00eda Internacional del Personal de Paz de las Naciones Unidas - El Almanaque","isPartOf":{"@id":"https:\/\/www.elalmanaque.com\/wp\/#website"},"primaryImageOfPage":{"@id":"https:\/\/www.elalmanaque.com\/wp\/dias-mundiales\/dia-internacional-del-personal-de-paz-de-las-naciones-unidas\/#primaryimage"},"image":{"@id":"https:\/\/www.elalmanaque.com\/wp\/dias-mundiales\/dia-internacional-del-personal-de-paz-de-las-naciones-unidas\/#primaryimage"},"thumbnailUrl":"http:\/\/www.elalmanaque.com\/Mayo19\/fotos\/featured-image-index.jpg","datePublished":"2019-05-29T16:58:40+00:00","breadcrumb":{"@id":"https:\/\/www.elalmanaque.com\/wp\/dias-mundiales\/dia-internacional-del-personal-de-paz-de-las-naciones-unidas\/#breadcrumb"},"inLanguage":"es","potentialAction":[{"@type":"ReadAction","target":["https:\/\/www.elalmanaque.com\/wp\/dias-mundiales\/dia-internacional-del-personal-de-paz-de-las-naciones-unidas\/"]}]},{"@type":"ImageObject","inLanguage":"es","@id":"https:\/\/www.elalmanaque.com\/wp\/dias-mundiales\/dia-internacional-del-personal-de-paz-de-las-naciones-unidas\/#primaryimage","url":"http:\/\/www.elalmanaque.com\/Mayo19\/fotos\/featured-image-index.jpg","contentUrl":"http:\/\/www.elalmanaque.com\/Mayo19\/fotos\/featured-image-index.jpg"},{"@type":"BreadcrumbList","@id":"https:\/\/www.elalmanaque.com\/wp\/dias-mundiales\/dia-internacional-del-personal-de-paz-de-las-naciones-unidas\/#breadcrumb","itemListElement":[{"@type":"ListItem","position":1,"name":"Portada","item":"https:\/\/www.elalmanaque.com\/wp\/"},{"@type":"ListItem","position":2,"name":"D\u00eda Internacional del Personal de Paz de las Naciones Unidas"}]},{"@type":"WebSite","@id":"https:\/\/www.elalmanaque.com\/wp\/#website","url":"https:\/\/www.elalmanaque.com\/wp\/","name":"El Almanaque","description":"Revista de Cultura y Ocio","publisher":{"@id":"https:\/\/www.elalmanaque.com\/wp\/#organization"},"potentialAction":[{"@type":"SearchAction","target":{"@type":"EntryPoint","urlTemplate":"https:\/\/www.elalmanaque.com\/wp\/?s={search_term_string}"},"query-input":{"@type":"PropertyValueSpecification","valueRequired":true,"valueName":"search_term_string"}}],"inLanguage":"es"},{"@type":"Organization","@id":"https:\/\/www.elalmanaque.com\/wp\/#organization","name":"El Almanaque","url":"https:\/\/www.elalmanaque.com\/wp\/","logo":{"@type":"ImageObject","inLanguage":"es","@id":"https:\/\/www.elalmanaque.com\/wp\/#\/schema\/logo\/image\/","url":"https:\/\/www.elalmanaque.com\/wp\/wp-content\/uploads\/2020\/03\/cropped-elalmanaque.jpg","contentUrl":"https:\/\/www.elalmanaque.com\/wp\/wp-content\/uploads\/2020\/03\/cropped-elalmanaque.jpg","width":900,"height":164,"caption":"El Almanaque"},"image":{"@id":"https:\/\/www.elalmanaque.com\/wp\/#\/schema\/logo\/image\/"}},{"@type":"Person","@id":"https:\/\/www.elalmanaque.com\/wp\/#\/schema\/person\/61ab31c67167988fe2679d590ca85afe","name":"Redactor","image":{"@type":"ImageObject","inLanguage":"es","@id":"https:\/\/www.elalmanaque.com\/wp\/#\/schema\/person\/image\/","url":"https:\/\/secure.gravatar.com\/avatar\/a1cd6ad4f449e45fea5ebd57548cb588?s=96&d=mm&r=g","contentUrl":"https:\/\/secure.gravatar.com\/avatar\/a1cd6ad4f449e45fea5ebd57548cb588?s=96&d=mm&r=g","caption":"Redactor"},"url":"https:\/\/www.elalmanaque.com\/wp\/author\/useralmanaque\/"}]}},"_links":{"self":[{"href":"https:\/\/www.elalmanaque.com\/wp\/wp-json\/wp\/v2\/posts\/28928","targetHints":{"allow":["GET"]}}],"collection":[{"href":"https:\/\/www.elalmanaque.com\/wp\/wp-json\/wp\/v2\/posts"}],"about":[{"href":"https:\/\/www.elalmanaque.com\/wp\/wp-json\/wp\/v2\/types\/post"}],"author":[{"embeddable":true,"href":"https:\/\/www.elalmanaque.com\/wp\/wp-json\/wp\/v2\/users\/1"}],"replies":[{"embeddable":true,"href":"https:\/\/www.elalmanaque.com\/wp\/wp-json\/wp\/v2\/comments?post=28928"}],"version-history":[{"count":1,"href":"https:\/\/www.elalmanaque.com\/wp\/wp-json\/wp\/v2\/posts\/28928\/revisions"}],"predecessor-version":[{"id":28929,"href":"https:\/\/www.elalmanaque.com\/wp\/wp-json\/wp\/v2\/posts\/28928\/revisions\/28929"}],"wp:attachment":[{"href":"https:\/\/www.elalmanaque.com\/wp\/wp-json\/wp\/v2\/media?parent=28928"}],"wp:term":[{"taxonomy":"category","embeddable":true,"href":"https:\/\/www.elalmanaque.com\/wp\/wp-json\/wp\/v2\/categories?post=28928"},{"taxonomy":"post_tag","embeddable":true,"href":"https:\/\/www.elalmanaque.com\/wp\/wp-json\/wp\/v2\/tags?post=28928"}],"curies":[{"name":"wp","href":"https:\/\/api.w.org\/{rel}","templated":true}]}}