{"id":28699,"date":"2018-10-19T18:05:30","date_gmt":"2018-10-19T17:05:30","guid":{"rendered":"http:\/\/www.elalmanaque.com\/wp\/?p=28699"},"modified":"2018-10-19T18:05:30","modified_gmt":"2018-10-19T17:05:30","slug":"roses-la-puerta-de-entrada-al-fascinante-parque-natural-del-cabo-de-creus","status":"publish","type":"post","link":"https:\/\/www.elalmanaque.com\/wp\/turismo\/roses-la-puerta-de-entrada-al-fascinante-parque-natural-del-cabo-de-creus\/","title":{"rendered":"ROSES, LA PUERTA DE ENTRADA AL FASCINANTE PARQUE NATURAL DEL CABO DE CREUS"},"content":{"rendered":"<p style=\"font-weight: 400;\"><span style=\"color: #333399;\"><strong>ROSES, LA PUERTA DE ENTRADA AL FASCINANTE PARQUE NATURAL DEL CABO DE CREUS<\/strong><\/span><\/p>\n<p style=\"font-weight: 400;\">\u00a0Este 2018 cumple dos d\u00e9cadas y sus 13.844 hect\u00e1reas terrestres y mar\u00edtimas, de una gran biodiversidad, acogen tambi\u00e9n un majestuoso monasterio: Sant Pere de Rodas<\/p>\n<p style=\"font-weight: 400;\"><b>Inmortalizado su entorno en el cine por \u2018La luz del fin del mundo\u2019, el faro de Creus es s\u00f3lo la punta del iceberg de un fascinante Parque Natural que este a\u00f1o cumple dos d\u00e9cadas, al amparo del cabo m\u00e1s oriental de la Pen\u00ednsula Ib\u00e9rica y primer lugar por donde sale el sol. Senderos desde donde admirar su rica biodiversidad, abruptas y recortadas calas y un maravilloso monasterio benedictino casi colgado del cielo son atractivos m\u00e1s que suficientes para una escapada a Roses, su puerta de entrada, en la zona norte de la Costa Brava.\u00a0<\/b><\/p>\n<p style=\"font-weight: 400;\">Sopla con fuerza la Tramuntana, agitando un m\u00e1gico paisaje impregnado por la luz y el olor del Mediterr\u00e1neo cantado por Serrat. Y se alza altivo\u00a0<strong>un faro en cuyos alrededores inmortaliz\u00f3 Hollywood un filme de piratas<\/strong>, \u2018La luz del fin del mundo\u2019, inspirado en una novela de Julio Verne, que llev\u00f3 hasta all\u00ed a mitos del\u00a0<em>star system<\/em>\u00a0como Yul Brinner o Kirk Douglas hace medio siglo. Es el\u00a0<strong>cabo de Creus<\/strong>, el\u00a0<em>finisterre<\/em>\u00a0oriental de la Pen\u00ednsula Ib\u00e9rica, que da nombre a un\u00a0<strong>fascinante Parque Natural que este a\u00f1o cumple dos d\u00e9cadas<\/strong>.<\/p>\n<p style=\"font-weight: 400;\"><strong>\u00a0\u00a0\u00a0\u00a0 Su puerta de acceso es Roses<\/strong>, localidad de la Costa Brava (Girona) que gracias a sus atractivos patrimoniales \u00ad\u2013como la Ciudadela o el Castillo de la Trinitat\u2013; arqueol\u00f3gicos \u2013como su conjunto megal\u00edtico o el castrum visig\u00f3tico\u2013; y naturales \u2013como el Parque Natural del Cabo de Creus\u2013, es un\u00a0<strong>destino ideal para una escapada en cualquier \u00e9poca del a\u00f1o<\/strong>, como ahora en oto\u00f1o. Una villa marinera acurrucada en una de las m\u00e1s majestuosas bah\u00edas del mundo y antesala de\u00a0<strong>13.844 hect\u00e1reas para disfrutar de la naturaleza en estado puro<\/strong>.<\/p>\n<p style=\"font-weight: 400;\">\u00a0\u00a0\u00a0\u00a0<strong>Mar y monta\u00f1a se fusionan en este Parque Natural<\/strong>\u00a0tan singular que est\u00e1 constituido por una parte terrestre y otra mar\u00edtima. La terrestre alberga tres parajes bien definidos. El m\u00e1s cercano a Roses, apenas 6 kil\u00f3metros al norte, es el\u00a0<strong>Cabo Norfeu<\/strong>, que penetra en el Mediterr\u00e1neo como una daga, entre Cala Montjoi \u2013que acog\u00eda al m\u00edtico El Bulli de Ferran Adri\u00e0, el que fuera mejor restaurante del mundo, que pronto reabrir\u00e1 como Fundaci\u00f3n gastron\u00f3mica\u2013 y la\u00a0<strong>bah\u00eda de J\u00f3ncols<\/strong>. Un entorno rocoso, labrado por la erosi\u00f3n de la Tramuntana, cuya parte m\u00e1s elevada a\u00fan conserva los restos de una torre vig\u00eda del siglo XVI.<\/p>\n<p style=\"font-weight: 400;\">\u00a0\u00a0\u00a0\u00a0 Un poco m\u00e1s al norte se halla el\u00a0<strong>paraje del Cabo de Creus<\/strong>, abrupto promontorio situado a 672 metros de altitud, con un faro y una terraza-mirador donde quedarse absorto ante un maravilloso espect\u00e1culo natural: recortados acantilados que esculpen rec\u00f3nditas calas donde olvidarse del mundo, como si el tiempo se hubiera detenido. Este paraje incluye tambi\u00e9n las islas de la Ma\u00e7a Major y S\u2019Encalladora.<\/p>\n<p style=\"font-weight: 400;\"><img decoding=\"async\" src=\"http:\/\/www.elalmanaque.com\/Oct18\/fotos\/Cabo_Creus1.jpg\" \/><\/p>\n<p style=\"font-weight: 400;\">\u00a0\u00a0\u00a0\u00a0 Ya en el interior, el tercer paraje terrestre del parque, la\u00a0<strong>Sierra de Rodes<\/strong>, acoge en la ladera de una de sus cimas el\u00a0<strong>monasterio benedictino de Sant Pere de Rodes<\/strong>, del siglo IX al XI. Una aut\u00e9ntica\u00a0<strong>joya del rom\u00e1ntico catal\u00e1n<\/strong>\u00a0que forma parte de un conjunto monumental que incluye una iglesia, una torre campanario y otra torre de defensa. Desde este monasterio, que hoy d\u00eda es una de las sedes del Parque, se accede por una ruta a pie a un espectacular mirador panor\u00e1mico que ofrece las m\u00e1s impresionantes vistas del conjunto del Cabo de Creus, con Roses al fondo. Y muy cerca pueden admirare tambi\u00e9n las ruinas del\u00a0<strong>Castillo de Sant Salvador de Verdera<\/strong>, del siglo IX.<\/p>\n<p style=\"font-weight: 400;\"><img decoding=\"async\" src=\"http:\/\/www.elalmanaque.com\/Oct18\/fotos\/Sant_Pere_R1.jpg\" \/><\/p>\n<p style=\"font-weight: 400;\">\u00a0\u00a0\u00a0\u00a0\u00a0<strong>La reserva mar\u00edtima<\/strong>\u00a0protegida ocupa un quinto del espacio del Parque Natural y oscila entre 1,3 y 0,2 millas mar adentro, destacando los espacios cercanos a los dos cabos \u2013Creus y Norfeu, los Farallones \u2013rocas altas y escarpadas que sobresalen del mar\u2013, y la zona norte de la isla de S\u2019Encalladora, destacando una riqueza subacu\u00e1tica visible practicando submarinismo. Todo este recortado litoral puede contemplarse tambi\u00e9n desde el mar con\u00a0<strong>excursiones en catamar\u00e1n<\/strong>\u00a0que parten del puerto de Roses, o en una\u00a0<strong>peque\u00f1a barca tradicional,<\/strong>\u00a0desde Port Lligat.<\/p>\n<p style=\"font-weight: 400;\">\u00a0\u00a0\u00a0\u00a0 Los\u00a0<strong>amantes del senderismo<\/strong>\u00a0podr\u00e1n admirar la biodiversidad del Parque con sendas de gran recorrido, como la\u00a0<strong>GR-11<\/strong>, que desde la sierra de l\u2019Albera llega a la villa marinera de Llan\u00e7\u00e0 pasando por el monasterio de Sant Pere de Rodes; o la\u00a0<strong>GR-92<\/strong>, que realiza un recorrido por todos los municipios del Parque \u2013Llan\u00e7\u00e0, Port de la Selva, Cadaqu\u00e9s, Roses, Palau-Savardera y Paz\u2013 enlazando con otro Parque Natural, els Aiguamolls de l\u2019Empord\u00e0. Otra interesante opci\u00f3n es tomar el Antiguo Camino de Cadaqu\u00e9s al Cabo de Creus de 14,8 kil\u00f3metros.<\/p>\n<p style=\"font-weight: 400;\">\u00a0\u00a0\u00a0\u00a0 Y tras brujulear por todo el entorno natural del Cabo de Creus, nada mejor que\u00a0<strong>regresar a Roses para relajarse degustando su sabrosa oferta gastron\u00f3mica<\/strong>, en la que reina un antiguo guiso marinero convertido hoy d\u00eda en excelso manjar:\u00a0<strong>el Suquet de Peix<\/strong>.<\/p>\n<p style=\"font-weight: 400;\"><strong>Sobre Ayuntamiento de Roses\u00a0<\/strong><br \/>\nLa localidad gerundense se encuentra a un paso de Francia, a 65 kil\u00f3metros de Girona y a 160 de la Ciudad Condal que permiten que este municipio se convierta en una opci\u00f3n de escapada. `Aut\u00e8ntic Roses\u00b4 es la marca por la que apuesta Roses para a dar a conocer sus recursos tur\u00edsticos como la fuerte tradici\u00f3n vitivin\u00edcola, los cimientos con m\u00e1s de 3.000 a\u00f1os de historia, el turismo familiar, n\u00e1utico y de pesca, sus calas y playas, parques naturales y rutas de senderismo y gastronom\u00eda aptos para todos los p\u00fablicos.\u00a0<a href=\"http:\/\/www.visitroses.cat\/\">www.visitroses.cat<\/a><\/p>\n","protected":false},"excerpt":{"rendered":"<p>ROSES, LA PUERTA DE ENTRADA AL FASCINANTE PARQUE NATURAL DEL CABO DE CREUS \u00a0Este 2018 cumple dos d\u00e9cadas y sus 13.844 hect\u00e1reas terrestres y mar\u00edtimas,&hellip; <\/p>\n","protected":false},"author":1,"featured_media":0,"comment_status":"closed","ping_status":"closed","sticky":false,"template":"","format":"standard","meta":{"footnotes":""},"categories":[42,3],"tags":[],"class_list":["post-28699","post","type-post","status-publish","format-standard","hentry","category-ecologia","category-turismo"],"yoast_head":"<!-- This site is optimized with the Yoast SEO plugin v24.8.1 - https:\/\/yoast.com\/wordpress\/plugins\/seo\/ -->\n<title>ROSES, LA PUERTA DE ENTRADA AL FASCINANTE PARQUE NATURAL DEL CABO DE CREUS - El Almanaque<\/title>\n<meta name=\"robots\" content=\"index, follow, max-snippet:-1, max-image-preview:large, max-video-preview:-1\" \/>\n<link rel=\"canonical\" href=\"https:\/\/www.elalmanaque.com\/wp\/turismo\/roses-la-puerta-de-entrada-al-fascinante-parque-natural-del-cabo-de-creus\/\" \/>\n<meta property=\"og:locale\" content=\"es_ES\" \/>\n<meta property=\"og:type\" content=\"article\" \/>\n<meta property=\"og:title\" content=\"ROSES, LA PUERTA DE ENTRADA AL FASCINANTE PARQUE NATURAL DEL CABO DE CREUS - El Almanaque\" \/>\n<meta property=\"og:description\" content=\"ROSES, LA PUERTA DE ENTRADA AL FASCINANTE PARQUE NATURAL DEL CABO DE CREUS \u00a0Este 2018 cumple dos d\u00e9cadas y sus 13.844 hect\u00e1reas terrestres y mar\u00edtimas,&hellip;\" \/>\n<meta property=\"og:url\" content=\"https:\/\/www.elalmanaque.com\/wp\/turismo\/roses-la-puerta-de-entrada-al-fascinante-parque-natural-del-cabo-de-creus\/\" \/>\n<meta property=\"og:site_name\" content=\"El Almanaque\" \/>\n<meta property=\"article:published_time\" content=\"2018-10-19T17:05:30+00:00\" \/>\n<meta property=\"og:image\" content=\"http:\/\/www.elalmanaque.com\/Oct18\/fotos\/Cabo_Creus1.jpg\" \/>\n<meta name=\"author\" content=\"Redactor\" \/>\n<meta name=\"twitter:card\" content=\"summary_large_image\" \/>\n<meta name=\"twitter:label1\" content=\"Escrito por\" \/>\n\t<meta name=\"twitter:data1\" content=\"Redactor\" \/>\n\t<meta name=\"twitter:label2\" content=\"Tiempo de lectura\" \/>\n\t<meta name=\"twitter:data2\" content=\"5 minutos\" \/>\n<script type=\"application\/ld+json\" class=\"yoast-schema-graph\">{\"@context\":\"https:\/\/schema.org\",\"@graph\":[{\"@type\":\"Article\",\"@id\":\"https:\/\/www.elalmanaque.com\/wp\/turismo\/roses-la-puerta-de-entrada-al-fascinante-parque-natural-del-cabo-de-creus\/#article\",\"isPartOf\":{\"@id\":\"https:\/\/www.elalmanaque.com\/wp\/turismo\/roses-la-puerta-de-entrada-al-fascinante-parque-natural-del-cabo-de-creus\/\"},\"author\":{\"name\":\"Redactor\",\"@id\":\"https:\/\/www.elalmanaque.com\/wp\/#\/schema\/person\/61ab31c67167988fe2679d590ca85afe\"},\"headline\":\"ROSES, LA PUERTA DE ENTRADA AL FASCINANTE PARQUE NATURAL DEL CABO DE CREUS\",\"datePublished\":\"2018-10-19T17:05:30+00:00\",\"mainEntityOfPage\":{\"@id\":\"https:\/\/www.elalmanaque.com\/wp\/turismo\/roses-la-puerta-de-entrada-al-fascinante-parque-natural-del-cabo-de-creus\/\"},\"wordCount\":999,\"publisher\":{\"@id\":\"https:\/\/www.elalmanaque.com\/wp\/#organization\"},\"image\":{\"@id\":\"https:\/\/www.elalmanaque.com\/wp\/turismo\/roses-la-puerta-de-entrada-al-fascinante-parque-natural-del-cabo-de-creus\/#primaryimage\"},\"thumbnailUrl\":\"http:\/\/www.elalmanaque.com\/Oct18\/fotos\/Cabo_Creus1.jpg\",\"articleSection\":[\"Ecolog\u00eda\",\"Turismo\"],\"inLanguage\":\"es\"},{\"@type\":\"WebPage\",\"@id\":\"https:\/\/www.elalmanaque.com\/wp\/turismo\/roses-la-puerta-de-entrada-al-fascinante-parque-natural-del-cabo-de-creus\/\",\"url\":\"https:\/\/www.elalmanaque.com\/wp\/turismo\/roses-la-puerta-de-entrada-al-fascinante-parque-natural-del-cabo-de-creus\/\",\"name\":\"ROSES, LA PUERTA DE ENTRADA AL FASCINANTE PARQUE NATURAL DEL CABO DE CREUS - El Almanaque\",\"isPartOf\":{\"@id\":\"https:\/\/www.elalmanaque.com\/wp\/#website\"},\"primaryImageOfPage\":{\"@id\":\"https:\/\/www.elalmanaque.com\/wp\/turismo\/roses-la-puerta-de-entrada-al-fascinante-parque-natural-del-cabo-de-creus\/#primaryimage\"},\"image\":{\"@id\":\"https:\/\/www.elalmanaque.com\/wp\/turismo\/roses-la-puerta-de-entrada-al-fascinante-parque-natural-del-cabo-de-creus\/#primaryimage\"},\"thumbnailUrl\":\"http:\/\/www.elalmanaque.com\/Oct18\/fotos\/Cabo_Creus1.jpg\",\"datePublished\":\"2018-10-19T17:05:30+00:00\",\"breadcrumb\":{\"@id\":\"https:\/\/www.elalmanaque.com\/wp\/turismo\/roses-la-puerta-de-entrada-al-fascinante-parque-natural-del-cabo-de-creus\/#breadcrumb\"},\"inLanguage\":\"es\",\"potentialAction\":[{\"@type\":\"ReadAction\",\"target\":[\"https:\/\/www.elalmanaque.com\/wp\/turismo\/roses-la-puerta-de-entrada-al-fascinante-parque-natural-del-cabo-de-creus\/\"]}]},{\"@type\":\"ImageObject\",\"inLanguage\":\"es\",\"@id\":\"https:\/\/www.elalmanaque.com\/wp\/turismo\/roses-la-puerta-de-entrada-al-fascinante-parque-natural-del-cabo-de-creus\/#primaryimage\",\"url\":\"http:\/\/www.elalmanaque.com\/Oct18\/fotos\/Cabo_Creus1.jpg\",\"contentUrl\":\"http:\/\/www.elalmanaque.com\/Oct18\/fotos\/Cabo_Creus1.jpg\"},{\"@type\":\"BreadcrumbList\",\"@id\":\"https:\/\/www.elalmanaque.com\/wp\/turismo\/roses-la-puerta-de-entrada-al-fascinante-parque-natural-del-cabo-de-creus\/#breadcrumb\",\"itemListElement\":[{\"@type\":\"ListItem\",\"position\":1,\"name\":\"Portada\",\"item\":\"https:\/\/www.elalmanaque.com\/wp\/\"},{\"@type\":\"ListItem\",\"position\":2,\"name\":\"ROSES, LA PUERTA DE ENTRADA AL FASCINANTE PARQUE NATURAL DEL CABO DE CREUS\"}]},{\"@type\":\"WebSite\",\"@id\":\"https:\/\/www.elalmanaque.com\/wp\/#website\",\"url\":\"https:\/\/www.elalmanaque.com\/wp\/\",\"name\":\"El Almanaque\",\"description\":\"Revista de Cultura y Ocio\",\"publisher\":{\"@id\":\"https:\/\/www.elalmanaque.com\/wp\/#organization\"},\"potentialAction\":[{\"@type\":\"SearchAction\",\"target\":{\"@type\":\"EntryPoint\",\"urlTemplate\":\"https:\/\/www.elalmanaque.com\/wp\/?s={search_term_string}\"},\"query-input\":{\"@type\":\"PropertyValueSpecification\",\"valueRequired\":true,\"valueName\":\"search_term_string\"}}],\"inLanguage\":\"es\"},{\"@type\":\"Organization\",\"@id\":\"https:\/\/www.elalmanaque.com\/wp\/#organization\",\"name\":\"El Almanaque\",\"url\":\"https:\/\/www.elalmanaque.com\/wp\/\",\"logo\":{\"@type\":\"ImageObject\",\"inLanguage\":\"es\",\"@id\":\"https:\/\/www.elalmanaque.com\/wp\/#\/schema\/logo\/image\/\",\"url\":\"https:\/\/www.elalmanaque.com\/wp\/wp-content\/uploads\/2020\/03\/cropped-elalmanaque.jpg\",\"contentUrl\":\"https:\/\/www.elalmanaque.com\/wp\/wp-content\/uploads\/2020\/03\/cropped-elalmanaque.jpg\",\"width\":900,\"height\":164,\"caption\":\"El Almanaque\"},\"image\":{\"@id\":\"https:\/\/www.elalmanaque.com\/wp\/#\/schema\/logo\/image\/\"}},{\"@type\":\"Person\",\"@id\":\"https:\/\/www.elalmanaque.com\/wp\/#\/schema\/person\/61ab31c67167988fe2679d590ca85afe\",\"name\":\"Redactor\",\"image\":{\"@type\":\"ImageObject\",\"inLanguage\":\"es\",\"@id\":\"https:\/\/www.elalmanaque.com\/wp\/#\/schema\/person\/image\/\",\"url\":\"https:\/\/secure.gravatar.com\/avatar\/a1cd6ad4f449e45fea5ebd57548cb588?s=96&d=mm&r=g\",\"contentUrl\":\"https:\/\/secure.gravatar.com\/avatar\/a1cd6ad4f449e45fea5ebd57548cb588?s=96&d=mm&r=g\",\"caption\":\"Redactor\"},\"url\":\"https:\/\/www.elalmanaque.com\/wp\/author\/useralmanaque\/\"}]}<\/script>\n<!-- \/ Yoast SEO plugin. -->","yoast_head_json":{"title":"ROSES, LA PUERTA DE ENTRADA AL FASCINANTE PARQUE NATURAL DEL CABO DE CREUS - El Almanaque","robots":{"index":"index","follow":"follow","max-snippet":"max-snippet:-1","max-image-preview":"max-image-preview:large","max-video-preview":"max-video-preview:-1"},"canonical":"https:\/\/www.elalmanaque.com\/wp\/turismo\/roses-la-puerta-de-entrada-al-fascinante-parque-natural-del-cabo-de-creus\/","og_locale":"es_ES","og_type":"article","og_title":"ROSES, LA PUERTA DE ENTRADA AL FASCINANTE PARQUE NATURAL DEL CABO DE CREUS - El Almanaque","og_description":"ROSES, LA PUERTA DE ENTRADA AL FASCINANTE PARQUE NATURAL DEL CABO DE CREUS \u00a0Este 2018 cumple dos d\u00e9cadas y sus 13.844 hect\u00e1reas terrestres y mar\u00edtimas,&hellip;","og_url":"https:\/\/www.elalmanaque.com\/wp\/turismo\/roses-la-puerta-de-entrada-al-fascinante-parque-natural-del-cabo-de-creus\/","og_site_name":"El Almanaque","article_published_time":"2018-10-19T17:05:30+00:00","og_image":[{"url":"http:\/\/www.elalmanaque.com\/Oct18\/fotos\/Cabo_Creus1.jpg","type":"","width":"","height":""}],"author":"Redactor","twitter_card":"summary_large_image","twitter_misc":{"Escrito por":"Redactor","Tiempo de lectura":"5 minutos"},"schema":{"@context":"https:\/\/schema.org","@graph":[{"@type":"Article","@id":"https:\/\/www.elalmanaque.com\/wp\/turismo\/roses-la-puerta-de-entrada-al-fascinante-parque-natural-del-cabo-de-creus\/#article","isPartOf":{"@id":"https:\/\/www.elalmanaque.com\/wp\/turismo\/roses-la-puerta-de-entrada-al-fascinante-parque-natural-del-cabo-de-creus\/"},"author":{"name":"Redactor","@id":"https:\/\/www.elalmanaque.com\/wp\/#\/schema\/person\/61ab31c67167988fe2679d590ca85afe"},"headline":"ROSES, LA PUERTA DE ENTRADA AL FASCINANTE PARQUE NATURAL DEL CABO DE CREUS","datePublished":"2018-10-19T17:05:30+00:00","mainEntityOfPage":{"@id":"https:\/\/www.elalmanaque.com\/wp\/turismo\/roses-la-puerta-de-entrada-al-fascinante-parque-natural-del-cabo-de-creus\/"},"wordCount":999,"publisher":{"@id":"https:\/\/www.elalmanaque.com\/wp\/#organization"},"image":{"@id":"https:\/\/www.elalmanaque.com\/wp\/turismo\/roses-la-puerta-de-entrada-al-fascinante-parque-natural-del-cabo-de-creus\/#primaryimage"},"thumbnailUrl":"http:\/\/www.elalmanaque.com\/Oct18\/fotos\/Cabo_Creus1.jpg","articleSection":["Ecolog\u00eda","Turismo"],"inLanguage":"es"},{"@type":"WebPage","@id":"https:\/\/www.elalmanaque.com\/wp\/turismo\/roses-la-puerta-de-entrada-al-fascinante-parque-natural-del-cabo-de-creus\/","url":"https:\/\/www.elalmanaque.com\/wp\/turismo\/roses-la-puerta-de-entrada-al-fascinante-parque-natural-del-cabo-de-creus\/","name":"ROSES, LA PUERTA DE ENTRADA AL FASCINANTE PARQUE NATURAL DEL CABO DE CREUS - El Almanaque","isPartOf":{"@id":"https:\/\/www.elalmanaque.com\/wp\/#website"},"primaryImageOfPage":{"@id":"https:\/\/www.elalmanaque.com\/wp\/turismo\/roses-la-puerta-de-entrada-al-fascinante-parque-natural-del-cabo-de-creus\/#primaryimage"},"image":{"@id":"https:\/\/www.elalmanaque.com\/wp\/turismo\/roses-la-puerta-de-entrada-al-fascinante-parque-natural-del-cabo-de-creus\/#primaryimage"},"thumbnailUrl":"http:\/\/www.elalmanaque.com\/Oct18\/fotos\/Cabo_Creus1.jpg","datePublished":"2018-10-19T17:05:30+00:00","breadcrumb":{"@id":"https:\/\/www.elalmanaque.com\/wp\/turismo\/roses-la-puerta-de-entrada-al-fascinante-parque-natural-del-cabo-de-creus\/#breadcrumb"},"inLanguage":"es","potentialAction":[{"@type":"ReadAction","target":["https:\/\/www.elalmanaque.com\/wp\/turismo\/roses-la-puerta-de-entrada-al-fascinante-parque-natural-del-cabo-de-creus\/"]}]},{"@type":"ImageObject","inLanguage":"es","@id":"https:\/\/www.elalmanaque.com\/wp\/turismo\/roses-la-puerta-de-entrada-al-fascinante-parque-natural-del-cabo-de-creus\/#primaryimage","url":"http:\/\/www.elalmanaque.com\/Oct18\/fotos\/Cabo_Creus1.jpg","contentUrl":"http:\/\/www.elalmanaque.com\/Oct18\/fotos\/Cabo_Creus1.jpg"},{"@type":"BreadcrumbList","@id":"https:\/\/www.elalmanaque.com\/wp\/turismo\/roses-la-puerta-de-entrada-al-fascinante-parque-natural-del-cabo-de-creus\/#breadcrumb","itemListElement":[{"@type":"ListItem","position":1,"name":"Portada","item":"https:\/\/www.elalmanaque.com\/wp\/"},{"@type":"ListItem","position":2,"name":"ROSES, LA PUERTA DE ENTRADA AL FASCINANTE PARQUE NATURAL DEL CABO DE CREUS"}]},{"@type":"WebSite","@id":"https:\/\/www.elalmanaque.com\/wp\/#website","url":"https:\/\/www.elalmanaque.com\/wp\/","name":"El Almanaque","description":"Revista de Cultura y Ocio","publisher":{"@id":"https:\/\/www.elalmanaque.com\/wp\/#organization"},"potentialAction":[{"@type":"SearchAction","target":{"@type":"EntryPoint","urlTemplate":"https:\/\/www.elalmanaque.com\/wp\/?s={search_term_string}"},"query-input":{"@type":"PropertyValueSpecification","valueRequired":true,"valueName":"search_term_string"}}],"inLanguage":"es"},{"@type":"Organization","@id":"https:\/\/www.elalmanaque.com\/wp\/#organization","name":"El Almanaque","url":"https:\/\/www.elalmanaque.com\/wp\/","logo":{"@type":"ImageObject","inLanguage":"es","@id":"https:\/\/www.elalmanaque.com\/wp\/#\/schema\/logo\/image\/","url":"https:\/\/www.elalmanaque.com\/wp\/wp-content\/uploads\/2020\/03\/cropped-elalmanaque.jpg","contentUrl":"https:\/\/www.elalmanaque.com\/wp\/wp-content\/uploads\/2020\/03\/cropped-elalmanaque.jpg","width":900,"height":164,"caption":"El Almanaque"},"image":{"@id":"https:\/\/www.elalmanaque.com\/wp\/#\/schema\/logo\/image\/"}},{"@type":"Person","@id":"https:\/\/www.elalmanaque.com\/wp\/#\/schema\/person\/61ab31c67167988fe2679d590ca85afe","name":"Redactor","image":{"@type":"ImageObject","inLanguage":"es","@id":"https:\/\/www.elalmanaque.com\/wp\/#\/schema\/person\/image\/","url":"https:\/\/secure.gravatar.com\/avatar\/a1cd6ad4f449e45fea5ebd57548cb588?s=96&d=mm&r=g","contentUrl":"https:\/\/secure.gravatar.com\/avatar\/a1cd6ad4f449e45fea5ebd57548cb588?s=96&d=mm&r=g","caption":"Redactor"},"url":"https:\/\/www.elalmanaque.com\/wp\/author\/useralmanaque\/"}]}},"_links":{"self":[{"href":"https:\/\/www.elalmanaque.com\/wp\/wp-json\/wp\/v2\/posts\/28699","targetHints":{"allow":["GET"]}}],"collection":[{"href":"https:\/\/www.elalmanaque.com\/wp\/wp-json\/wp\/v2\/posts"}],"about":[{"href":"https:\/\/www.elalmanaque.com\/wp\/wp-json\/wp\/v2\/types\/post"}],"author":[{"embeddable":true,"href":"https:\/\/www.elalmanaque.com\/wp\/wp-json\/wp\/v2\/users\/1"}],"replies":[{"embeddable":true,"href":"https:\/\/www.elalmanaque.com\/wp\/wp-json\/wp\/v2\/comments?post=28699"}],"version-history":[{"count":1,"href":"https:\/\/www.elalmanaque.com\/wp\/wp-json\/wp\/v2\/posts\/28699\/revisions"}],"predecessor-version":[{"id":28700,"href":"https:\/\/www.elalmanaque.com\/wp\/wp-json\/wp\/v2\/posts\/28699\/revisions\/28700"}],"wp:attachment":[{"href":"https:\/\/www.elalmanaque.com\/wp\/wp-json\/wp\/v2\/media?parent=28699"}],"wp:term":[{"taxonomy":"category","embeddable":true,"href":"https:\/\/www.elalmanaque.com\/wp\/wp-json\/wp\/v2\/categories?post=28699"},{"taxonomy":"post_tag","embeddable":true,"href":"https:\/\/www.elalmanaque.com\/wp\/wp-json\/wp\/v2\/tags?post=28699"}],"curies":[{"name":"wp","href":"https:\/\/api.w.org\/{rel}","templated":true}]}}