{"id":28576,"date":"2018-06-07T09:20:24","date_gmt":"2018-06-07T08:20:24","guid":{"rendered":"http:\/\/www.elalmanaque.com\/wp\/?p=28576"},"modified":"2018-06-07T09:20:24","modified_gmt":"2018-06-07T08:20:24","slug":"museo-museo-magritte-de-lo-cotidiano-a-lo-extraordinario","status":"publish","type":"post","link":"https:\/\/www.elalmanaque.com\/wp\/cultura\/museo-museo-magritte-de-lo-cotidiano-a-lo-extraordinario\/","title":{"rendered":"Museo Museo Magritte &#8211; De lo cotidiano a lo extraordinario."},"content":{"rendered":"<p align=\"left\"><span style=\"font-family: Cambria;\"><span style=\"color: #d62c39;\"><b>Museo Museo Magritte &#8211; De lo cotidiano a lo extraordinario.<br \/>\n<\/b><\/span><br \/>\n<img decoding=\"async\" class=\"alignleft\" src=\"http:\/\/www.elalmanaque.com\/Mayo17\/fotos\/Magritte_Golconde1495030646.jpg\" align=\"right\" border=\"0\" \/>Situado en el coraz\u00f3n de Bruselas, el Museo Magritte presenta una sobresaliente colecci\u00f3n de obras del artista surrealista belga Ren\u00e9 Magritte. Esta rica colecci\u00f3n de m\u00e1s de 200 obras es la m\u00e1s grande en el mundo.<\/p>\n<p>Multidisciplinario, el museo consta de pinturas (imperio de la luz, el hombre del mar, el dominio de Arnheim), gouaches, dibujos, esculturas y objetos pintados, sino tambi\u00e9n vallas publicitarias, partituras musicales, fotograf\u00edas antiguas y pel\u00edculas dirigidas por el propio Magritte.<\/p>\n<p>En los \u00faltimos a\u00f1os veinte, Ren\u00e9 Magritte, uno de un peque\u00f1o grupo de iconoclastas Bruselas, comenz\u00f3 a hacer un nombre por s\u00ed mismo con su profundo cuestionamiento del lenguaje pict\u00f3rico tradicional, convirti\u00e9ndose r\u00e1pidamente en un protagonista del movimiento surrealista, en B\u00e9lgica y en el extranjero.<\/p>\n<p>La creaci\u00f3n de este museo, que contiene obras pertenecientes a los Museos Reales de Bellas Artes de B\u00e9lgica o de dep\u00f3sitos de coleccionistas privados e instituciones p\u00fablicas, se hizo posible por el patrocinio de las habilidades de las filiales francesas y belgas de GDF SUEZ y el apoyo de la Fundaci\u00f3n Magritte.<\/span><\/p>\n<p align=\"center\"><span style=\"font-family: Cambria;\"><iframe loading=\"lazy\" src=\"https:\/\/www.youtube.com\/embed\/SyhccqYewAE\" name=\"I2258\" width=\"500\" height=\"360\" frameborder=\"0\" allowfullscreen=\"allowfullscreen\" data-mce-fragment=\"1\"><\/iframe><\/span><\/p>\n","protected":false},"excerpt":{"rendered":"<p>Museo Museo Magritte &#8211; De lo cotidiano a lo extraordinario. Situado en el coraz\u00f3n de Bruselas, el Museo Magritte presenta una sobresaliente colecci\u00f3n de obras&hellip; <\/p>\n","protected":false},"author":1,"featured_media":0,"comment_status":"closed","ping_status":"closed","sticky":false,"template":"","format":"standard","meta":{"footnotes":""},"categories":[8],"tags":[],"class_list":["post-28576","post","type-post","status-publish","format-standard","hentry","category-cultura"],"yoast_head":"<!-- This site is optimized with the Yoast SEO plugin v24.8.1 - https:\/\/yoast.com\/wordpress\/plugins\/seo\/ -->\n<title>Museo Museo Magritte - De lo cotidiano a lo extraordinario. - El Almanaque<\/title>\n<meta name=\"robots\" content=\"index, follow, max-snippet:-1, max-image-preview:large, max-video-preview:-1\" \/>\n<link rel=\"canonical\" href=\"https:\/\/www.elalmanaque.com\/wp\/cultura\/museo-museo-magritte-de-lo-cotidiano-a-lo-extraordinario\/\" \/>\n<meta property=\"og:locale\" content=\"es_ES\" \/>\n<meta property=\"og:type\" content=\"article\" \/>\n<meta property=\"og:title\" content=\"Museo Museo Magritte - De lo cotidiano a lo extraordinario. - El Almanaque\" \/>\n<meta property=\"og:description\" content=\"Museo Museo Magritte &#8211; De lo cotidiano a lo extraordinario. Situado en el coraz\u00f3n de Bruselas, el Museo Magritte presenta una sobresaliente colecci\u00f3n de obras&hellip;\" \/>\n<meta property=\"og:url\" content=\"https:\/\/www.elalmanaque.com\/wp\/cultura\/museo-museo-magritte-de-lo-cotidiano-a-lo-extraordinario\/\" \/>\n<meta property=\"og:site_name\" content=\"El Almanaque\" \/>\n<meta property=\"article:published_time\" content=\"2018-06-07T08:20:24+00:00\" \/>\n<meta property=\"og:image\" content=\"http:\/\/www.elalmanaque.com\/Mayo17\/fotos\/Magritte_Golconde1495030646.jpg\" \/>\n<meta name=\"author\" content=\"Redactor\" \/>\n<meta name=\"twitter:card\" content=\"summary_large_image\" \/>\n<meta name=\"twitter:label1\" content=\"Escrito por\" \/>\n\t<meta name=\"twitter:data1\" content=\"Redactor\" \/>\n\t<meta name=\"twitter:label2\" content=\"Tiempo de lectura\" \/>\n\t<meta name=\"twitter:data2\" content=\"1 minuto\" \/>\n<script type=\"application\/ld+json\" class=\"yoast-schema-graph\">{\"@context\":\"https:\/\/schema.org\",\"@graph\":[{\"@type\":\"Article\",\"@id\":\"https:\/\/www.elalmanaque.com\/wp\/cultura\/museo-museo-magritte-de-lo-cotidiano-a-lo-extraordinario\/#article\",\"isPartOf\":{\"@id\":\"https:\/\/www.elalmanaque.com\/wp\/cultura\/museo-museo-magritte-de-lo-cotidiano-a-lo-extraordinario\/\"},\"author\":{\"name\":\"Redactor\",\"@id\":\"https:\/\/www.elalmanaque.com\/wp\/#\/schema\/person\/61ab31c67167988fe2679d590ca85afe\"},\"headline\":\"Museo Museo Magritte &#8211; De lo cotidiano a lo extraordinario.\",\"datePublished\":\"2018-06-07T08:20:24+00:00\",\"mainEntityOfPage\":{\"@id\":\"https:\/\/www.elalmanaque.com\/wp\/cultura\/museo-museo-magritte-de-lo-cotidiano-a-lo-extraordinario\/\"},\"wordCount\":210,\"publisher\":{\"@id\":\"https:\/\/www.elalmanaque.com\/wp\/#organization\"},\"image\":{\"@id\":\"https:\/\/www.elalmanaque.com\/wp\/cultura\/museo-museo-magritte-de-lo-cotidiano-a-lo-extraordinario\/#primaryimage\"},\"thumbnailUrl\":\"http:\/\/www.elalmanaque.com\/Mayo17\/fotos\/Magritte_Golconde1495030646.jpg\",\"articleSection\":[\"Cultura\"],\"inLanguage\":\"es\"},{\"@type\":\"WebPage\",\"@id\":\"https:\/\/www.elalmanaque.com\/wp\/cultura\/museo-museo-magritte-de-lo-cotidiano-a-lo-extraordinario\/\",\"url\":\"https:\/\/www.elalmanaque.com\/wp\/cultura\/museo-museo-magritte-de-lo-cotidiano-a-lo-extraordinario\/\",\"name\":\"Museo Museo Magritte - De lo cotidiano a lo extraordinario. - El Almanaque\",\"isPartOf\":{\"@id\":\"https:\/\/www.elalmanaque.com\/wp\/#website\"},\"primaryImageOfPage\":{\"@id\":\"https:\/\/www.elalmanaque.com\/wp\/cultura\/museo-museo-magritte-de-lo-cotidiano-a-lo-extraordinario\/#primaryimage\"},\"image\":{\"@id\":\"https:\/\/www.elalmanaque.com\/wp\/cultura\/museo-museo-magritte-de-lo-cotidiano-a-lo-extraordinario\/#primaryimage\"},\"thumbnailUrl\":\"http:\/\/www.elalmanaque.com\/Mayo17\/fotos\/Magritte_Golconde1495030646.jpg\",\"datePublished\":\"2018-06-07T08:20:24+00:00\",\"breadcrumb\":{\"@id\":\"https:\/\/www.elalmanaque.com\/wp\/cultura\/museo-museo-magritte-de-lo-cotidiano-a-lo-extraordinario\/#breadcrumb\"},\"inLanguage\":\"es\",\"potentialAction\":[{\"@type\":\"ReadAction\",\"target\":[\"https:\/\/www.elalmanaque.com\/wp\/cultura\/museo-museo-magritte-de-lo-cotidiano-a-lo-extraordinario\/\"]}]},{\"@type\":\"ImageObject\",\"inLanguage\":\"es\",\"@id\":\"https:\/\/www.elalmanaque.com\/wp\/cultura\/museo-museo-magritte-de-lo-cotidiano-a-lo-extraordinario\/#primaryimage\",\"url\":\"http:\/\/www.elalmanaque.com\/Mayo17\/fotos\/Magritte_Golconde1495030646.jpg\",\"contentUrl\":\"http:\/\/www.elalmanaque.com\/Mayo17\/fotos\/Magritte_Golconde1495030646.jpg\"},{\"@type\":\"BreadcrumbList\",\"@id\":\"https:\/\/www.elalmanaque.com\/wp\/cultura\/museo-museo-magritte-de-lo-cotidiano-a-lo-extraordinario\/#breadcrumb\",\"itemListElement\":[{\"@type\":\"ListItem\",\"position\":1,\"name\":\"Portada\",\"item\":\"https:\/\/www.elalmanaque.com\/wp\/\"},{\"@type\":\"ListItem\",\"position\":2,\"name\":\"Museo Museo Magritte &#8211; De lo cotidiano a lo extraordinario.\"}]},{\"@type\":\"WebSite\",\"@id\":\"https:\/\/www.elalmanaque.com\/wp\/#website\",\"url\":\"https:\/\/www.elalmanaque.com\/wp\/\",\"name\":\"El Almanaque\",\"description\":\"Revista de Cultura y Ocio\",\"publisher\":{\"@id\":\"https:\/\/www.elalmanaque.com\/wp\/#organization\"},\"potentialAction\":[{\"@type\":\"SearchAction\",\"target\":{\"@type\":\"EntryPoint\",\"urlTemplate\":\"https:\/\/www.elalmanaque.com\/wp\/?s={search_term_string}\"},\"query-input\":{\"@type\":\"PropertyValueSpecification\",\"valueRequired\":true,\"valueName\":\"search_term_string\"}}],\"inLanguage\":\"es\"},{\"@type\":\"Organization\",\"@id\":\"https:\/\/www.elalmanaque.com\/wp\/#organization\",\"name\":\"El Almanaque\",\"url\":\"https:\/\/www.elalmanaque.com\/wp\/\",\"logo\":{\"@type\":\"ImageObject\",\"inLanguage\":\"es\",\"@id\":\"https:\/\/www.elalmanaque.com\/wp\/#\/schema\/logo\/image\/\",\"url\":\"https:\/\/www.elalmanaque.com\/wp\/wp-content\/uploads\/2020\/03\/cropped-elalmanaque.jpg\",\"contentUrl\":\"https:\/\/www.elalmanaque.com\/wp\/wp-content\/uploads\/2020\/03\/cropped-elalmanaque.jpg\",\"width\":900,\"height\":164,\"caption\":\"El Almanaque\"},\"image\":{\"@id\":\"https:\/\/www.elalmanaque.com\/wp\/#\/schema\/logo\/image\/\"}},{\"@type\":\"Person\",\"@id\":\"https:\/\/www.elalmanaque.com\/wp\/#\/schema\/person\/61ab31c67167988fe2679d590ca85afe\",\"name\":\"Redactor\",\"image\":{\"@type\":\"ImageObject\",\"inLanguage\":\"es\",\"@id\":\"https:\/\/www.elalmanaque.com\/wp\/#\/schema\/person\/image\/\",\"url\":\"https:\/\/secure.gravatar.com\/avatar\/a1cd6ad4f449e45fea5ebd57548cb588?s=96&d=mm&r=g\",\"contentUrl\":\"https:\/\/secure.gravatar.com\/avatar\/a1cd6ad4f449e45fea5ebd57548cb588?s=96&d=mm&r=g\",\"caption\":\"Redactor\"},\"url\":\"https:\/\/www.elalmanaque.com\/wp\/author\/useralmanaque\/\"}]}<\/script>\n<!-- \/ Yoast SEO plugin. -->","yoast_head_json":{"title":"Museo Museo Magritte - De lo cotidiano a lo extraordinario. - El Almanaque","robots":{"index":"index","follow":"follow","max-snippet":"max-snippet:-1","max-image-preview":"max-image-preview:large","max-video-preview":"max-video-preview:-1"},"canonical":"https:\/\/www.elalmanaque.com\/wp\/cultura\/museo-museo-magritte-de-lo-cotidiano-a-lo-extraordinario\/","og_locale":"es_ES","og_type":"article","og_title":"Museo Museo Magritte - De lo cotidiano a lo extraordinario. - El Almanaque","og_description":"Museo Museo Magritte &#8211; De lo cotidiano a lo extraordinario. Situado en el coraz\u00f3n de Bruselas, el Museo Magritte presenta una sobresaliente colecci\u00f3n de obras&hellip;","og_url":"https:\/\/www.elalmanaque.com\/wp\/cultura\/museo-museo-magritte-de-lo-cotidiano-a-lo-extraordinario\/","og_site_name":"El Almanaque","article_published_time":"2018-06-07T08:20:24+00:00","og_image":[{"url":"http:\/\/www.elalmanaque.com\/Mayo17\/fotos\/Magritte_Golconde1495030646.jpg","type":"","width":"","height":""}],"author":"Redactor","twitter_card":"summary_large_image","twitter_misc":{"Escrito por":"Redactor","Tiempo de lectura":"1 minuto"},"schema":{"@context":"https:\/\/schema.org","@graph":[{"@type":"Article","@id":"https:\/\/www.elalmanaque.com\/wp\/cultura\/museo-museo-magritte-de-lo-cotidiano-a-lo-extraordinario\/#article","isPartOf":{"@id":"https:\/\/www.elalmanaque.com\/wp\/cultura\/museo-museo-magritte-de-lo-cotidiano-a-lo-extraordinario\/"},"author":{"name":"Redactor","@id":"https:\/\/www.elalmanaque.com\/wp\/#\/schema\/person\/61ab31c67167988fe2679d590ca85afe"},"headline":"Museo Museo Magritte &#8211; De lo cotidiano a lo extraordinario.","datePublished":"2018-06-07T08:20:24+00:00","mainEntityOfPage":{"@id":"https:\/\/www.elalmanaque.com\/wp\/cultura\/museo-museo-magritte-de-lo-cotidiano-a-lo-extraordinario\/"},"wordCount":210,"publisher":{"@id":"https:\/\/www.elalmanaque.com\/wp\/#organization"},"image":{"@id":"https:\/\/www.elalmanaque.com\/wp\/cultura\/museo-museo-magritte-de-lo-cotidiano-a-lo-extraordinario\/#primaryimage"},"thumbnailUrl":"http:\/\/www.elalmanaque.com\/Mayo17\/fotos\/Magritte_Golconde1495030646.jpg","articleSection":["Cultura"],"inLanguage":"es"},{"@type":"WebPage","@id":"https:\/\/www.elalmanaque.com\/wp\/cultura\/museo-museo-magritte-de-lo-cotidiano-a-lo-extraordinario\/","url":"https:\/\/www.elalmanaque.com\/wp\/cultura\/museo-museo-magritte-de-lo-cotidiano-a-lo-extraordinario\/","name":"Museo Museo Magritte - De lo cotidiano a lo extraordinario. - El Almanaque","isPartOf":{"@id":"https:\/\/www.elalmanaque.com\/wp\/#website"},"primaryImageOfPage":{"@id":"https:\/\/www.elalmanaque.com\/wp\/cultura\/museo-museo-magritte-de-lo-cotidiano-a-lo-extraordinario\/#primaryimage"},"image":{"@id":"https:\/\/www.elalmanaque.com\/wp\/cultura\/museo-museo-magritte-de-lo-cotidiano-a-lo-extraordinario\/#primaryimage"},"thumbnailUrl":"http:\/\/www.elalmanaque.com\/Mayo17\/fotos\/Magritte_Golconde1495030646.jpg","datePublished":"2018-06-07T08:20:24+00:00","breadcrumb":{"@id":"https:\/\/www.elalmanaque.com\/wp\/cultura\/museo-museo-magritte-de-lo-cotidiano-a-lo-extraordinario\/#breadcrumb"},"inLanguage":"es","potentialAction":[{"@type":"ReadAction","target":["https:\/\/www.elalmanaque.com\/wp\/cultura\/museo-museo-magritte-de-lo-cotidiano-a-lo-extraordinario\/"]}]},{"@type":"ImageObject","inLanguage":"es","@id":"https:\/\/www.elalmanaque.com\/wp\/cultura\/museo-museo-magritte-de-lo-cotidiano-a-lo-extraordinario\/#primaryimage","url":"http:\/\/www.elalmanaque.com\/Mayo17\/fotos\/Magritte_Golconde1495030646.jpg","contentUrl":"http:\/\/www.elalmanaque.com\/Mayo17\/fotos\/Magritte_Golconde1495030646.jpg"},{"@type":"BreadcrumbList","@id":"https:\/\/www.elalmanaque.com\/wp\/cultura\/museo-museo-magritte-de-lo-cotidiano-a-lo-extraordinario\/#breadcrumb","itemListElement":[{"@type":"ListItem","position":1,"name":"Portada","item":"https:\/\/www.elalmanaque.com\/wp\/"},{"@type":"ListItem","position":2,"name":"Museo Museo Magritte &#8211; De lo cotidiano a lo extraordinario."}]},{"@type":"WebSite","@id":"https:\/\/www.elalmanaque.com\/wp\/#website","url":"https:\/\/www.elalmanaque.com\/wp\/","name":"El Almanaque","description":"Revista de Cultura y Ocio","publisher":{"@id":"https:\/\/www.elalmanaque.com\/wp\/#organization"},"potentialAction":[{"@type":"SearchAction","target":{"@type":"EntryPoint","urlTemplate":"https:\/\/www.elalmanaque.com\/wp\/?s={search_term_string}"},"query-input":{"@type":"PropertyValueSpecification","valueRequired":true,"valueName":"search_term_string"}}],"inLanguage":"es"},{"@type":"Organization","@id":"https:\/\/www.elalmanaque.com\/wp\/#organization","name":"El Almanaque","url":"https:\/\/www.elalmanaque.com\/wp\/","logo":{"@type":"ImageObject","inLanguage":"es","@id":"https:\/\/www.elalmanaque.com\/wp\/#\/schema\/logo\/image\/","url":"https:\/\/www.elalmanaque.com\/wp\/wp-content\/uploads\/2020\/03\/cropped-elalmanaque.jpg","contentUrl":"https:\/\/www.elalmanaque.com\/wp\/wp-content\/uploads\/2020\/03\/cropped-elalmanaque.jpg","width":900,"height":164,"caption":"El Almanaque"},"image":{"@id":"https:\/\/www.elalmanaque.com\/wp\/#\/schema\/logo\/image\/"}},{"@type":"Person","@id":"https:\/\/www.elalmanaque.com\/wp\/#\/schema\/person\/61ab31c67167988fe2679d590ca85afe","name":"Redactor","image":{"@type":"ImageObject","inLanguage":"es","@id":"https:\/\/www.elalmanaque.com\/wp\/#\/schema\/person\/image\/","url":"https:\/\/secure.gravatar.com\/avatar\/a1cd6ad4f449e45fea5ebd57548cb588?s=96&d=mm&r=g","contentUrl":"https:\/\/secure.gravatar.com\/avatar\/a1cd6ad4f449e45fea5ebd57548cb588?s=96&d=mm&r=g","caption":"Redactor"},"url":"https:\/\/www.elalmanaque.com\/wp\/author\/useralmanaque\/"}]}},"_links":{"self":[{"href":"https:\/\/www.elalmanaque.com\/wp\/wp-json\/wp\/v2\/posts\/28576","targetHints":{"allow":["GET"]}}],"collection":[{"href":"https:\/\/www.elalmanaque.com\/wp\/wp-json\/wp\/v2\/posts"}],"about":[{"href":"https:\/\/www.elalmanaque.com\/wp\/wp-json\/wp\/v2\/types\/post"}],"author":[{"embeddable":true,"href":"https:\/\/www.elalmanaque.com\/wp\/wp-json\/wp\/v2\/users\/1"}],"replies":[{"embeddable":true,"href":"https:\/\/www.elalmanaque.com\/wp\/wp-json\/wp\/v2\/comments?post=28576"}],"version-history":[{"count":1,"href":"https:\/\/www.elalmanaque.com\/wp\/wp-json\/wp\/v2\/posts\/28576\/revisions"}],"predecessor-version":[{"id":28577,"href":"https:\/\/www.elalmanaque.com\/wp\/wp-json\/wp\/v2\/posts\/28576\/revisions\/28577"}],"wp:attachment":[{"href":"https:\/\/www.elalmanaque.com\/wp\/wp-json\/wp\/v2\/media?parent=28576"}],"wp:term":[{"taxonomy":"category","embeddable":true,"href":"https:\/\/www.elalmanaque.com\/wp\/wp-json\/wp\/v2\/categories?post=28576"},{"taxonomy":"post_tag","embeddable":true,"href":"https:\/\/www.elalmanaque.com\/wp\/wp-json\/wp\/v2\/tags?post=28576"}],"curies":[{"name":"wp","href":"https:\/\/api.w.org\/{rel}","templated":true}]}}