{"id":28325,"date":"2018-01-23T19:01:00","date_gmt":"2018-01-23T18:01:00","guid":{"rendered":"http:\/\/www.elalmanaque.com\/wp\/?p=28325"},"modified":"2018-01-23T19:01:00","modified_gmt":"2018-01-23T18:01:00","slug":"el-movimiento-de-los-santos-de-los-ultimos-dias","status":"publish","type":"post","link":"https:\/\/www.elalmanaque.com\/wp\/religion\/el-movimiento-de-los-santos-de-los-ultimos-dias\/","title":{"rendered":"El movimiento de los Santos de los \u00daltimos D\u00edas"},"content":{"rendered":"<p align=\"center\"><b><span style=\"color: #cc0000; font-family: Cambria; font-size: large;\">El movimiento de los Santos de los \u00daltimos D\u00edas<\/span><\/b><\/p>\n<p align=\"center\"><img decoding=\"async\" src=\"http:\/\/www.elalmanaque.com\/Ene18\/fotos\/mormones2.jpg\" border=\"0\" \/><span style=\"font-family: Cambria;\"><span style=\"color: #cc0000; font-size: large;\"><br \/>\n<\/span><br \/>\nEl movimiento de los Santos de los \u00daltimos D\u00edas es una denominaci\u00f3n conformada por un grupo de iglesias cristianas escindidas a partir de la llamada Iglesia de Cristo, fundada por el estadounidense Joseph Smith en 1830.<\/p>\n<p>Estas iglesias se caracterizan por practicar o haber practicado ciertas doctrinas particulares ajenas a las dem\u00e1s denominaciones cristianas, tales como la poligamia, el matrimonio eterno, el bautismo de los muertos y la llamada \u00abdoctrina negra\u00bb.<\/p>\n<p><b><span style=\"color: #cc0000;\">Creencias B\u00e1sicas de la Iglesia de Jesucristo ( Iglesia Mormona)<br \/>\n<\/span><\/b><\/span><br \/>\n<iframe loading=\"lazy\" src=\"https:\/\/www.youtube.com\/embed\/Bq3FyQHQbaI\" width=\"504\" height=\"360\" frameborder=\"0\" allowfullscreen=\"allowfullscreen\" data-mce-fragment=\"1\"><\/iframe><\/p>\n","protected":false},"excerpt":{"rendered":"<p>El movimiento de los Santos de los \u00daltimos D\u00edas El movimiento de los Santos de los \u00daltimos D\u00edas es una denominaci\u00f3n conformada por un grupo&hellip; <\/p>\n","protected":false},"author":1,"featured_media":0,"comment_status":"closed","ping_status":"closed","sticky":false,"template":"","format":"standard","meta":{"footnotes":""},"categories":[87,86],"tags":[],"class_list":["post-28325","post","type-post","status-publish","format-standard","hentry","category-documentales","category-religion"],"yoast_head":"<!-- This site is optimized with the Yoast SEO plugin v24.8.1 - https:\/\/yoast.com\/wordpress\/plugins\/seo\/ -->\n<title>El movimiento de los Santos de los \u00daltimos D\u00edas - El Almanaque<\/title>\n<meta name=\"robots\" content=\"index, follow, max-snippet:-1, max-image-preview:large, max-video-preview:-1\" \/>\n<link rel=\"canonical\" href=\"https:\/\/www.elalmanaque.com\/wp\/religion\/el-movimiento-de-los-santos-de-los-ultimos-dias\/\" \/>\n<meta property=\"og:locale\" content=\"es_ES\" \/>\n<meta property=\"og:type\" content=\"article\" \/>\n<meta property=\"og:title\" content=\"El movimiento de los Santos de los \u00daltimos D\u00edas - El Almanaque\" \/>\n<meta property=\"og:description\" content=\"El movimiento de los Santos de los \u00daltimos D\u00edas El movimiento de los Santos de los \u00daltimos D\u00edas es una denominaci\u00f3n conformada por un grupo&hellip;\" \/>\n<meta property=\"og:url\" content=\"https:\/\/www.elalmanaque.com\/wp\/religion\/el-movimiento-de-los-santos-de-los-ultimos-dias\/\" \/>\n<meta property=\"og:site_name\" content=\"El Almanaque\" \/>\n<meta property=\"article:published_time\" content=\"2018-01-23T18:01:00+00:00\" \/>\n<meta property=\"og:image\" content=\"http:\/\/www.elalmanaque.com\/Ene18\/fotos\/mormones2.jpg\" \/>\n<meta name=\"author\" content=\"Redactor\" \/>\n<meta name=\"twitter:card\" content=\"summary_large_image\" \/>\n<meta name=\"twitter:label1\" content=\"Escrito por\" \/>\n\t<meta name=\"twitter:data1\" content=\"Redactor\" \/>\n<script type=\"application\/ld+json\" class=\"yoast-schema-graph\">{\"@context\":\"https:\/\/schema.org\",\"@graph\":[{\"@type\":\"Article\",\"@id\":\"https:\/\/www.elalmanaque.com\/wp\/religion\/el-movimiento-de-los-santos-de-los-ultimos-dias\/#article\",\"isPartOf\":{\"@id\":\"https:\/\/www.elalmanaque.com\/wp\/religion\/el-movimiento-de-los-santos-de-los-ultimos-dias\/\"},\"author\":{\"name\":\"Redactor\",\"@id\":\"https:\/\/www.elalmanaque.com\/wp\/#\/schema\/person\/61ab31c67167988fe2679d590ca85afe\"},\"headline\":\"El movimiento de los Santos de los \u00daltimos D\u00edas\",\"datePublished\":\"2018-01-23T18:01:00+00:00\",\"mainEntityOfPage\":{\"@id\":\"https:\/\/www.elalmanaque.com\/wp\/religion\/el-movimiento-de-los-santos-de-los-ultimos-dias\/\"},\"wordCount\":103,\"publisher\":{\"@id\":\"https:\/\/www.elalmanaque.com\/wp\/#organization\"},\"image\":{\"@id\":\"https:\/\/www.elalmanaque.com\/wp\/religion\/el-movimiento-de-los-santos-de-los-ultimos-dias\/#primaryimage\"},\"thumbnailUrl\":\"http:\/\/www.elalmanaque.com\/Ene18\/fotos\/mormones2.jpg\",\"articleSection\":[\"Documentales\",\"Religion\"],\"inLanguage\":\"es\"},{\"@type\":\"WebPage\",\"@id\":\"https:\/\/www.elalmanaque.com\/wp\/religion\/el-movimiento-de-los-santos-de-los-ultimos-dias\/\",\"url\":\"https:\/\/www.elalmanaque.com\/wp\/religion\/el-movimiento-de-los-santos-de-los-ultimos-dias\/\",\"name\":\"El movimiento de los Santos de los \u00daltimos D\u00edas - El Almanaque\",\"isPartOf\":{\"@id\":\"https:\/\/www.elalmanaque.com\/wp\/#website\"},\"primaryImageOfPage\":{\"@id\":\"https:\/\/www.elalmanaque.com\/wp\/religion\/el-movimiento-de-los-santos-de-los-ultimos-dias\/#primaryimage\"},\"image\":{\"@id\":\"https:\/\/www.elalmanaque.com\/wp\/religion\/el-movimiento-de-los-santos-de-los-ultimos-dias\/#primaryimage\"},\"thumbnailUrl\":\"http:\/\/www.elalmanaque.com\/Ene18\/fotos\/mormones2.jpg\",\"datePublished\":\"2018-01-23T18:01:00+00:00\",\"breadcrumb\":{\"@id\":\"https:\/\/www.elalmanaque.com\/wp\/religion\/el-movimiento-de-los-santos-de-los-ultimos-dias\/#breadcrumb\"},\"inLanguage\":\"es\",\"potentialAction\":[{\"@type\":\"ReadAction\",\"target\":[\"https:\/\/www.elalmanaque.com\/wp\/religion\/el-movimiento-de-los-santos-de-los-ultimos-dias\/\"]}]},{\"@type\":\"ImageObject\",\"inLanguage\":\"es\",\"@id\":\"https:\/\/www.elalmanaque.com\/wp\/religion\/el-movimiento-de-los-santos-de-los-ultimos-dias\/#primaryimage\",\"url\":\"http:\/\/www.elalmanaque.com\/Ene18\/fotos\/mormones2.jpg\",\"contentUrl\":\"http:\/\/www.elalmanaque.com\/Ene18\/fotos\/mormones2.jpg\"},{\"@type\":\"BreadcrumbList\",\"@id\":\"https:\/\/www.elalmanaque.com\/wp\/religion\/el-movimiento-de-los-santos-de-los-ultimos-dias\/#breadcrumb\",\"itemListElement\":[{\"@type\":\"ListItem\",\"position\":1,\"name\":\"Portada\",\"item\":\"https:\/\/www.elalmanaque.com\/wp\/\"},{\"@type\":\"ListItem\",\"position\":2,\"name\":\"El movimiento de los Santos de los \u00daltimos D\u00edas\"}]},{\"@type\":\"WebSite\",\"@id\":\"https:\/\/www.elalmanaque.com\/wp\/#website\",\"url\":\"https:\/\/www.elalmanaque.com\/wp\/\",\"name\":\"El Almanaque\",\"description\":\"Revista de Cultura y Ocio\",\"publisher\":{\"@id\":\"https:\/\/www.elalmanaque.com\/wp\/#organization\"},\"potentialAction\":[{\"@type\":\"SearchAction\",\"target\":{\"@type\":\"EntryPoint\",\"urlTemplate\":\"https:\/\/www.elalmanaque.com\/wp\/?s={search_term_string}\"},\"query-input\":{\"@type\":\"PropertyValueSpecification\",\"valueRequired\":true,\"valueName\":\"search_term_string\"}}],\"inLanguage\":\"es\"},{\"@type\":\"Organization\",\"@id\":\"https:\/\/www.elalmanaque.com\/wp\/#organization\",\"name\":\"El Almanaque\",\"url\":\"https:\/\/www.elalmanaque.com\/wp\/\",\"logo\":{\"@type\":\"ImageObject\",\"inLanguage\":\"es\",\"@id\":\"https:\/\/www.elalmanaque.com\/wp\/#\/schema\/logo\/image\/\",\"url\":\"https:\/\/www.elalmanaque.com\/wp\/wp-content\/uploads\/2020\/03\/cropped-elalmanaque.jpg\",\"contentUrl\":\"https:\/\/www.elalmanaque.com\/wp\/wp-content\/uploads\/2020\/03\/cropped-elalmanaque.jpg\",\"width\":900,\"height\":164,\"caption\":\"El Almanaque\"},\"image\":{\"@id\":\"https:\/\/www.elalmanaque.com\/wp\/#\/schema\/logo\/image\/\"}},{\"@type\":\"Person\",\"@id\":\"https:\/\/www.elalmanaque.com\/wp\/#\/schema\/person\/61ab31c67167988fe2679d590ca85afe\",\"name\":\"Redactor\",\"image\":{\"@type\":\"ImageObject\",\"inLanguage\":\"es\",\"@id\":\"https:\/\/www.elalmanaque.com\/wp\/#\/schema\/person\/image\/\",\"url\":\"https:\/\/secure.gravatar.com\/avatar\/a1cd6ad4f449e45fea5ebd57548cb588?s=96&d=mm&r=g\",\"contentUrl\":\"https:\/\/secure.gravatar.com\/avatar\/a1cd6ad4f449e45fea5ebd57548cb588?s=96&d=mm&r=g\",\"caption\":\"Redactor\"},\"url\":\"https:\/\/www.elalmanaque.com\/wp\/author\/useralmanaque\/\"}]}<\/script>\n<!-- \/ Yoast SEO plugin. -->","yoast_head_json":{"title":"El movimiento de los Santos de los \u00daltimos D\u00edas - El Almanaque","robots":{"index":"index","follow":"follow","max-snippet":"max-snippet:-1","max-image-preview":"max-image-preview:large","max-video-preview":"max-video-preview:-1"},"canonical":"https:\/\/www.elalmanaque.com\/wp\/religion\/el-movimiento-de-los-santos-de-los-ultimos-dias\/","og_locale":"es_ES","og_type":"article","og_title":"El movimiento de los Santos de los \u00daltimos D\u00edas - El Almanaque","og_description":"El movimiento de los Santos de los \u00daltimos D\u00edas El movimiento de los Santos de los \u00daltimos D\u00edas es una denominaci\u00f3n conformada por un grupo&hellip;","og_url":"https:\/\/www.elalmanaque.com\/wp\/religion\/el-movimiento-de-los-santos-de-los-ultimos-dias\/","og_site_name":"El Almanaque","article_published_time":"2018-01-23T18:01:00+00:00","og_image":[{"url":"http:\/\/www.elalmanaque.com\/Ene18\/fotos\/mormones2.jpg","type":"","width":"","height":""}],"author":"Redactor","twitter_card":"summary_large_image","twitter_misc":{"Escrito por":"Redactor"},"schema":{"@context":"https:\/\/schema.org","@graph":[{"@type":"Article","@id":"https:\/\/www.elalmanaque.com\/wp\/religion\/el-movimiento-de-los-santos-de-los-ultimos-dias\/#article","isPartOf":{"@id":"https:\/\/www.elalmanaque.com\/wp\/religion\/el-movimiento-de-los-santos-de-los-ultimos-dias\/"},"author":{"name":"Redactor","@id":"https:\/\/www.elalmanaque.com\/wp\/#\/schema\/person\/61ab31c67167988fe2679d590ca85afe"},"headline":"El movimiento de los Santos de los \u00daltimos D\u00edas","datePublished":"2018-01-23T18:01:00+00:00","mainEntityOfPage":{"@id":"https:\/\/www.elalmanaque.com\/wp\/religion\/el-movimiento-de-los-santos-de-los-ultimos-dias\/"},"wordCount":103,"publisher":{"@id":"https:\/\/www.elalmanaque.com\/wp\/#organization"},"image":{"@id":"https:\/\/www.elalmanaque.com\/wp\/religion\/el-movimiento-de-los-santos-de-los-ultimos-dias\/#primaryimage"},"thumbnailUrl":"http:\/\/www.elalmanaque.com\/Ene18\/fotos\/mormones2.jpg","articleSection":["Documentales","Religion"],"inLanguage":"es"},{"@type":"WebPage","@id":"https:\/\/www.elalmanaque.com\/wp\/religion\/el-movimiento-de-los-santos-de-los-ultimos-dias\/","url":"https:\/\/www.elalmanaque.com\/wp\/religion\/el-movimiento-de-los-santos-de-los-ultimos-dias\/","name":"El movimiento de los Santos de los \u00daltimos D\u00edas - El Almanaque","isPartOf":{"@id":"https:\/\/www.elalmanaque.com\/wp\/#website"},"primaryImageOfPage":{"@id":"https:\/\/www.elalmanaque.com\/wp\/religion\/el-movimiento-de-los-santos-de-los-ultimos-dias\/#primaryimage"},"image":{"@id":"https:\/\/www.elalmanaque.com\/wp\/religion\/el-movimiento-de-los-santos-de-los-ultimos-dias\/#primaryimage"},"thumbnailUrl":"http:\/\/www.elalmanaque.com\/Ene18\/fotos\/mormones2.jpg","datePublished":"2018-01-23T18:01:00+00:00","breadcrumb":{"@id":"https:\/\/www.elalmanaque.com\/wp\/religion\/el-movimiento-de-los-santos-de-los-ultimos-dias\/#breadcrumb"},"inLanguage":"es","potentialAction":[{"@type":"ReadAction","target":["https:\/\/www.elalmanaque.com\/wp\/religion\/el-movimiento-de-los-santos-de-los-ultimos-dias\/"]}]},{"@type":"ImageObject","inLanguage":"es","@id":"https:\/\/www.elalmanaque.com\/wp\/religion\/el-movimiento-de-los-santos-de-los-ultimos-dias\/#primaryimage","url":"http:\/\/www.elalmanaque.com\/Ene18\/fotos\/mormones2.jpg","contentUrl":"http:\/\/www.elalmanaque.com\/Ene18\/fotos\/mormones2.jpg"},{"@type":"BreadcrumbList","@id":"https:\/\/www.elalmanaque.com\/wp\/religion\/el-movimiento-de-los-santos-de-los-ultimos-dias\/#breadcrumb","itemListElement":[{"@type":"ListItem","position":1,"name":"Portada","item":"https:\/\/www.elalmanaque.com\/wp\/"},{"@type":"ListItem","position":2,"name":"El movimiento de los Santos de los \u00daltimos D\u00edas"}]},{"@type":"WebSite","@id":"https:\/\/www.elalmanaque.com\/wp\/#website","url":"https:\/\/www.elalmanaque.com\/wp\/","name":"El Almanaque","description":"Revista de Cultura y Ocio","publisher":{"@id":"https:\/\/www.elalmanaque.com\/wp\/#organization"},"potentialAction":[{"@type":"SearchAction","target":{"@type":"EntryPoint","urlTemplate":"https:\/\/www.elalmanaque.com\/wp\/?s={search_term_string}"},"query-input":{"@type":"PropertyValueSpecification","valueRequired":true,"valueName":"search_term_string"}}],"inLanguage":"es"},{"@type":"Organization","@id":"https:\/\/www.elalmanaque.com\/wp\/#organization","name":"El Almanaque","url":"https:\/\/www.elalmanaque.com\/wp\/","logo":{"@type":"ImageObject","inLanguage":"es","@id":"https:\/\/www.elalmanaque.com\/wp\/#\/schema\/logo\/image\/","url":"https:\/\/www.elalmanaque.com\/wp\/wp-content\/uploads\/2020\/03\/cropped-elalmanaque.jpg","contentUrl":"https:\/\/www.elalmanaque.com\/wp\/wp-content\/uploads\/2020\/03\/cropped-elalmanaque.jpg","width":900,"height":164,"caption":"El Almanaque"},"image":{"@id":"https:\/\/www.elalmanaque.com\/wp\/#\/schema\/logo\/image\/"}},{"@type":"Person","@id":"https:\/\/www.elalmanaque.com\/wp\/#\/schema\/person\/61ab31c67167988fe2679d590ca85afe","name":"Redactor","image":{"@type":"ImageObject","inLanguage":"es","@id":"https:\/\/www.elalmanaque.com\/wp\/#\/schema\/person\/image\/","url":"https:\/\/secure.gravatar.com\/avatar\/a1cd6ad4f449e45fea5ebd57548cb588?s=96&d=mm&r=g","contentUrl":"https:\/\/secure.gravatar.com\/avatar\/a1cd6ad4f449e45fea5ebd57548cb588?s=96&d=mm&r=g","caption":"Redactor"},"url":"https:\/\/www.elalmanaque.com\/wp\/author\/useralmanaque\/"}]}},"_links":{"self":[{"href":"https:\/\/www.elalmanaque.com\/wp\/wp-json\/wp\/v2\/posts\/28325","targetHints":{"allow":["GET"]}}],"collection":[{"href":"https:\/\/www.elalmanaque.com\/wp\/wp-json\/wp\/v2\/posts"}],"about":[{"href":"https:\/\/www.elalmanaque.com\/wp\/wp-json\/wp\/v2\/types\/post"}],"author":[{"embeddable":true,"href":"https:\/\/www.elalmanaque.com\/wp\/wp-json\/wp\/v2\/users\/1"}],"replies":[{"embeddable":true,"href":"https:\/\/www.elalmanaque.com\/wp\/wp-json\/wp\/v2\/comments?post=28325"}],"version-history":[{"count":1,"href":"https:\/\/www.elalmanaque.com\/wp\/wp-json\/wp\/v2\/posts\/28325\/revisions"}],"predecessor-version":[{"id":28326,"href":"https:\/\/www.elalmanaque.com\/wp\/wp-json\/wp\/v2\/posts\/28325\/revisions\/28326"}],"wp:attachment":[{"href":"https:\/\/www.elalmanaque.com\/wp\/wp-json\/wp\/v2\/media?parent=28325"}],"wp:term":[{"taxonomy":"category","embeddable":true,"href":"https:\/\/www.elalmanaque.com\/wp\/wp-json\/wp\/v2\/categories?post=28325"},{"taxonomy":"post_tag","embeddable":true,"href":"https:\/\/www.elalmanaque.com\/wp\/wp-json\/wp\/v2\/tags?post=28325"}],"curies":[{"name":"wp","href":"https:\/\/api.w.org\/{rel}","templated":true}]}}