{"id":28303,"date":"2017-12-17T09:40:33","date_gmt":"2017-12-17T08:40:33","guid":{"rendered":"http:\/\/www.elalmanaque.com\/wp\/?p=28303"},"modified":"2017-12-17T09:40:33","modified_gmt":"2017-12-17T08:40:33","slug":"el-legado-britanico-de-la-historia-de-menorca","status":"publish","type":"post","link":"https:\/\/www.elalmanaque.com\/wp\/turismo\/el-legado-britanico-de-la-historia-de-menorca\/","title":{"rendered":"El legado brit\u00e1nico de la historia de Menorca"},"content":{"rendered":"<p align=\"center\"><span style=\"color: #c60000; font-family: Cambria; font-size: x-large;\"> El legado brit\u00e1nico de la historia de Menorca<\/span><\/p>\n<p align=\"center\"><span style=\"font-family: Cambria;\">Las huellas de la cultura brit\u00e1nica se pueden continuar apreciando en Menorca, una isla que alberga una interesante ruta tur\u00edstica que recorre los lugares m\u00e1s simb\u00f3licos de su historia.<\/p>\n<p>La ruta fortificada de la isla menorquina ofrece una visi\u00f3n de c\u00f3mo viv\u00eda el archipi\u00e9lago en el siglo XVI con los ataques piratas. <\/span><\/p>\n<p align=\"center\"><span style=\"font-family: Cambria;\"> <img loading=\"lazy\" decoding=\"async\" class=\"\" src=\"http:\/\/www.elalmanaque.com\/Dic17\/fotos\/4bb17165-49a5-4b16-a394-38f6c6720cb8.jpg\" width=\"464\" height=\"445\" border=\"0\" \/><\/p>\n<p>Im\u00e1genes de diferentes construcciones brit\u00e1nicas y fortificaciones brit\u00e1nicas<\/span><\/p>\n<p><span style=\"font-family: Cambria;\">Islas Baleares, 13 de diciembre de 2017. \u2013 Toda tierra esconde detr\u00e1s siglos de historias, batallas y contiendas. La isla de Menorca no es una excepci\u00f3n. Un destino donde la cultura se ve marcada por la influencia brit\u00e1nica, que dej\u00f3 sus huellas con numerosas palabras de origen ingl\u00e9s incorporadas a la lengua local, estilos arquitect\u00f3nicos todav\u00eda presentes, retazos gastron\u00f3micos, danzas y juegos infantiles, entre otros muchos aspectos. Menorca tambi\u00e9n ha heredado las fortificaciones, construidas por los brit\u00e1nicos para proteger la isla de los constantes ataques piratas que asolaban el Mediterr\u00e1neo durante la \u00c9poca Medieval.<\/p>\n<p>Ya sea a pie, haciendo senderismo, running, bicicleta o a caballo, residentes y turistas pueden descubrir la historia del pasado menorqu\u00edn a trav\u00e9s de la \u201cRuta Brit\u00e1nica y Fortificada de Menorca\u201d: Un itinerario que atesora simb\u00f3licos lugares que a\u00fan hoy se conservan en buen estado ofreciendo una amplia visi\u00f3n sobre la cultura y la vida en la isla siglos atr\u00e1s.<\/p>\n<p><span style=\"color: #c60000;\"><b>Tradici\u00f3n y cultura inglesa en la isla<\/b><\/span><\/p>\n<p>Durante el siglo XVIII, Menorca se incorpor\u00f3 a la Corona inglesa y, desde entonces, ha guardado una fuerte influencia brit\u00e1nica en muchos de sus aspectos culturales, as\u00ed como en sus enclaves, estilos arquitect\u00f3nicos, gastronom\u00eda e incluso palabras, que han pasado a formar parte de la lengua menorquina. Algunos ejemplos de palabras de origen ingl\u00e9s: B\u00f3til de Bottle (botella), Faitim de fight him (juego del \u2018pilla-pilla\u2019), Xubec del to bed (siesta) o M\u00e8rvil de Marbels (canicas).<\/p>\n<p>As\u00ed pues, todav\u00eda puede observarse c\u00f3mo algunas casas de la isla conservan los miradores (balcones acristalados llamados boinders, probablemente del ingl\u00e9s bow window) o, por ejemplo, las ventanas con cierre de guillotina. Productos tan arraigados a Menorca como la ginebra, fabricada por los artesanos de Mah\u00f3n, tambi\u00e9n tienen su origen en los ingleses. Otros platos t\u00edpicos menorquines como la \u201cgreixera dol\u00e7a\u201d (una especie de pudin), el \u201cbrou de xenc\u201d (caldo de carne de vaca\/buey) o los \u201cpiqu\u00e9is\u201d (pepinillos y alcaparras en adobo), son derivados de platos de la cocina inglesa.<\/p>\n<p>Entre los espacios que conservan toda la tradici\u00f3n y estilo brit\u00e1nico destacan:<\/p>\n<p>Fuerte Marlborough: Fue construido por los brit\u00e1nicos entre 1720 y 1726 y debe su nombre al duque de Marlborough, John Churchill, el general brit\u00e1nico m\u00e1s destacado de la \u00e9poca. Su funci\u00f3n era la de proteger el puerto de Mah\u00f3n y, aunque fue derruido en parte por los espa\u00f1oles, se volvi\u00f3 a reconstruir a\u00f1os despu\u00e9s.<\/p>\n<p>Isla del Rey: Tambi\u00e9n conocida como The Bloody Island, es un peque\u00f1o islote ubicado entre Mah\u00f3n y Es Castell que construyeron los brit\u00e1nicos en un hospital militar durante el siglo XVIII. Previamente, se dice que all\u00ed lleg\u00f3 por primera vez Alfonso II en 1287, de ah\u00ed el nombre de la isla.<\/p>\n<p>Camino d\u2019en Kane: Richard Kane fue un militar irland\u00e9s que gobern\u00f3 en Menorca entre 1712 y 1717. Su principal contribuci\u00f3n fue elaborar una red de caminos que facilitase tanto la comunicaci\u00f3n militar como agr\u00edcola entre Ciutadella y el Castillo de San Felipe. El camino que todav\u00eda hoy lleva su nombre se extiende desde Mah\u00f3n a Mercadal.<\/p>\n<p>Sede del Gobierno Militar: Durante a\u00f1os fue la casa del Rey, pero los brit\u00e1nicos la convirtieron en Palacio del Gobernador. Su interior todav\u00eda conserva las principales caracter\u00edsticas: Un porche en la planta baja y una galer\u00eda corrida en el primer piso que da acceso a todas las estancias. Actualmente se utiliza como sede del Gobierno Militar en Menorca.<\/p>\n<p><span style=\"color: #c60000;\"><b>Una isla muy bien protegida durante los siglos de conflicto<\/b><\/span><\/p>\n<p>Menorca se convirti\u00f3, por su situaci\u00f3n geogr\u00e1fica, en un blanco claro en las continuas invasiones piratas al Mediterr\u00e1neo durante la \u00c9poca Medieval. Los propietarios rurales comenzaron construyendo torres para proteger a la poblaci\u00f3n. A\u00f1os despu\u00e9s, durante el siglo XVI, Menorca tambi\u00e9n se vio envuelta en un conflicto entre Imperio espa\u00f1ol y el otomano, lo que dio lugar a la construcci\u00f3n de atalayas y torres de aviso mar\u00edtimo. Ya durante la etapa de dominio brit\u00e1nico, ya se construyeron importantes fortificaciones para protegerse del enemigo.<\/p>\n<p>La mayor\u00eda de dichas construcciones se conservan en buen estado:<\/p>\n<p>Murallas \u2013 Basti\u00f3n del Gobernador: Fue construida en Ciudadela en el siglo XIV para proteger la medina isl\u00e1mica. En el siglo XVI qued\u00f3 en muy mal estado por el saqueo turco y durante el siglo XVII se construy\u00f3 una nueva muralla adaptada a las necesidades del momento. Actualmente se conservan dos baluartes: El de Sa Font y del Gobernador.<\/p>\n<p>Torre d\u2019en Quart: Supone una construcci\u00f3n poco com\u00fan en la isla, puesto que no est\u00e1 lindando con la costa. Fue el dispositivo de defensa en las zonas m\u00e1s vulnerables a los ataques piratas.<\/p>\n<p>Torre de la Princesa: Ubicada en el acantilado de La Mola, fue construida para evitar desembarcos enemigos en Es Freus. En sus inicios, se almacenaba la p\u00f3lvora y v\u00edveres en la planta baja y en la planta media se guardaba la guarnici\u00f3n, mientras que en la terraza se disparaba el ca\u00f1\u00f3n y se defend\u00eda el acceso. Hoy d\u00eda sirve como museo gracias a la voladura sufrida por un rayo.<\/p>\n<p>Lazareto: Fue construido en el siglo XVIII como espacio sanitario por la peste bub\u00f3nica procedente de Oriente y el norte de \u00c1frica. All\u00ed se llevaba a los pacientes en cuarentena. En la actualidad, est\u00e1 declarado como Bien de Inter\u00e9s Cultural y alberga reuniones y congresos nacionales e internacionales. Tambi\u00e9n es lugar de visita para locales y turistas con el fin de mostrar una parte m\u00e1s de la historia menorquina.<\/p>\n<p>M\u00e1s info: -Govern de les Illes Balears\/Conselleria d\u2019Innovaci\u00f3, Recerca i Turisme \/ Ag\u00e8ncia de Turisme de les Illes Balears (ATB).<br \/>\n&#8211; www.illesbalears.travel<br \/>\n-http:\/\/www.menorca.es\/Publicacions\/Publicacions.aspx?tipo=RBR<br \/>\n-http:\/\/www.menorca.es\/Documents\/Documents\/10269doc4.pdf (Folleto de la Ruta)<\/p>\n<p>Im\u00e1genes: -Fundaci\u00f3 Foment del Turisme de Menorca<br \/>\n<\/span><\/p>\n<p>&nbsp;<\/p>\n","protected":false},"excerpt":{"rendered":"<p>El legado brit\u00e1nico de la historia de Menorca Las huellas de la cultura brit\u00e1nica se pueden continuar apreciando en Menorca, una isla que alberga una&hellip; <\/p>\n","protected":false},"author":1,"featured_media":0,"comment_status":"closed","ping_status":"closed","sticky":false,"template":"","format":"standard","meta":{"footnotes":""},"categories":[105,72,3],"tags":[],"class_list":["post-28303","post","type-post","status-publish","format-standard","hentry","category-historia","category-interesante","category-turismo"],"yoast_head":"<!-- This site is optimized with the Yoast SEO plugin v24.8.1 - https:\/\/yoast.com\/wordpress\/plugins\/seo\/ -->\n<title>El legado brit\u00e1nico de la historia de Menorca - El Almanaque<\/title>\n<meta name=\"robots\" content=\"index, follow, max-snippet:-1, max-image-preview:large, max-video-preview:-1\" \/>\n<link rel=\"canonical\" href=\"https:\/\/www.elalmanaque.com\/wp\/turismo\/el-legado-britanico-de-la-historia-de-menorca\/\" \/>\n<meta property=\"og:locale\" content=\"es_ES\" \/>\n<meta property=\"og:type\" content=\"article\" \/>\n<meta property=\"og:title\" content=\"El legado brit\u00e1nico de la historia de Menorca - El Almanaque\" \/>\n<meta property=\"og:description\" content=\"El legado brit\u00e1nico de la historia de Menorca Las huellas de la cultura brit\u00e1nica se pueden continuar apreciando en Menorca, una isla que alberga una&hellip;\" \/>\n<meta property=\"og:url\" content=\"https:\/\/www.elalmanaque.com\/wp\/turismo\/el-legado-britanico-de-la-historia-de-menorca\/\" \/>\n<meta property=\"og:site_name\" content=\"El Almanaque\" \/>\n<meta property=\"article:published_time\" content=\"2017-12-17T08:40:33+00:00\" \/>\n<meta property=\"og:image\" content=\"http:\/\/www.elalmanaque.com\/Dic17\/fotos\/4bb17165-49a5-4b16-a394-38f6c6720cb8.jpg\" \/>\n<meta name=\"author\" content=\"Redactor\" \/>\n<meta name=\"twitter:card\" content=\"summary_large_image\" \/>\n<meta name=\"twitter:label1\" content=\"Escrito por\" \/>\n\t<meta name=\"twitter:data1\" content=\"Redactor\" \/>\n\t<meta name=\"twitter:label2\" content=\"Tiempo de lectura\" \/>\n\t<meta name=\"twitter:data2\" content=\"6 minutos\" \/>\n<script type=\"application\/ld+json\" class=\"yoast-schema-graph\">{\"@context\":\"https:\/\/schema.org\",\"@graph\":[{\"@type\":\"Article\",\"@id\":\"https:\/\/www.elalmanaque.com\/wp\/turismo\/el-legado-britanico-de-la-historia-de-menorca\/#article\",\"isPartOf\":{\"@id\":\"https:\/\/www.elalmanaque.com\/wp\/turismo\/el-legado-britanico-de-la-historia-de-menorca\/\"},\"author\":{\"name\":\"Redactor\",\"@id\":\"https:\/\/www.elalmanaque.com\/wp\/#\/schema\/person\/61ab31c67167988fe2679d590ca85afe\"},\"headline\":\"El legado brit\u00e1nico de la historia de Menorca\",\"datePublished\":\"2017-12-17T08:40:33+00:00\",\"mainEntityOfPage\":{\"@id\":\"https:\/\/www.elalmanaque.com\/wp\/turismo\/el-legado-britanico-de-la-historia-de-menorca\/\"},\"wordCount\":1114,\"publisher\":{\"@id\":\"https:\/\/www.elalmanaque.com\/wp\/#organization\"},\"image\":{\"@id\":\"https:\/\/www.elalmanaque.com\/wp\/turismo\/el-legado-britanico-de-la-historia-de-menorca\/#primaryimage\"},\"thumbnailUrl\":\"http:\/\/www.elalmanaque.com\/Dic17\/fotos\/4bb17165-49a5-4b16-a394-38f6c6720cb8.jpg\",\"articleSection\":[\"Historia\",\"Interesante\",\"Turismo\"],\"inLanguage\":\"es\"},{\"@type\":\"WebPage\",\"@id\":\"https:\/\/www.elalmanaque.com\/wp\/turismo\/el-legado-britanico-de-la-historia-de-menorca\/\",\"url\":\"https:\/\/www.elalmanaque.com\/wp\/turismo\/el-legado-britanico-de-la-historia-de-menorca\/\",\"name\":\"El legado brit\u00e1nico de la historia de Menorca - El Almanaque\",\"isPartOf\":{\"@id\":\"https:\/\/www.elalmanaque.com\/wp\/#website\"},\"primaryImageOfPage\":{\"@id\":\"https:\/\/www.elalmanaque.com\/wp\/turismo\/el-legado-britanico-de-la-historia-de-menorca\/#primaryimage\"},\"image\":{\"@id\":\"https:\/\/www.elalmanaque.com\/wp\/turismo\/el-legado-britanico-de-la-historia-de-menorca\/#primaryimage\"},\"thumbnailUrl\":\"http:\/\/www.elalmanaque.com\/Dic17\/fotos\/4bb17165-49a5-4b16-a394-38f6c6720cb8.jpg\",\"datePublished\":\"2017-12-17T08:40:33+00:00\",\"breadcrumb\":{\"@id\":\"https:\/\/www.elalmanaque.com\/wp\/turismo\/el-legado-britanico-de-la-historia-de-menorca\/#breadcrumb\"},\"inLanguage\":\"es\",\"potentialAction\":[{\"@type\":\"ReadAction\",\"target\":[\"https:\/\/www.elalmanaque.com\/wp\/turismo\/el-legado-britanico-de-la-historia-de-menorca\/\"]}]},{\"@type\":\"ImageObject\",\"inLanguage\":\"es\",\"@id\":\"https:\/\/www.elalmanaque.com\/wp\/turismo\/el-legado-britanico-de-la-historia-de-menorca\/#primaryimage\",\"url\":\"http:\/\/www.elalmanaque.com\/Dic17\/fotos\/4bb17165-49a5-4b16-a394-38f6c6720cb8.jpg\",\"contentUrl\":\"http:\/\/www.elalmanaque.com\/Dic17\/fotos\/4bb17165-49a5-4b16-a394-38f6c6720cb8.jpg\"},{\"@type\":\"BreadcrumbList\",\"@id\":\"https:\/\/www.elalmanaque.com\/wp\/turismo\/el-legado-britanico-de-la-historia-de-menorca\/#breadcrumb\",\"itemListElement\":[{\"@type\":\"ListItem\",\"position\":1,\"name\":\"Portada\",\"item\":\"https:\/\/www.elalmanaque.com\/wp\/\"},{\"@type\":\"ListItem\",\"position\":2,\"name\":\"El legado brit\u00e1nico de la historia de Menorca\"}]},{\"@type\":\"WebSite\",\"@id\":\"https:\/\/www.elalmanaque.com\/wp\/#website\",\"url\":\"https:\/\/www.elalmanaque.com\/wp\/\",\"name\":\"El Almanaque\",\"description\":\"Revista de Cultura y Ocio\",\"publisher\":{\"@id\":\"https:\/\/www.elalmanaque.com\/wp\/#organization\"},\"potentialAction\":[{\"@type\":\"SearchAction\",\"target\":{\"@type\":\"EntryPoint\",\"urlTemplate\":\"https:\/\/www.elalmanaque.com\/wp\/?s={search_term_string}\"},\"query-input\":{\"@type\":\"PropertyValueSpecification\",\"valueRequired\":true,\"valueName\":\"search_term_string\"}}],\"inLanguage\":\"es\"},{\"@type\":\"Organization\",\"@id\":\"https:\/\/www.elalmanaque.com\/wp\/#organization\",\"name\":\"El Almanaque\",\"url\":\"https:\/\/www.elalmanaque.com\/wp\/\",\"logo\":{\"@type\":\"ImageObject\",\"inLanguage\":\"es\",\"@id\":\"https:\/\/www.elalmanaque.com\/wp\/#\/schema\/logo\/image\/\",\"url\":\"https:\/\/www.elalmanaque.com\/wp\/wp-content\/uploads\/2020\/03\/cropped-elalmanaque.jpg\",\"contentUrl\":\"https:\/\/www.elalmanaque.com\/wp\/wp-content\/uploads\/2020\/03\/cropped-elalmanaque.jpg\",\"width\":900,\"height\":164,\"caption\":\"El Almanaque\"},\"image\":{\"@id\":\"https:\/\/www.elalmanaque.com\/wp\/#\/schema\/logo\/image\/\"}},{\"@type\":\"Person\",\"@id\":\"https:\/\/www.elalmanaque.com\/wp\/#\/schema\/person\/61ab31c67167988fe2679d590ca85afe\",\"name\":\"Redactor\",\"image\":{\"@type\":\"ImageObject\",\"inLanguage\":\"es\",\"@id\":\"https:\/\/www.elalmanaque.com\/wp\/#\/schema\/person\/image\/\",\"url\":\"https:\/\/secure.gravatar.com\/avatar\/a1cd6ad4f449e45fea5ebd57548cb588?s=96&d=mm&r=g\",\"contentUrl\":\"https:\/\/secure.gravatar.com\/avatar\/a1cd6ad4f449e45fea5ebd57548cb588?s=96&d=mm&r=g\",\"caption\":\"Redactor\"},\"url\":\"https:\/\/www.elalmanaque.com\/wp\/author\/useralmanaque\/\"}]}<\/script>\n<!-- \/ Yoast SEO plugin. -->","yoast_head_json":{"title":"El legado brit\u00e1nico de la historia de Menorca - El Almanaque","robots":{"index":"index","follow":"follow","max-snippet":"max-snippet:-1","max-image-preview":"max-image-preview:large","max-video-preview":"max-video-preview:-1"},"canonical":"https:\/\/www.elalmanaque.com\/wp\/turismo\/el-legado-britanico-de-la-historia-de-menorca\/","og_locale":"es_ES","og_type":"article","og_title":"El legado brit\u00e1nico de la historia de Menorca - El Almanaque","og_description":"El legado brit\u00e1nico de la historia de Menorca Las huellas de la cultura brit\u00e1nica se pueden continuar apreciando en Menorca, una isla que alberga una&hellip;","og_url":"https:\/\/www.elalmanaque.com\/wp\/turismo\/el-legado-britanico-de-la-historia-de-menorca\/","og_site_name":"El Almanaque","article_published_time":"2017-12-17T08:40:33+00:00","og_image":[{"url":"http:\/\/www.elalmanaque.com\/Dic17\/fotos\/4bb17165-49a5-4b16-a394-38f6c6720cb8.jpg","type":"","width":"","height":""}],"author":"Redactor","twitter_card":"summary_large_image","twitter_misc":{"Escrito por":"Redactor","Tiempo de lectura":"6 minutos"},"schema":{"@context":"https:\/\/schema.org","@graph":[{"@type":"Article","@id":"https:\/\/www.elalmanaque.com\/wp\/turismo\/el-legado-britanico-de-la-historia-de-menorca\/#article","isPartOf":{"@id":"https:\/\/www.elalmanaque.com\/wp\/turismo\/el-legado-britanico-de-la-historia-de-menorca\/"},"author":{"name":"Redactor","@id":"https:\/\/www.elalmanaque.com\/wp\/#\/schema\/person\/61ab31c67167988fe2679d590ca85afe"},"headline":"El legado brit\u00e1nico de la historia de Menorca","datePublished":"2017-12-17T08:40:33+00:00","mainEntityOfPage":{"@id":"https:\/\/www.elalmanaque.com\/wp\/turismo\/el-legado-britanico-de-la-historia-de-menorca\/"},"wordCount":1114,"publisher":{"@id":"https:\/\/www.elalmanaque.com\/wp\/#organization"},"image":{"@id":"https:\/\/www.elalmanaque.com\/wp\/turismo\/el-legado-britanico-de-la-historia-de-menorca\/#primaryimage"},"thumbnailUrl":"http:\/\/www.elalmanaque.com\/Dic17\/fotos\/4bb17165-49a5-4b16-a394-38f6c6720cb8.jpg","articleSection":["Historia","Interesante","Turismo"],"inLanguage":"es"},{"@type":"WebPage","@id":"https:\/\/www.elalmanaque.com\/wp\/turismo\/el-legado-britanico-de-la-historia-de-menorca\/","url":"https:\/\/www.elalmanaque.com\/wp\/turismo\/el-legado-britanico-de-la-historia-de-menorca\/","name":"El legado brit\u00e1nico de la historia de Menorca - El Almanaque","isPartOf":{"@id":"https:\/\/www.elalmanaque.com\/wp\/#website"},"primaryImageOfPage":{"@id":"https:\/\/www.elalmanaque.com\/wp\/turismo\/el-legado-britanico-de-la-historia-de-menorca\/#primaryimage"},"image":{"@id":"https:\/\/www.elalmanaque.com\/wp\/turismo\/el-legado-britanico-de-la-historia-de-menorca\/#primaryimage"},"thumbnailUrl":"http:\/\/www.elalmanaque.com\/Dic17\/fotos\/4bb17165-49a5-4b16-a394-38f6c6720cb8.jpg","datePublished":"2017-12-17T08:40:33+00:00","breadcrumb":{"@id":"https:\/\/www.elalmanaque.com\/wp\/turismo\/el-legado-britanico-de-la-historia-de-menorca\/#breadcrumb"},"inLanguage":"es","potentialAction":[{"@type":"ReadAction","target":["https:\/\/www.elalmanaque.com\/wp\/turismo\/el-legado-britanico-de-la-historia-de-menorca\/"]}]},{"@type":"ImageObject","inLanguage":"es","@id":"https:\/\/www.elalmanaque.com\/wp\/turismo\/el-legado-britanico-de-la-historia-de-menorca\/#primaryimage","url":"http:\/\/www.elalmanaque.com\/Dic17\/fotos\/4bb17165-49a5-4b16-a394-38f6c6720cb8.jpg","contentUrl":"http:\/\/www.elalmanaque.com\/Dic17\/fotos\/4bb17165-49a5-4b16-a394-38f6c6720cb8.jpg"},{"@type":"BreadcrumbList","@id":"https:\/\/www.elalmanaque.com\/wp\/turismo\/el-legado-britanico-de-la-historia-de-menorca\/#breadcrumb","itemListElement":[{"@type":"ListItem","position":1,"name":"Portada","item":"https:\/\/www.elalmanaque.com\/wp\/"},{"@type":"ListItem","position":2,"name":"El legado brit\u00e1nico de la historia de Menorca"}]},{"@type":"WebSite","@id":"https:\/\/www.elalmanaque.com\/wp\/#website","url":"https:\/\/www.elalmanaque.com\/wp\/","name":"El Almanaque","description":"Revista de Cultura y Ocio","publisher":{"@id":"https:\/\/www.elalmanaque.com\/wp\/#organization"},"potentialAction":[{"@type":"SearchAction","target":{"@type":"EntryPoint","urlTemplate":"https:\/\/www.elalmanaque.com\/wp\/?s={search_term_string}"},"query-input":{"@type":"PropertyValueSpecification","valueRequired":true,"valueName":"search_term_string"}}],"inLanguage":"es"},{"@type":"Organization","@id":"https:\/\/www.elalmanaque.com\/wp\/#organization","name":"El Almanaque","url":"https:\/\/www.elalmanaque.com\/wp\/","logo":{"@type":"ImageObject","inLanguage":"es","@id":"https:\/\/www.elalmanaque.com\/wp\/#\/schema\/logo\/image\/","url":"https:\/\/www.elalmanaque.com\/wp\/wp-content\/uploads\/2020\/03\/cropped-elalmanaque.jpg","contentUrl":"https:\/\/www.elalmanaque.com\/wp\/wp-content\/uploads\/2020\/03\/cropped-elalmanaque.jpg","width":900,"height":164,"caption":"El Almanaque"},"image":{"@id":"https:\/\/www.elalmanaque.com\/wp\/#\/schema\/logo\/image\/"}},{"@type":"Person","@id":"https:\/\/www.elalmanaque.com\/wp\/#\/schema\/person\/61ab31c67167988fe2679d590ca85afe","name":"Redactor","image":{"@type":"ImageObject","inLanguage":"es","@id":"https:\/\/www.elalmanaque.com\/wp\/#\/schema\/person\/image\/","url":"https:\/\/secure.gravatar.com\/avatar\/a1cd6ad4f449e45fea5ebd57548cb588?s=96&d=mm&r=g","contentUrl":"https:\/\/secure.gravatar.com\/avatar\/a1cd6ad4f449e45fea5ebd57548cb588?s=96&d=mm&r=g","caption":"Redactor"},"url":"https:\/\/www.elalmanaque.com\/wp\/author\/useralmanaque\/"}]}},"_links":{"self":[{"href":"https:\/\/www.elalmanaque.com\/wp\/wp-json\/wp\/v2\/posts\/28303","targetHints":{"allow":["GET"]}}],"collection":[{"href":"https:\/\/www.elalmanaque.com\/wp\/wp-json\/wp\/v2\/posts"}],"about":[{"href":"https:\/\/www.elalmanaque.com\/wp\/wp-json\/wp\/v2\/types\/post"}],"author":[{"embeddable":true,"href":"https:\/\/www.elalmanaque.com\/wp\/wp-json\/wp\/v2\/users\/1"}],"replies":[{"embeddable":true,"href":"https:\/\/www.elalmanaque.com\/wp\/wp-json\/wp\/v2\/comments?post=28303"}],"version-history":[{"count":1,"href":"https:\/\/www.elalmanaque.com\/wp\/wp-json\/wp\/v2\/posts\/28303\/revisions"}],"predecessor-version":[{"id":28304,"href":"https:\/\/www.elalmanaque.com\/wp\/wp-json\/wp\/v2\/posts\/28303\/revisions\/28304"}],"wp:attachment":[{"href":"https:\/\/www.elalmanaque.com\/wp\/wp-json\/wp\/v2\/media?parent=28303"}],"wp:term":[{"taxonomy":"category","embeddable":true,"href":"https:\/\/www.elalmanaque.com\/wp\/wp-json\/wp\/v2\/categories?post=28303"},{"taxonomy":"post_tag","embeddable":true,"href":"https:\/\/www.elalmanaque.com\/wp\/wp-json\/wp\/v2\/tags?post=28303"}],"curies":[{"name":"wp","href":"https:\/\/api.w.org\/{rel}","templated":true}]}}