{"id":27685,"date":"2017-04-06T17:55:52","date_gmt":"2017-04-06T16:55:52","guid":{"rendered":"http:\/\/www.elalmanaque.com\/wp\/?p=27685"},"modified":"2017-04-06T18:00:05","modified_gmt":"2017-04-06T17:00:05","slug":"piedad-y-terror-en-picasso-el-camino-a-guernica","status":"publish","type":"post","link":"https:\/\/www.elalmanaque.com\/wp\/cultura\/piedad-y-terror-en-picasso-el-camino-a-guernica\/","title":{"rendered":"Piedad y terror en Picasso. El camino a Guernica"},"content":{"rendered":"<p align=\"center\"><b>Piedad y terror en Picasso. El camino a Guernica<\/b><\/p>\n<p align=\"center\"><b><img loading=\"lazy\" decoding=\"async\" class=\"\" src=\"http:\/\/www.elalmanaque.com\/Abril17\/fotos\/piedad_y_terror_en_picasso.jpg\" width=\"498\" height=\"253\" border=\"0\" \/><\/b><\/p>\n<p>La violencia y el horror de la guerra en la obra del genial artista malague\u00f1o<b><\/b><\/p>\n<p>5 abril &#8211; 4 septiembre, 2017 \/ Museo Reina Sof\u00eda \/ Edificio Sabatini, Planta 2<b><br \/>\n<\/b><br \/>\nCon motivo del <b>80 aniversario de la primera vez que se expuso Guernica<\/b>, el Museo presenta esta exposici\u00f3n en la que se aborda la visi\u00f3n de Picasso sobre la guerra moderna, as\u00ed como la singular iconograf\u00eda de agon\u00eda, perplejidad y horror que esta violencia trae consigo.<\/p>\n<p>La muestra se centra en las ra\u00edces del imaginario de Guernica presentes en obras anteriores del pintor malague\u00f1o, realizadas en los a\u00f1os posteriores a 1925. En ellas ya se pueden observar escenas de acci\u00f3n fren\u00e9tica y ext\u00e1tica, a veces rodeadas de un halo de peligro, y con situaciones de violencia expl\u00edcita. Se busca explorar c\u00f3mo el artista trataba de manera similar la violencia y la sexualidad en sus obras.<\/p>\n<p>El recorrido pone de relieve que no hubiera sido posible para el artista concebir Guernica \u2013esa puesta en escena final de una inmensa tragedia dirigida al \u00e1mbito p\u00fablico\u2013 sin estos experimentos anteriores. Por ello, la muestra arranca con las naturalezas muertas y los interiores de los a\u00f1os 1924 y 1925, para dar paso a las obras en las que el pintor abord\u00f3 la monstruosidad y la violencia a finales de esa d\u00e9cada y durante la siguiente, con sus terribles retratos e interiores realizados al comienzo de la Segunda Guerra.<\/p>\n<p><a href=\"http:\/\/www.museoreinasofia.es\/exposiciones\/piedad-terror-picasso\">http:\/\/www.museoreinasofia.es\/exposiciones\/piedad-terror-picasso<\/a><\/p>\n<p align=\"center\">Coincidiendo con el 80 aniversario de la creaci\u00f3n de &#8216;Guernica&#8217; y los 25 a\u00f1os de la llegada a las salas del Museo Reina Sof\u00eda, este acoge la exposici\u00f3n &#8216;Piedad y terror en Picasso. El camino a Guernica&#8217;, que aborda la visi\u00f3n que proyect\u00f3 Picasso sobre la guerra moderna \u2013guerra desde el aire, muerte a distancia,<\/p>\n<p align=\"center\">\n<table id=\"AutoNumber994764\" style=\"height: 341px;\" border=\"0\" width=\"612\" cellpadding=\"0\">\n<tbody>\n<tr>\n<td width=\"97%\" height=\"1\">\n<iframe loading=\"lazy\" width=\"500\" height=\"340\" src=\"https:\/\/www.youtube.com\/embed\/xL8pPXqspOk\" frameborder=\"0\" allowfullscreen><\/iframe><\/p>\n<p align=\"center\">\n<\/td>\n<\/tr>\n<\/tbody>\n<\/table>\n","protected":false},"excerpt":{"rendered":"<p>Piedad y terror en Picasso. El camino a Guernica La violencia y el horror de la guerra en la obra del genial artista malague\u00f1o 5&hellip; <\/p>\n","protected":false},"author":1,"featured_media":0,"comment_status":"closed","ping_status":"closed","sticky":false,"template":"","format":"standard","meta":{"footnotes":""},"categories":[8],"tags":[],"class_list":["post-27685","post","type-post","status-publish","format-standard","hentry","category-cultura"],"yoast_head":"<!-- This site is optimized with the Yoast SEO plugin v24.8.1 - https:\/\/yoast.com\/wordpress\/plugins\/seo\/ -->\n<title>Piedad y terror en Picasso. El camino a Guernica - El Almanaque<\/title>\n<meta name=\"robots\" content=\"index, follow, max-snippet:-1, max-image-preview:large, max-video-preview:-1\" \/>\n<link rel=\"canonical\" href=\"https:\/\/www.elalmanaque.com\/wp\/cultura\/piedad-y-terror-en-picasso-el-camino-a-guernica\/\" \/>\n<meta property=\"og:locale\" content=\"es_ES\" \/>\n<meta property=\"og:type\" content=\"article\" \/>\n<meta property=\"og:title\" content=\"Piedad y terror en Picasso. El camino a Guernica - El Almanaque\" \/>\n<meta property=\"og:description\" content=\"Piedad y terror en Picasso. El camino a Guernica La violencia y el horror de la guerra en la obra del genial artista malague\u00f1o 5&hellip;\" \/>\n<meta property=\"og:url\" content=\"https:\/\/www.elalmanaque.com\/wp\/cultura\/piedad-y-terror-en-picasso-el-camino-a-guernica\/\" \/>\n<meta property=\"og:site_name\" content=\"El Almanaque\" \/>\n<meta property=\"article:published_time\" content=\"2017-04-06T16:55:52+00:00\" \/>\n<meta property=\"article:modified_time\" content=\"2017-04-06T17:00:05+00:00\" \/>\n<meta property=\"og:image\" content=\"http:\/\/www.elalmanaque.com\/Abril17\/fotos\/piedad_y_terror_en_picasso.jpg\" \/>\n<meta name=\"author\" content=\"Redactor\" \/>\n<meta name=\"twitter:card\" content=\"summary_large_image\" \/>\n<meta name=\"twitter:label1\" content=\"Escrito por\" \/>\n\t<meta name=\"twitter:data1\" content=\"Redactor\" \/>\n\t<meta name=\"twitter:label2\" content=\"Tiempo de lectura\" \/>\n\t<meta name=\"twitter:data2\" content=\"2 minutos\" \/>\n<script type=\"application\/ld+json\" class=\"yoast-schema-graph\">{\"@context\":\"https:\/\/schema.org\",\"@graph\":[{\"@type\":\"Article\",\"@id\":\"https:\/\/www.elalmanaque.com\/wp\/cultura\/piedad-y-terror-en-picasso-el-camino-a-guernica\/#article\",\"isPartOf\":{\"@id\":\"https:\/\/www.elalmanaque.com\/wp\/cultura\/piedad-y-terror-en-picasso-el-camino-a-guernica\/\"},\"author\":{\"name\":\"Redactor\",\"@id\":\"https:\/\/www.elalmanaque.com\/wp\/#\/schema\/person\/61ab31c67167988fe2679d590ca85afe\"},\"headline\":\"Piedad y terror en Picasso. El camino a Guernica\",\"datePublished\":\"2017-04-06T16:55:52+00:00\",\"dateModified\":\"2017-04-06T17:00:05+00:00\",\"mainEntityOfPage\":{\"@id\":\"https:\/\/www.elalmanaque.com\/wp\/cultura\/piedad-y-terror-en-picasso-el-camino-a-guernica\/\"},\"wordCount\":323,\"publisher\":{\"@id\":\"https:\/\/www.elalmanaque.com\/wp\/#organization\"},\"image\":{\"@id\":\"https:\/\/www.elalmanaque.com\/wp\/cultura\/piedad-y-terror-en-picasso-el-camino-a-guernica\/#primaryimage\"},\"thumbnailUrl\":\"http:\/\/www.elalmanaque.com\/Abril17\/fotos\/piedad_y_terror_en_picasso.jpg\",\"articleSection\":[\"Cultura\"],\"inLanguage\":\"es\"},{\"@type\":\"WebPage\",\"@id\":\"https:\/\/www.elalmanaque.com\/wp\/cultura\/piedad-y-terror-en-picasso-el-camino-a-guernica\/\",\"url\":\"https:\/\/www.elalmanaque.com\/wp\/cultura\/piedad-y-terror-en-picasso-el-camino-a-guernica\/\",\"name\":\"Piedad y terror en Picasso. El camino a Guernica - El Almanaque\",\"isPartOf\":{\"@id\":\"https:\/\/www.elalmanaque.com\/wp\/#website\"},\"primaryImageOfPage\":{\"@id\":\"https:\/\/www.elalmanaque.com\/wp\/cultura\/piedad-y-terror-en-picasso-el-camino-a-guernica\/#primaryimage\"},\"image\":{\"@id\":\"https:\/\/www.elalmanaque.com\/wp\/cultura\/piedad-y-terror-en-picasso-el-camino-a-guernica\/#primaryimage\"},\"thumbnailUrl\":\"http:\/\/www.elalmanaque.com\/Abril17\/fotos\/piedad_y_terror_en_picasso.jpg\",\"datePublished\":\"2017-04-06T16:55:52+00:00\",\"dateModified\":\"2017-04-06T17:00:05+00:00\",\"breadcrumb\":{\"@id\":\"https:\/\/www.elalmanaque.com\/wp\/cultura\/piedad-y-terror-en-picasso-el-camino-a-guernica\/#breadcrumb\"},\"inLanguage\":\"es\",\"potentialAction\":[{\"@type\":\"ReadAction\",\"target\":[\"https:\/\/www.elalmanaque.com\/wp\/cultura\/piedad-y-terror-en-picasso-el-camino-a-guernica\/\"]}]},{\"@type\":\"ImageObject\",\"inLanguage\":\"es\",\"@id\":\"https:\/\/www.elalmanaque.com\/wp\/cultura\/piedad-y-terror-en-picasso-el-camino-a-guernica\/#primaryimage\",\"url\":\"http:\/\/www.elalmanaque.com\/Abril17\/fotos\/piedad_y_terror_en_picasso.jpg\",\"contentUrl\":\"http:\/\/www.elalmanaque.com\/Abril17\/fotos\/piedad_y_terror_en_picasso.jpg\"},{\"@type\":\"BreadcrumbList\",\"@id\":\"https:\/\/www.elalmanaque.com\/wp\/cultura\/piedad-y-terror-en-picasso-el-camino-a-guernica\/#breadcrumb\",\"itemListElement\":[{\"@type\":\"ListItem\",\"position\":1,\"name\":\"Portada\",\"item\":\"https:\/\/www.elalmanaque.com\/wp\/\"},{\"@type\":\"ListItem\",\"position\":2,\"name\":\"Piedad y terror en Picasso. El camino a Guernica\"}]},{\"@type\":\"WebSite\",\"@id\":\"https:\/\/www.elalmanaque.com\/wp\/#website\",\"url\":\"https:\/\/www.elalmanaque.com\/wp\/\",\"name\":\"El Almanaque\",\"description\":\"Revista de Cultura y Ocio\",\"publisher\":{\"@id\":\"https:\/\/www.elalmanaque.com\/wp\/#organization\"},\"potentialAction\":[{\"@type\":\"SearchAction\",\"target\":{\"@type\":\"EntryPoint\",\"urlTemplate\":\"https:\/\/www.elalmanaque.com\/wp\/?s={search_term_string}\"},\"query-input\":{\"@type\":\"PropertyValueSpecification\",\"valueRequired\":true,\"valueName\":\"search_term_string\"}}],\"inLanguage\":\"es\"},{\"@type\":\"Organization\",\"@id\":\"https:\/\/www.elalmanaque.com\/wp\/#organization\",\"name\":\"El Almanaque\",\"url\":\"https:\/\/www.elalmanaque.com\/wp\/\",\"logo\":{\"@type\":\"ImageObject\",\"inLanguage\":\"es\",\"@id\":\"https:\/\/www.elalmanaque.com\/wp\/#\/schema\/logo\/image\/\",\"url\":\"https:\/\/www.elalmanaque.com\/wp\/wp-content\/uploads\/2020\/03\/cropped-elalmanaque.jpg\",\"contentUrl\":\"https:\/\/www.elalmanaque.com\/wp\/wp-content\/uploads\/2020\/03\/cropped-elalmanaque.jpg\",\"width\":900,\"height\":164,\"caption\":\"El Almanaque\"},\"image\":{\"@id\":\"https:\/\/www.elalmanaque.com\/wp\/#\/schema\/logo\/image\/\"}},{\"@type\":\"Person\",\"@id\":\"https:\/\/www.elalmanaque.com\/wp\/#\/schema\/person\/61ab31c67167988fe2679d590ca85afe\",\"name\":\"Redactor\",\"image\":{\"@type\":\"ImageObject\",\"inLanguage\":\"es\",\"@id\":\"https:\/\/www.elalmanaque.com\/wp\/#\/schema\/person\/image\/\",\"url\":\"https:\/\/secure.gravatar.com\/avatar\/a1cd6ad4f449e45fea5ebd57548cb588?s=96&d=mm&r=g\",\"contentUrl\":\"https:\/\/secure.gravatar.com\/avatar\/a1cd6ad4f449e45fea5ebd57548cb588?s=96&d=mm&r=g\",\"caption\":\"Redactor\"},\"url\":\"https:\/\/www.elalmanaque.com\/wp\/author\/useralmanaque\/\"}]}<\/script>\n<!-- \/ Yoast SEO plugin. -->","yoast_head_json":{"title":"Piedad y terror en Picasso. El camino a Guernica - El Almanaque","robots":{"index":"index","follow":"follow","max-snippet":"max-snippet:-1","max-image-preview":"max-image-preview:large","max-video-preview":"max-video-preview:-1"},"canonical":"https:\/\/www.elalmanaque.com\/wp\/cultura\/piedad-y-terror-en-picasso-el-camino-a-guernica\/","og_locale":"es_ES","og_type":"article","og_title":"Piedad y terror en Picasso. El camino a Guernica - El Almanaque","og_description":"Piedad y terror en Picasso. El camino a Guernica La violencia y el horror de la guerra en la obra del genial artista malague\u00f1o 5&hellip;","og_url":"https:\/\/www.elalmanaque.com\/wp\/cultura\/piedad-y-terror-en-picasso-el-camino-a-guernica\/","og_site_name":"El Almanaque","article_published_time":"2017-04-06T16:55:52+00:00","article_modified_time":"2017-04-06T17:00:05+00:00","og_image":[{"url":"http:\/\/www.elalmanaque.com\/Abril17\/fotos\/piedad_y_terror_en_picasso.jpg","type":"","width":"","height":""}],"author":"Redactor","twitter_card":"summary_large_image","twitter_misc":{"Escrito por":"Redactor","Tiempo de lectura":"2 minutos"},"schema":{"@context":"https:\/\/schema.org","@graph":[{"@type":"Article","@id":"https:\/\/www.elalmanaque.com\/wp\/cultura\/piedad-y-terror-en-picasso-el-camino-a-guernica\/#article","isPartOf":{"@id":"https:\/\/www.elalmanaque.com\/wp\/cultura\/piedad-y-terror-en-picasso-el-camino-a-guernica\/"},"author":{"name":"Redactor","@id":"https:\/\/www.elalmanaque.com\/wp\/#\/schema\/person\/61ab31c67167988fe2679d590ca85afe"},"headline":"Piedad y terror en Picasso. El camino a Guernica","datePublished":"2017-04-06T16:55:52+00:00","dateModified":"2017-04-06T17:00:05+00:00","mainEntityOfPage":{"@id":"https:\/\/www.elalmanaque.com\/wp\/cultura\/piedad-y-terror-en-picasso-el-camino-a-guernica\/"},"wordCount":323,"publisher":{"@id":"https:\/\/www.elalmanaque.com\/wp\/#organization"},"image":{"@id":"https:\/\/www.elalmanaque.com\/wp\/cultura\/piedad-y-terror-en-picasso-el-camino-a-guernica\/#primaryimage"},"thumbnailUrl":"http:\/\/www.elalmanaque.com\/Abril17\/fotos\/piedad_y_terror_en_picasso.jpg","articleSection":["Cultura"],"inLanguage":"es"},{"@type":"WebPage","@id":"https:\/\/www.elalmanaque.com\/wp\/cultura\/piedad-y-terror-en-picasso-el-camino-a-guernica\/","url":"https:\/\/www.elalmanaque.com\/wp\/cultura\/piedad-y-terror-en-picasso-el-camino-a-guernica\/","name":"Piedad y terror en Picasso. El camino a Guernica - El Almanaque","isPartOf":{"@id":"https:\/\/www.elalmanaque.com\/wp\/#website"},"primaryImageOfPage":{"@id":"https:\/\/www.elalmanaque.com\/wp\/cultura\/piedad-y-terror-en-picasso-el-camino-a-guernica\/#primaryimage"},"image":{"@id":"https:\/\/www.elalmanaque.com\/wp\/cultura\/piedad-y-terror-en-picasso-el-camino-a-guernica\/#primaryimage"},"thumbnailUrl":"http:\/\/www.elalmanaque.com\/Abril17\/fotos\/piedad_y_terror_en_picasso.jpg","datePublished":"2017-04-06T16:55:52+00:00","dateModified":"2017-04-06T17:00:05+00:00","breadcrumb":{"@id":"https:\/\/www.elalmanaque.com\/wp\/cultura\/piedad-y-terror-en-picasso-el-camino-a-guernica\/#breadcrumb"},"inLanguage":"es","potentialAction":[{"@type":"ReadAction","target":["https:\/\/www.elalmanaque.com\/wp\/cultura\/piedad-y-terror-en-picasso-el-camino-a-guernica\/"]}]},{"@type":"ImageObject","inLanguage":"es","@id":"https:\/\/www.elalmanaque.com\/wp\/cultura\/piedad-y-terror-en-picasso-el-camino-a-guernica\/#primaryimage","url":"http:\/\/www.elalmanaque.com\/Abril17\/fotos\/piedad_y_terror_en_picasso.jpg","contentUrl":"http:\/\/www.elalmanaque.com\/Abril17\/fotos\/piedad_y_terror_en_picasso.jpg"},{"@type":"BreadcrumbList","@id":"https:\/\/www.elalmanaque.com\/wp\/cultura\/piedad-y-terror-en-picasso-el-camino-a-guernica\/#breadcrumb","itemListElement":[{"@type":"ListItem","position":1,"name":"Portada","item":"https:\/\/www.elalmanaque.com\/wp\/"},{"@type":"ListItem","position":2,"name":"Piedad y terror en Picasso. El camino a Guernica"}]},{"@type":"WebSite","@id":"https:\/\/www.elalmanaque.com\/wp\/#website","url":"https:\/\/www.elalmanaque.com\/wp\/","name":"El Almanaque","description":"Revista de Cultura y Ocio","publisher":{"@id":"https:\/\/www.elalmanaque.com\/wp\/#organization"},"potentialAction":[{"@type":"SearchAction","target":{"@type":"EntryPoint","urlTemplate":"https:\/\/www.elalmanaque.com\/wp\/?s={search_term_string}"},"query-input":{"@type":"PropertyValueSpecification","valueRequired":true,"valueName":"search_term_string"}}],"inLanguage":"es"},{"@type":"Organization","@id":"https:\/\/www.elalmanaque.com\/wp\/#organization","name":"El Almanaque","url":"https:\/\/www.elalmanaque.com\/wp\/","logo":{"@type":"ImageObject","inLanguage":"es","@id":"https:\/\/www.elalmanaque.com\/wp\/#\/schema\/logo\/image\/","url":"https:\/\/www.elalmanaque.com\/wp\/wp-content\/uploads\/2020\/03\/cropped-elalmanaque.jpg","contentUrl":"https:\/\/www.elalmanaque.com\/wp\/wp-content\/uploads\/2020\/03\/cropped-elalmanaque.jpg","width":900,"height":164,"caption":"El Almanaque"},"image":{"@id":"https:\/\/www.elalmanaque.com\/wp\/#\/schema\/logo\/image\/"}},{"@type":"Person","@id":"https:\/\/www.elalmanaque.com\/wp\/#\/schema\/person\/61ab31c67167988fe2679d590ca85afe","name":"Redactor","image":{"@type":"ImageObject","inLanguage":"es","@id":"https:\/\/www.elalmanaque.com\/wp\/#\/schema\/person\/image\/","url":"https:\/\/secure.gravatar.com\/avatar\/a1cd6ad4f449e45fea5ebd57548cb588?s=96&d=mm&r=g","contentUrl":"https:\/\/secure.gravatar.com\/avatar\/a1cd6ad4f449e45fea5ebd57548cb588?s=96&d=mm&r=g","caption":"Redactor"},"url":"https:\/\/www.elalmanaque.com\/wp\/author\/useralmanaque\/"}]}},"_links":{"self":[{"href":"https:\/\/www.elalmanaque.com\/wp\/wp-json\/wp\/v2\/posts\/27685","targetHints":{"allow":["GET"]}}],"collection":[{"href":"https:\/\/www.elalmanaque.com\/wp\/wp-json\/wp\/v2\/posts"}],"about":[{"href":"https:\/\/www.elalmanaque.com\/wp\/wp-json\/wp\/v2\/types\/post"}],"author":[{"embeddable":true,"href":"https:\/\/www.elalmanaque.com\/wp\/wp-json\/wp\/v2\/users\/1"}],"replies":[{"embeddable":true,"href":"https:\/\/www.elalmanaque.com\/wp\/wp-json\/wp\/v2\/comments?post=27685"}],"version-history":[{"count":5,"href":"https:\/\/www.elalmanaque.com\/wp\/wp-json\/wp\/v2\/posts\/27685\/revisions"}],"predecessor-version":[{"id":27690,"href":"https:\/\/www.elalmanaque.com\/wp\/wp-json\/wp\/v2\/posts\/27685\/revisions\/27690"}],"wp:attachment":[{"href":"https:\/\/www.elalmanaque.com\/wp\/wp-json\/wp\/v2\/media?parent=27685"}],"wp:term":[{"taxonomy":"category","embeddable":true,"href":"https:\/\/www.elalmanaque.com\/wp\/wp-json\/wp\/v2\/categories?post=27685"},{"taxonomy":"post_tag","embeddable":true,"href":"https:\/\/www.elalmanaque.com\/wp\/wp-json\/wp\/v2\/tags?post=27685"}],"curies":[{"name":"wp","href":"https:\/\/api.w.org\/{rel}","templated":true}]}}