{"id":27553,"date":"2017-01-25T11:20:36","date_gmt":"2017-01-25T10:20:36","guid":{"rendered":"http:\/\/www.elalmanaque.com\/wp\/?p=27553"},"modified":"2017-01-25T11:20:36","modified_gmt":"2017-01-25T10:20:36","slug":"uruguay-presenta-sus-novedades-y-propuestas-turisticas","status":"publish","type":"post","link":"https:\/\/www.elalmanaque.com\/wp\/turismo\/uruguay-presenta-sus-novedades-y-propuestas-turisticas\/","title":{"rendered":"URUGUAY PRESENTA SUS NOVEDADES Y PROPUESTAS TUR\u00cdSTICAS"},"content":{"rendered":"<p><span style=\"color: #000080;\">URUGUAY PRESENTA EN BARCELONA SUS NOVEDADES Y PROPUESTAS TUR\u00cdSTICAS\u00a0<\/span><\/p>\n<p>El pa\u00eds, que ha batido r\u00e9cord de turistas, con 3,3 millones de visitantes en 2016, muestra sus atractivos en plena temporada estival<\/p>\n<p><strong>\u00a0<img loading=\"lazy\" decoding=\"async\" class=\"\" src=\"http:\/\/www.elalmanaque.com\/Ene17\/fotos\/Uruguay2.jpg\" alt=\"\" width=\"501\" height=\"335\" \/><\/strong><\/p>\n<p><strong>La celebraci\u00f3n del centenario de \u2018La Cumparsita\u2019, el himno de los tangos, la Ruta Jesu\u00edtica, la candidatura al Mundial de Baloncesto en el a\u00f1o 2023 y de F\u00fatbol en 2030 (en conjunto con Argentina), el turismo de congresos y reuniones, el aumento de conexiones de Montevideo -camino de convertirse en HUB en la regi\u00f3n-, el Corredor de los P\u00e1jaros Pintados como referencia en turismo n\u00e1utico fluvial y la apuesta por el turismo sostenible se cuentan entre los objetivos estrat\u00e9gicos del pa\u00eds latinoamericano para 2017. Propuestas que ha presentado el Viceministro de Turismo de Uruguay, Benjam\u00edn Liberoff, junto a la C\u00f3nsul de Uruguay en Barcelona, Noelia Mart\u00ednez, en un encuentro con medios en la ciudad condal, en el que ha anunciado el r\u00e9cord hist\u00f3rico de turistas registrado en el pa\u00eds el pasado a\u00f1o, con una cifra de 3.328.450 visitantes.<\/strong><\/p>\n<p>Uruguay se consolida como uno de los <strong>destinos tur\u00edsticos en auge de Am\u00e9rica Latina<\/strong>. Rasgos como su elevado \u00edndice de democracia, prosperidad y Estado de Derecho, as\u00ed como la baja incidencia de la corrupci\u00f3n hacen del pa\u00eds un destino seguro y estable, que cuenta con recursos humanos altamente cualificados e infraestructuras de primer nivel que se unen a sus amplios y diversos atractivos.<\/p>\n<p>Los datos confirman el auge del pa\u00eds charr\u00faa. As\u00ed lo ha revelado su <strong>Viceministro de Turismo, Benjam\u00edn Liberoff<\/strong>, en una presentaci\u00f3n de prensa celebrada en Barcelona, en la que ha dado a conocer la cifra de visitantes internacionales registrada en 2016, que ascendi\u00f3 a 3.328.450, lo que representa un 12,3% m\u00e1s que el ejercicio anterior.<\/p>\n<p><img loading=\"lazy\" decoding=\"async\" class=\"\" src=\"http:\/\/www.elalmanaque.com\/Ene17\/fotos\/NP_Uruguay_Barcelona1.JPG\" alt=\"\" width=\"507\" height=\"338\" \/><\/p>\n<p>En palabras de Liberoff, \u201c<em>Uruguay es uno de los \u00fanicos pa\u00edses del mundo que recibe tantos turistas como habitantes tiene, m\u00e1s de 3 millones por a\u00f1o. Una circunstancia que tiene m\u00e1s que ver con la calidad de vida que el pa\u00eds ha logrado alcanzar\u201d<\/em>. En lo que respecta al ingreso de divisas, ascendi\u00f3 a 1.824 millones de d\u00f3lares, casi 59 millones m\u00e1s que en 2015. El 41% del gasto, se efectu\u00f3 en Punta del Este, con 743 millones de d\u00f3lares, seguido de Montevideo, con 567 millones de d\u00f3lares.<\/p>\n<p>Acompa\u00f1ado de la C\u00f3nsul de Uruguay en Barcelona, Noelia Mart\u00ednez, el Viceministro ha dado a conocer las novedades en cuanto a propuestas tur\u00edsticas, entre las que destacan las celebraciones por la <strong>conmemoraci\u00f3n del centenario de \u2018La Cumpartista\u2019<\/strong>, el m\u00e1s c\u00e9lebre de todos los tangos, de origen uruguayo.<\/p>\n<p>Entre sus productos tur\u00edsticos sobresale la <strong>Ruta Jesu\u00edtica<\/strong>. Asociada al turismo patrimonial y rural del pa\u00eds, la Ruta enfatiza el rescate cultural de las huellas de la Compa\u00f1\u00eda de Jes\u00fas en los siglos XVIII y XIX y se ha dise\u00f1ado como un producto multidestino, en colaboraci\u00f3n con Paraguay, Argentina, Brasil, Bolivia y Chile.<\/p>\n<p>Como referencia del <strong>turismo n\u00e1utico fluvial<\/strong>, destaca<strong> el Corredor de los P\u00e1jaros Pintados<\/strong>, una aventura que invita a conocer los tesoros de los departamentos de Soriano, R\u00edo Negro, Paysand\u00fa, Salto y Bella Uni\u00f3n en Artigas recorriendo los cursos de agua de los r\u00edos Uruguay, Cuareim, Queguay y Negro en catamar\u00e1n, kayak, canoa, trainera o velero. Un territorio de importante riqueza ecotur\u00edstica, pero tambi\u00e9n termal y cultural. El Corredor tambi\u00e9n alberga cuatro ciudades capitales entre ellas Fray Bentos con El Frigor\u00edfico Anglo, declarado Patrimonio Mundial de la Humanidad por la Unesco.<\/p>\n<p><img loading=\"lazy\" decoding=\"async\" class=\"\" src=\"http:\/\/www.elalmanaque.com\/Ene17\/fotos\/Uruguay1.jpg\" alt=\"\" width=\"507\" height=\"338\" \/><\/p>\n<p>El <strong>turismo de congresos y reuniones<\/strong> supone otro de los puntales de la oferta uruguaya, con una excelente infraestructura dirigida a la organizaci\u00f3n de eventos, entre la que destaca el Centro de Convenciones de Punta del Este, con una capacidad de hasta 4.000. En la actualidad se est\u00e1 construyendo, adem\u00e1s, el nuevo centro de convenciones y estadio multifuncional Antel Arena, en Montevideo, cuya inauguraci\u00f3n est\u00e1 prevista para 2018.<\/p>\n<p>Otros grandes hitos para Uruguay en los pr\u00f3ximos meses las candidaturas para acoger Mundial de Baloncesto 2023 y el de F\u00fatbol 2030, ambos con Argentina. Cierra el cap\u00edtulo de novedades el incremento de conexiones de Montevideo, que inicia as\u00ed el camino para convertirse en HUB regional.<\/p>\n<p>Novedades que, sumadas a sus <strong>650 kil\u00f3metros de playas<\/strong>, tanto en la costa del Oc\u00e9ano Atl\u00e1ntico como en el R\u00edo de la Plata, el atractivo de <strong>Montevideo, Punta del Este, Rocha o Colonia del Sacramento<\/strong>, el <strong>Carnaval<\/strong> m\u00e1s largo del mundo, el <strong>Tango<\/strong> o los <strong>beneficios otorgados a los turistas<\/strong> \u2013devoluci\u00f3n de IVA sobre servicios tur\u00edsticos abonados mediante tarjetas de cr\u00e9dito, devoluci\u00f3n del 10,5% del precio del arrendamiento de inmuebles, IVA cero en hoteles o r\u00e9gimen de Tax Free- hacen de Uruguay un destino imprescindible en Am\u00e9rica Latina.<\/p>\n<p><b>Sobre Uruguay<\/b><\/p>\n<p>Un destino de gran belleza salpicado de m\u00e1gicos rincones en los que vivir una experiencia diferente. Con regiones de belleza incalculable como las aguas termales de Salto, Paysand\u00fa y Rivera, las famosas\u00a0playas de\u00a0Punta del Este,\u00a0los balnearios de aguas cristalinas\u00a0de Piri\u00e1polis y Cabo Polonio, la suntuosa y virgen\u00a0Atl\u00e1ntida o su cosmopolita\u00a0capital: Montevideo. Uruguay, un pa\u00eds de contrastes, de gentes, de tradiciones y folklore, donde la cultura, la arquitectura y la historia conviven con el Golf, el Turismo Rural, la N\u00e1utica, el Deporte, los Cruceros y la Gastronom\u00eda. <strong><a href=\"http:\/\/www.uruguaynatural.com\/\">www.uruguaynatural.com<\/a><\/strong><\/p>\n<p><strong>Uruguay Natural &#8211; Uruguay<\/p>\n<p><\/strong>Uruguay tiene destinos tur\u00edsticos entre los que se destacan Punta del Este, Montevideo, Colonia del Sacramento, Salto, Lavalleja y Rocha entre otros.<strong><\/p>\n<p><b><span style=\"color: #999999; font-family: BellGothic-Light, sans-serif;\"><iframe loading=\"lazy\" src=\"https:\/\/www.youtube.com\/embed\/d7DhP3-5ElE\" width=\"516\" height=\"290\" frameborder=\"0\" allowfullscreen=\"allowfullscreen\"><\/iframe><\/span><\/b><\/strong><\/p>\n<p align=\"center\"><span style=\"color: #cc0000; font-family: Cambria; font-size: large;\"><b>Uruguay da la bienvenida al carnaval con un colorido y multitudinario desfile<\/b><\/span><\/p>\n<p align=\"center\"><img decoding=\"async\" src=\"http:\/\/www.elalmanaque.com\/Ene17\/fotos\/2015-16-356x220.jpg\" alt=\"\" border=\"0\" \/><span style=\"font-family: Cambria;\"><span style=\"color: #cc0000;\"><b><br \/>\n<\/b><\/span><br \/>\nEl carnaval de Uruguay, que con su m\u00e1s de mes y medio de duraci\u00f3n es considerado el m\u00e1s largo del mundo, qued\u00f3 oficialmente inaugurado hoy con el tradicional y multitudinario desfile de apertura, que llen\u00f3 de color, m\u00fasica, baile y alegr\u00eda la principal avenida de la capital del pa\u00eds.<\/p>\n<p><iframe loading=\"lazy\" src=\"https:\/\/www.youtube.com\/embed\/JE01o9Ijajk\" width=\"500\" height=\"281\" frameborder=\"0\" allowfullscreen=\"allowfullscreen\"><\/iframe><\/span><\/p>\n<p><a href=\"http:\/\/www.elalmanaque.com\/carnaval\"><strong><b><span style=\"color: #ae0000; font-family: 'Bookman Old Style';\">EL<span class=\"Apple-converted-space\">\u00a0<\/span>ALMANAQUE<\/span><\/b><b><span style=\"font-family: 'Comic Sans MS'; font-size: medium;\"><b><span style=\"font-family: 'Bookman Old Style';\"><span class=\"Apple-converted-space\">\u00a0<\/span>&#8211;<span class=\"Apple-converted-space\">\u00a0<\/span><\/span><\/b><\/span><\/b><b><span style=\"color: #ff0080; font-family: 'Comic Sans MS';\"><span style=\"color: #ae0000;\">CARNAVALES<\/span><\/span><\/b><\/strong><\/a><\/p>\n","protected":false},"excerpt":{"rendered":"<p>URUGUAY PRESENTA EN BARCELONA SUS NOVEDADES Y PROPUESTAS TUR\u00cdSTICAS\u00a0 El pa\u00eds, que ha batido r\u00e9cord de turistas, con 3,3 millones de visitantes en 2016, muestra&hellip; <\/p>\n","protected":false},"author":1,"featured_media":0,"comment_status":"closed","ping_status":"closed","sticky":false,"template":"","format":"standard","meta":{"footnotes":""},"categories":[107,3],"tags":[],"class_list":["post-27553","post","type-post","status-publish","format-standard","hentry","category-carnavales","category-turismo"],"yoast_head":"<!-- This site is optimized with the Yoast SEO plugin v24.8.1 - https:\/\/yoast.com\/wordpress\/plugins\/seo\/ -->\n<title>URUGUAY PRESENTA SUS NOVEDADES Y PROPUESTAS TUR\u00cdSTICAS - El Almanaque<\/title>\n<meta name=\"robots\" content=\"index, follow, max-snippet:-1, max-image-preview:large, max-video-preview:-1\" \/>\n<link rel=\"canonical\" href=\"https:\/\/www.elalmanaque.com\/wp\/turismo\/uruguay-presenta-sus-novedades-y-propuestas-turisticas\/\" \/>\n<meta property=\"og:locale\" content=\"es_ES\" \/>\n<meta property=\"og:type\" content=\"article\" \/>\n<meta property=\"og:title\" content=\"URUGUAY PRESENTA SUS NOVEDADES Y PROPUESTAS TUR\u00cdSTICAS - El Almanaque\" \/>\n<meta property=\"og:description\" content=\"URUGUAY PRESENTA EN BARCELONA SUS NOVEDADES Y PROPUESTAS TUR\u00cdSTICAS\u00a0 El pa\u00eds, que ha batido r\u00e9cord de turistas, con 3,3 millones de visitantes en 2016, muestra&hellip;\" \/>\n<meta property=\"og:url\" content=\"https:\/\/www.elalmanaque.com\/wp\/turismo\/uruguay-presenta-sus-novedades-y-propuestas-turisticas\/\" \/>\n<meta property=\"og:site_name\" content=\"El Almanaque\" \/>\n<meta property=\"article:published_time\" content=\"2017-01-25T10:20:36+00:00\" \/>\n<meta property=\"og:image\" content=\"http:\/\/www.elalmanaque.com\/Ene17\/fotos\/Uruguay2.jpg\" \/>\n<meta name=\"author\" content=\"Redactor\" \/>\n<meta name=\"twitter:card\" content=\"summary_large_image\" \/>\n<meta name=\"twitter:label1\" content=\"Escrito por\" \/>\n\t<meta name=\"twitter:data1\" content=\"Redactor\" \/>\n\t<meta name=\"twitter:label2\" content=\"Tiempo de lectura\" \/>\n\t<meta name=\"twitter:data2\" content=\"5 minutos\" \/>\n<script type=\"application\/ld+json\" class=\"yoast-schema-graph\">{\"@context\":\"https:\/\/schema.org\",\"@graph\":[{\"@type\":\"Article\",\"@id\":\"https:\/\/www.elalmanaque.com\/wp\/turismo\/uruguay-presenta-sus-novedades-y-propuestas-turisticas\/#article\",\"isPartOf\":{\"@id\":\"https:\/\/www.elalmanaque.com\/wp\/turismo\/uruguay-presenta-sus-novedades-y-propuestas-turisticas\/\"},\"author\":{\"name\":\"Redactor\",\"@id\":\"https:\/\/www.elalmanaque.com\/wp\/#\/schema\/person\/61ab31c67167988fe2679d590ca85afe\"},\"headline\":\"URUGUAY PRESENTA SUS NOVEDADES Y PROPUESTAS TUR\u00cdSTICAS\",\"datePublished\":\"2017-01-25T10:20:36+00:00\",\"mainEntityOfPage\":{\"@id\":\"https:\/\/www.elalmanaque.com\/wp\/turismo\/uruguay-presenta-sus-novedades-y-propuestas-turisticas\/\"},\"wordCount\":1032,\"publisher\":{\"@id\":\"https:\/\/www.elalmanaque.com\/wp\/#organization\"},\"image\":{\"@id\":\"https:\/\/www.elalmanaque.com\/wp\/turismo\/uruguay-presenta-sus-novedades-y-propuestas-turisticas\/#primaryimage\"},\"thumbnailUrl\":\"http:\/\/www.elalmanaque.com\/Ene17\/fotos\/Uruguay2.jpg\",\"articleSection\":[\"Carnavales\",\"Turismo\"],\"inLanguage\":\"es\"},{\"@type\":\"WebPage\",\"@id\":\"https:\/\/www.elalmanaque.com\/wp\/turismo\/uruguay-presenta-sus-novedades-y-propuestas-turisticas\/\",\"url\":\"https:\/\/www.elalmanaque.com\/wp\/turismo\/uruguay-presenta-sus-novedades-y-propuestas-turisticas\/\",\"name\":\"URUGUAY PRESENTA SUS NOVEDADES Y PROPUESTAS TUR\u00cdSTICAS - El Almanaque\",\"isPartOf\":{\"@id\":\"https:\/\/www.elalmanaque.com\/wp\/#website\"},\"primaryImageOfPage\":{\"@id\":\"https:\/\/www.elalmanaque.com\/wp\/turismo\/uruguay-presenta-sus-novedades-y-propuestas-turisticas\/#primaryimage\"},\"image\":{\"@id\":\"https:\/\/www.elalmanaque.com\/wp\/turismo\/uruguay-presenta-sus-novedades-y-propuestas-turisticas\/#primaryimage\"},\"thumbnailUrl\":\"http:\/\/www.elalmanaque.com\/Ene17\/fotos\/Uruguay2.jpg\",\"datePublished\":\"2017-01-25T10:20:36+00:00\",\"breadcrumb\":{\"@id\":\"https:\/\/www.elalmanaque.com\/wp\/turismo\/uruguay-presenta-sus-novedades-y-propuestas-turisticas\/#breadcrumb\"},\"inLanguage\":\"es\",\"potentialAction\":[{\"@type\":\"ReadAction\",\"target\":[\"https:\/\/www.elalmanaque.com\/wp\/turismo\/uruguay-presenta-sus-novedades-y-propuestas-turisticas\/\"]}]},{\"@type\":\"ImageObject\",\"inLanguage\":\"es\",\"@id\":\"https:\/\/www.elalmanaque.com\/wp\/turismo\/uruguay-presenta-sus-novedades-y-propuestas-turisticas\/#primaryimage\",\"url\":\"http:\/\/www.elalmanaque.com\/Ene17\/fotos\/Uruguay2.jpg\",\"contentUrl\":\"http:\/\/www.elalmanaque.com\/Ene17\/fotos\/Uruguay2.jpg\"},{\"@type\":\"BreadcrumbList\",\"@id\":\"https:\/\/www.elalmanaque.com\/wp\/turismo\/uruguay-presenta-sus-novedades-y-propuestas-turisticas\/#breadcrumb\",\"itemListElement\":[{\"@type\":\"ListItem\",\"position\":1,\"name\":\"Portada\",\"item\":\"https:\/\/www.elalmanaque.com\/wp\/\"},{\"@type\":\"ListItem\",\"position\":2,\"name\":\"URUGUAY PRESENTA SUS NOVEDADES Y PROPUESTAS TUR\u00cdSTICAS\"}]},{\"@type\":\"WebSite\",\"@id\":\"https:\/\/www.elalmanaque.com\/wp\/#website\",\"url\":\"https:\/\/www.elalmanaque.com\/wp\/\",\"name\":\"El Almanaque\",\"description\":\"Revista de Cultura y Ocio\",\"publisher\":{\"@id\":\"https:\/\/www.elalmanaque.com\/wp\/#organization\"},\"potentialAction\":[{\"@type\":\"SearchAction\",\"target\":{\"@type\":\"EntryPoint\",\"urlTemplate\":\"https:\/\/www.elalmanaque.com\/wp\/?s={search_term_string}\"},\"query-input\":{\"@type\":\"PropertyValueSpecification\",\"valueRequired\":true,\"valueName\":\"search_term_string\"}}],\"inLanguage\":\"es\"},{\"@type\":\"Organization\",\"@id\":\"https:\/\/www.elalmanaque.com\/wp\/#organization\",\"name\":\"El Almanaque\",\"url\":\"https:\/\/www.elalmanaque.com\/wp\/\",\"logo\":{\"@type\":\"ImageObject\",\"inLanguage\":\"es\",\"@id\":\"https:\/\/www.elalmanaque.com\/wp\/#\/schema\/logo\/image\/\",\"url\":\"https:\/\/www.elalmanaque.com\/wp\/wp-content\/uploads\/2020\/03\/cropped-elalmanaque.jpg\",\"contentUrl\":\"https:\/\/www.elalmanaque.com\/wp\/wp-content\/uploads\/2020\/03\/cropped-elalmanaque.jpg\",\"width\":900,\"height\":164,\"caption\":\"El Almanaque\"},\"image\":{\"@id\":\"https:\/\/www.elalmanaque.com\/wp\/#\/schema\/logo\/image\/\"}},{\"@type\":\"Person\",\"@id\":\"https:\/\/www.elalmanaque.com\/wp\/#\/schema\/person\/61ab31c67167988fe2679d590ca85afe\",\"name\":\"Redactor\",\"image\":{\"@type\":\"ImageObject\",\"inLanguage\":\"es\",\"@id\":\"https:\/\/www.elalmanaque.com\/wp\/#\/schema\/person\/image\/\",\"url\":\"https:\/\/secure.gravatar.com\/avatar\/a1cd6ad4f449e45fea5ebd57548cb588?s=96&d=mm&r=g\",\"contentUrl\":\"https:\/\/secure.gravatar.com\/avatar\/a1cd6ad4f449e45fea5ebd57548cb588?s=96&d=mm&r=g\",\"caption\":\"Redactor\"},\"url\":\"https:\/\/www.elalmanaque.com\/wp\/author\/useralmanaque\/\"}]}<\/script>\n<!-- \/ Yoast SEO plugin. -->","yoast_head_json":{"title":"URUGUAY PRESENTA SUS NOVEDADES Y PROPUESTAS TUR\u00cdSTICAS - El Almanaque","robots":{"index":"index","follow":"follow","max-snippet":"max-snippet:-1","max-image-preview":"max-image-preview:large","max-video-preview":"max-video-preview:-1"},"canonical":"https:\/\/www.elalmanaque.com\/wp\/turismo\/uruguay-presenta-sus-novedades-y-propuestas-turisticas\/","og_locale":"es_ES","og_type":"article","og_title":"URUGUAY PRESENTA SUS NOVEDADES Y PROPUESTAS TUR\u00cdSTICAS - El Almanaque","og_description":"URUGUAY PRESENTA EN BARCELONA SUS NOVEDADES Y PROPUESTAS TUR\u00cdSTICAS\u00a0 El pa\u00eds, que ha batido r\u00e9cord de turistas, con 3,3 millones de visitantes en 2016, muestra&hellip;","og_url":"https:\/\/www.elalmanaque.com\/wp\/turismo\/uruguay-presenta-sus-novedades-y-propuestas-turisticas\/","og_site_name":"El Almanaque","article_published_time":"2017-01-25T10:20:36+00:00","og_image":[{"url":"http:\/\/www.elalmanaque.com\/Ene17\/fotos\/Uruguay2.jpg","type":"","width":"","height":""}],"author":"Redactor","twitter_card":"summary_large_image","twitter_misc":{"Escrito por":"Redactor","Tiempo de lectura":"5 minutos"},"schema":{"@context":"https:\/\/schema.org","@graph":[{"@type":"Article","@id":"https:\/\/www.elalmanaque.com\/wp\/turismo\/uruguay-presenta-sus-novedades-y-propuestas-turisticas\/#article","isPartOf":{"@id":"https:\/\/www.elalmanaque.com\/wp\/turismo\/uruguay-presenta-sus-novedades-y-propuestas-turisticas\/"},"author":{"name":"Redactor","@id":"https:\/\/www.elalmanaque.com\/wp\/#\/schema\/person\/61ab31c67167988fe2679d590ca85afe"},"headline":"URUGUAY PRESENTA SUS NOVEDADES Y PROPUESTAS TUR\u00cdSTICAS","datePublished":"2017-01-25T10:20:36+00:00","mainEntityOfPage":{"@id":"https:\/\/www.elalmanaque.com\/wp\/turismo\/uruguay-presenta-sus-novedades-y-propuestas-turisticas\/"},"wordCount":1032,"publisher":{"@id":"https:\/\/www.elalmanaque.com\/wp\/#organization"},"image":{"@id":"https:\/\/www.elalmanaque.com\/wp\/turismo\/uruguay-presenta-sus-novedades-y-propuestas-turisticas\/#primaryimage"},"thumbnailUrl":"http:\/\/www.elalmanaque.com\/Ene17\/fotos\/Uruguay2.jpg","articleSection":["Carnavales","Turismo"],"inLanguage":"es"},{"@type":"WebPage","@id":"https:\/\/www.elalmanaque.com\/wp\/turismo\/uruguay-presenta-sus-novedades-y-propuestas-turisticas\/","url":"https:\/\/www.elalmanaque.com\/wp\/turismo\/uruguay-presenta-sus-novedades-y-propuestas-turisticas\/","name":"URUGUAY PRESENTA SUS NOVEDADES Y PROPUESTAS TUR\u00cdSTICAS - El Almanaque","isPartOf":{"@id":"https:\/\/www.elalmanaque.com\/wp\/#website"},"primaryImageOfPage":{"@id":"https:\/\/www.elalmanaque.com\/wp\/turismo\/uruguay-presenta-sus-novedades-y-propuestas-turisticas\/#primaryimage"},"image":{"@id":"https:\/\/www.elalmanaque.com\/wp\/turismo\/uruguay-presenta-sus-novedades-y-propuestas-turisticas\/#primaryimage"},"thumbnailUrl":"http:\/\/www.elalmanaque.com\/Ene17\/fotos\/Uruguay2.jpg","datePublished":"2017-01-25T10:20:36+00:00","breadcrumb":{"@id":"https:\/\/www.elalmanaque.com\/wp\/turismo\/uruguay-presenta-sus-novedades-y-propuestas-turisticas\/#breadcrumb"},"inLanguage":"es","potentialAction":[{"@type":"ReadAction","target":["https:\/\/www.elalmanaque.com\/wp\/turismo\/uruguay-presenta-sus-novedades-y-propuestas-turisticas\/"]}]},{"@type":"ImageObject","inLanguage":"es","@id":"https:\/\/www.elalmanaque.com\/wp\/turismo\/uruguay-presenta-sus-novedades-y-propuestas-turisticas\/#primaryimage","url":"http:\/\/www.elalmanaque.com\/Ene17\/fotos\/Uruguay2.jpg","contentUrl":"http:\/\/www.elalmanaque.com\/Ene17\/fotos\/Uruguay2.jpg"},{"@type":"BreadcrumbList","@id":"https:\/\/www.elalmanaque.com\/wp\/turismo\/uruguay-presenta-sus-novedades-y-propuestas-turisticas\/#breadcrumb","itemListElement":[{"@type":"ListItem","position":1,"name":"Portada","item":"https:\/\/www.elalmanaque.com\/wp\/"},{"@type":"ListItem","position":2,"name":"URUGUAY PRESENTA SUS NOVEDADES Y PROPUESTAS TUR\u00cdSTICAS"}]},{"@type":"WebSite","@id":"https:\/\/www.elalmanaque.com\/wp\/#website","url":"https:\/\/www.elalmanaque.com\/wp\/","name":"El Almanaque","description":"Revista de Cultura y Ocio","publisher":{"@id":"https:\/\/www.elalmanaque.com\/wp\/#organization"},"potentialAction":[{"@type":"SearchAction","target":{"@type":"EntryPoint","urlTemplate":"https:\/\/www.elalmanaque.com\/wp\/?s={search_term_string}"},"query-input":{"@type":"PropertyValueSpecification","valueRequired":true,"valueName":"search_term_string"}}],"inLanguage":"es"},{"@type":"Organization","@id":"https:\/\/www.elalmanaque.com\/wp\/#organization","name":"El Almanaque","url":"https:\/\/www.elalmanaque.com\/wp\/","logo":{"@type":"ImageObject","inLanguage":"es","@id":"https:\/\/www.elalmanaque.com\/wp\/#\/schema\/logo\/image\/","url":"https:\/\/www.elalmanaque.com\/wp\/wp-content\/uploads\/2020\/03\/cropped-elalmanaque.jpg","contentUrl":"https:\/\/www.elalmanaque.com\/wp\/wp-content\/uploads\/2020\/03\/cropped-elalmanaque.jpg","width":900,"height":164,"caption":"El Almanaque"},"image":{"@id":"https:\/\/www.elalmanaque.com\/wp\/#\/schema\/logo\/image\/"}},{"@type":"Person","@id":"https:\/\/www.elalmanaque.com\/wp\/#\/schema\/person\/61ab31c67167988fe2679d590ca85afe","name":"Redactor","image":{"@type":"ImageObject","inLanguage":"es","@id":"https:\/\/www.elalmanaque.com\/wp\/#\/schema\/person\/image\/","url":"https:\/\/secure.gravatar.com\/avatar\/a1cd6ad4f449e45fea5ebd57548cb588?s=96&d=mm&r=g","contentUrl":"https:\/\/secure.gravatar.com\/avatar\/a1cd6ad4f449e45fea5ebd57548cb588?s=96&d=mm&r=g","caption":"Redactor"},"url":"https:\/\/www.elalmanaque.com\/wp\/author\/useralmanaque\/"}]}},"_links":{"self":[{"href":"https:\/\/www.elalmanaque.com\/wp\/wp-json\/wp\/v2\/posts\/27553","targetHints":{"allow":["GET"]}}],"collection":[{"href":"https:\/\/www.elalmanaque.com\/wp\/wp-json\/wp\/v2\/posts"}],"about":[{"href":"https:\/\/www.elalmanaque.com\/wp\/wp-json\/wp\/v2\/types\/post"}],"author":[{"embeddable":true,"href":"https:\/\/www.elalmanaque.com\/wp\/wp-json\/wp\/v2\/users\/1"}],"replies":[{"embeddable":true,"href":"https:\/\/www.elalmanaque.com\/wp\/wp-json\/wp\/v2\/comments?post=27553"}],"version-history":[{"count":1,"href":"https:\/\/www.elalmanaque.com\/wp\/wp-json\/wp\/v2\/posts\/27553\/revisions"}],"predecessor-version":[{"id":27554,"href":"https:\/\/www.elalmanaque.com\/wp\/wp-json\/wp\/v2\/posts\/27553\/revisions\/27554"}],"wp:attachment":[{"href":"https:\/\/www.elalmanaque.com\/wp\/wp-json\/wp\/v2\/media?parent=27553"}],"wp:term":[{"taxonomy":"category","embeddable":true,"href":"https:\/\/www.elalmanaque.com\/wp\/wp-json\/wp\/v2\/categories?post=27553"},{"taxonomy":"post_tag","embeddable":true,"href":"https:\/\/www.elalmanaque.com\/wp\/wp-json\/wp\/v2\/tags?post=27553"}],"curies":[{"name":"wp","href":"https:\/\/api.w.org\/{rel}","templated":true}]}}